
{"id":18184,"date":"2023-02-17T12:10:06","date_gmt":"2023-02-17T12:10:06","guid":{"rendered":"https:\/\/msconectado.com.br\/?p=18184"},"modified":"2023-02-17T12:10:07","modified_gmt":"2023-02-17T12:10:07","slug":"alems-publica-ato-com-regras-para-realizacao-do-censo-previdenciario","status":"publish","type":"post","link":"https:\/\/msconectado.com.br\/?p=18184","title":{"rendered":"ALEMS publica Ato com regras para realiza\u00e7\u00e3o do Censo Previdenci\u00e1rio."},"content":{"rendered":"\n<p>Tem in\u00edcio no dia 27 deste m\u00eas o Censo Cadastral Previdenci\u00e1rio dos servidores da Assembleia Legislativa de Mato Grosso do Sul (ALEMS). As regras constam no&nbsp;<a href=\"https:\/\/diariooficial.al.ms.gov.br\/DiarioOficial\/DownloadPdf?q=7BeiDtGQ9wDnNaTUb6Kzsg==\" target=\"_blank\" rel=\"noreferrer noopener\">Ato 01\/2023<\/a>, publicado pela Mesa Diretora e pela Secretaria de Recursos Humanos nesta quarta-feira (15) no Di\u00e1rio Oficial do Parlamento. Devem, obrigatoriamente, fazer a atualiza\u00e7\u00e3o cadastral servidores efetivos, aposentados, pensionistas e seus dependentes, vinculados ao Regime Pr\u00f3prio de Previd\u00eancia Social do Estado do Mato Grosso do Sul (RPPS\/MS).<\/p>\n\n\n\n<p>A realiza\u00e7\u00e3o do Censo, que atende ao&nbsp;<a href=\"https:\/\/www.censo.ms.gov.br\/wp-content\/uploads\/2022\/12\/DECRETO-16058-CENSO-CADASTRAL-PREVIDENCIARIO.pdf\" target=\"_blank\" rel=\"noreferrer noopener\">Decreto Estadual 16.058\/2022<\/a>, \u00e9 de car\u00e1ter pessoal e obrigat\u00f3rio. &nbsp;De acordo com o Ato, o recenseamento ser\u00e1 feito de forma h\u00edbrida, mas dando-se prefer\u00eancia ao autocadastramento online por meio do site oficial do Censo Previdenci\u00e1rio de Mato Grosso do Sul (clique&nbsp;<a href=\"http:\/\/www.censo.ms.gov.br\/\" target=\"_blank\" rel=\"noreferrer noopener\">aqui<\/a>). Esse cadastro tem in\u00edcio no dia 27 deste m\u00eas e se encerra no dia 31 de mar\u00e7o de 2023.<\/p>\n\n\n\n<p>Quando n\u00e3o for poss\u00edvel a realiza\u00e7\u00e3o do Censo via autocadastramento online, o segurado poder\u00e1 se cadastrar, presencialmente,&nbsp;na Assembleia Legislativa.&nbsp;Haver\u00e1 um grupo de trabalho para auxili\u00e1-lo. Esse grupo ser\u00e1 formado por quatro servidores da Casa de Leis, designados pelo presidente, deputado Gerson Claro (PP).&nbsp;<\/p>\n\n\n\n<p>O Ato tamb\u00e9m prev\u00ea que o segurado residente em Mato Grosso do Sul que, durante o per\u00edodo de realiza\u00e7\u00e3o do Censo, n\u00e3o consiga fazer o autocadastramento online e, comprovadamente, apresente dificuldade ou impossibilidade de locomo\u00e7\u00e3o, poder\u00e1 solicitar a realiza\u00e7\u00e3o do recenseamento na modalidade visita domiciliar ou hospitalar, caso esteja internado. Esse tipo de atendimento deve ser solicitado, durante o per\u00edodo do Censo, via e-mail&nbsp;censo@&nbsp;ageprev.ms.gov.br e pelo WhatsApp (67) 99630-7481.<\/p>\n\n\n\n<p><strong>Servi\u00e7o &#8211;\u00a0<\/strong>Para verificar a\u00a0rela\u00e7\u00e3o dos documentos, clique\u00a0<a href=\"http:\/\/www.al.ms.gov.br\/upload\/Pdf\/2023_02_15_04_11_47_anexo-i-documentos-necessarios-para-o-recenseamento-v-110.pdf\" target=\"_blank\" rel=\"noreferrer noopener\">aqui<\/a>. Outras\u00a0informa\u00e7\u00f5es para a realiza\u00e7\u00e3o do Censo Previdenci\u00e1rio podem ser acessadas\u00a0<a href=\"http:\/\/www.censo.ms.gov.br\/\" target=\"_blank\" rel=\"noreferrer noopener\">aqui<\/a>.<\/p>\n\n\n\n<p>ALEMS<\/p>\n\n\n\n<p><strong>Foto:<\/strong>&nbsp;Aline Kraemer<\/p>\n\n\n<div class=\"wp-block-image\">\n<figure class=\"aligncenter size-full\"><img fetchpriority=\"high\" decoding=\"async\" width=\"900\" height=\"100\" src=\"https:\/\/msconectado.com.br\/wp-content\/uploads\/2023\/02\/900-100.png\" alt=\"\" class=\"wp-image-18087\" srcset=\"https:\/\/msconectado.com.br\/wp-content\/uploads\/2023\/02\/900-100.png 900w, https:\/\/msconectado.com.br\/wp-content\/uploads\/2023\/02\/900-100-300x33.png 300w, https:\/\/msconectado.com.br\/wp-content\/uploads\/2023\/02\/900-100-768x85.png 768w\" sizes=\"(max-width: 900px) 100vw, 900px\" \/><\/figure>\n<\/div>","protected":false},"excerpt":{"rendered":"<p>Tem in\u00edcio no dia 27 deste m\u00eas o Censo Cadastral Previdenci\u00e1rio dos servidores da Assembleia Legislativa de Mato Grosso do Sul (ALEMS). As regras constam no&nbsp;Ato 01\/2023, publicado pela Mesa Diretora e pela Secretaria de Recursos Humanos nesta quarta-feira (15) no Di\u00e1rio Oficial do Parlamento. Devem, obrigatoriamente, fazer a atualiza\u00e7\u00e3o cadastral servidores efetivos, aposentados, pensionistas [&hellip;]<\/p>\n","protected":false},"author":2,"featured_media":18185,"comment_status":"open","ping_status":"closed","sticky":false,"template":"","format":"standard","meta":{"footnotes":""},"categories":[38,33],"tags":[],"class_list":["post-18184","post","type-post","status-publish","format-standard","has-post-thumbnail","hentry","category-assembleia-legislativa","category-politica"],"yoast_head":"<!-- This site is optimized with the Yoast SEO plugin v27.5 - https:\/\/yoast.com\/product\/yoast-seo-wordpress\/ -->\n<title>ALEMS publica Ato com regras para realiza\u00e7\u00e3o do Censo Previdenci\u00e1rio. - MsConectado<\/title>\n<meta name=\"robots\" content=\"index, follow, max-snippet:-1, max-image-preview:large, max-video-preview:-1\" \/>\n<link rel=\"canonical\" href=\"https:\/\/msconectado.com.br\/?p=18184\" \/>\n<meta property=\"og:locale\" content=\"pt_BR\" \/>\n<meta property=\"og:type\" content=\"article\" \/>\n<meta property=\"og:title\" content=\"ALEMS publica Ato com regras para realiza\u00e7\u00e3o do Censo Previdenci\u00e1rio. - MsConectado\" \/>\n<meta property=\"og:description\" content=\"Tem in\u00edcio no dia 27 deste m\u00eas o Censo Cadastral Previdenci\u00e1rio dos servidores da Assembleia Legislativa de Mato Grosso do Sul (ALEMS). As regras constam no&nbsp;Ato 01\/2023, publicado pela Mesa Diretora e pela Secretaria de Recursos Humanos nesta quarta-feira (15) no Di\u00e1rio Oficial do Parlamento. Devem, obrigatoriamente, fazer a atualiza\u00e7\u00e3o cadastral servidores efetivos, aposentados, pensionistas [&hellip;]\" \/>\n<meta property=\"og:url\" content=\"https:\/\/msconectado.com.br\/?p=18184\" \/>\n<meta property=\"og:site_name\" content=\"MsConectado\" \/>\n<meta property=\"article:published_time\" content=\"2023-02-17T12:10:06+00:00\" \/>\n<meta property=\"article:modified_time\" content=\"2023-02-17T12:10:07+00:00\" \/>\n<meta property=\"og:image\" content=\"https:\/\/msconectado.com.br\/wp-content\/uploads\/2023\/02\/2023_02_15_04_00_24_aaf80895-ec87-4579-a959-e3a488700790-1.jpg\" \/>\n\t<meta property=\"og:image:width\" content=\"740\" \/>\n\t<meta property=\"og:image:height\" content=\"493\" \/>\n\t<meta property=\"og:image:type\" content=\"image\/jpeg\" \/>\n<meta name=\"author\" content=\"MsConectado\" \/>\n<meta name=\"twitter:card\" content=\"summary_large_image\" \/>\n<meta name=\"twitter:label1\" content=\"Escrito por\" \/>\n\t<meta name=\"twitter:data1\" content=\"MsConectado\" \/>\n\t<meta name=\"twitter:label2\" content=\"Est. tempo de leitura\" \/>\n\t<meta name=\"twitter:data2\" content=\"2 minutos\" \/>\n<script type=\"application\/ld+json\" class=\"yoast-schema-graph\">{\"@context\":\"https:\\\/\\\/schema.org\",\"@graph\":[{\"@type\":\"Article\",\"@id\":\"https:\\\/\\\/msconectado.com.br\\\/?p=18184#article\",\"isPartOf\":{\"@id\":\"https:\\\/\\\/msconectado.com.br\\\/?p=18184\"},\"author\":{\"name\":\"MsConectado\",\"@id\":\"https:\\\/\\\/msconectado.com.br\\\/#\\\/schema\\\/person\\\/e5585545b5687092f1041d350b6e2c16\"},\"headline\":\"ALEMS publica Ato com regras para realiza\u00e7\u00e3o do Censo Previdenci\u00e1rio.\",\"datePublished\":\"2023-02-17T12:10:06+00:00\",\"dateModified\":\"2023-02-17T12:10:07+00:00\",\"mainEntityOfPage\":{\"@id\":\"https:\\\/\\\/msconectado.com.br\\\/?p=18184\"},\"wordCount\":333,\"commentCount\":0,\"publisher\":{\"@id\":\"https:\\\/\\\/msconectado.com.br\\\/#organization\"},\"image\":{\"@id\":\"https:\\\/\\\/msconectado.com.br\\\/?p=18184#primaryimage\"},\"thumbnailUrl\":\"https:\\\/\\\/msconectado.com.br\\\/wp-content\\\/uploads\\\/2023\\\/02\\\/2023_02_15_04_00_24_aaf80895-ec87-4579-a959-e3a488700790-1.jpg\",\"articleSection\":[\"Assembleia Legislativa\",\"Pol\u00edtica\"],\"inLanguage\":\"pt-BR\",\"potentialAction\":[{\"@type\":\"CommentAction\",\"name\":\"Comment\",\"target\":[\"https:\\\/\\\/msconectado.com.br\\\/?p=18184#respond\"]}]},{\"@type\":\"WebPage\",\"@id\":\"https:\\\/\\\/msconectado.com.br\\\/?p=18184\",\"url\":\"https:\\\/\\\/msconectado.com.br\\\/?p=18184\",\"name\":\"ALEMS publica Ato com regras para realiza\u00e7\u00e3o do Censo Previdenci\u00e1rio. - MsConectado\",\"isPartOf\":{\"@id\":\"https:\\\/\\\/msconectado.com.br\\\/#website\"},\"primaryImageOfPage\":{\"@id\":\"https:\\\/\\\/msconectado.com.br\\\/?p=18184#primaryimage\"},\"image\":{\"@id\":\"https:\\\/\\\/msconectado.com.br\\\/?p=18184#primaryimage\"},\"thumbnailUrl\":\"https:\\\/\\\/msconectado.com.br\\\/wp-content\\\/uploads\\\/2023\\\/02\\\/2023_02_15_04_00_24_aaf80895-ec87-4579-a959-e3a488700790-1.jpg\",\"datePublished\":\"2023-02-17T12:10:06+00:00\",\"dateModified\":\"2023-02-17T12:10:07+00:00\",\"breadcrumb\":{\"@id\":\"https:\\\/\\\/msconectado.com.br\\\/?p=18184#breadcrumb\"},\"inLanguage\":\"pt-BR\",\"potentialAction\":[{\"@type\":\"ReadAction\",\"target\":[\"https:\\\/\\\/msconectado.com.br\\\/?p=18184\"]}]},{\"@type\":\"ImageObject\",\"inLanguage\":\"pt-BR\",\"@id\":\"https:\\\/\\\/msconectado.com.br\\\/?p=18184#primaryimage\",\"url\":\"https:\\\/\\\/msconectado.com.br\\\/wp-content\\\/uploads\\\/2023\\\/02\\\/2023_02_15_04_00_24_aaf80895-ec87-4579-a959-e3a488700790-1.jpg\",\"contentUrl\":\"https:\\\/\\\/msconectado.com.br\\\/wp-content\\\/uploads\\\/2023\\\/02\\\/2023_02_15_04_00_24_aaf80895-ec87-4579-a959-e3a488700790-1.jpg\",\"width\":740,\"height\":493,\"caption\":\"Foto: Aline Kraemer\"},{\"@type\":\"BreadcrumbList\",\"@id\":\"https:\\\/\\\/msconectado.com.br\\\/?p=18184#breadcrumb\",\"itemListElement\":[{\"@type\":\"ListItem\",\"position\":1,\"name\":\"In\u00edcio\",\"item\":\"https:\\\/\\\/msconectado.com.br\\\/\"},{\"@type\":\"ListItem\",\"position\":2,\"name\":\"ALEMS publica Ato com regras para realiza\u00e7\u00e3o do Censo Previdenci\u00e1rio.\"}]},{\"@type\":\"WebSite\",\"@id\":\"https:\\\/\\\/msconectado.com.br\\\/#website\",\"url\":\"https:\\\/\\\/msconectado.com.br\\\/\",\"name\":\"MsConectado\",\"description\":\"Voc\u00ea Conectado com a Not\u00edcia!\",\"publisher\":{\"@id\":\"https:\\\/\\\/msconectado.com.br\\\/#organization\"},\"potentialAction\":[{\"@type\":\"SearchAction\",\"target\":{\"@type\":\"EntryPoint\",\"urlTemplate\":\"https:\\\/\\\/msconectado.com.br\\\/?s={search_term_string}\"},\"query-input\":{\"@type\":\"PropertyValueSpecification\",\"valueRequired\":true,\"valueName\":\"search_term_string\"}}],\"inLanguage\":\"pt-BR\"},{\"@type\":\"Organization\",\"@id\":\"https:\\\/\\\/msconectado.com.br\\\/#organization\",\"name\":\"MsConectado\",\"url\":\"https:\\\/\\\/msconectado.com.br\\\/\",\"logo\":{\"@type\":\"ImageObject\",\"inLanguage\":\"pt-BR\",\"@id\":\"https:\\\/\\\/msconectado.com.br\\\/#\\\/schema\\\/logo\\\/image\\\/\",\"url\":\"https:\\\/\\\/msconectado.com.br\\\/wp-content\\\/uploads\\\/2023\\\/01\\\/cropped-noticia-2.png\",\"contentUrl\":\"https:\\\/\\\/msconectado.com.br\\\/wp-content\\\/uploads\\\/2023\\\/01\\\/cropped-noticia-2.png\",\"width\":720,\"height\":157,\"caption\":\"MsConectado\"},\"image\":{\"@id\":\"https:\\\/\\\/msconectado.com.br\\\/#\\\/schema\\\/logo\\\/image\\\/\"}},{\"@type\":\"Person\",\"@id\":\"https:\\\/\\\/msconectado.com.br\\\/#\\\/schema\\\/person\\\/e5585545b5687092f1041d350b6e2c16\",\"name\":\"MsConectado\",\"image\":{\"@type\":\"ImageObject\",\"inLanguage\":\"pt-BR\",\"@id\":\"https:\\\/\\\/secure.gravatar.com\\\/avatar\\\/3b4f84a0a8a4380ac4431fa79981d073692380c5da00ae97596e794ab0db5c8c?s=96&d=mm&r=g\",\"url\":\"https:\\\/\\\/secure.gravatar.com\\\/avatar\\\/3b4f84a0a8a4380ac4431fa79981d073692380c5da00ae97596e794ab0db5c8c?s=96&d=mm&r=g\",\"contentUrl\":\"https:\\\/\\\/secure.gravatar.com\\\/avatar\\\/3b4f84a0a8a4380ac4431fa79981d073692380c5da00ae97596e794ab0db5c8c?s=96&d=mm&r=g\",\"caption\":\"MsConectado\"},\"url\":\"https:\\\/\\\/msconectado.com.br\\\/?author=2\"}]}<\/script>\n<!-- \/ Yoast SEO plugin. -->","yoast_head_json":{"title":"ALEMS publica Ato com regras para realiza\u00e7\u00e3o do Censo Previdenci\u00e1rio. - MsConectado","robots":{"index":"index","follow":"follow","max-snippet":"max-snippet:-1","max-image-preview":"max-image-preview:large","max-video-preview":"max-video-preview:-1"},"canonical":"https:\/\/msconectado.com.br\/?p=18184","og_locale":"pt_BR","og_type":"article","og_title":"ALEMS publica Ato com regras para realiza\u00e7\u00e3o do Censo Previdenci\u00e1rio. - MsConectado","og_description":"Tem in\u00edcio no dia 27 deste m\u00eas o Censo Cadastral Previdenci\u00e1rio dos servidores da Assembleia Legislativa de Mato Grosso do Sul (ALEMS). As regras constam no&nbsp;Ato 01\/2023, publicado pela Mesa Diretora e pela Secretaria de Recursos Humanos nesta quarta-feira (15) no Di\u00e1rio Oficial do Parlamento. Devem, obrigatoriamente, fazer a atualiza\u00e7\u00e3o cadastral servidores efetivos, aposentados, pensionistas [&hellip;]","og_url":"https:\/\/msconectado.com.br\/?p=18184","og_site_name":"MsConectado","article_published_time":"2023-02-17T12:10:06+00:00","article_modified_time":"2023-02-17T12:10:07+00:00","og_image":[{"width":740,"height":493,"url":"https:\/\/msconectado.com.br\/wp-content\/uploads\/2023\/02\/2023_02_15_04_00_24_aaf80895-ec87-4579-a959-e3a488700790-1.jpg","type":"image\/jpeg"}],"author":"MsConectado","twitter_card":"summary_large_image","twitter_misc":{"Escrito por":"MsConectado","Est. tempo de leitura":"2 minutos"},"schema":{"@context":"https:\/\/schema.org","@graph":[{"@type":"Article","@id":"https:\/\/msconectado.com.br\/?p=18184#article","isPartOf":{"@id":"https:\/\/msconectado.com.br\/?p=18184"},"author":{"name":"MsConectado","@id":"https:\/\/msconectado.com.br\/#\/schema\/person\/e5585545b5687092f1041d350b6e2c16"},"headline":"ALEMS publica Ato com regras para realiza\u00e7\u00e3o do Censo Previdenci\u00e1rio.","datePublished":"2023-02-17T12:10:06+00:00","dateModified":"2023-02-17T12:10:07+00:00","mainEntityOfPage":{"@id":"https:\/\/msconectado.com.br\/?p=18184"},"wordCount":333,"commentCount":0,"publisher":{"@id":"https:\/\/msconectado.com.br\/#organization"},"image":{"@id":"https:\/\/msconectado.com.br\/?p=18184#primaryimage"},"thumbnailUrl":"https:\/\/msconectado.com.br\/wp-content\/uploads\/2023\/02\/2023_02_15_04_00_24_aaf80895-ec87-4579-a959-e3a488700790-1.jpg","articleSection":["Assembleia Legislativa","Pol\u00edtica"],"inLanguage":"pt-BR","potentialAction":[{"@type":"CommentAction","name":"Comment","target":["https:\/\/msconectado.com.br\/?p=18184#respond"]}]},{"@type":"WebPage","@id":"https:\/\/msconectado.com.br\/?p=18184","url":"https:\/\/msconectado.com.br\/?p=18184","name":"ALEMS publica Ato com regras para realiza\u00e7\u00e3o do Censo Previdenci\u00e1rio. - MsConectado","isPartOf":{"@id":"https:\/\/msconectado.com.br\/#website"},"primaryImageOfPage":{"@id":"https:\/\/msconectado.com.br\/?p=18184#primaryimage"},"image":{"@id":"https:\/\/msconectado.com.br\/?p=18184#primaryimage"},"thumbnailUrl":"https:\/\/msconectado.com.br\/wp-content\/uploads\/2023\/02\/2023_02_15_04_00_24_aaf80895-ec87-4579-a959-e3a488700790-1.jpg","datePublished":"2023-02-17T12:10:06+00:00","dateModified":"2023-02-17T12:10:07+00:00","breadcrumb":{"@id":"https:\/\/msconectado.com.br\/?p=18184#breadcrumb"},"inLanguage":"pt-BR","potentialAction":[{"@type":"ReadAction","target":["https:\/\/msconectado.com.br\/?p=18184"]}]},{"@type":"ImageObject","inLanguage":"pt-BR","@id":"https:\/\/msconectado.com.br\/?p=18184#primaryimage","url":"https:\/\/msconectado.com.br\/wp-content\/uploads\/2023\/02\/2023_02_15_04_00_24_aaf80895-ec87-4579-a959-e3a488700790-1.jpg","contentUrl":"https:\/\/msconectado.com.br\/wp-content\/uploads\/2023\/02\/2023_02_15_04_00_24_aaf80895-ec87-4579-a959-e3a488700790-1.jpg","width":740,"height":493,"caption":"Foto: Aline Kraemer"},{"@type":"BreadcrumbList","@id":"https:\/\/msconectado.com.br\/?p=18184#breadcrumb","itemListElement":[{"@type":"ListItem","position":1,"name":"In\u00edcio","item":"https:\/\/msconectado.com.br\/"},{"@type":"ListItem","position":2,"name":"ALEMS publica Ato com regras para realiza\u00e7\u00e3o do Censo Previdenci\u00e1rio."}]},{"@type":"WebSite","@id":"https:\/\/msconectado.com.br\/#website","url":"https:\/\/msconectado.com.br\/","name":"MsConectado","description":"Voc\u00ea Conectado com a Not\u00edcia!","publisher":{"@id":"https:\/\/msconectado.com.br\/#organization"},"potentialAction":[{"@type":"SearchAction","target":{"@type":"EntryPoint","urlTemplate":"https:\/\/msconectado.com.br\/?s={search_term_string}"},"query-input":{"@type":"PropertyValueSpecification","valueRequired":true,"valueName":"search_term_string"}}],"inLanguage":"pt-BR"},{"@type":"Organization","@id":"https:\/\/msconectado.com.br\/#organization","name":"MsConectado","url":"https:\/\/msconectado.com.br\/","logo":{"@type":"ImageObject","inLanguage":"pt-BR","@id":"https:\/\/msconectado.com.br\/#\/schema\/logo\/image\/","url":"https:\/\/msconectado.com.br\/wp-content\/uploads\/2023\/01\/cropped-noticia-2.png","contentUrl":"https:\/\/msconectado.com.br\/wp-content\/uploads\/2023\/01\/cropped-noticia-2.png","width":720,"height":157,"caption":"MsConectado"},"image":{"@id":"https:\/\/msconectado.com.br\/#\/schema\/logo\/image\/"}},{"@type":"Person","@id":"https:\/\/msconectado.com.br\/#\/schema\/person\/e5585545b5687092f1041d350b6e2c16","name":"MsConectado","image":{"@type":"ImageObject","inLanguage":"pt-BR","@id":"https:\/\/secure.gravatar.com\/avatar\/3b4f84a0a8a4380ac4431fa79981d073692380c5da00ae97596e794ab0db5c8c?s=96&d=mm&r=g","url":"https:\/\/secure.gravatar.com\/avatar\/3b4f84a0a8a4380ac4431fa79981d073692380c5da00ae97596e794ab0db5c8c?s=96&d=mm&r=g","contentUrl":"https:\/\/secure.gravatar.com\/avatar\/3b4f84a0a8a4380ac4431fa79981d073692380c5da00ae97596e794ab0db5c8c?s=96&d=mm&r=g","caption":"MsConectado"},"url":"https:\/\/msconectado.com.br\/?author=2"}]}},"_links":{"self":[{"href":"https:\/\/msconectado.com.br\/index.php?rest_route=\/wp\/v2\/posts\/18184","targetHints":{"allow":["GET"]}}],"collection":[{"href":"https:\/\/msconectado.com.br\/index.php?rest_route=\/wp\/v2\/posts"}],"about":[{"href":"https:\/\/msconectado.com.br\/index.php?rest_route=\/wp\/v2\/types\/post"}],"author":[{"embeddable":true,"href":"https:\/\/msconectado.com.br\/index.php?rest_route=\/wp\/v2\/users\/2"}],"replies":[{"embeddable":true,"href":"https:\/\/msconectado.com.br\/index.php?rest_route=%2Fwp%2Fv2%2Fcomments&post=18184"}],"version-history":[{"count":1,"href":"https:\/\/msconectado.com.br\/index.php?rest_route=\/wp\/v2\/posts\/18184\/revisions"}],"predecessor-version":[{"id":18186,"href":"https:\/\/msconectado.com.br\/index.php?rest_route=\/wp\/v2\/posts\/18184\/revisions\/18186"}],"wp:featuredmedia":[{"embeddable":true,"href":"https:\/\/msconectado.com.br\/index.php?rest_route=\/wp\/v2\/media\/18185"}],"wp:attachment":[{"href":"https:\/\/msconectado.com.br\/index.php?rest_route=%2Fwp%2Fv2%2Fmedia&parent=18184"}],"wp:term":[{"taxonomy":"category","embeddable":true,"href":"https:\/\/msconectado.com.br\/index.php?rest_route=%2Fwp%2Fv2%2Fcategories&post=18184"},{"taxonomy":"post_tag","embeddable":true,"href":"https:\/\/msconectado.com.br\/index.php?rest_route=%2Fwp%2Fv2%2Ftags&post=18184"}],"curies":[{"name":"wp","href":"https:\/\/api.w.org\/{rel}","templated":true}]}}