
{"id":18187,"date":"2023-02-17T12:23:43","date_gmt":"2023-02-17T12:23:43","guid":{"rendered":"https:\/\/msconectado.com.br\/?p=18187"},"modified":"2023-02-17T12:23:44","modified_gmt":"2023-02-17T12:23:44","slug":"lia-nogueira-quer-acoes-para-resolver-falta-de-agua-em-reserva-indigena-de-dourados","status":"publish","type":"post","link":"https:\/\/msconectado.com.br\/?p=18187","title":{"rendered":"Lia Nogueira quer a\u00e7\u00f5es para resolver falta de \u00e1gua em reserva ind\u00edgena de Dourados."},"content":{"rendered":"\n<p>A situa\u00e7\u00e3o dos ind\u00edgenas que vivem na reserva mais populosa do pa\u00eds, no munic\u00edpio de Dourados, voltou a ser debatida no plen\u00e1rio da Assembleia Legislativa de Mato Grosso do Sul (ALEMS). &nbsp;A deputada estadual Lia Nogueira (PSDB) fez uso da tribuna, durante a sess\u00e3o ordin\u00e1ria desta quarta-feira (15), para pedir medidas urgentes na resolu\u00e7\u00e3o da maior crise sanit\u00e1ria dos \u00faltimos anos nas aldeias habitadas pelas etnias Guarani e Kaiow\u00e1.<\/p>\n\n\n\n<p>\u201cPrecisamos defender os direitos desta popula\u00e7\u00e3o, que sofre pela falta de \u00e1gua e saneamento b\u00e1sico. H\u00e1 mais de 20 anos, essas fam\u00edlias ind\u00edgenas passam por este drama. \u00c9 inadmiss\u00edvel, em pleno s\u00e9culo 21, pessoas consumindo \u00e1gua que &nbsp;sai do c\u00f3rrego, impr\u00f3pria para consumo. \u00c9 inaceit\u00e1vel pessoas usando \u00e1gua de&nbsp;chuva para beber e cozinhar. S\u00e3o fam\u00edlias sem condi\u00e7\u00f5es m\u00ednimas de higiene e n\u00e3o podemos ficar omissos enquanto parlamentares\u201d, destacou.<\/p>\n\n\n\n<p>Lia defende que o problema seja resolvido pela Sanesul, uma vez que a empresa \u00e9 respons\u00e1vel por captar, tratar e distribuir \u00e1gua em Mato Grosso do Sul. A deputada afirmou que pretende acompanhar o grupo de trabalho criado na semana passada pelo&nbsp;Governo do Estado e a Sanesul, para analisar a situa\u00e7\u00e3o e buscar solu\u00e7\u00f5es para a falta de \u00e1gua na reserva ind\u00edgena.<\/p>\n\n\n\n<p>Somaram-se ao discurso os deputados Zeca do PT (PT) e Mara Caseiro (PSDB). Ele quer criar uma Comiss\u00e3o Parlamentar de Inqu\u00e9rito (CPI) para investigar a Miss\u00e3o Caiu\u00e1, que atua na sa\u00fade ind\u00edgena e recebeu R$ 872 milh\u00f5es de repasses federais. J\u00e1 Mara Caseiro (PSDB) defendeu \u201ca\u00e7\u00f5es que levem cidadania \u00e0s aldeias, para que os \u00edndios possam desfrutar de boa sa\u00fade, educa\u00e7\u00e3o e oportunidade\u201d.<\/p>\n\n\n\n<p><strong>Educa\u00e7\u00e3o<\/strong><\/p>\n\n\n\n<p>Lia Nogueira tamb\u00e9m falou da educa\u00e7\u00e3o em Dourados. \u201cIniciamos o ano letivo e crian\u00e7as est\u00e3o fora da sala de aula por incompet\u00eancia da administra\u00e7\u00e3o municipal. Minha cidade sofre pelo d\u00e9ficit alto de vagas em todos os n\u00edveis, em especial, na educa\u00e7\u00e3o infantil\u201d, disse.<\/p>\n\n\n\n<p>Segundo a parlamentar, al\u00e9m da falta de vagas, o munic\u00edpio n\u00e3o respeita a Lei do Piso Salarial. \u201cNeste momento, m\u00e3es est\u00e3o em frente \u00e0 Prefeitura de Dourados, protestando para que os filhos voltem a estudar\u201d, informou.<\/p>\n\n\n\n<p>ALEMS<\/p>\n\n\n\n<p><strong>Foto:<\/strong>\u00a0Luciana Nassar<\/p>\n\n\n<div class=\"wp-block-image\">\n<figure class=\"aligncenter size-full\"><a href=\"https:\/\/www.sicredi.com.br\/coop\/pantanalms\/\"><img fetchpriority=\"high\" decoding=\"async\" width=\"900\" height=\"100\" src=\"https:\/\/msconectado.com.br\/wp-content\/uploads\/2023\/02\/MS_Concetado-1.png\" alt=\"\" class=\"wp-image-18039\" srcset=\"https:\/\/msconectado.com.br\/wp-content\/uploads\/2023\/02\/MS_Concetado-1.png 900w, https:\/\/msconectado.com.br\/wp-content\/uploads\/2023\/02\/MS_Concetado-1-300x33.png 300w, https:\/\/msconectado.com.br\/wp-content\/uploads\/2023\/02\/MS_Concetado-1-768x85.png 768w\" sizes=\"(max-width: 900px) 100vw, 900px\" \/><\/a><\/figure>\n<\/div>","protected":false},"excerpt":{"rendered":"<p>A situa\u00e7\u00e3o dos ind\u00edgenas que vivem na reserva mais populosa do pa\u00eds, no munic\u00edpio de Dourados, voltou a ser debatida no plen\u00e1rio da Assembleia Legislativa de Mato Grosso do Sul (ALEMS). &nbsp;A deputada estadual Lia Nogueira (PSDB) fez uso da tribuna, durante a sess\u00e3o ordin\u00e1ria desta quarta-feira (15), para pedir medidas urgentes na resolu\u00e7\u00e3o da [&hellip;]<\/p>\n","protected":false},"author":2,"featured_media":18188,"comment_status":"open","ping_status":"closed","sticky":false,"template":"","format":"standard","meta":{"footnotes":""},"categories":[38,33],"tags":[],"class_list":["post-18187","post","type-post","status-publish","format-standard","has-post-thumbnail","hentry","category-assembleia-legislativa","category-politica"],"yoast_head":"<!-- This site is optimized with the Yoast SEO plugin v27.5 - https:\/\/yoast.com\/product\/yoast-seo-wordpress\/ -->\n<title>Lia Nogueira quer a\u00e7\u00f5es para resolver falta de \u00e1gua em reserva ind\u00edgena de Dourados. - MsConectado<\/title>\n<meta name=\"robots\" content=\"index, follow, max-snippet:-1, max-image-preview:large, max-video-preview:-1\" \/>\n<link rel=\"canonical\" href=\"https:\/\/msconectado.com.br\/?p=18187\" \/>\n<meta property=\"og:locale\" content=\"pt_BR\" \/>\n<meta property=\"og:type\" content=\"article\" \/>\n<meta property=\"og:title\" content=\"Lia Nogueira quer a\u00e7\u00f5es para resolver falta de \u00e1gua em reserva ind\u00edgena de Dourados. - MsConectado\" \/>\n<meta property=\"og:description\" content=\"A situa\u00e7\u00e3o dos ind\u00edgenas que vivem na reserva mais populosa do pa\u00eds, no munic\u00edpio de Dourados, voltou a ser debatida no plen\u00e1rio da Assembleia Legislativa de Mato Grosso do Sul (ALEMS). &nbsp;A deputada estadual Lia Nogueira (PSDB) fez uso da tribuna, durante a sess\u00e3o ordin\u00e1ria desta quarta-feira (15), para pedir medidas urgentes na resolu\u00e7\u00e3o da [&hellip;]\" \/>\n<meta property=\"og:url\" content=\"https:\/\/msconectado.com.br\/?p=18187\" \/>\n<meta property=\"og:site_name\" content=\"MsConectado\" \/>\n<meta property=\"article:published_time\" content=\"2023-02-17T12:23:43+00:00\" \/>\n<meta property=\"article:modified_time\" content=\"2023-02-17T12:23:44+00:00\" \/>\n<meta property=\"og:image\" content=\"https:\/\/msconectado.com.br\/wp-content\/uploads\/2023\/02\/2023_02_15_11_25_47_eaa63d8f-cdbd-44d6-a86b-147e934fa175.jpg\" \/>\n\t<meta property=\"og:image:width\" content=\"740\" \/>\n\t<meta property=\"og:image:height\" content=\"493\" \/>\n\t<meta property=\"og:image:type\" content=\"image\/jpeg\" \/>\n<meta name=\"author\" content=\"MsConectado\" \/>\n<meta name=\"twitter:card\" content=\"summary_large_image\" \/>\n<meta name=\"twitter:label1\" content=\"Escrito por\" \/>\n\t<meta name=\"twitter:data1\" content=\"MsConectado\" \/>\n\t<meta name=\"twitter:label2\" content=\"Est. tempo de leitura\" \/>\n\t<meta name=\"twitter:data2\" content=\"3 minutos\" \/>\n<script type=\"application\/ld+json\" class=\"yoast-schema-graph\">{\"@context\":\"https:\\\/\\\/schema.org\",\"@graph\":[{\"@type\":\"Article\",\"@id\":\"https:\\\/\\\/msconectado.com.br\\\/?p=18187#article\",\"isPartOf\":{\"@id\":\"https:\\\/\\\/msconectado.com.br\\\/?p=18187\"},\"author\":{\"name\":\"MsConectado\",\"@id\":\"https:\\\/\\\/msconectado.com.br\\\/#\\\/schema\\\/person\\\/e5585545b5687092f1041d350b6e2c16\"},\"headline\":\"Lia Nogueira quer a\u00e7\u00f5es para resolver falta de \u00e1gua em reserva ind\u00edgena de Dourados.\",\"datePublished\":\"2023-02-17T12:23:43+00:00\",\"dateModified\":\"2023-02-17T12:23:44+00:00\",\"mainEntityOfPage\":{\"@id\":\"https:\\\/\\\/msconectado.com.br\\\/?p=18187\"},\"wordCount\":411,\"commentCount\":0,\"publisher\":{\"@id\":\"https:\\\/\\\/msconectado.com.br\\\/#organization\"},\"image\":{\"@id\":\"https:\\\/\\\/msconectado.com.br\\\/?p=18187#primaryimage\"},\"thumbnailUrl\":\"https:\\\/\\\/msconectado.com.br\\\/wp-content\\\/uploads\\\/2023\\\/02\\\/2023_02_15_11_25_47_eaa63d8f-cdbd-44d6-a86b-147e934fa175.jpg\",\"articleSection\":[\"Assembleia Legislativa\",\"Pol\u00edtica\"],\"inLanguage\":\"pt-BR\",\"potentialAction\":[{\"@type\":\"CommentAction\",\"name\":\"Comment\",\"target\":[\"https:\\\/\\\/msconectado.com.br\\\/?p=18187#respond\"]}]},{\"@type\":\"WebPage\",\"@id\":\"https:\\\/\\\/msconectado.com.br\\\/?p=18187\",\"url\":\"https:\\\/\\\/msconectado.com.br\\\/?p=18187\",\"name\":\"Lia Nogueira quer a\u00e7\u00f5es para resolver falta de \u00e1gua em reserva ind\u00edgena de Dourados. - MsConectado\",\"isPartOf\":{\"@id\":\"https:\\\/\\\/msconectado.com.br\\\/#website\"},\"primaryImageOfPage\":{\"@id\":\"https:\\\/\\\/msconectado.com.br\\\/?p=18187#primaryimage\"},\"image\":{\"@id\":\"https:\\\/\\\/msconectado.com.br\\\/?p=18187#primaryimage\"},\"thumbnailUrl\":\"https:\\\/\\\/msconectado.com.br\\\/wp-content\\\/uploads\\\/2023\\\/02\\\/2023_02_15_11_25_47_eaa63d8f-cdbd-44d6-a86b-147e934fa175.jpg\",\"datePublished\":\"2023-02-17T12:23:43+00:00\",\"dateModified\":\"2023-02-17T12:23:44+00:00\",\"breadcrumb\":{\"@id\":\"https:\\\/\\\/msconectado.com.br\\\/?p=18187#breadcrumb\"},\"inLanguage\":\"pt-BR\",\"potentialAction\":[{\"@type\":\"ReadAction\",\"target\":[\"https:\\\/\\\/msconectado.com.br\\\/?p=18187\"]}]},{\"@type\":\"ImageObject\",\"inLanguage\":\"pt-BR\",\"@id\":\"https:\\\/\\\/msconectado.com.br\\\/?p=18187#primaryimage\",\"url\":\"https:\\\/\\\/msconectado.com.br\\\/wp-content\\\/uploads\\\/2023\\\/02\\\/2023_02_15_11_25_47_eaa63d8f-cdbd-44d6-a86b-147e934fa175.jpg\",\"contentUrl\":\"https:\\\/\\\/msconectado.com.br\\\/wp-content\\\/uploads\\\/2023\\\/02\\\/2023_02_15_11_25_47_eaa63d8f-cdbd-44d6-a86b-147e934fa175.jpg\",\"width\":740,\"height\":493},{\"@type\":\"BreadcrumbList\",\"@id\":\"https:\\\/\\\/msconectado.com.br\\\/?p=18187#breadcrumb\",\"itemListElement\":[{\"@type\":\"ListItem\",\"position\":1,\"name\":\"In\u00edcio\",\"item\":\"https:\\\/\\\/msconectado.com.br\\\/\"},{\"@type\":\"ListItem\",\"position\":2,\"name\":\"Lia Nogueira quer a\u00e7\u00f5es para resolver falta de \u00e1gua em reserva ind\u00edgena de Dourados.\"}]},{\"@type\":\"WebSite\",\"@id\":\"https:\\\/\\\/msconectado.com.br\\\/#website\",\"url\":\"https:\\\/\\\/msconectado.com.br\\\/\",\"name\":\"MsConectado\",\"description\":\"Voc\u00ea Conectado com a Not\u00edcia!\",\"publisher\":{\"@id\":\"https:\\\/\\\/msconectado.com.br\\\/#organization\"},\"potentialAction\":[{\"@type\":\"SearchAction\",\"target\":{\"@type\":\"EntryPoint\",\"urlTemplate\":\"https:\\\/\\\/msconectado.com.br\\\/?s={search_term_string}\"},\"query-input\":{\"@type\":\"PropertyValueSpecification\",\"valueRequired\":true,\"valueName\":\"search_term_string\"}}],\"inLanguage\":\"pt-BR\"},{\"@type\":\"Organization\",\"@id\":\"https:\\\/\\\/msconectado.com.br\\\/#organization\",\"name\":\"MsConectado\",\"url\":\"https:\\\/\\\/msconectado.com.br\\\/\",\"logo\":{\"@type\":\"ImageObject\",\"inLanguage\":\"pt-BR\",\"@id\":\"https:\\\/\\\/msconectado.com.br\\\/#\\\/schema\\\/logo\\\/image\\\/\",\"url\":\"https:\\\/\\\/msconectado.com.br\\\/wp-content\\\/uploads\\\/2023\\\/01\\\/cropped-noticia-2.png\",\"contentUrl\":\"https:\\\/\\\/msconectado.com.br\\\/wp-content\\\/uploads\\\/2023\\\/01\\\/cropped-noticia-2.png\",\"width\":720,\"height\":157,\"caption\":\"MsConectado\"},\"image\":{\"@id\":\"https:\\\/\\\/msconectado.com.br\\\/#\\\/schema\\\/logo\\\/image\\\/\"}},{\"@type\":\"Person\",\"@id\":\"https:\\\/\\\/msconectado.com.br\\\/#\\\/schema\\\/person\\\/e5585545b5687092f1041d350b6e2c16\",\"name\":\"MsConectado\",\"image\":{\"@type\":\"ImageObject\",\"inLanguage\":\"pt-BR\",\"@id\":\"https:\\\/\\\/secure.gravatar.com\\\/avatar\\\/3b4f84a0a8a4380ac4431fa79981d073692380c5da00ae97596e794ab0db5c8c?s=96&d=mm&r=g\",\"url\":\"https:\\\/\\\/secure.gravatar.com\\\/avatar\\\/3b4f84a0a8a4380ac4431fa79981d073692380c5da00ae97596e794ab0db5c8c?s=96&d=mm&r=g\",\"contentUrl\":\"https:\\\/\\\/secure.gravatar.com\\\/avatar\\\/3b4f84a0a8a4380ac4431fa79981d073692380c5da00ae97596e794ab0db5c8c?s=96&d=mm&r=g\",\"caption\":\"MsConectado\"},\"url\":\"https:\\\/\\\/msconectado.com.br\\\/?author=2\"}]}<\/script>\n<!-- \/ Yoast SEO plugin. -->","yoast_head_json":{"title":"Lia Nogueira quer a\u00e7\u00f5es para resolver falta de \u00e1gua em reserva ind\u00edgena de Dourados. - MsConectado","robots":{"index":"index","follow":"follow","max-snippet":"max-snippet:-1","max-image-preview":"max-image-preview:large","max-video-preview":"max-video-preview:-1"},"canonical":"https:\/\/msconectado.com.br\/?p=18187","og_locale":"pt_BR","og_type":"article","og_title":"Lia Nogueira quer a\u00e7\u00f5es para resolver falta de \u00e1gua em reserva ind\u00edgena de Dourados. - MsConectado","og_description":"A situa\u00e7\u00e3o dos ind\u00edgenas que vivem na reserva mais populosa do pa\u00eds, no munic\u00edpio de Dourados, voltou a ser debatida no plen\u00e1rio da Assembleia Legislativa de Mato Grosso do Sul (ALEMS). &nbsp;A deputada estadual Lia Nogueira (PSDB) fez uso da tribuna, durante a sess\u00e3o ordin\u00e1ria desta quarta-feira (15), para pedir medidas urgentes na resolu\u00e7\u00e3o da [&hellip;]","og_url":"https:\/\/msconectado.com.br\/?p=18187","og_site_name":"MsConectado","article_published_time":"2023-02-17T12:23:43+00:00","article_modified_time":"2023-02-17T12:23:44+00:00","og_image":[{"width":740,"height":493,"url":"https:\/\/msconectado.com.br\/wp-content\/uploads\/2023\/02\/2023_02_15_11_25_47_eaa63d8f-cdbd-44d6-a86b-147e934fa175.jpg","type":"image\/jpeg"}],"author":"MsConectado","twitter_card":"summary_large_image","twitter_misc":{"Escrito por":"MsConectado","Est. tempo de leitura":"3 minutos"},"schema":{"@context":"https:\/\/schema.org","@graph":[{"@type":"Article","@id":"https:\/\/msconectado.com.br\/?p=18187#article","isPartOf":{"@id":"https:\/\/msconectado.com.br\/?p=18187"},"author":{"name":"MsConectado","@id":"https:\/\/msconectado.com.br\/#\/schema\/person\/e5585545b5687092f1041d350b6e2c16"},"headline":"Lia Nogueira quer a\u00e7\u00f5es para resolver falta de \u00e1gua em reserva ind\u00edgena de Dourados.","datePublished":"2023-02-17T12:23:43+00:00","dateModified":"2023-02-17T12:23:44+00:00","mainEntityOfPage":{"@id":"https:\/\/msconectado.com.br\/?p=18187"},"wordCount":411,"commentCount":0,"publisher":{"@id":"https:\/\/msconectado.com.br\/#organization"},"image":{"@id":"https:\/\/msconectado.com.br\/?p=18187#primaryimage"},"thumbnailUrl":"https:\/\/msconectado.com.br\/wp-content\/uploads\/2023\/02\/2023_02_15_11_25_47_eaa63d8f-cdbd-44d6-a86b-147e934fa175.jpg","articleSection":["Assembleia Legislativa","Pol\u00edtica"],"inLanguage":"pt-BR","potentialAction":[{"@type":"CommentAction","name":"Comment","target":["https:\/\/msconectado.com.br\/?p=18187#respond"]}]},{"@type":"WebPage","@id":"https:\/\/msconectado.com.br\/?p=18187","url":"https:\/\/msconectado.com.br\/?p=18187","name":"Lia Nogueira quer a\u00e7\u00f5es para resolver falta de \u00e1gua em reserva ind\u00edgena de Dourados. - MsConectado","isPartOf":{"@id":"https:\/\/msconectado.com.br\/#website"},"primaryImageOfPage":{"@id":"https:\/\/msconectado.com.br\/?p=18187#primaryimage"},"image":{"@id":"https:\/\/msconectado.com.br\/?p=18187#primaryimage"},"thumbnailUrl":"https:\/\/msconectado.com.br\/wp-content\/uploads\/2023\/02\/2023_02_15_11_25_47_eaa63d8f-cdbd-44d6-a86b-147e934fa175.jpg","datePublished":"2023-02-17T12:23:43+00:00","dateModified":"2023-02-17T12:23:44+00:00","breadcrumb":{"@id":"https:\/\/msconectado.com.br\/?p=18187#breadcrumb"},"inLanguage":"pt-BR","potentialAction":[{"@type":"ReadAction","target":["https:\/\/msconectado.com.br\/?p=18187"]}]},{"@type":"ImageObject","inLanguage":"pt-BR","@id":"https:\/\/msconectado.com.br\/?p=18187#primaryimage","url":"https:\/\/msconectado.com.br\/wp-content\/uploads\/2023\/02\/2023_02_15_11_25_47_eaa63d8f-cdbd-44d6-a86b-147e934fa175.jpg","contentUrl":"https:\/\/msconectado.com.br\/wp-content\/uploads\/2023\/02\/2023_02_15_11_25_47_eaa63d8f-cdbd-44d6-a86b-147e934fa175.jpg","width":740,"height":493},{"@type":"BreadcrumbList","@id":"https:\/\/msconectado.com.br\/?p=18187#breadcrumb","itemListElement":[{"@type":"ListItem","position":1,"name":"In\u00edcio","item":"https:\/\/msconectado.com.br\/"},{"@type":"ListItem","position":2,"name":"Lia Nogueira quer a\u00e7\u00f5es para resolver falta de \u00e1gua em reserva ind\u00edgena de Dourados."}]},{"@type":"WebSite","@id":"https:\/\/msconectado.com.br\/#website","url":"https:\/\/msconectado.com.br\/","name":"MsConectado","description":"Voc\u00ea Conectado com a Not\u00edcia!","publisher":{"@id":"https:\/\/msconectado.com.br\/#organization"},"potentialAction":[{"@type":"SearchAction","target":{"@type":"EntryPoint","urlTemplate":"https:\/\/msconectado.com.br\/?s={search_term_string}"},"query-input":{"@type":"PropertyValueSpecification","valueRequired":true,"valueName":"search_term_string"}}],"inLanguage":"pt-BR"},{"@type":"Organization","@id":"https:\/\/msconectado.com.br\/#organization","name":"MsConectado","url":"https:\/\/msconectado.com.br\/","logo":{"@type":"ImageObject","inLanguage":"pt-BR","@id":"https:\/\/msconectado.com.br\/#\/schema\/logo\/image\/","url":"https:\/\/msconectado.com.br\/wp-content\/uploads\/2023\/01\/cropped-noticia-2.png","contentUrl":"https:\/\/msconectado.com.br\/wp-content\/uploads\/2023\/01\/cropped-noticia-2.png","width":720,"height":157,"caption":"MsConectado"},"image":{"@id":"https:\/\/msconectado.com.br\/#\/schema\/logo\/image\/"}},{"@type":"Person","@id":"https:\/\/msconectado.com.br\/#\/schema\/person\/e5585545b5687092f1041d350b6e2c16","name":"MsConectado","image":{"@type":"ImageObject","inLanguage":"pt-BR","@id":"https:\/\/secure.gravatar.com\/avatar\/3b4f84a0a8a4380ac4431fa79981d073692380c5da00ae97596e794ab0db5c8c?s=96&d=mm&r=g","url":"https:\/\/secure.gravatar.com\/avatar\/3b4f84a0a8a4380ac4431fa79981d073692380c5da00ae97596e794ab0db5c8c?s=96&d=mm&r=g","contentUrl":"https:\/\/secure.gravatar.com\/avatar\/3b4f84a0a8a4380ac4431fa79981d073692380c5da00ae97596e794ab0db5c8c?s=96&d=mm&r=g","caption":"MsConectado"},"url":"https:\/\/msconectado.com.br\/?author=2"}]}},"_links":{"self":[{"href":"https:\/\/msconectado.com.br\/index.php?rest_route=\/wp\/v2\/posts\/18187","targetHints":{"allow":["GET"]}}],"collection":[{"href":"https:\/\/msconectado.com.br\/index.php?rest_route=\/wp\/v2\/posts"}],"about":[{"href":"https:\/\/msconectado.com.br\/index.php?rest_route=\/wp\/v2\/types\/post"}],"author":[{"embeddable":true,"href":"https:\/\/msconectado.com.br\/index.php?rest_route=\/wp\/v2\/users\/2"}],"replies":[{"embeddable":true,"href":"https:\/\/msconectado.com.br\/index.php?rest_route=%2Fwp%2Fv2%2Fcomments&post=18187"}],"version-history":[{"count":1,"href":"https:\/\/msconectado.com.br\/index.php?rest_route=\/wp\/v2\/posts\/18187\/revisions"}],"predecessor-version":[{"id":18189,"href":"https:\/\/msconectado.com.br\/index.php?rest_route=\/wp\/v2\/posts\/18187\/revisions\/18189"}],"wp:featuredmedia":[{"embeddable":true,"href":"https:\/\/msconectado.com.br\/index.php?rest_route=\/wp\/v2\/media\/18188"}],"wp:attachment":[{"href":"https:\/\/msconectado.com.br\/index.php?rest_route=%2Fwp%2Fv2%2Fmedia&parent=18187"}],"wp:term":[{"taxonomy":"category","embeddable":true,"href":"https:\/\/msconectado.com.br\/index.php?rest_route=%2Fwp%2Fv2%2Fcategories&post=18187"},{"taxonomy":"post_tag","embeddable":true,"href":"https:\/\/msconectado.com.br\/index.php?rest_route=%2Fwp%2Fv2%2Ftags&post=18187"}],"curies":[{"name":"wp","href":"https:\/\/api.w.org\/{rel}","templated":true}]}}