
{"id":18374,"date":"2023-02-27T18:19:21","date_gmt":"2023-02-27T18:19:21","guid":{"rendered":"https:\/\/msconectado.com.br\/?p=18374"},"modified":"2023-02-27T18:19:22","modified_gmt":"2023-02-27T18:19:22","slug":"presidente-gerson-claro-convoca-servidores-da-alems-para-censo-previdenciario","status":"publish","type":"post","link":"https:\/\/msconectado.com.br\/?p=18374","title":{"rendered":"Presidente Gerson Claro convoca servidores da ALEMS para Censo Previdenci\u00e1rio"},"content":{"rendered":"\n<p>O presidente Gerson Claro (PP) convocou os servidores ativos, inativos e pensionistas da Assembleia Legislativa de Mato Grosso do Sul (ALEMS) para o recadastramento previdenci\u00e1rio, que come\u00e7ou&nbsp;na manh\u00e3 desta segunda-feira (27). Em entrevista, o deputado falou sobre a import\u00e2ncia da atualiza\u00e7\u00e3o da base de dados do Regime Pr\u00f3prio de Previd\u00eancia Social do Estado do Mato Grosso do Sul (RPPS\/MS).<\/p>\n\n\n\n<p>\u201cCom a base de dados atualizada \u00e9 poss\u00edvel ter um regime eficiente e o aprimoramento da gest\u00e3o previdenci\u00e1ria. O objetivo tamb\u00e9m \u00e9 fazer a prova de vida, ou seja, a comprova\u00e7\u00e3o de que ainda est\u00e1 vivo e pode continuar recebendo seu benef\u00edcio. Portanto, convocamos todos os nossos servidores a participarem do Censo Previdenci\u00e1rio 2023\u201d, destacou o presidente. &nbsp; &nbsp;<\/p>\n\n\n\n<p>O recenseamento est\u00e1 sendo realizado de forma h\u00edbrida e vai at\u00e9 o dia 20 de mar\u00e7o. A atualiza\u00e7\u00e3o online \u00e9 pelo site\u00a0<a href=\"http:\/\/www.censo.ms.gov.br\/\">http:\/\/www.censo.ms.gov.br\/<\/a>\u00a0e o atendimento presencial acontece na Sala Multiuso da ALEMS, das 8h \u00e0s 12h e das 14h \u00e0s 16h30. \u00a0<\/p>\n\n\n\n<p>Para se recadastrar s\u00e3o exigidos v\u00e1rios documentos, de acordo com a categoria previdenci\u00e1ria (saiba quais&nbsp;<ins><a href=\"https:\/\/www.censo.ms.gov.br\/anexos-da-resolucao-01-2022\/\" target=\"_blank\" rel=\"noreferrer noopener\">aqui<\/a><\/ins>). Conforme a secret\u00e1ria de Recursos Humanos da Assembleia, Marlene Figueira da Silva, o servidor ativo ou aposentado que n\u00e3o realizar o recenseamento ter\u00e1 o pagamento de sua remunera\u00e7\u00e3o ou provento bloqueado a partir do m\u00eas imediatamente posterior ao per\u00edodo do&nbsp;recadastramento, ficando a libera\u00e7\u00e3o condicionada \u00e0 realiza\u00e7\u00e3o do censo. &nbsp;<\/p>\n\n\n\n<p>\u201cAguardamos o recadastramento de aproximadamente 700 servidores inativos, ativos e pensionistas. Realizamos o \u00faltimo censo em 2019 e precisamos atualizar a base de dados. A atualiza\u00e7\u00e3o cadastral \u00e9 obrigat\u00f3ria, e ser\u00e1 requisito para a continuidade do pagamento do benef\u00edcio. Caso o benefici\u00e1rio n\u00e3o atualize os seus dados cadastrais, poder\u00e1 ter o pagamento suspenso\u201d, afirmou Marlene. &nbsp;&nbsp;&nbsp;&nbsp;<\/p>\n\n\n\n<p>Confira tamb\u00e9m a reportagem da\u00a0TV ALEMS\u00a0<a href=\"https:\/\/www.youtube.com\/watch?v=UxiyQPF_DKI\">clicando aqui<\/a>\u00a0e o boletim da R\u00e1dio ALEMS\u00a0<ins><a href=\"https:\/\/al.ms.gov.br\/RadioAssembleia\/AudioPlay\/29286\" target=\"_blank\" rel=\"noreferrer noopener\">aqui<\/a><\/ins>.\u00a0<\/p>\n\n\n\n<p>ALEMS<\/p>\n\n\n\n<p><strong>Foto:<\/strong>\u00a0Luciana Nassar<\/p>\n\n\n<div class=\"wp-block-image\">\n<figure class=\"aligncenter size-full\"><a href=\"https:\/\/www.sicredi.com.br\/coop\/pantanalms\/\"><img fetchpriority=\"high\" decoding=\"async\" width=\"900\" height=\"100\" src=\"https:\/\/msconectado.com.br\/wp-content\/uploads\/2023\/02\/MS_Concetado.png\" alt=\"\" class=\"wp-image-18359\" srcset=\"https:\/\/msconectado.com.br\/wp-content\/uploads\/2023\/02\/MS_Concetado.png 900w, https:\/\/msconectado.com.br\/wp-content\/uploads\/2023\/02\/MS_Concetado-300x33.png 300w, https:\/\/msconectado.com.br\/wp-content\/uploads\/2023\/02\/MS_Concetado-768x85.png 768w\" sizes=\"(max-width: 900px) 100vw, 900px\" \/><\/a><\/figure>\n<\/div>","protected":false},"excerpt":{"rendered":"<p>O presidente Gerson Claro (PP) convocou os servidores ativos, inativos e pensionistas da Assembleia Legislativa de Mato Grosso do Sul (ALEMS) para o recadastramento previdenci\u00e1rio, que come\u00e7ou&nbsp;na manh\u00e3 desta segunda-feira (27). Em entrevista, o deputado falou sobre a import\u00e2ncia da atualiza\u00e7\u00e3o da base de dados do Regime Pr\u00f3prio de Previd\u00eancia Social do Estado do Mato [&hellip;]<\/p>\n","protected":false},"author":3,"featured_media":18375,"comment_status":"open","ping_status":"closed","sticky":false,"template":"","format":"standard","meta":{"footnotes":""},"categories":[38],"tags":[],"class_list":["post-18374","post","type-post","status-publish","format-standard","has-post-thumbnail","hentry","category-assembleia-legislativa"],"yoast_head":"<!-- This site is optimized with the Yoast SEO plugin v27.5 - https:\/\/yoast.com\/product\/yoast-seo-wordpress\/ -->\n<title>Presidente Gerson Claro convoca servidores da ALEMS para Censo Previdenci\u00e1rio - MsConectado<\/title>\n<meta name=\"robots\" content=\"index, follow, max-snippet:-1, max-image-preview:large, max-video-preview:-1\" \/>\n<link rel=\"canonical\" href=\"https:\/\/msconectado.com.br\/?p=18374\" \/>\n<meta property=\"og:locale\" content=\"pt_BR\" \/>\n<meta property=\"og:type\" content=\"article\" \/>\n<meta property=\"og:title\" content=\"Presidente Gerson Claro convoca servidores da ALEMS para Censo Previdenci\u00e1rio - MsConectado\" \/>\n<meta property=\"og:description\" content=\"O presidente Gerson Claro (PP) convocou os servidores ativos, inativos e pensionistas da Assembleia Legislativa de Mato Grosso do Sul (ALEMS) para o recadastramento previdenci\u00e1rio, que come\u00e7ou&nbsp;na manh\u00e3 desta segunda-feira (27). Em entrevista, o deputado falou sobre a import\u00e2ncia da atualiza\u00e7\u00e3o da base de dados do Regime Pr\u00f3prio de Previd\u00eancia Social do Estado do Mato [&hellip;]\" \/>\n<meta property=\"og:url\" content=\"https:\/\/msconectado.com.br\/?p=18374\" \/>\n<meta property=\"og:site_name\" content=\"MsConectado\" \/>\n<meta property=\"article:published_time\" content=\"2023-02-27T18:19:21+00:00\" \/>\n<meta property=\"article:modified_time\" content=\"2023-02-27T18:19:22+00:00\" \/>\n<meta property=\"og:image\" content=\"https:\/\/msconectado.com.br\/wp-content\/uploads\/2023\/02\/2023_02_27_08_57_44_075000c3-902f-49e3-8501-1c7a5f4d84c4.jpg\" \/>\n\t<meta property=\"og:image:width\" content=\"740\" \/>\n\t<meta property=\"og:image:height\" content=\"493\" \/>\n\t<meta property=\"og:image:type\" content=\"image\/jpeg\" \/>\n<meta name=\"author\" content=\"Jeferson\" \/>\n<meta name=\"twitter:card\" content=\"summary_large_image\" \/>\n<meta name=\"twitter:label1\" content=\"Escrito por\" \/>\n\t<meta name=\"twitter:data1\" content=\"Jeferson\" \/>\n\t<meta name=\"twitter:label2\" content=\"Est. tempo de leitura\" \/>\n\t<meta name=\"twitter:data2\" content=\"2 minutos\" \/>\n<script type=\"application\/ld+json\" class=\"yoast-schema-graph\">{\"@context\":\"https:\\\/\\\/schema.org\",\"@graph\":[{\"@type\":\"Article\",\"@id\":\"https:\\\/\\\/msconectado.com.br\\\/?p=18374#article\",\"isPartOf\":{\"@id\":\"https:\\\/\\\/msconectado.com.br\\\/?p=18374\"},\"author\":{\"name\":\"Jeferson\",\"@id\":\"https:\\\/\\\/msconectado.com.br\\\/#\\\/schema\\\/person\\\/feb123a95a93eebea36f0ed6a2e5ba48\"},\"headline\":\"Presidente Gerson Claro convoca servidores da ALEMS para Censo Previdenci\u00e1rio\",\"datePublished\":\"2023-02-27T18:19:21+00:00\",\"dateModified\":\"2023-02-27T18:19:22+00:00\",\"mainEntityOfPage\":{\"@id\":\"https:\\\/\\\/msconectado.com.br\\\/?p=18374\"},\"wordCount\":349,\"commentCount\":0,\"publisher\":{\"@id\":\"https:\\\/\\\/msconectado.com.br\\\/#organization\"},\"image\":{\"@id\":\"https:\\\/\\\/msconectado.com.br\\\/?p=18374#primaryimage\"},\"thumbnailUrl\":\"https:\\\/\\\/msconectado.com.br\\\/wp-content\\\/uploads\\\/2023\\\/02\\\/2023_02_27_08_57_44_075000c3-902f-49e3-8501-1c7a5f4d84c4.jpg\",\"articleSection\":[\"Assembleia Legislativa\"],\"inLanguage\":\"pt-BR\",\"potentialAction\":[{\"@type\":\"CommentAction\",\"name\":\"Comment\",\"target\":[\"https:\\\/\\\/msconectado.com.br\\\/?p=18374#respond\"]}]},{\"@type\":\"WebPage\",\"@id\":\"https:\\\/\\\/msconectado.com.br\\\/?p=18374\",\"url\":\"https:\\\/\\\/msconectado.com.br\\\/?p=18374\",\"name\":\"Presidente Gerson Claro convoca servidores da ALEMS para Censo Previdenci\u00e1rio - MsConectado\",\"isPartOf\":{\"@id\":\"https:\\\/\\\/msconectado.com.br\\\/#website\"},\"primaryImageOfPage\":{\"@id\":\"https:\\\/\\\/msconectado.com.br\\\/?p=18374#primaryimage\"},\"image\":{\"@id\":\"https:\\\/\\\/msconectado.com.br\\\/?p=18374#primaryimage\"},\"thumbnailUrl\":\"https:\\\/\\\/msconectado.com.br\\\/wp-content\\\/uploads\\\/2023\\\/02\\\/2023_02_27_08_57_44_075000c3-902f-49e3-8501-1c7a5f4d84c4.jpg\",\"datePublished\":\"2023-02-27T18:19:21+00:00\",\"dateModified\":\"2023-02-27T18:19:22+00:00\",\"breadcrumb\":{\"@id\":\"https:\\\/\\\/msconectado.com.br\\\/?p=18374#breadcrumb\"},\"inLanguage\":\"pt-BR\",\"potentialAction\":[{\"@type\":\"ReadAction\",\"target\":[\"https:\\\/\\\/msconectado.com.br\\\/?p=18374\"]}]},{\"@type\":\"ImageObject\",\"inLanguage\":\"pt-BR\",\"@id\":\"https:\\\/\\\/msconectado.com.br\\\/?p=18374#primaryimage\",\"url\":\"https:\\\/\\\/msconectado.com.br\\\/wp-content\\\/uploads\\\/2023\\\/02\\\/2023_02_27_08_57_44_075000c3-902f-49e3-8501-1c7a5f4d84c4.jpg\",\"contentUrl\":\"https:\\\/\\\/msconectado.com.br\\\/wp-content\\\/uploads\\\/2023\\\/02\\\/2023_02_27_08_57_44_075000c3-902f-49e3-8501-1c7a5f4d84c4.jpg\",\"width\":740,\"height\":493},{\"@type\":\"BreadcrumbList\",\"@id\":\"https:\\\/\\\/msconectado.com.br\\\/?p=18374#breadcrumb\",\"itemListElement\":[{\"@type\":\"ListItem\",\"position\":1,\"name\":\"In\u00edcio\",\"item\":\"https:\\\/\\\/msconectado.com.br\\\/\"},{\"@type\":\"ListItem\",\"position\":2,\"name\":\"Presidente Gerson Claro convoca servidores da ALEMS para Censo Previdenci\u00e1rio\"}]},{\"@type\":\"WebSite\",\"@id\":\"https:\\\/\\\/msconectado.com.br\\\/#website\",\"url\":\"https:\\\/\\\/msconectado.com.br\\\/\",\"name\":\"MsConectado\",\"description\":\"Voc\u00ea Conectado com a Not\u00edcia!\",\"publisher\":{\"@id\":\"https:\\\/\\\/msconectado.com.br\\\/#organization\"},\"potentialAction\":[{\"@type\":\"SearchAction\",\"target\":{\"@type\":\"EntryPoint\",\"urlTemplate\":\"https:\\\/\\\/msconectado.com.br\\\/?s={search_term_string}\"},\"query-input\":{\"@type\":\"PropertyValueSpecification\",\"valueRequired\":true,\"valueName\":\"search_term_string\"}}],\"inLanguage\":\"pt-BR\"},{\"@type\":\"Organization\",\"@id\":\"https:\\\/\\\/msconectado.com.br\\\/#organization\",\"name\":\"MsConectado\",\"url\":\"https:\\\/\\\/msconectado.com.br\\\/\",\"logo\":{\"@type\":\"ImageObject\",\"inLanguage\":\"pt-BR\",\"@id\":\"https:\\\/\\\/msconectado.com.br\\\/#\\\/schema\\\/logo\\\/image\\\/\",\"url\":\"https:\\\/\\\/msconectado.com.br\\\/wp-content\\\/uploads\\\/2023\\\/01\\\/cropped-noticia-2.png\",\"contentUrl\":\"https:\\\/\\\/msconectado.com.br\\\/wp-content\\\/uploads\\\/2023\\\/01\\\/cropped-noticia-2.png\",\"width\":720,\"height\":157,\"caption\":\"MsConectado\"},\"image\":{\"@id\":\"https:\\\/\\\/msconectado.com.br\\\/#\\\/schema\\\/logo\\\/image\\\/\"}},{\"@type\":\"Person\",\"@id\":\"https:\\\/\\\/msconectado.com.br\\\/#\\\/schema\\\/person\\\/feb123a95a93eebea36f0ed6a2e5ba48\",\"name\":\"Jeferson\",\"image\":{\"@type\":\"ImageObject\",\"inLanguage\":\"pt-BR\",\"@id\":\"https:\\\/\\\/secure.gravatar.com\\\/avatar\\\/e23e8901c88f0cdc0ad479ef7a39bf3e4c806344549c087c00b721a65549a328?s=96&d=mm&r=g\",\"url\":\"https:\\\/\\\/secure.gravatar.com\\\/avatar\\\/e23e8901c88f0cdc0ad479ef7a39bf3e4c806344549c087c00b721a65549a328?s=96&d=mm&r=g\",\"contentUrl\":\"https:\\\/\\\/secure.gravatar.com\\\/avatar\\\/e23e8901c88f0cdc0ad479ef7a39bf3e4c806344549c087c00b721a65549a328?s=96&d=mm&r=g\",\"caption\":\"Jeferson\"},\"url\":\"https:\\\/\\\/msconectado.com.br\\\/?author=3\"}]}<\/script>\n<!-- \/ Yoast SEO plugin. -->","yoast_head_json":{"title":"Presidente Gerson Claro convoca servidores da ALEMS para Censo Previdenci\u00e1rio - MsConectado","robots":{"index":"index","follow":"follow","max-snippet":"max-snippet:-1","max-image-preview":"max-image-preview:large","max-video-preview":"max-video-preview:-1"},"canonical":"https:\/\/msconectado.com.br\/?p=18374","og_locale":"pt_BR","og_type":"article","og_title":"Presidente Gerson Claro convoca servidores da ALEMS para Censo Previdenci\u00e1rio - MsConectado","og_description":"O presidente Gerson Claro (PP) convocou os servidores ativos, inativos e pensionistas da Assembleia Legislativa de Mato Grosso do Sul (ALEMS) para o recadastramento previdenci\u00e1rio, que come\u00e7ou&nbsp;na manh\u00e3 desta segunda-feira (27). Em entrevista, o deputado falou sobre a import\u00e2ncia da atualiza\u00e7\u00e3o da base de dados do Regime Pr\u00f3prio de Previd\u00eancia Social do Estado do Mato [&hellip;]","og_url":"https:\/\/msconectado.com.br\/?p=18374","og_site_name":"MsConectado","article_published_time":"2023-02-27T18:19:21+00:00","article_modified_time":"2023-02-27T18:19:22+00:00","og_image":[{"width":740,"height":493,"url":"https:\/\/msconectado.com.br\/wp-content\/uploads\/2023\/02\/2023_02_27_08_57_44_075000c3-902f-49e3-8501-1c7a5f4d84c4.jpg","type":"image\/jpeg"}],"author":"Jeferson","twitter_card":"summary_large_image","twitter_misc":{"Escrito por":"Jeferson","Est. tempo de leitura":"2 minutos"},"schema":{"@context":"https:\/\/schema.org","@graph":[{"@type":"Article","@id":"https:\/\/msconectado.com.br\/?p=18374#article","isPartOf":{"@id":"https:\/\/msconectado.com.br\/?p=18374"},"author":{"name":"Jeferson","@id":"https:\/\/msconectado.com.br\/#\/schema\/person\/feb123a95a93eebea36f0ed6a2e5ba48"},"headline":"Presidente Gerson Claro convoca servidores da ALEMS para Censo Previdenci\u00e1rio","datePublished":"2023-02-27T18:19:21+00:00","dateModified":"2023-02-27T18:19:22+00:00","mainEntityOfPage":{"@id":"https:\/\/msconectado.com.br\/?p=18374"},"wordCount":349,"commentCount":0,"publisher":{"@id":"https:\/\/msconectado.com.br\/#organization"},"image":{"@id":"https:\/\/msconectado.com.br\/?p=18374#primaryimage"},"thumbnailUrl":"https:\/\/msconectado.com.br\/wp-content\/uploads\/2023\/02\/2023_02_27_08_57_44_075000c3-902f-49e3-8501-1c7a5f4d84c4.jpg","articleSection":["Assembleia Legislativa"],"inLanguage":"pt-BR","potentialAction":[{"@type":"CommentAction","name":"Comment","target":["https:\/\/msconectado.com.br\/?p=18374#respond"]}]},{"@type":"WebPage","@id":"https:\/\/msconectado.com.br\/?p=18374","url":"https:\/\/msconectado.com.br\/?p=18374","name":"Presidente Gerson Claro convoca servidores da ALEMS para Censo Previdenci\u00e1rio - MsConectado","isPartOf":{"@id":"https:\/\/msconectado.com.br\/#website"},"primaryImageOfPage":{"@id":"https:\/\/msconectado.com.br\/?p=18374#primaryimage"},"image":{"@id":"https:\/\/msconectado.com.br\/?p=18374#primaryimage"},"thumbnailUrl":"https:\/\/msconectado.com.br\/wp-content\/uploads\/2023\/02\/2023_02_27_08_57_44_075000c3-902f-49e3-8501-1c7a5f4d84c4.jpg","datePublished":"2023-02-27T18:19:21+00:00","dateModified":"2023-02-27T18:19:22+00:00","breadcrumb":{"@id":"https:\/\/msconectado.com.br\/?p=18374#breadcrumb"},"inLanguage":"pt-BR","potentialAction":[{"@type":"ReadAction","target":["https:\/\/msconectado.com.br\/?p=18374"]}]},{"@type":"ImageObject","inLanguage":"pt-BR","@id":"https:\/\/msconectado.com.br\/?p=18374#primaryimage","url":"https:\/\/msconectado.com.br\/wp-content\/uploads\/2023\/02\/2023_02_27_08_57_44_075000c3-902f-49e3-8501-1c7a5f4d84c4.jpg","contentUrl":"https:\/\/msconectado.com.br\/wp-content\/uploads\/2023\/02\/2023_02_27_08_57_44_075000c3-902f-49e3-8501-1c7a5f4d84c4.jpg","width":740,"height":493},{"@type":"BreadcrumbList","@id":"https:\/\/msconectado.com.br\/?p=18374#breadcrumb","itemListElement":[{"@type":"ListItem","position":1,"name":"In\u00edcio","item":"https:\/\/msconectado.com.br\/"},{"@type":"ListItem","position":2,"name":"Presidente Gerson Claro convoca servidores da ALEMS para Censo Previdenci\u00e1rio"}]},{"@type":"WebSite","@id":"https:\/\/msconectado.com.br\/#website","url":"https:\/\/msconectado.com.br\/","name":"MsConectado","description":"Voc\u00ea Conectado com a Not\u00edcia!","publisher":{"@id":"https:\/\/msconectado.com.br\/#organization"},"potentialAction":[{"@type":"SearchAction","target":{"@type":"EntryPoint","urlTemplate":"https:\/\/msconectado.com.br\/?s={search_term_string}"},"query-input":{"@type":"PropertyValueSpecification","valueRequired":true,"valueName":"search_term_string"}}],"inLanguage":"pt-BR"},{"@type":"Organization","@id":"https:\/\/msconectado.com.br\/#organization","name":"MsConectado","url":"https:\/\/msconectado.com.br\/","logo":{"@type":"ImageObject","inLanguage":"pt-BR","@id":"https:\/\/msconectado.com.br\/#\/schema\/logo\/image\/","url":"https:\/\/msconectado.com.br\/wp-content\/uploads\/2023\/01\/cropped-noticia-2.png","contentUrl":"https:\/\/msconectado.com.br\/wp-content\/uploads\/2023\/01\/cropped-noticia-2.png","width":720,"height":157,"caption":"MsConectado"},"image":{"@id":"https:\/\/msconectado.com.br\/#\/schema\/logo\/image\/"}},{"@type":"Person","@id":"https:\/\/msconectado.com.br\/#\/schema\/person\/feb123a95a93eebea36f0ed6a2e5ba48","name":"Jeferson","image":{"@type":"ImageObject","inLanguage":"pt-BR","@id":"https:\/\/secure.gravatar.com\/avatar\/e23e8901c88f0cdc0ad479ef7a39bf3e4c806344549c087c00b721a65549a328?s=96&d=mm&r=g","url":"https:\/\/secure.gravatar.com\/avatar\/e23e8901c88f0cdc0ad479ef7a39bf3e4c806344549c087c00b721a65549a328?s=96&d=mm&r=g","contentUrl":"https:\/\/secure.gravatar.com\/avatar\/e23e8901c88f0cdc0ad479ef7a39bf3e4c806344549c087c00b721a65549a328?s=96&d=mm&r=g","caption":"Jeferson"},"url":"https:\/\/msconectado.com.br\/?author=3"}]}},"_links":{"self":[{"href":"https:\/\/msconectado.com.br\/index.php?rest_route=\/wp\/v2\/posts\/18374","targetHints":{"allow":["GET"]}}],"collection":[{"href":"https:\/\/msconectado.com.br\/index.php?rest_route=\/wp\/v2\/posts"}],"about":[{"href":"https:\/\/msconectado.com.br\/index.php?rest_route=\/wp\/v2\/types\/post"}],"author":[{"embeddable":true,"href":"https:\/\/msconectado.com.br\/index.php?rest_route=\/wp\/v2\/users\/3"}],"replies":[{"embeddable":true,"href":"https:\/\/msconectado.com.br\/index.php?rest_route=%2Fwp%2Fv2%2Fcomments&post=18374"}],"version-history":[{"count":1,"href":"https:\/\/msconectado.com.br\/index.php?rest_route=\/wp\/v2\/posts\/18374\/revisions"}],"predecessor-version":[{"id":18376,"href":"https:\/\/msconectado.com.br\/index.php?rest_route=\/wp\/v2\/posts\/18374\/revisions\/18376"}],"wp:featuredmedia":[{"embeddable":true,"href":"https:\/\/msconectado.com.br\/index.php?rest_route=\/wp\/v2\/media\/18375"}],"wp:attachment":[{"href":"https:\/\/msconectado.com.br\/index.php?rest_route=%2Fwp%2Fv2%2Fmedia&parent=18374"}],"wp:term":[{"taxonomy":"category","embeddable":true,"href":"https:\/\/msconectado.com.br\/index.php?rest_route=%2Fwp%2Fv2%2Fcategories&post=18374"},{"taxonomy":"post_tag","embeddable":true,"href":"https:\/\/msconectado.com.br\/index.php?rest_route=%2Fwp%2Fv2%2Ftags&post=18374"}],"curies":[{"name":"wp","href":"https:\/\/api.w.org\/{rel}","templated":true}]}}