
{"id":18408,"date":"2023-03-01T00:17:11","date_gmt":"2023-03-01T00:17:11","guid":{"rendered":"https:\/\/msconectado.com.br\/?p=18408"},"modified":"2023-03-01T00:17:12","modified_gmt":"2023-03-01T00:17:12","slug":"eleita-presidente-da-ccjr-mara-caseiro-e-a-segunda-mulher-a-frente-da-comissao","status":"publish","type":"post","link":"https:\/\/msconectado.com.br\/?p=18408","title":{"rendered":"Eleita presidente da CCJR, Mara Caseiro \u00e9 a segunda mulher \u00e0 frente da comiss\u00e3o"},"content":{"rendered":"\n<p>Pela segunda vez na hist\u00f3ria da Assembleia Legislativa de Mato Grosso do Sul (ALEMS), a Comiss\u00e3o de Constitui\u00e7\u00e3o, Justi\u00e7a e Reda\u00e7\u00e3o (CCJR) ser\u00e1 presidida por uma mulher, a deputada Mara Caseiro (PSDB). A parlamentar foi eleita nesta ter\u00e7a-feira (28), conforme consta na Ata 01\/2023, publicada no Di\u00e1rio Oficial do Parlamento. Considerada a mais importante comiss\u00e3o da Casa de Leis, a CCJR analisa todos os projetos, dando parecer quanto aos aspectos legais e determina\u00e7\u00f5es constitucionais.<\/p>\n\n\n\n<p>A elei\u00e7\u00e3o foi realizada no fim da manh\u00e3 na Sala da Presid\u00eancia, na ALEMS, com as presen\u00e7as dos membros titulares da CCJR. Participaram os parlamentares Antonio Vaz (Republicanos), Junior Mochi (MDB) e Pedrossian Neto (PSD), do Bloco 1, Mara Caseiro (PSDB) e Jo\u00e3o C\u00e9sar Mattogrosso (PSDB), do Bloco 2. Al\u00e9m da escolha de Mara Caseiro para a presid\u00eancia, os deputados elegeram Junio Mochi para a vice-presid\u00eancia.<\/p>\n\n\n\n<p>\u201c\u00c9 uma satisfa\u00e7\u00e3o ocupar a presid\u00eancia, fruto de um \u00e1rduo trabalho ao longo dos mandatos\u201d, considerou a deputada. Ela tamb\u00e9m comentou sobre como pretende conduzir a comiss\u00e3o. \u201cCom muita humildade, sento nessa cadeira e digo que queremos uma CCJR \u00e1gil, com trabalho de qualidade e celeridade em dar respostas aos projetos que representam os anseios da sociedade\u201d, disse a parlamentar.<\/p>\n\n\n\n<p>Mara Caseiro \u00e9 a segunda deputada a presidir a mais importante comiss\u00e3o da ALEMS. A primeira foi Celina Jallad, falecida em 2011. Ela presidiu a CCJR em 2015, durante a quinta legislatura. \u201cEspero cumprir bem mais essa miss\u00e3o, ocupando o lugar que um dia foi da Celina Jallad, ex-deputada, que um dia me encontrou na porta do Tribunal de Contas onde era conselheira, e me disse que eu ocuparia o seu lugar e eu quase n\u00e3o acreditei, mas hoje estou aqui, representando as mulheres de Mato Grosso do Sul\u201d, afirmou a deputada Mara Caseiro.<\/p>\n\n\n\n<p>Deputada Mara Caseiro \u2013&nbsp; Formada em Odontologia, Mara Caseiro est\u00e1 em seu quarto mandato na ALEMS. Ela foi eleita deputada estadual em 2010 e reeleita em 2014. Em 18 de novembro de 2020, assumiu vaga aberta em decorr\u00eancia do falecimento do deputado Onevan de Matos. E foi, nas elei\u00e7\u00f5es do ano passado, a deputada estadual mais votada em Mato Grosso do Sul. Mara Caseiro ingressou na vida p\u00fablica em 1992, quando foi eleita vereadora de Eldorado. Tamb\u00e9m foi prefeita desse munic\u00edpio por dois mandatos, de 2000 a 2008.<\/p>\n\n\n\n<p>Comiss\u00e3o \u2013 A CCJR analisa todos os projetos apresentados na Casa de Leis. Verifica o aspecto legal das propostas, se atendem as determina\u00e7\u00f5es constitucionais e se sua reda\u00e7\u00e3o \u00e9 condizente com o assunto. O parecer desta comiss\u00e3o vai ao plen\u00e1rio para a vota\u00e7\u00e3o. Se aprovado, o projeto \u00e9 encaminhado \u00e0 comiss\u00e3o espec\u00edfica que vai analis\u00e1-lo no m\u00e9rito.<\/p>\n\n\n\n<p>A CCJR tamb\u00e9m \u00e9 a comiss\u00e3o que d\u00e1 o parecer sobre interven\u00e7\u00e3o federal, estadual e municipal, a perda de mandato do governador, de seu vice e dos deputados. Observa tamb\u00e9m proposi\u00e7\u00f5es de concess\u00e3o de t\u00edtulos honor\u00edficos, declara\u00e7\u00e3o de utilidade p\u00fablica e transfer\u00eancia tempor\u00e1ria da sede do poder.<\/p>\n\n\n\n<p>Assessoria<\/p>\n\n\n\n<figure class=\"wp-block-image size-full\"><a href=\"https:\/\/www.sicredi.com.br\/coop\/pantanalms\/\"><img fetchpriority=\"high\" decoding=\"async\" width=\"900\" height=\"100\" src=\"https:\/\/msconectado.com.br\/wp-content\/uploads\/2023\/02\/MS_Concetado.png\" alt=\"\" class=\"wp-image-18359\" srcset=\"https:\/\/msconectado.com.br\/wp-content\/uploads\/2023\/02\/MS_Concetado.png 900w, https:\/\/msconectado.com.br\/wp-content\/uploads\/2023\/02\/MS_Concetado-300x33.png 300w, https:\/\/msconectado.com.br\/wp-content\/uploads\/2023\/02\/MS_Concetado-768x85.png 768w\" sizes=\"(max-width: 900px) 100vw, 900px\" \/><\/a><\/figure>\n","protected":false},"excerpt":{"rendered":"<p>Pela segunda vez na hist\u00f3ria da Assembleia Legislativa de Mato Grosso do Sul (ALEMS), a Comiss\u00e3o de Constitui\u00e7\u00e3o, Justi\u00e7a e Reda\u00e7\u00e3o (CCJR) ser\u00e1 presidida por uma mulher, a deputada Mara Caseiro (PSDB). A parlamentar foi eleita nesta ter\u00e7a-feira (28), conforme consta na Ata 01\/2023, publicada no Di\u00e1rio Oficial do Parlamento. Considerada a mais importante comiss\u00e3o [&hellip;]<\/p>\n","protected":false},"author":2,"featured_media":18409,"comment_status":"open","ping_status":"closed","sticky":false,"template":"","format":"standard","meta":{"footnotes":""},"categories":[38,33],"tags":[],"class_list":["post-18408","post","type-post","status-publish","format-standard","has-post-thumbnail","hentry","category-assembleia-legislativa","category-politica"],"yoast_head":"<!-- This site is optimized with the Yoast SEO plugin v27.5 - https:\/\/yoast.com\/product\/yoast-seo-wordpress\/ -->\n<title>Eleita presidente da CCJR, Mara Caseiro \u00e9 a segunda mulher \u00e0 frente da comiss\u00e3o - MsConectado<\/title>\n<meta name=\"robots\" content=\"index, follow, max-snippet:-1, max-image-preview:large, max-video-preview:-1\" \/>\n<link rel=\"canonical\" href=\"https:\/\/msconectado.com.br\/?p=18408\" \/>\n<meta property=\"og:locale\" content=\"pt_BR\" \/>\n<meta property=\"og:type\" content=\"article\" \/>\n<meta property=\"og:title\" content=\"Eleita presidente da CCJR, Mara Caseiro \u00e9 a segunda mulher \u00e0 frente da comiss\u00e3o - MsConectado\" \/>\n<meta property=\"og:description\" content=\"Pela segunda vez na hist\u00f3ria da Assembleia Legislativa de Mato Grosso do Sul (ALEMS), a Comiss\u00e3o de Constitui\u00e7\u00e3o, Justi\u00e7a e Reda\u00e7\u00e3o (CCJR) ser\u00e1 presidida por uma mulher, a deputada Mara Caseiro (PSDB). A parlamentar foi eleita nesta ter\u00e7a-feira (28), conforme consta na Ata 01\/2023, publicada no Di\u00e1rio Oficial do Parlamento. Considerada a mais importante comiss\u00e3o [&hellip;]\" \/>\n<meta property=\"og:url\" content=\"https:\/\/msconectado.com.br\/?p=18408\" \/>\n<meta property=\"og:site_name\" content=\"MsConectado\" \/>\n<meta property=\"article:published_time\" content=\"2023-03-01T00:17:11+00:00\" \/>\n<meta property=\"article:modified_time\" content=\"2023-03-01T00:17:12+00:00\" \/>\n<meta property=\"og:image\" content=\"https:\/\/msconectado.com.br\/wp-content\/uploads\/2023\/03\/mara.jpg\" \/>\n\t<meta property=\"og:image:width\" content=\"1368\" \/>\n\t<meta property=\"og:image:height\" content=\"912\" \/>\n\t<meta property=\"og:image:type\" content=\"image\/jpeg\" \/>\n<meta name=\"author\" content=\"MsConectado\" \/>\n<meta name=\"twitter:card\" content=\"summary_large_image\" \/>\n<meta name=\"twitter:label1\" content=\"Escrito por\" \/>\n\t<meta name=\"twitter:data1\" content=\"MsConectado\" \/>\n\t<meta name=\"twitter:label2\" content=\"Est. tempo de leitura\" \/>\n\t<meta name=\"twitter:data2\" content=\"3 minutos\" \/>\n<script type=\"application\/ld+json\" class=\"yoast-schema-graph\">{\"@context\":\"https:\\\/\\\/schema.org\",\"@graph\":[{\"@type\":\"Article\",\"@id\":\"https:\\\/\\\/msconectado.com.br\\\/?p=18408#article\",\"isPartOf\":{\"@id\":\"https:\\\/\\\/msconectado.com.br\\\/?p=18408\"},\"author\":{\"name\":\"MsConectado\",\"@id\":\"https:\\\/\\\/msconectado.com.br\\\/#\\\/schema\\\/person\\\/e5585545b5687092f1041d350b6e2c16\"},\"headline\":\"Eleita presidente da CCJR, Mara Caseiro \u00e9 a segunda mulher \u00e0 frente da comiss\u00e3o\",\"datePublished\":\"2023-03-01T00:17:11+00:00\",\"dateModified\":\"2023-03-01T00:17:12+00:00\",\"mainEntityOfPage\":{\"@id\":\"https:\\\/\\\/msconectado.com.br\\\/?p=18408\"},\"wordCount\":531,\"commentCount\":0,\"publisher\":{\"@id\":\"https:\\\/\\\/msconectado.com.br\\\/#organization\"},\"image\":{\"@id\":\"https:\\\/\\\/msconectado.com.br\\\/?p=18408#primaryimage\"},\"thumbnailUrl\":\"https:\\\/\\\/msconectado.com.br\\\/wp-content\\\/uploads\\\/2023\\\/03\\\/mara.jpg\",\"articleSection\":[\"Assembleia Legislativa\",\"Pol\u00edtica\"],\"inLanguage\":\"pt-BR\",\"potentialAction\":[{\"@type\":\"CommentAction\",\"name\":\"Comment\",\"target\":[\"https:\\\/\\\/msconectado.com.br\\\/?p=18408#respond\"]}]},{\"@type\":\"WebPage\",\"@id\":\"https:\\\/\\\/msconectado.com.br\\\/?p=18408\",\"url\":\"https:\\\/\\\/msconectado.com.br\\\/?p=18408\",\"name\":\"Eleita presidente da CCJR, Mara Caseiro \u00e9 a segunda mulher \u00e0 frente da comiss\u00e3o - MsConectado\",\"isPartOf\":{\"@id\":\"https:\\\/\\\/msconectado.com.br\\\/#website\"},\"primaryImageOfPage\":{\"@id\":\"https:\\\/\\\/msconectado.com.br\\\/?p=18408#primaryimage\"},\"image\":{\"@id\":\"https:\\\/\\\/msconectado.com.br\\\/?p=18408#primaryimage\"},\"thumbnailUrl\":\"https:\\\/\\\/msconectado.com.br\\\/wp-content\\\/uploads\\\/2023\\\/03\\\/mara.jpg\",\"datePublished\":\"2023-03-01T00:17:11+00:00\",\"dateModified\":\"2023-03-01T00:17:12+00:00\",\"breadcrumb\":{\"@id\":\"https:\\\/\\\/msconectado.com.br\\\/?p=18408#breadcrumb\"},\"inLanguage\":\"pt-BR\",\"potentialAction\":[{\"@type\":\"ReadAction\",\"target\":[\"https:\\\/\\\/msconectado.com.br\\\/?p=18408\"]}]},{\"@type\":\"ImageObject\",\"inLanguage\":\"pt-BR\",\"@id\":\"https:\\\/\\\/msconectado.com.br\\\/?p=18408#primaryimage\",\"url\":\"https:\\\/\\\/msconectado.com.br\\\/wp-content\\\/uploads\\\/2023\\\/03\\\/mara.jpg\",\"contentUrl\":\"https:\\\/\\\/msconectado.com.br\\\/wp-content\\\/uploads\\\/2023\\\/03\\\/mara.jpg\",\"width\":1368,\"height\":912},{\"@type\":\"BreadcrumbList\",\"@id\":\"https:\\\/\\\/msconectado.com.br\\\/?p=18408#breadcrumb\",\"itemListElement\":[{\"@type\":\"ListItem\",\"position\":1,\"name\":\"In\u00edcio\",\"item\":\"https:\\\/\\\/msconectado.com.br\\\/\"},{\"@type\":\"ListItem\",\"position\":2,\"name\":\"Eleita presidente da CCJR, Mara Caseiro \u00e9 a segunda mulher \u00e0 frente da comiss\u00e3o\"}]},{\"@type\":\"WebSite\",\"@id\":\"https:\\\/\\\/msconectado.com.br\\\/#website\",\"url\":\"https:\\\/\\\/msconectado.com.br\\\/\",\"name\":\"MsConectado\",\"description\":\"Voc\u00ea Conectado com a Not\u00edcia!\",\"publisher\":{\"@id\":\"https:\\\/\\\/msconectado.com.br\\\/#organization\"},\"potentialAction\":[{\"@type\":\"SearchAction\",\"target\":{\"@type\":\"EntryPoint\",\"urlTemplate\":\"https:\\\/\\\/msconectado.com.br\\\/?s={search_term_string}\"},\"query-input\":{\"@type\":\"PropertyValueSpecification\",\"valueRequired\":true,\"valueName\":\"search_term_string\"}}],\"inLanguage\":\"pt-BR\"},{\"@type\":\"Organization\",\"@id\":\"https:\\\/\\\/msconectado.com.br\\\/#organization\",\"name\":\"MsConectado\",\"url\":\"https:\\\/\\\/msconectado.com.br\\\/\",\"logo\":{\"@type\":\"ImageObject\",\"inLanguage\":\"pt-BR\",\"@id\":\"https:\\\/\\\/msconectado.com.br\\\/#\\\/schema\\\/logo\\\/image\\\/\",\"url\":\"https:\\\/\\\/msconectado.com.br\\\/wp-content\\\/uploads\\\/2023\\\/01\\\/cropped-noticia-2.png\",\"contentUrl\":\"https:\\\/\\\/msconectado.com.br\\\/wp-content\\\/uploads\\\/2023\\\/01\\\/cropped-noticia-2.png\",\"width\":720,\"height\":157,\"caption\":\"MsConectado\"},\"image\":{\"@id\":\"https:\\\/\\\/msconectado.com.br\\\/#\\\/schema\\\/logo\\\/image\\\/\"}},{\"@type\":\"Person\",\"@id\":\"https:\\\/\\\/msconectado.com.br\\\/#\\\/schema\\\/person\\\/e5585545b5687092f1041d350b6e2c16\",\"name\":\"MsConectado\",\"image\":{\"@type\":\"ImageObject\",\"inLanguage\":\"pt-BR\",\"@id\":\"https:\\\/\\\/secure.gravatar.com\\\/avatar\\\/3b4f84a0a8a4380ac4431fa79981d073692380c5da00ae97596e794ab0db5c8c?s=96&d=mm&r=g\",\"url\":\"https:\\\/\\\/secure.gravatar.com\\\/avatar\\\/3b4f84a0a8a4380ac4431fa79981d073692380c5da00ae97596e794ab0db5c8c?s=96&d=mm&r=g\",\"contentUrl\":\"https:\\\/\\\/secure.gravatar.com\\\/avatar\\\/3b4f84a0a8a4380ac4431fa79981d073692380c5da00ae97596e794ab0db5c8c?s=96&d=mm&r=g\",\"caption\":\"MsConectado\"},\"url\":\"https:\\\/\\\/msconectado.com.br\\\/?author=2\"}]}<\/script>\n<!-- \/ Yoast SEO plugin. -->","yoast_head_json":{"title":"Eleita presidente da CCJR, Mara Caseiro \u00e9 a segunda mulher \u00e0 frente da comiss\u00e3o - MsConectado","robots":{"index":"index","follow":"follow","max-snippet":"max-snippet:-1","max-image-preview":"max-image-preview:large","max-video-preview":"max-video-preview:-1"},"canonical":"https:\/\/msconectado.com.br\/?p=18408","og_locale":"pt_BR","og_type":"article","og_title":"Eleita presidente da CCJR, Mara Caseiro \u00e9 a segunda mulher \u00e0 frente da comiss\u00e3o - MsConectado","og_description":"Pela segunda vez na hist\u00f3ria da Assembleia Legislativa de Mato Grosso do Sul (ALEMS), a Comiss\u00e3o de Constitui\u00e7\u00e3o, Justi\u00e7a e Reda\u00e7\u00e3o (CCJR) ser\u00e1 presidida por uma mulher, a deputada Mara Caseiro (PSDB). A parlamentar foi eleita nesta ter\u00e7a-feira (28), conforme consta na Ata 01\/2023, publicada no Di\u00e1rio Oficial do Parlamento. Considerada a mais importante comiss\u00e3o [&hellip;]","og_url":"https:\/\/msconectado.com.br\/?p=18408","og_site_name":"MsConectado","article_published_time":"2023-03-01T00:17:11+00:00","article_modified_time":"2023-03-01T00:17:12+00:00","og_image":[{"width":1368,"height":912,"url":"https:\/\/msconectado.com.br\/wp-content\/uploads\/2023\/03\/mara.jpg","type":"image\/jpeg"}],"author":"MsConectado","twitter_card":"summary_large_image","twitter_misc":{"Escrito por":"MsConectado","Est. tempo de leitura":"3 minutos"},"schema":{"@context":"https:\/\/schema.org","@graph":[{"@type":"Article","@id":"https:\/\/msconectado.com.br\/?p=18408#article","isPartOf":{"@id":"https:\/\/msconectado.com.br\/?p=18408"},"author":{"name":"MsConectado","@id":"https:\/\/msconectado.com.br\/#\/schema\/person\/e5585545b5687092f1041d350b6e2c16"},"headline":"Eleita presidente da CCJR, Mara Caseiro \u00e9 a segunda mulher \u00e0 frente da comiss\u00e3o","datePublished":"2023-03-01T00:17:11+00:00","dateModified":"2023-03-01T00:17:12+00:00","mainEntityOfPage":{"@id":"https:\/\/msconectado.com.br\/?p=18408"},"wordCount":531,"commentCount":0,"publisher":{"@id":"https:\/\/msconectado.com.br\/#organization"},"image":{"@id":"https:\/\/msconectado.com.br\/?p=18408#primaryimage"},"thumbnailUrl":"https:\/\/msconectado.com.br\/wp-content\/uploads\/2023\/03\/mara.jpg","articleSection":["Assembleia Legislativa","Pol\u00edtica"],"inLanguage":"pt-BR","potentialAction":[{"@type":"CommentAction","name":"Comment","target":["https:\/\/msconectado.com.br\/?p=18408#respond"]}]},{"@type":"WebPage","@id":"https:\/\/msconectado.com.br\/?p=18408","url":"https:\/\/msconectado.com.br\/?p=18408","name":"Eleita presidente da CCJR, Mara Caseiro \u00e9 a segunda mulher \u00e0 frente da comiss\u00e3o - MsConectado","isPartOf":{"@id":"https:\/\/msconectado.com.br\/#website"},"primaryImageOfPage":{"@id":"https:\/\/msconectado.com.br\/?p=18408#primaryimage"},"image":{"@id":"https:\/\/msconectado.com.br\/?p=18408#primaryimage"},"thumbnailUrl":"https:\/\/msconectado.com.br\/wp-content\/uploads\/2023\/03\/mara.jpg","datePublished":"2023-03-01T00:17:11+00:00","dateModified":"2023-03-01T00:17:12+00:00","breadcrumb":{"@id":"https:\/\/msconectado.com.br\/?p=18408#breadcrumb"},"inLanguage":"pt-BR","potentialAction":[{"@type":"ReadAction","target":["https:\/\/msconectado.com.br\/?p=18408"]}]},{"@type":"ImageObject","inLanguage":"pt-BR","@id":"https:\/\/msconectado.com.br\/?p=18408#primaryimage","url":"https:\/\/msconectado.com.br\/wp-content\/uploads\/2023\/03\/mara.jpg","contentUrl":"https:\/\/msconectado.com.br\/wp-content\/uploads\/2023\/03\/mara.jpg","width":1368,"height":912},{"@type":"BreadcrumbList","@id":"https:\/\/msconectado.com.br\/?p=18408#breadcrumb","itemListElement":[{"@type":"ListItem","position":1,"name":"In\u00edcio","item":"https:\/\/msconectado.com.br\/"},{"@type":"ListItem","position":2,"name":"Eleita presidente da CCJR, Mara Caseiro \u00e9 a segunda mulher \u00e0 frente da comiss\u00e3o"}]},{"@type":"WebSite","@id":"https:\/\/msconectado.com.br\/#website","url":"https:\/\/msconectado.com.br\/","name":"MsConectado","description":"Voc\u00ea Conectado com a Not\u00edcia!","publisher":{"@id":"https:\/\/msconectado.com.br\/#organization"},"potentialAction":[{"@type":"SearchAction","target":{"@type":"EntryPoint","urlTemplate":"https:\/\/msconectado.com.br\/?s={search_term_string}"},"query-input":{"@type":"PropertyValueSpecification","valueRequired":true,"valueName":"search_term_string"}}],"inLanguage":"pt-BR"},{"@type":"Organization","@id":"https:\/\/msconectado.com.br\/#organization","name":"MsConectado","url":"https:\/\/msconectado.com.br\/","logo":{"@type":"ImageObject","inLanguage":"pt-BR","@id":"https:\/\/msconectado.com.br\/#\/schema\/logo\/image\/","url":"https:\/\/msconectado.com.br\/wp-content\/uploads\/2023\/01\/cropped-noticia-2.png","contentUrl":"https:\/\/msconectado.com.br\/wp-content\/uploads\/2023\/01\/cropped-noticia-2.png","width":720,"height":157,"caption":"MsConectado"},"image":{"@id":"https:\/\/msconectado.com.br\/#\/schema\/logo\/image\/"}},{"@type":"Person","@id":"https:\/\/msconectado.com.br\/#\/schema\/person\/e5585545b5687092f1041d350b6e2c16","name":"MsConectado","image":{"@type":"ImageObject","inLanguage":"pt-BR","@id":"https:\/\/secure.gravatar.com\/avatar\/3b4f84a0a8a4380ac4431fa79981d073692380c5da00ae97596e794ab0db5c8c?s=96&d=mm&r=g","url":"https:\/\/secure.gravatar.com\/avatar\/3b4f84a0a8a4380ac4431fa79981d073692380c5da00ae97596e794ab0db5c8c?s=96&d=mm&r=g","contentUrl":"https:\/\/secure.gravatar.com\/avatar\/3b4f84a0a8a4380ac4431fa79981d073692380c5da00ae97596e794ab0db5c8c?s=96&d=mm&r=g","caption":"MsConectado"},"url":"https:\/\/msconectado.com.br\/?author=2"}]}},"_links":{"self":[{"href":"https:\/\/msconectado.com.br\/index.php?rest_route=\/wp\/v2\/posts\/18408","targetHints":{"allow":["GET"]}}],"collection":[{"href":"https:\/\/msconectado.com.br\/index.php?rest_route=\/wp\/v2\/posts"}],"about":[{"href":"https:\/\/msconectado.com.br\/index.php?rest_route=\/wp\/v2\/types\/post"}],"author":[{"embeddable":true,"href":"https:\/\/msconectado.com.br\/index.php?rest_route=\/wp\/v2\/users\/2"}],"replies":[{"embeddable":true,"href":"https:\/\/msconectado.com.br\/index.php?rest_route=%2Fwp%2Fv2%2Fcomments&post=18408"}],"version-history":[{"count":1,"href":"https:\/\/msconectado.com.br\/index.php?rest_route=\/wp\/v2\/posts\/18408\/revisions"}],"predecessor-version":[{"id":18410,"href":"https:\/\/msconectado.com.br\/index.php?rest_route=\/wp\/v2\/posts\/18408\/revisions\/18410"}],"wp:featuredmedia":[{"embeddable":true,"href":"https:\/\/msconectado.com.br\/index.php?rest_route=\/wp\/v2\/media\/18409"}],"wp:attachment":[{"href":"https:\/\/msconectado.com.br\/index.php?rest_route=%2Fwp%2Fv2%2Fmedia&parent=18408"}],"wp:term":[{"taxonomy":"category","embeddable":true,"href":"https:\/\/msconectado.com.br\/index.php?rest_route=%2Fwp%2Fv2%2Fcategories&post=18408"},{"taxonomy":"post_tag","embeddable":true,"href":"https:\/\/msconectado.com.br\/index.php?rest_route=%2Fwp%2Fv2%2Ftags&post=18408"}],"curies":[{"name":"wp","href":"https:\/\/api.w.org\/{rel}","templated":true}]}}