
{"id":18441,"date":"2023-03-02T00:52:44","date_gmt":"2023-03-02T00:52:44","guid":{"rendered":"https:\/\/msconectado.com.br\/?p=18441"},"modified":"2023-03-02T00:52:45","modified_gmt":"2023-03-02T00:52:45","slug":"deputados-fazem-um-minuto-de-silencio-em-memoria-das-vitimas-de-feminicidio","status":"publish","type":"post","link":"https:\/\/msconectado.com.br\/?p=18441","title":{"rendered":"Deputados fazem um minuto de sil\u00eancio em mem\u00f3ria das v\u00edtimas de feminic\u00eddio"},"content":{"rendered":"\n<p>A viol\u00eancia atinge mulheres de todas as idades, cren\u00e7as, classes sociais e tem causas diversas ligadas a quest\u00f5es culturais, sociais e hist\u00f3ricas. Frente ao agravamento dos casos no Estado, os deputados estaduais iniciaram o m\u00eas de mar\u00e7o debatendo o assunto. Durante a sess\u00e3o ordin\u00e1ria desta quarta-feira (1\u00ba), o Plen\u00e1rio da Assembleia Legislativa de Mato Grosso do Sul (ALEMS) fez um minuto de sil\u00eancio em mem\u00f3ria das v\u00edtimas de feminic\u00eddio e viol\u00eancia dom\u00e9stica.<\/p>\n\n\n\n<p>O presidente Gerson Claro (PP) informou que a ALEMS ir\u00e1 se unir com os demais Poderes&nbsp;em uma campanha de conscientiza\u00e7\u00e3o. \u201cInfelizmente, nos envergonha o n\u00famero alarmante de mulheres assassinadas nos dias atuais por seus companheiros ou ex-companheiros. Crimes estes que ocorrem pela condi\u00e7\u00e3o de g\u00eanero ou em decorr\u00eancia de viol\u00eancia dom\u00e9stica. Embora Mato Grosso do Sul atue de forma consistente na pol\u00edtica de prote\u00e7\u00e3o, os casos s\u00f3 aumentam. Vamos nos unir nesta campanha de conscientiza\u00e7\u00e3o da sociedade\u201d, afirmou o presidente.<\/p>\n\n\n\n<p>A servidora p\u00fablica Albynna\u00a0Freitas, de 49 anos, foi a 5\u00aa v\u00edtima de feminic\u00eddio no Estado neste ano. Mesmo com medida protetiva, ela foi esfaqueada ontem pelo ex-marido, Jair Paulino da Silva, de 52 anos, enquanto caminhava em dire\u00e7\u00e3o ao trabalho. \u201cLamentavelmente, estamos vendo aumentar os n\u00fameros. As leis e a\u00e7\u00f5es do Poder\u00a0P\u00fablico\u00a0n\u00e3o est\u00e3o impedindo os crimes, pois se tratam de quest\u00f5es culturais. A vis\u00e3o do homem sobre a mulher ainda \u00e9 remetida como um ser subordinado, inferior e incapaz de exercer atividades ditas como masculinas\u201d, disse Professor Rinaldo Modesto (PSDB), que usou a tribuna para apresentar dados da viol\u00eancia nos \u00faltimos anos.<\/p>\n\n\n\n<p>De acordo com a deputada Mara Caseiro (PSDB), a figura da mulher na sociedade ainda \u00e9 rotulada por inferioridade na quest\u00e3o de g\u00eanero. &nbsp;\u201cO homem precisa perceber que os tempos s\u00e3o outros. A mulher tem o direito de ocupar seu espa\u00e7o e de decidir o seu futuro. N\u00e3o somos posse, n\u00e3o somos objeto, temos o direito de decidir o nosso pr\u00f3prio destino\u201d, falou. Z\u00e9 Teixeira (PSDB) defendeu a desconstru\u00e7\u00e3o do machismo na base familiar.<\/p>\n\n\n\n<p>Para Amarildo Cruz (PT), sustenta\u00e7\u00e3o machista \u00e9 o cerne da quest\u00e3o. Lia Nogueira (PSDB) anunciou que ir\u00e1 apresentar Projeto de Lei que cria o balc\u00e3o de emprego para mulheres v\u00edtimas de viol\u00eancia. \u201cNosso objetivo \u00e9 reconstruir a vida dessas mulheres longe dos agressores. A depend\u00eancia financeira faz com\u00a0que elas suportem essas rela\u00e7\u00f5es t\u00f3xicas\u201d, relatou.<\/p>\n\n\n\n<p>ALEMS<\/p>\n\n\n\n<p><strong>Foto:<\/strong>\u00a0Luciana Nassar<\/p>\n\n\n<div class=\"wp-block-image\">\n<figure class=\"aligncenter size-full\"><a href=\"https:\/\/www.sicredi.com.br\/coop\/pantanalms\/\"><img fetchpriority=\"high\" decoding=\"async\" width=\"900\" height=\"100\" src=\"https:\/\/msconectado.com.br\/wp-content\/uploads\/2023\/02\/MS_Concetado.png\" alt=\"\" class=\"wp-image-18359\" srcset=\"https:\/\/msconectado.com.br\/wp-content\/uploads\/2023\/02\/MS_Concetado.png 900w, https:\/\/msconectado.com.br\/wp-content\/uploads\/2023\/02\/MS_Concetado-300x33.png 300w, https:\/\/msconectado.com.br\/wp-content\/uploads\/2023\/02\/MS_Concetado-768x85.png 768w\" sizes=\"(max-width: 900px) 100vw, 900px\" \/><\/a><\/figure>\n<\/div>","protected":false},"excerpt":{"rendered":"<p>A viol\u00eancia atinge mulheres de todas as idades, cren\u00e7as, classes sociais e tem causas diversas ligadas a quest\u00f5es culturais, sociais e hist\u00f3ricas. Frente ao agravamento dos casos no Estado, os deputados estaduais iniciaram o m\u00eas de mar\u00e7o debatendo o assunto. Durante a sess\u00e3o ordin\u00e1ria desta quarta-feira (1\u00ba), o Plen\u00e1rio da Assembleia Legislativa de Mato Grosso [&hellip;]<\/p>\n","protected":false},"author":2,"featured_media":18442,"comment_status":"open","ping_status":"closed","sticky":false,"template":"","format":"standard","meta":{"footnotes":""},"categories":[38,33],"tags":[],"class_list":["post-18441","post","type-post","status-publish","format-standard","has-post-thumbnail","hentry","category-assembleia-legislativa","category-politica"],"yoast_head":"<!-- This site is optimized with the Yoast SEO plugin v27.5 - https:\/\/yoast.com\/product\/yoast-seo-wordpress\/ -->\n<title>Deputados fazem um minuto de sil\u00eancio em mem\u00f3ria das v\u00edtimas de feminic\u00eddio - MsConectado<\/title>\n<meta name=\"robots\" content=\"index, follow, max-snippet:-1, max-image-preview:large, max-video-preview:-1\" \/>\n<link rel=\"canonical\" href=\"https:\/\/msconectado.com.br\/?p=18441\" \/>\n<meta property=\"og:locale\" content=\"pt_BR\" \/>\n<meta property=\"og:type\" content=\"article\" \/>\n<meta property=\"og:title\" content=\"Deputados fazem um minuto de sil\u00eancio em mem\u00f3ria das v\u00edtimas de feminic\u00eddio - MsConectado\" \/>\n<meta property=\"og:description\" content=\"A viol\u00eancia atinge mulheres de todas as idades, cren\u00e7as, classes sociais e tem causas diversas ligadas a quest\u00f5es culturais, sociais e hist\u00f3ricas. Frente ao agravamento dos casos no Estado, os deputados estaduais iniciaram o m\u00eas de mar\u00e7o debatendo o assunto. Durante a sess\u00e3o ordin\u00e1ria desta quarta-feira (1\u00ba), o Plen\u00e1rio da Assembleia Legislativa de Mato Grosso [&hellip;]\" \/>\n<meta property=\"og:url\" content=\"https:\/\/msconectado.com.br\/?p=18441\" \/>\n<meta property=\"og:site_name\" content=\"MsConectado\" \/>\n<meta property=\"article:published_time\" content=\"2023-03-02T00:52:44+00:00\" \/>\n<meta property=\"article:modified_time\" content=\"2023-03-02T00:52:45+00:00\" \/>\n<meta property=\"og:image\" content=\"https:\/\/msconectado.com.br\/wp-content\/uploads\/2023\/03\/dep.jpg\" \/>\n\t<meta property=\"og:image:width\" content=\"740\" \/>\n\t<meta property=\"og:image:height\" content=\"493\" \/>\n\t<meta property=\"og:image:type\" content=\"image\/jpeg\" \/>\n<meta name=\"author\" content=\"MsConectado\" \/>\n<meta name=\"twitter:card\" content=\"summary_large_image\" \/>\n<meta name=\"twitter:label1\" content=\"Escrito por\" \/>\n\t<meta name=\"twitter:data1\" content=\"MsConectado\" \/>\n\t<meta name=\"twitter:label2\" content=\"Est. tempo de leitura\" \/>\n\t<meta name=\"twitter:data2\" content=\"3 minutos\" \/>\n<script type=\"application\/ld+json\" class=\"yoast-schema-graph\">{\"@context\":\"https:\\\/\\\/schema.org\",\"@graph\":[{\"@type\":\"Article\",\"@id\":\"https:\\\/\\\/msconectado.com.br\\\/?p=18441#article\",\"isPartOf\":{\"@id\":\"https:\\\/\\\/msconectado.com.br\\\/?p=18441\"},\"author\":{\"name\":\"MsConectado\",\"@id\":\"https:\\\/\\\/msconectado.com.br\\\/#\\\/schema\\\/person\\\/e5585545b5687092f1041d350b6e2c16\"},\"headline\":\"Deputados fazem um minuto de sil\u00eancio em mem\u00f3ria das v\u00edtimas de feminic\u00eddio\",\"datePublished\":\"2023-03-02T00:52:44+00:00\",\"dateModified\":\"2023-03-02T00:52:45+00:00\",\"mainEntityOfPage\":{\"@id\":\"https:\\\/\\\/msconectado.com.br\\\/?p=18441\"},\"wordCount\":454,\"commentCount\":0,\"publisher\":{\"@id\":\"https:\\\/\\\/msconectado.com.br\\\/#organization\"},\"image\":{\"@id\":\"https:\\\/\\\/msconectado.com.br\\\/?p=18441#primaryimage\"},\"thumbnailUrl\":\"https:\\\/\\\/msconectado.com.br\\\/wp-content\\\/uploads\\\/2023\\\/03\\\/dep.jpg\",\"articleSection\":[\"Assembleia Legislativa\",\"Pol\u00edtica\"],\"inLanguage\":\"pt-BR\",\"potentialAction\":[{\"@type\":\"CommentAction\",\"name\":\"Comment\",\"target\":[\"https:\\\/\\\/msconectado.com.br\\\/?p=18441#respond\"]}]},{\"@type\":\"WebPage\",\"@id\":\"https:\\\/\\\/msconectado.com.br\\\/?p=18441\",\"url\":\"https:\\\/\\\/msconectado.com.br\\\/?p=18441\",\"name\":\"Deputados fazem um minuto de sil\u00eancio em mem\u00f3ria das v\u00edtimas de feminic\u00eddio - MsConectado\",\"isPartOf\":{\"@id\":\"https:\\\/\\\/msconectado.com.br\\\/#website\"},\"primaryImageOfPage\":{\"@id\":\"https:\\\/\\\/msconectado.com.br\\\/?p=18441#primaryimage\"},\"image\":{\"@id\":\"https:\\\/\\\/msconectado.com.br\\\/?p=18441#primaryimage\"},\"thumbnailUrl\":\"https:\\\/\\\/msconectado.com.br\\\/wp-content\\\/uploads\\\/2023\\\/03\\\/dep.jpg\",\"datePublished\":\"2023-03-02T00:52:44+00:00\",\"dateModified\":\"2023-03-02T00:52:45+00:00\",\"breadcrumb\":{\"@id\":\"https:\\\/\\\/msconectado.com.br\\\/?p=18441#breadcrumb\"},\"inLanguage\":\"pt-BR\",\"potentialAction\":[{\"@type\":\"ReadAction\",\"target\":[\"https:\\\/\\\/msconectado.com.br\\\/?p=18441\"]}]},{\"@type\":\"ImageObject\",\"inLanguage\":\"pt-BR\",\"@id\":\"https:\\\/\\\/msconectado.com.br\\\/?p=18441#primaryimage\",\"url\":\"https:\\\/\\\/msconectado.com.br\\\/wp-content\\\/uploads\\\/2023\\\/03\\\/dep.jpg\",\"contentUrl\":\"https:\\\/\\\/msconectado.com.br\\\/wp-content\\\/uploads\\\/2023\\\/03\\\/dep.jpg\",\"width\":740,\"height\":493},{\"@type\":\"BreadcrumbList\",\"@id\":\"https:\\\/\\\/msconectado.com.br\\\/?p=18441#breadcrumb\",\"itemListElement\":[{\"@type\":\"ListItem\",\"position\":1,\"name\":\"In\u00edcio\",\"item\":\"https:\\\/\\\/msconectado.com.br\\\/\"},{\"@type\":\"ListItem\",\"position\":2,\"name\":\"Deputados fazem um minuto de sil\u00eancio em mem\u00f3ria das v\u00edtimas de feminic\u00eddio\"}]},{\"@type\":\"WebSite\",\"@id\":\"https:\\\/\\\/msconectado.com.br\\\/#website\",\"url\":\"https:\\\/\\\/msconectado.com.br\\\/\",\"name\":\"MsConectado\",\"description\":\"Voc\u00ea Conectado com a Not\u00edcia!\",\"publisher\":{\"@id\":\"https:\\\/\\\/msconectado.com.br\\\/#organization\"},\"potentialAction\":[{\"@type\":\"SearchAction\",\"target\":{\"@type\":\"EntryPoint\",\"urlTemplate\":\"https:\\\/\\\/msconectado.com.br\\\/?s={search_term_string}\"},\"query-input\":{\"@type\":\"PropertyValueSpecification\",\"valueRequired\":true,\"valueName\":\"search_term_string\"}}],\"inLanguage\":\"pt-BR\"},{\"@type\":\"Organization\",\"@id\":\"https:\\\/\\\/msconectado.com.br\\\/#organization\",\"name\":\"MsConectado\",\"url\":\"https:\\\/\\\/msconectado.com.br\\\/\",\"logo\":{\"@type\":\"ImageObject\",\"inLanguage\":\"pt-BR\",\"@id\":\"https:\\\/\\\/msconectado.com.br\\\/#\\\/schema\\\/logo\\\/image\\\/\",\"url\":\"https:\\\/\\\/msconectado.com.br\\\/wp-content\\\/uploads\\\/2023\\\/01\\\/cropped-noticia-2.png\",\"contentUrl\":\"https:\\\/\\\/msconectado.com.br\\\/wp-content\\\/uploads\\\/2023\\\/01\\\/cropped-noticia-2.png\",\"width\":720,\"height\":157,\"caption\":\"MsConectado\"},\"image\":{\"@id\":\"https:\\\/\\\/msconectado.com.br\\\/#\\\/schema\\\/logo\\\/image\\\/\"}},{\"@type\":\"Person\",\"@id\":\"https:\\\/\\\/msconectado.com.br\\\/#\\\/schema\\\/person\\\/e5585545b5687092f1041d350b6e2c16\",\"name\":\"MsConectado\",\"image\":{\"@type\":\"ImageObject\",\"inLanguage\":\"pt-BR\",\"@id\":\"https:\\\/\\\/secure.gravatar.com\\\/avatar\\\/3b4f84a0a8a4380ac4431fa79981d073692380c5da00ae97596e794ab0db5c8c?s=96&d=mm&r=g\",\"url\":\"https:\\\/\\\/secure.gravatar.com\\\/avatar\\\/3b4f84a0a8a4380ac4431fa79981d073692380c5da00ae97596e794ab0db5c8c?s=96&d=mm&r=g\",\"contentUrl\":\"https:\\\/\\\/secure.gravatar.com\\\/avatar\\\/3b4f84a0a8a4380ac4431fa79981d073692380c5da00ae97596e794ab0db5c8c?s=96&d=mm&r=g\",\"caption\":\"MsConectado\"},\"url\":\"https:\\\/\\\/msconectado.com.br\\\/?author=2\"}]}<\/script>\n<!-- \/ Yoast SEO plugin. -->","yoast_head_json":{"title":"Deputados fazem um minuto de sil\u00eancio em mem\u00f3ria das v\u00edtimas de feminic\u00eddio - MsConectado","robots":{"index":"index","follow":"follow","max-snippet":"max-snippet:-1","max-image-preview":"max-image-preview:large","max-video-preview":"max-video-preview:-1"},"canonical":"https:\/\/msconectado.com.br\/?p=18441","og_locale":"pt_BR","og_type":"article","og_title":"Deputados fazem um minuto de sil\u00eancio em mem\u00f3ria das v\u00edtimas de feminic\u00eddio - MsConectado","og_description":"A viol\u00eancia atinge mulheres de todas as idades, cren\u00e7as, classes sociais e tem causas diversas ligadas a quest\u00f5es culturais, sociais e hist\u00f3ricas. Frente ao agravamento dos casos no Estado, os deputados estaduais iniciaram o m\u00eas de mar\u00e7o debatendo o assunto. Durante a sess\u00e3o ordin\u00e1ria desta quarta-feira (1\u00ba), o Plen\u00e1rio da Assembleia Legislativa de Mato Grosso [&hellip;]","og_url":"https:\/\/msconectado.com.br\/?p=18441","og_site_name":"MsConectado","article_published_time":"2023-03-02T00:52:44+00:00","article_modified_time":"2023-03-02T00:52:45+00:00","og_image":[{"width":740,"height":493,"url":"https:\/\/msconectado.com.br\/wp-content\/uploads\/2023\/03\/dep.jpg","type":"image\/jpeg"}],"author":"MsConectado","twitter_card":"summary_large_image","twitter_misc":{"Escrito por":"MsConectado","Est. tempo de leitura":"3 minutos"},"schema":{"@context":"https:\/\/schema.org","@graph":[{"@type":"Article","@id":"https:\/\/msconectado.com.br\/?p=18441#article","isPartOf":{"@id":"https:\/\/msconectado.com.br\/?p=18441"},"author":{"name":"MsConectado","@id":"https:\/\/msconectado.com.br\/#\/schema\/person\/e5585545b5687092f1041d350b6e2c16"},"headline":"Deputados fazem um minuto de sil\u00eancio em mem\u00f3ria das v\u00edtimas de feminic\u00eddio","datePublished":"2023-03-02T00:52:44+00:00","dateModified":"2023-03-02T00:52:45+00:00","mainEntityOfPage":{"@id":"https:\/\/msconectado.com.br\/?p=18441"},"wordCount":454,"commentCount":0,"publisher":{"@id":"https:\/\/msconectado.com.br\/#organization"},"image":{"@id":"https:\/\/msconectado.com.br\/?p=18441#primaryimage"},"thumbnailUrl":"https:\/\/msconectado.com.br\/wp-content\/uploads\/2023\/03\/dep.jpg","articleSection":["Assembleia Legislativa","Pol\u00edtica"],"inLanguage":"pt-BR","potentialAction":[{"@type":"CommentAction","name":"Comment","target":["https:\/\/msconectado.com.br\/?p=18441#respond"]}]},{"@type":"WebPage","@id":"https:\/\/msconectado.com.br\/?p=18441","url":"https:\/\/msconectado.com.br\/?p=18441","name":"Deputados fazem um minuto de sil\u00eancio em mem\u00f3ria das v\u00edtimas de feminic\u00eddio - MsConectado","isPartOf":{"@id":"https:\/\/msconectado.com.br\/#website"},"primaryImageOfPage":{"@id":"https:\/\/msconectado.com.br\/?p=18441#primaryimage"},"image":{"@id":"https:\/\/msconectado.com.br\/?p=18441#primaryimage"},"thumbnailUrl":"https:\/\/msconectado.com.br\/wp-content\/uploads\/2023\/03\/dep.jpg","datePublished":"2023-03-02T00:52:44+00:00","dateModified":"2023-03-02T00:52:45+00:00","breadcrumb":{"@id":"https:\/\/msconectado.com.br\/?p=18441#breadcrumb"},"inLanguage":"pt-BR","potentialAction":[{"@type":"ReadAction","target":["https:\/\/msconectado.com.br\/?p=18441"]}]},{"@type":"ImageObject","inLanguage":"pt-BR","@id":"https:\/\/msconectado.com.br\/?p=18441#primaryimage","url":"https:\/\/msconectado.com.br\/wp-content\/uploads\/2023\/03\/dep.jpg","contentUrl":"https:\/\/msconectado.com.br\/wp-content\/uploads\/2023\/03\/dep.jpg","width":740,"height":493},{"@type":"BreadcrumbList","@id":"https:\/\/msconectado.com.br\/?p=18441#breadcrumb","itemListElement":[{"@type":"ListItem","position":1,"name":"In\u00edcio","item":"https:\/\/msconectado.com.br\/"},{"@type":"ListItem","position":2,"name":"Deputados fazem um minuto de sil\u00eancio em mem\u00f3ria das v\u00edtimas de feminic\u00eddio"}]},{"@type":"WebSite","@id":"https:\/\/msconectado.com.br\/#website","url":"https:\/\/msconectado.com.br\/","name":"MsConectado","description":"Voc\u00ea Conectado com a Not\u00edcia!","publisher":{"@id":"https:\/\/msconectado.com.br\/#organization"},"potentialAction":[{"@type":"SearchAction","target":{"@type":"EntryPoint","urlTemplate":"https:\/\/msconectado.com.br\/?s={search_term_string}"},"query-input":{"@type":"PropertyValueSpecification","valueRequired":true,"valueName":"search_term_string"}}],"inLanguage":"pt-BR"},{"@type":"Organization","@id":"https:\/\/msconectado.com.br\/#organization","name":"MsConectado","url":"https:\/\/msconectado.com.br\/","logo":{"@type":"ImageObject","inLanguage":"pt-BR","@id":"https:\/\/msconectado.com.br\/#\/schema\/logo\/image\/","url":"https:\/\/msconectado.com.br\/wp-content\/uploads\/2023\/01\/cropped-noticia-2.png","contentUrl":"https:\/\/msconectado.com.br\/wp-content\/uploads\/2023\/01\/cropped-noticia-2.png","width":720,"height":157,"caption":"MsConectado"},"image":{"@id":"https:\/\/msconectado.com.br\/#\/schema\/logo\/image\/"}},{"@type":"Person","@id":"https:\/\/msconectado.com.br\/#\/schema\/person\/e5585545b5687092f1041d350b6e2c16","name":"MsConectado","image":{"@type":"ImageObject","inLanguage":"pt-BR","@id":"https:\/\/secure.gravatar.com\/avatar\/3b4f84a0a8a4380ac4431fa79981d073692380c5da00ae97596e794ab0db5c8c?s=96&d=mm&r=g","url":"https:\/\/secure.gravatar.com\/avatar\/3b4f84a0a8a4380ac4431fa79981d073692380c5da00ae97596e794ab0db5c8c?s=96&d=mm&r=g","contentUrl":"https:\/\/secure.gravatar.com\/avatar\/3b4f84a0a8a4380ac4431fa79981d073692380c5da00ae97596e794ab0db5c8c?s=96&d=mm&r=g","caption":"MsConectado"},"url":"https:\/\/msconectado.com.br\/?author=2"}]}},"_links":{"self":[{"href":"https:\/\/msconectado.com.br\/index.php?rest_route=\/wp\/v2\/posts\/18441","targetHints":{"allow":["GET"]}}],"collection":[{"href":"https:\/\/msconectado.com.br\/index.php?rest_route=\/wp\/v2\/posts"}],"about":[{"href":"https:\/\/msconectado.com.br\/index.php?rest_route=\/wp\/v2\/types\/post"}],"author":[{"embeddable":true,"href":"https:\/\/msconectado.com.br\/index.php?rest_route=\/wp\/v2\/users\/2"}],"replies":[{"embeddable":true,"href":"https:\/\/msconectado.com.br\/index.php?rest_route=%2Fwp%2Fv2%2Fcomments&post=18441"}],"version-history":[{"count":1,"href":"https:\/\/msconectado.com.br\/index.php?rest_route=\/wp\/v2\/posts\/18441\/revisions"}],"predecessor-version":[{"id":18443,"href":"https:\/\/msconectado.com.br\/index.php?rest_route=\/wp\/v2\/posts\/18441\/revisions\/18443"}],"wp:featuredmedia":[{"embeddable":true,"href":"https:\/\/msconectado.com.br\/index.php?rest_route=\/wp\/v2\/media\/18442"}],"wp:attachment":[{"href":"https:\/\/msconectado.com.br\/index.php?rest_route=%2Fwp%2Fv2%2Fmedia&parent=18441"}],"wp:term":[{"taxonomy":"category","embeddable":true,"href":"https:\/\/msconectado.com.br\/index.php?rest_route=%2Fwp%2Fv2%2Fcategories&post=18441"},{"taxonomy":"post_tag","embeddable":true,"href":"https:\/\/msconectado.com.br\/index.php?rest_route=%2Fwp%2Fv2%2Ftags&post=18441"}],"curies":[{"name":"wp","href":"https:\/\/api.w.org\/{rel}","templated":true}]}}