
{"id":18631,"date":"2023-03-16T10:42:39","date_gmt":"2023-03-16T10:42:39","guid":{"rendered":"https:\/\/msconectado.com.br\/?p=18631"},"modified":"2023-03-16T10:42:40","modified_gmt":"2023-03-16T10:42:40","slug":"alems-sedia-audiencia-publica-sobre-relicitacao-da-chamada-rota-do-pantanal","status":"publish","type":"post","link":"https:\/\/msconectado.com.br\/?p=18631","title":{"rendered":"ALEMS sedia audi\u00eancia p\u00fablica sobre relicita\u00e7\u00e3o da chamada Rota do Pantanal"},"content":{"rendered":"\n<p>A Assembleia Legislativa de Mato Grosso do Sul (ALEMS) ir\u00e1 sediar, na pr\u00f3xima semana, audi\u00eancia p\u00fablica sobre a concess\u00e3o de trecho da BR-163 na regi\u00e3o norte do Estado, entre Campo Grande e a divisa com Mato Grosso. O evento, realizado pela Ag\u00eancia Nacional de Transporte Terrestre (ANNT), a pedido do&nbsp;Governo do Estado, ser\u00e1 na ter\u00e7a-feira (21), a partir das 14h, no Plen\u00e1rio Deputado J\u00falio Maia, na Casa de Leis. O trecho, denominado Rota do Pantanal pela ANTT, tem extens\u00e3o total de 379,6 quil\u00f4metros.<\/p>\n\n\n\n<p>O objetivo da audi\u00eancia, de acordo com a ANTT, \u00e9 \u201ccolher contribui\u00e7\u00f5es da sociedade \u00e0s minutas de Edital e Contrato, ao Programa de Explora\u00e7\u00e3o da Rodovia (PER)&nbsp;e aos Estudos de Viabilidade T\u00e9cnica, Econ\u00f4mica e Ambiental, que visa \u00e0 concess\u00e3o do lote rodovi\u00e1rio composto pela rodovia BR-163\/MS, do entroncamento com a BR-262(A) (Campo Grande) at\u00e9 a divisa de MS\/MT\u201d.<\/p>\n\n\n\n<p>O trecho, objeto da audi\u00eancia p\u00fablica, corresponde \u00e0 regi\u00e3o norte de Mato Grosso do Sul, compreendendo o entroncamento com a BR-262, em Campo Grande, \u00e0 divisa com o Mato Grosso, ao fim da Ponte Rio Correntes, em Sonora (MS). Essa parte da rodovia corta os munic\u00edpios de Jaraguari, Bandeirantes, S\u00e3o Gabriel do Oeste, Rio Verde de Mato Grosso, Coxim e Sonora.<\/p>\n\n\n\n<p>O diretor-geral da ANTT, Rafael Vitale, destacou a import\u00e2ncia de&nbsp;audi\u00eancias p\u00fablicas, como a que ser\u00e1 realizada na ALEMS, como meio para conhecer melhor as necessidades locais. &#8220;As audi\u00eancias p\u00fablicas fazem parte de um processo fundamental para a fun\u00e7\u00e3o da ANTT de regular e fiscalizar os contratos de concess\u00e3o no pa\u00eds, porque possibilitam&nbsp;que toda a sociedade e o setor contribuam para o aperfei\u00e7oamento do projeto. Ouvir todos os interessados nos permite entender melhor as necessidades das popula\u00e7\u00f5es das localidades que a rodovia atravessa, que possam n\u00e3o ter sido mapeadas nos estudos pr\u00e9vios&#8221;, afirmou Vitale.<\/p>\n\n\n\n<p><strong>Comiss\u00e3o<\/strong><\/p>\n\n\n\n<p>Para acompanhar a audi\u00eancia p\u00fablica, foi designada pela Mesa Diretora da Casa de Leis, por meio do&nbsp;<a href=\"https:\/\/diariooficial.al.ms.gov.br\/DiarioOficial\/DownloadPdf?q=jQClvTEW5ZMYIfOZmNQ7Lg==\" target=\"_blank\" rel=\"noreferrer noopener\">Ato 12\/2023<\/a>&nbsp;(p\u00e1gina 31 do Di\u00e1rio Oficial da ALEMS), comiss\u00e3o de representa\u00e7\u00e3o formada pelos deputados Junior Mochi (MDB), Mara Caseiro (PSDB) e Roberto Hashioka (Uni\u00e3o). \u201cNesta audi\u00eancia p\u00fablica, a ANTT vai colher as sugest\u00f5es, que ap\u00f3s serem analisadas, far\u00e3o parte do edital de relicita\u00e7\u00e3o\u201d, explicou Junior Mochi, parlamentar que representa a comiss\u00e3o. O deputado disse ainda que \u00e9 importante a participa\u00e7\u00e3o no evento de empresas interessadas no processo de relicita\u00e7\u00e3o, porque poder\u00e3o conhecer a rela\u00e7\u00e3o de exig\u00eancias.<\/p>\n\n\n\n<p><strong>Melhorias<\/strong><\/p>\n\n\n\n<p>De acordo com a ANTT, est\u00e3o previstas, no trecho Rota do Pantanal v\u00e1rias melhorias. Entre as reformas, est\u00e3o a duplica\u00e7\u00e3o de 67 quil\u00f4metros, 84 quil\u00f4metros de faixas adicionais, 2,5 quil\u00f4metros de vias marginais, implanta\u00e7\u00e3o de travessias urbanas&nbsp;e diversos dispositivos de seguran\u00e7a apresentados no PER. O projeto tamb\u00e9m prev\u00ea passagens de fauna, pontos de \u00f4nibus e melhorias como acessos e passarelas.<\/p>\n\n\n\n<p><strong>Servi\u00e7o<\/strong><\/p>\n\n\n\n<p>Para informa\u00e7\u00f5es sobre os procedimentos relacionados \u00e0 participa\u00e7\u00e3o na audi\u00eancia, clique\u00a0<a href=\"https:\/\/www.gov.br\/antt\/pt-br\/assuntos\/ultimas-noticias\/antt-vai-realizar-sessao-publica-da-ap-3-2023-em-campo-grande-ms\" target=\"_blank\" rel=\"noreferrer noopener\">aqui<\/a>. Para saber como contribuir, assista ao\u00a0<a href=\"https:\/\/www.youtube.com\/watch?v=r66Gh4nsnRI&amp;list=PLhwzArnfqls_O8mkrQNrcUHEQO9KaV1tx&amp;index=2\" target=\"_blank\" rel=\"noreferrer noopener\">tutorial<\/a>\u00a0no Canal ANTT no YouTube.<\/p>\n\n\n\n<p>ALEMS<\/p>\n\n\n\n<p><strong>Foto:<\/strong>\u00a0Aline Kraemer\/Arquivo<\/p>\n\n\n<div class=\"wp-block-image\">\n<figure class=\"aligncenter size-full\"><a href=\"https:\/\/www.instagram.com\/celeriumtelecom\/\"><img fetchpriority=\"high\" decoding=\"async\" width=\"53149\" height=\"5905\" src=\"https:\/\/msconectado.com.br\/wp-content\/uploads\/2023\/03\/3.png\" alt=\"\" class=\"wp-image-18568\"\/><\/a><\/figure>\n<\/div>","protected":false},"excerpt":{"rendered":"<p>A Assembleia Legislativa de Mato Grosso do Sul (ALEMS) ir\u00e1 sediar, na pr\u00f3xima semana, audi\u00eancia p\u00fablica sobre a concess\u00e3o de trecho da BR-163 na regi\u00e3o norte do Estado, entre Campo Grande e a divisa com Mato Grosso. O evento, realizado pela Ag\u00eancia Nacional de Transporte Terrestre (ANNT), a pedido do&nbsp;Governo do Estado, ser\u00e1 na ter\u00e7a-feira [&hellip;]<\/p>\n","protected":false},"author":2,"featured_media":18632,"comment_status":"open","ping_status":"closed","sticky":false,"template":"","format":"standard","meta":{"footnotes":""},"categories":[38,33],"tags":[],"class_list":["post-18631","post","type-post","status-publish","format-standard","has-post-thumbnail","hentry","category-assembleia-legislativa","category-politica"],"yoast_head":"<!-- This site is optimized with the Yoast SEO plugin v27.5 - https:\/\/yoast.com\/product\/yoast-seo-wordpress\/ -->\n<title>ALEMS sedia audi\u00eancia p\u00fablica sobre relicita\u00e7\u00e3o da chamada Rota do Pantanal - MsConectado<\/title>\n<meta name=\"robots\" content=\"index, follow, max-snippet:-1, max-image-preview:large, max-video-preview:-1\" \/>\n<link rel=\"canonical\" href=\"https:\/\/msconectado.com.br\/?p=18631\" \/>\n<meta property=\"og:locale\" content=\"pt_BR\" \/>\n<meta property=\"og:type\" content=\"article\" \/>\n<meta property=\"og:title\" content=\"ALEMS sedia audi\u00eancia p\u00fablica sobre relicita\u00e7\u00e3o da chamada Rota do Pantanal - MsConectado\" \/>\n<meta property=\"og:description\" content=\"A Assembleia Legislativa de Mato Grosso do Sul (ALEMS) ir\u00e1 sediar, na pr\u00f3xima semana, audi\u00eancia p\u00fablica sobre a concess\u00e3o de trecho da BR-163 na regi\u00e3o norte do Estado, entre Campo Grande e a divisa com Mato Grosso. O evento, realizado pela Ag\u00eancia Nacional de Transporte Terrestre (ANNT), a pedido do&nbsp;Governo do Estado, ser\u00e1 na ter\u00e7a-feira [&hellip;]\" \/>\n<meta property=\"og:url\" content=\"https:\/\/msconectado.com.br\/?p=18631\" \/>\n<meta property=\"og:site_name\" content=\"MsConectado\" \/>\n<meta property=\"article:published_time\" content=\"2023-03-16T10:42:39+00:00\" \/>\n<meta property=\"article:modified_time\" content=\"2023-03-16T10:42:40+00:00\" \/>\n<meta property=\"og:image\" content=\"https:\/\/msconectado.com.br\/wp-content\/uploads\/2023\/03\/2023_03_15_06_20_21_fbc9f330-08db-4ae2-87d6-94b3b75273ea.jpg\" \/>\n\t<meta property=\"og:image:width\" content=\"740\" \/>\n\t<meta property=\"og:image:height\" content=\"493\" \/>\n\t<meta property=\"og:image:type\" content=\"image\/jpeg\" \/>\n<meta name=\"author\" content=\"MsConectado\" \/>\n<meta name=\"twitter:card\" content=\"summary_large_image\" \/>\n<meta name=\"twitter:label1\" content=\"Escrito por\" \/>\n\t<meta name=\"twitter:data1\" content=\"MsConectado\" \/>\n\t<meta name=\"twitter:label2\" content=\"Est. tempo de leitura\" \/>\n\t<meta name=\"twitter:data2\" content=\"3 minutos\" \/>\n<script type=\"application\/ld+json\" class=\"yoast-schema-graph\">{\"@context\":\"https:\\\/\\\/schema.org\",\"@graph\":[{\"@type\":\"Article\",\"@id\":\"https:\\\/\\\/msconectado.com.br\\\/?p=18631#article\",\"isPartOf\":{\"@id\":\"https:\\\/\\\/msconectado.com.br\\\/?p=18631\"},\"author\":{\"name\":\"MsConectado\",\"@id\":\"https:\\\/\\\/msconectado.com.br\\\/#\\\/schema\\\/person\\\/e5585545b5687092f1041d350b6e2c16\"},\"headline\":\"ALEMS sedia audi\u00eancia p\u00fablica sobre relicita\u00e7\u00e3o da chamada Rota do Pantanal\",\"datePublished\":\"2023-03-16T10:42:39+00:00\",\"dateModified\":\"2023-03-16T10:42:40+00:00\",\"mainEntityOfPage\":{\"@id\":\"https:\\\/\\\/msconectado.com.br\\\/?p=18631\"},\"wordCount\":566,\"commentCount\":0,\"publisher\":{\"@id\":\"https:\\\/\\\/msconectado.com.br\\\/#organization\"},\"image\":{\"@id\":\"https:\\\/\\\/msconectado.com.br\\\/?p=18631#primaryimage\"},\"thumbnailUrl\":\"https:\\\/\\\/msconectado.com.br\\\/wp-content\\\/uploads\\\/2023\\\/03\\\/2023_03_15_06_20_21_fbc9f330-08db-4ae2-87d6-94b3b75273ea.jpg\",\"articleSection\":[\"Assembleia Legislativa\",\"Pol\u00edtica\"],\"inLanguage\":\"pt-BR\",\"potentialAction\":[{\"@type\":\"CommentAction\",\"name\":\"Comment\",\"target\":[\"https:\\\/\\\/msconectado.com.br\\\/?p=18631#respond\"]}]},{\"@type\":\"WebPage\",\"@id\":\"https:\\\/\\\/msconectado.com.br\\\/?p=18631\",\"url\":\"https:\\\/\\\/msconectado.com.br\\\/?p=18631\",\"name\":\"ALEMS sedia audi\u00eancia p\u00fablica sobre relicita\u00e7\u00e3o da chamada Rota do Pantanal - MsConectado\",\"isPartOf\":{\"@id\":\"https:\\\/\\\/msconectado.com.br\\\/#website\"},\"primaryImageOfPage\":{\"@id\":\"https:\\\/\\\/msconectado.com.br\\\/?p=18631#primaryimage\"},\"image\":{\"@id\":\"https:\\\/\\\/msconectado.com.br\\\/?p=18631#primaryimage\"},\"thumbnailUrl\":\"https:\\\/\\\/msconectado.com.br\\\/wp-content\\\/uploads\\\/2023\\\/03\\\/2023_03_15_06_20_21_fbc9f330-08db-4ae2-87d6-94b3b75273ea.jpg\",\"datePublished\":\"2023-03-16T10:42:39+00:00\",\"dateModified\":\"2023-03-16T10:42:40+00:00\",\"breadcrumb\":{\"@id\":\"https:\\\/\\\/msconectado.com.br\\\/?p=18631#breadcrumb\"},\"inLanguage\":\"pt-BR\",\"potentialAction\":[{\"@type\":\"ReadAction\",\"target\":[\"https:\\\/\\\/msconectado.com.br\\\/?p=18631\"]}]},{\"@type\":\"ImageObject\",\"inLanguage\":\"pt-BR\",\"@id\":\"https:\\\/\\\/msconectado.com.br\\\/?p=18631#primaryimage\",\"url\":\"https:\\\/\\\/msconectado.com.br\\\/wp-content\\\/uploads\\\/2023\\\/03\\\/2023_03_15_06_20_21_fbc9f330-08db-4ae2-87d6-94b3b75273ea.jpg\",\"contentUrl\":\"https:\\\/\\\/msconectado.com.br\\\/wp-content\\\/uploads\\\/2023\\\/03\\\/2023_03_15_06_20_21_fbc9f330-08db-4ae2-87d6-94b3b75273ea.jpg\",\"width\":740,\"height\":493},{\"@type\":\"BreadcrumbList\",\"@id\":\"https:\\\/\\\/msconectado.com.br\\\/?p=18631#breadcrumb\",\"itemListElement\":[{\"@type\":\"ListItem\",\"position\":1,\"name\":\"In\u00edcio\",\"item\":\"https:\\\/\\\/msconectado.com.br\\\/\"},{\"@type\":\"ListItem\",\"position\":2,\"name\":\"ALEMS sedia audi\u00eancia p\u00fablica sobre relicita\u00e7\u00e3o da chamada Rota do Pantanal\"}]},{\"@type\":\"WebSite\",\"@id\":\"https:\\\/\\\/msconectado.com.br\\\/#website\",\"url\":\"https:\\\/\\\/msconectado.com.br\\\/\",\"name\":\"MsConectado\",\"description\":\"Voc\u00ea Conectado com a Not\u00edcia!\",\"publisher\":{\"@id\":\"https:\\\/\\\/msconectado.com.br\\\/#organization\"},\"potentialAction\":[{\"@type\":\"SearchAction\",\"target\":{\"@type\":\"EntryPoint\",\"urlTemplate\":\"https:\\\/\\\/msconectado.com.br\\\/?s={search_term_string}\"},\"query-input\":{\"@type\":\"PropertyValueSpecification\",\"valueRequired\":true,\"valueName\":\"search_term_string\"}}],\"inLanguage\":\"pt-BR\"},{\"@type\":\"Organization\",\"@id\":\"https:\\\/\\\/msconectado.com.br\\\/#organization\",\"name\":\"MsConectado\",\"url\":\"https:\\\/\\\/msconectado.com.br\\\/\",\"logo\":{\"@type\":\"ImageObject\",\"inLanguage\":\"pt-BR\",\"@id\":\"https:\\\/\\\/msconectado.com.br\\\/#\\\/schema\\\/logo\\\/image\\\/\",\"url\":\"https:\\\/\\\/msconectado.com.br\\\/wp-content\\\/uploads\\\/2023\\\/01\\\/cropped-noticia-2.png\",\"contentUrl\":\"https:\\\/\\\/msconectado.com.br\\\/wp-content\\\/uploads\\\/2023\\\/01\\\/cropped-noticia-2.png\",\"width\":720,\"height\":157,\"caption\":\"MsConectado\"},\"image\":{\"@id\":\"https:\\\/\\\/msconectado.com.br\\\/#\\\/schema\\\/logo\\\/image\\\/\"}},{\"@type\":\"Person\",\"@id\":\"https:\\\/\\\/msconectado.com.br\\\/#\\\/schema\\\/person\\\/e5585545b5687092f1041d350b6e2c16\",\"name\":\"MsConectado\",\"image\":{\"@type\":\"ImageObject\",\"inLanguage\":\"pt-BR\",\"@id\":\"https:\\\/\\\/secure.gravatar.com\\\/avatar\\\/3b4f84a0a8a4380ac4431fa79981d073692380c5da00ae97596e794ab0db5c8c?s=96&d=mm&r=g\",\"url\":\"https:\\\/\\\/secure.gravatar.com\\\/avatar\\\/3b4f84a0a8a4380ac4431fa79981d073692380c5da00ae97596e794ab0db5c8c?s=96&d=mm&r=g\",\"contentUrl\":\"https:\\\/\\\/secure.gravatar.com\\\/avatar\\\/3b4f84a0a8a4380ac4431fa79981d073692380c5da00ae97596e794ab0db5c8c?s=96&d=mm&r=g\",\"caption\":\"MsConectado\"},\"url\":\"https:\\\/\\\/msconectado.com.br\\\/?author=2\"}]}<\/script>\n<!-- \/ Yoast SEO plugin. -->","yoast_head_json":{"title":"ALEMS sedia audi\u00eancia p\u00fablica sobre relicita\u00e7\u00e3o da chamada Rota do Pantanal - MsConectado","robots":{"index":"index","follow":"follow","max-snippet":"max-snippet:-1","max-image-preview":"max-image-preview:large","max-video-preview":"max-video-preview:-1"},"canonical":"https:\/\/msconectado.com.br\/?p=18631","og_locale":"pt_BR","og_type":"article","og_title":"ALEMS sedia audi\u00eancia p\u00fablica sobre relicita\u00e7\u00e3o da chamada Rota do Pantanal - MsConectado","og_description":"A Assembleia Legislativa de Mato Grosso do Sul (ALEMS) ir\u00e1 sediar, na pr\u00f3xima semana, audi\u00eancia p\u00fablica sobre a concess\u00e3o de trecho da BR-163 na regi\u00e3o norte do Estado, entre Campo Grande e a divisa com Mato Grosso. O evento, realizado pela Ag\u00eancia Nacional de Transporte Terrestre (ANNT), a pedido do&nbsp;Governo do Estado, ser\u00e1 na ter\u00e7a-feira [&hellip;]","og_url":"https:\/\/msconectado.com.br\/?p=18631","og_site_name":"MsConectado","article_published_time":"2023-03-16T10:42:39+00:00","article_modified_time":"2023-03-16T10:42:40+00:00","og_image":[{"width":740,"height":493,"url":"https:\/\/msconectado.com.br\/wp-content\/uploads\/2023\/03\/2023_03_15_06_20_21_fbc9f330-08db-4ae2-87d6-94b3b75273ea.jpg","type":"image\/jpeg"}],"author":"MsConectado","twitter_card":"summary_large_image","twitter_misc":{"Escrito por":"MsConectado","Est. tempo de leitura":"3 minutos"},"schema":{"@context":"https:\/\/schema.org","@graph":[{"@type":"Article","@id":"https:\/\/msconectado.com.br\/?p=18631#article","isPartOf":{"@id":"https:\/\/msconectado.com.br\/?p=18631"},"author":{"name":"MsConectado","@id":"https:\/\/msconectado.com.br\/#\/schema\/person\/e5585545b5687092f1041d350b6e2c16"},"headline":"ALEMS sedia audi\u00eancia p\u00fablica sobre relicita\u00e7\u00e3o da chamada Rota do Pantanal","datePublished":"2023-03-16T10:42:39+00:00","dateModified":"2023-03-16T10:42:40+00:00","mainEntityOfPage":{"@id":"https:\/\/msconectado.com.br\/?p=18631"},"wordCount":566,"commentCount":0,"publisher":{"@id":"https:\/\/msconectado.com.br\/#organization"},"image":{"@id":"https:\/\/msconectado.com.br\/?p=18631#primaryimage"},"thumbnailUrl":"https:\/\/msconectado.com.br\/wp-content\/uploads\/2023\/03\/2023_03_15_06_20_21_fbc9f330-08db-4ae2-87d6-94b3b75273ea.jpg","articleSection":["Assembleia Legislativa","Pol\u00edtica"],"inLanguage":"pt-BR","potentialAction":[{"@type":"CommentAction","name":"Comment","target":["https:\/\/msconectado.com.br\/?p=18631#respond"]}]},{"@type":"WebPage","@id":"https:\/\/msconectado.com.br\/?p=18631","url":"https:\/\/msconectado.com.br\/?p=18631","name":"ALEMS sedia audi\u00eancia p\u00fablica sobre relicita\u00e7\u00e3o da chamada Rota do Pantanal - MsConectado","isPartOf":{"@id":"https:\/\/msconectado.com.br\/#website"},"primaryImageOfPage":{"@id":"https:\/\/msconectado.com.br\/?p=18631#primaryimage"},"image":{"@id":"https:\/\/msconectado.com.br\/?p=18631#primaryimage"},"thumbnailUrl":"https:\/\/msconectado.com.br\/wp-content\/uploads\/2023\/03\/2023_03_15_06_20_21_fbc9f330-08db-4ae2-87d6-94b3b75273ea.jpg","datePublished":"2023-03-16T10:42:39+00:00","dateModified":"2023-03-16T10:42:40+00:00","breadcrumb":{"@id":"https:\/\/msconectado.com.br\/?p=18631#breadcrumb"},"inLanguage":"pt-BR","potentialAction":[{"@type":"ReadAction","target":["https:\/\/msconectado.com.br\/?p=18631"]}]},{"@type":"ImageObject","inLanguage":"pt-BR","@id":"https:\/\/msconectado.com.br\/?p=18631#primaryimage","url":"https:\/\/msconectado.com.br\/wp-content\/uploads\/2023\/03\/2023_03_15_06_20_21_fbc9f330-08db-4ae2-87d6-94b3b75273ea.jpg","contentUrl":"https:\/\/msconectado.com.br\/wp-content\/uploads\/2023\/03\/2023_03_15_06_20_21_fbc9f330-08db-4ae2-87d6-94b3b75273ea.jpg","width":740,"height":493},{"@type":"BreadcrumbList","@id":"https:\/\/msconectado.com.br\/?p=18631#breadcrumb","itemListElement":[{"@type":"ListItem","position":1,"name":"In\u00edcio","item":"https:\/\/msconectado.com.br\/"},{"@type":"ListItem","position":2,"name":"ALEMS sedia audi\u00eancia p\u00fablica sobre relicita\u00e7\u00e3o da chamada Rota do Pantanal"}]},{"@type":"WebSite","@id":"https:\/\/msconectado.com.br\/#website","url":"https:\/\/msconectado.com.br\/","name":"MsConectado","description":"Voc\u00ea Conectado com a Not\u00edcia!","publisher":{"@id":"https:\/\/msconectado.com.br\/#organization"},"potentialAction":[{"@type":"SearchAction","target":{"@type":"EntryPoint","urlTemplate":"https:\/\/msconectado.com.br\/?s={search_term_string}"},"query-input":{"@type":"PropertyValueSpecification","valueRequired":true,"valueName":"search_term_string"}}],"inLanguage":"pt-BR"},{"@type":"Organization","@id":"https:\/\/msconectado.com.br\/#organization","name":"MsConectado","url":"https:\/\/msconectado.com.br\/","logo":{"@type":"ImageObject","inLanguage":"pt-BR","@id":"https:\/\/msconectado.com.br\/#\/schema\/logo\/image\/","url":"https:\/\/msconectado.com.br\/wp-content\/uploads\/2023\/01\/cropped-noticia-2.png","contentUrl":"https:\/\/msconectado.com.br\/wp-content\/uploads\/2023\/01\/cropped-noticia-2.png","width":720,"height":157,"caption":"MsConectado"},"image":{"@id":"https:\/\/msconectado.com.br\/#\/schema\/logo\/image\/"}},{"@type":"Person","@id":"https:\/\/msconectado.com.br\/#\/schema\/person\/e5585545b5687092f1041d350b6e2c16","name":"MsConectado","image":{"@type":"ImageObject","inLanguage":"pt-BR","@id":"https:\/\/secure.gravatar.com\/avatar\/3b4f84a0a8a4380ac4431fa79981d073692380c5da00ae97596e794ab0db5c8c?s=96&d=mm&r=g","url":"https:\/\/secure.gravatar.com\/avatar\/3b4f84a0a8a4380ac4431fa79981d073692380c5da00ae97596e794ab0db5c8c?s=96&d=mm&r=g","contentUrl":"https:\/\/secure.gravatar.com\/avatar\/3b4f84a0a8a4380ac4431fa79981d073692380c5da00ae97596e794ab0db5c8c?s=96&d=mm&r=g","caption":"MsConectado"},"url":"https:\/\/msconectado.com.br\/?author=2"}]}},"_links":{"self":[{"href":"https:\/\/msconectado.com.br\/index.php?rest_route=\/wp\/v2\/posts\/18631","targetHints":{"allow":["GET"]}}],"collection":[{"href":"https:\/\/msconectado.com.br\/index.php?rest_route=\/wp\/v2\/posts"}],"about":[{"href":"https:\/\/msconectado.com.br\/index.php?rest_route=\/wp\/v2\/types\/post"}],"author":[{"embeddable":true,"href":"https:\/\/msconectado.com.br\/index.php?rest_route=\/wp\/v2\/users\/2"}],"replies":[{"embeddable":true,"href":"https:\/\/msconectado.com.br\/index.php?rest_route=%2Fwp%2Fv2%2Fcomments&post=18631"}],"version-history":[{"count":1,"href":"https:\/\/msconectado.com.br\/index.php?rest_route=\/wp\/v2\/posts\/18631\/revisions"}],"predecessor-version":[{"id":18633,"href":"https:\/\/msconectado.com.br\/index.php?rest_route=\/wp\/v2\/posts\/18631\/revisions\/18633"}],"wp:featuredmedia":[{"embeddable":true,"href":"https:\/\/msconectado.com.br\/index.php?rest_route=\/wp\/v2\/media\/18632"}],"wp:attachment":[{"href":"https:\/\/msconectado.com.br\/index.php?rest_route=%2Fwp%2Fv2%2Fmedia&parent=18631"}],"wp:term":[{"taxonomy":"category","embeddable":true,"href":"https:\/\/msconectado.com.br\/index.php?rest_route=%2Fwp%2Fv2%2Fcategories&post=18631"},{"taxonomy":"post_tag","embeddable":true,"href":"https:\/\/msconectado.com.br\/index.php?rest_route=%2Fwp%2Fv2%2Ftags&post=18631"}],"curies":[{"name":"wp","href":"https:\/\/api.w.org\/{rel}","templated":true}]}}