
{"id":18634,"date":"2023-03-16T10:44:56","date_gmt":"2023-03-16T10:44:56","guid":{"rendered":"https:\/\/msconectado.com.br\/?p=18634"},"modified":"2023-03-16T10:44:57","modified_gmt":"2023-03-16T10:44:57","slug":"para-atender-produtores-rurais-de-juti-mara-caseiro-pede-maquinario-agricola-a-agraer","status":"publish","type":"post","link":"https:\/\/msconectado.com.br\/?p=18634","title":{"rendered":"Para atender produtores rurais de Juti, Mara Caseiro pede maquin\u00e1rio agr\u00edcola \u00e0 AGRAER"},"content":{"rendered":"\n<p>Para atender o munic\u00edpio de Juti, a deputada estadual Mara Caseiro (PSDB) solicitou ao diretor-presidente da AGRAER (Ag\u00eancia de Desenvolvimento Agr\u00e1rio e Extens\u00e3o Rural), Washington de Souza, a disponibiliza\u00e7\u00e3o de 01 plantadeira para atender o Conselho Municipal de Desenvolvimento Rural e Sustent\u00e1vel. O pedido chegou \u00e0 deputada por meio do presidente do conselho, Cilas Lemos Madureira.<br>Segundo ele, a plantadeira de gr\u00e3os auxiliar\u00e1 os pequenos produtores rurais de Juti. \u201cO objetivo desse maquin\u00e1rio \u00e9 incrementar a mecaniza\u00e7\u00e3o agr\u00edcola, ampliando os n\u00edveis de produtividade e a economia dos pequenos produtores rurais\u201d, afirmou ele.<br>Apesar de Juti ter um trabalho excepcional para atender essa parcela da popula\u00e7\u00e3o, a deputada ressaltou a necessidade de ajuda do Governo do Estado. \u201cA disponibilidade de implementos modernos e eficientes tornou-se fundamental para que os agricultores disponham de t\u00e9cnicas mais adequadas de preparo do solo e semeadura. Por isto, \u00e9 muito importante a contribui\u00e7\u00e3o da Agraer para que estes maquin\u00e1rios sejam disponibilizados\u201d, destacou.<\/p>\n\n\n\n<p>Assessoria<\/p>\n\n\n\n<figure class=\"wp-block-image size-full\"><a href=\"https:\/\/www.instagram.com\/celeriumtelecom\/\"><img fetchpriority=\"high\" decoding=\"async\" width=\"53149\" height=\"5905\" src=\"https:\/\/msconectado.com.br\/wp-content\/uploads\/2023\/03\/3-1.png\" alt=\"\" class=\"wp-image-18628\"\/><\/a><\/figure>\n","protected":false},"excerpt":{"rendered":"<p>Para atender o munic\u00edpio de Juti, a deputada estadual Mara Caseiro (PSDB) solicitou ao diretor-presidente da AGRAER (Ag\u00eancia de Desenvolvimento Agr\u00e1rio e Extens\u00e3o Rural), Washington de Souza, a disponibiliza\u00e7\u00e3o de 01 plantadeira para atender o Conselho Municipal de Desenvolvimento Rural e Sustent\u00e1vel. O pedido chegou \u00e0 deputada por meio do presidente do conselho, Cilas Lemos [&hellip;]<\/p>\n","protected":false},"author":2,"featured_media":18635,"comment_status":"open","ping_status":"closed","sticky":false,"template":"","format":"standard","meta":{"footnotes":""},"categories":[38,33],"tags":[],"class_list":["post-18634","post","type-post","status-publish","format-standard","has-post-thumbnail","hentry","category-assembleia-legislativa","category-politica"],"yoast_head":"<!-- This site is optimized with the Yoast SEO plugin v27.5 - https:\/\/yoast.com\/product\/yoast-seo-wordpress\/ -->\n<title>Para atender produtores rurais de Juti, Mara Caseiro pede maquin\u00e1rio agr\u00edcola \u00e0 AGRAER - MsConectado<\/title>\n<meta name=\"robots\" content=\"index, follow, max-snippet:-1, max-image-preview:large, max-video-preview:-1\" \/>\n<link rel=\"canonical\" href=\"https:\/\/msconectado.com.br\/?p=18634\" \/>\n<meta property=\"og:locale\" content=\"pt_BR\" \/>\n<meta property=\"og:type\" content=\"article\" \/>\n<meta property=\"og:title\" content=\"Para atender produtores rurais de Juti, Mara Caseiro pede maquin\u00e1rio agr\u00edcola \u00e0 AGRAER - MsConectado\" \/>\n<meta property=\"og:description\" content=\"Para atender o munic\u00edpio de Juti, a deputada estadual Mara Caseiro (PSDB) solicitou ao diretor-presidente da AGRAER (Ag\u00eancia de Desenvolvimento Agr\u00e1rio e Extens\u00e3o Rural), Washington de Souza, a disponibiliza\u00e7\u00e3o de 01 plantadeira para atender o Conselho Municipal de Desenvolvimento Rural e Sustent\u00e1vel. O pedido chegou \u00e0 deputada por meio do presidente do conselho, Cilas Lemos [&hellip;]\" \/>\n<meta property=\"og:url\" content=\"https:\/\/msconectado.com.br\/?p=18634\" \/>\n<meta property=\"og:site_name\" content=\"MsConectado\" \/>\n<meta property=\"article:published_time\" content=\"2023-03-16T10:44:56+00:00\" \/>\n<meta property=\"article:modified_time\" content=\"2023-03-16T10:44:57+00:00\" \/>\n<meta property=\"og:image\" content=\"https:\/\/msconectado.com.br\/wp-content\/uploads\/2023\/03\/061474a9-b9bb-4ad2-b183-9e3223e8d55e.jpg\" \/>\n\t<meta property=\"og:image:width\" content=\"1368\" \/>\n\t<meta property=\"og:image:height\" content=\"912\" \/>\n\t<meta property=\"og:image:type\" content=\"image\/jpeg\" \/>\n<meta name=\"author\" content=\"MsConectado\" \/>\n<meta name=\"twitter:card\" content=\"summary_large_image\" \/>\n<meta name=\"twitter:label1\" content=\"Escrito por\" \/>\n\t<meta name=\"twitter:data1\" content=\"MsConectado\" \/>\n\t<meta name=\"twitter:label2\" content=\"Est. tempo de leitura\" \/>\n\t<meta name=\"twitter:data2\" content=\"2 minutos\" \/>\n<script type=\"application\/ld+json\" class=\"yoast-schema-graph\">{\"@context\":\"https:\\\/\\\/schema.org\",\"@graph\":[{\"@type\":\"Article\",\"@id\":\"https:\\\/\\\/msconectado.com.br\\\/?p=18634#article\",\"isPartOf\":{\"@id\":\"https:\\\/\\\/msconectado.com.br\\\/?p=18634\"},\"author\":{\"name\":\"MsConectado\",\"@id\":\"https:\\\/\\\/msconectado.com.br\\\/#\\\/schema\\\/person\\\/e5585545b5687092f1041d350b6e2c16\"},\"headline\":\"Para atender produtores rurais de Juti, Mara Caseiro pede maquin\u00e1rio agr\u00edcola \u00e0 AGRAER\",\"datePublished\":\"2023-03-16T10:44:56+00:00\",\"dateModified\":\"2023-03-16T10:44:57+00:00\",\"mainEntityOfPage\":{\"@id\":\"https:\\\/\\\/msconectado.com.br\\\/?p=18634\"},\"wordCount\":182,\"commentCount\":0,\"publisher\":{\"@id\":\"https:\\\/\\\/msconectado.com.br\\\/#organization\"},\"image\":{\"@id\":\"https:\\\/\\\/msconectado.com.br\\\/?p=18634#primaryimage\"},\"thumbnailUrl\":\"https:\\\/\\\/msconectado.com.br\\\/wp-content\\\/uploads\\\/2023\\\/03\\\/061474a9-b9bb-4ad2-b183-9e3223e8d55e.jpg\",\"articleSection\":[\"Assembleia Legislativa\",\"Pol\u00edtica\"],\"inLanguage\":\"pt-BR\",\"potentialAction\":[{\"@type\":\"CommentAction\",\"name\":\"Comment\",\"target\":[\"https:\\\/\\\/msconectado.com.br\\\/?p=18634#respond\"]}]},{\"@type\":\"WebPage\",\"@id\":\"https:\\\/\\\/msconectado.com.br\\\/?p=18634\",\"url\":\"https:\\\/\\\/msconectado.com.br\\\/?p=18634\",\"name\":\"Para atender produtores rurais de Juti, Mara Caseiro pede maquin\u00e1rio agr\u00edcola \u00e0 AGRAER - MsConectado\",\"isPartOf\":{\"@id\":\"https:\\\/\\\/msconectado.com.br\\\/#website\"},\"primaryImageOfPage\":{\"@id\":\"https:\\\/\\\/msconectado.com.br\\\/?p=18634#primaryimage\"},\"image\":{\"@id\":\"https:\\\/\\\/msconectado.com.br\\\/?p=18634#primaryimage\"},\"thumbnailUrl\":\"https:\\\/\\\/msconectado.com.br\\\/wp-content\\\/uploads\\\/2023\\\/03\\\/061474a9-b9bb-4ad2-b183-9e3223e8d55e.jpg\",\"datePublished\":\"2023-03-16T10:44:56+00:00\",\"dateModified\":\"2023-03-16T10:44:57+00:00\",\"breadcrumb\":{\"@id\":\"https:\\\/\\\/msconectado.com.br\\\/?p=18634#breadcrumb\"},\"inLanguage\":\"pt-BR\",\"potentialAction\":[{\"@type\":\"ReadAction\",\"target\":[\"https:\\\/\\\/msconectado.com.br\\\/?p=18634\"]}]},{\"@type\":\"ImageObject\",\"inLanguage\":\"pt-BR\",\"@id\":\"https:\\\/\\\/msconectado.com.br\\\/?p=18634#primaryimage\",\"url\":\"https:\\\/\\\/msconectado.com.br\\\/wp-content\\\/uploads\\\/2023\\\/03\\\/061474a9-b9bb-4ad2-b183-9e3223e8d55e.jpg\",\"contentUrl\":\"https:\\\/\\\/msconectado.com.br\\\/wp-content\\\/uploads\\\/2023\\\/03\\\/061474a9-b9bb-4ad2-b183-9e3223e8d55e.jpg\",\"width\":1368,\"height\":912},{\"@type\":\"BreadcrumbList\",\"@id\":\"https:\\\/\\\/msconectado.com.br\\\/?p=18634#breadcrumb\",\"itemListElement\":[{\"@type\":\"ListItem\",\"position\":1,\"name\":\"In\u00edcio\",\"item\":\"https:\\\/\\\/msconectado.com.br\\\/\"},{\"@type\":\"ListItem\",\"position\":2,\"name\":\"Para atender produtores rurais de Juti, Mara Caseiro pede maquin\u00e1rio agr\u00edcola \u00e0 AGRAER\"}]},{\"@type\":\"WebSite\",\"@id\":\"https:\\\/\\\/msconectado.com.br\\\/#website\",\"url\":\"https:\\\/\\\/msconectado.com.br\\\/\",\"name\":\"MsConectado\",\"description\":\"Voc\u00ea Conectado com a Not\u00edcia!\",\"publisher\":{\"@id\":\"https:\\\/\\\/msconectado.com.br\\\/#organization\"},\"potentialAction\":[{\"@type\":\"SearchAction\",\"target\":{\"@type\":\"EntryPoint\",\"urlTemplate\":\"https:\\\/\\\/msconectado.com.br\\\/?s={search_term_string}\"},\"query-input\":{\"@type\":\"PropertyValueSpecification\",\"valueRequired\":true,\"valueName\":\"search_term_string\"}}],\"inLanguage\":\"pt-BR\"},{\"@type\":\"Organization\",\"@id\":\"https:\\\/\\\/msconectado.com.br\\\/#organization\",\"name\":\"MsConectado\",\"url\":\"https:\\\/\\\/msconectado.com.br\\\/\",\"logo\":{\"@type\":\"ImageObject\",\"inLanguage\":\"pt-BR\",\"@id\":\"https:\\\/\\\/msconectado.com.br\\\/#\\\/schema\\\/logo\\\/image\\\/\",\"url\":\"https:\\\/\\\/msconectado.com.br\\\/wp-content\\\/uploads\\\/2023\\\/01\\\/cropped-noticia-2.png\",\"contentUrl\":\"https:\\\/\\\/msconectado.com.br\\\/wp-content\\\/uploads\\\/2023\\\/01\\\/cropped-noticia-2.png\",\"width\":720,\"height\":157,\"caption\":\"MsConectado\"},\"image\":{\"@id\":\"https:\\\/\\\/msconectado.com.br\\\/#\\\/schema\\\/logo\\\/image\\\/\"}},{\"@type\":\"Person\",\"@id\":\"https:\\\/\\\/msconectado.com.br\\\/#\\\/schema\\\/person\\\/e5585545b5687092f1041d350b6e2c16\",\"name\":\"MsConectado\",\"image\":{\"@type\":\"ImageObject\",\"inLanguage\":\"pt-BR\",\"@id\":\"https:\\\/\\\/secure.gravatar.com\\\/avatar\\\/3b4f84a0a8a4380ac4431fa79981d073692380c5da00ae97596e794ab0db5c8c?s=96&d=mm&r=g\",\"url\":\"https:\\\/\\\/secure.gravatar.com\\\/avatar\\\/3b4f84a0a8a4380ac4431fa79981d073692380c5da00ae97596e794ab0db5c8c?s=96&d=mm&r=g\",\"contentUrl\":\"https:\\\/\\\/secure.gravatar.com\\\/avatar\\\/3b4f84a0a8a4380ac4431fa79981d073692380c5da00ae97596e794ab0db5c8c?s=96&d=mm&r=g\",\"caption\":\"MsConectado\"},\"url\":\"https:\\\/\\\/msconectado.com.br\\\/?author=2\"}]}<\/script>\n<!-- \/ Yoast SEO plugin. -->","yoast_head_json":{"title":"Para atender produtores rurais de Juti, Mara Caseiro pede maquin\u00e1rio agr\u00edcola \u00e0 AGRAER - MsConectado","robots":{"index":"index","follow":"follow","max-snippet":"max-snippet:-1","max-image-preview":"max-image-preview:large","max-video-preview":"max-video-preview:-1"},"canonical":"https:\/\/msconectado.com.br\/?p=18634","og_locale":"pt_BR","og_type":"article","og_title":"Para atender produtores rurais de Juti, Mara Caseiro pede maquin\u00e1rio agr\u00edcola \u00e0 AGRAER - MsConectado","og_description":"Para atender o munic\u00edpio de Juti, a deputada estadual Mara Caseiro (PSDB) solicitou ao diretor-presidente da AGRAER (Ag\u00eancia de Desenvolvimento Agr\u00e1rio e Extens\u00e3o Rural), Washington de Souza, a disponibiliza\u00e7\u00e3o de 01 plantadeira para atender o Conselho Municipal de Desenvolvimento Rural e Sustent\u00e1vel. O pedido chegou \u00e0 deputada por meio do presidente do conselho, Cilas Lemos [&hellip;]","og_url":"https:\/\/msconectado.com.br\/?p=18634","og_site_name":"MsConectado","article_published_time":"2023-03-16T10:44:56+00:00","article_modified_time":"2023-03-16T10:44:57+00:00","og_image":[{"width":1368,"height":912,"url":"https:\/\/msconectado.com.br\/wp-content\/uploads\/2023\/03\/061474a9-b9bb-4ad2-b183-9e3223e8d55e.jpg","type":"image\/jpeg"}],"author":"MsConectado","twitter_card":"summary_large_image","twitter_misc":{"Escrito por":"MsConectado","Est. tempo de leitura":"2 minutos"},"schema":{"@context":"https:\/\/schema.org","@graph":[{"@type":"Article","@id":"https:\/\/msconectado.com.br\/?p=18634#article","isPartOf":{"@id":"https:\/\/msconectado.com.br\/?p=18634"},"author":{"name":"MsConectado","@id":"https:\/\/msconectado.com.br\/#\/schema\/person\/e5585545b5687092f1041d350b6e2c16"},"headline":"Para atender produtores rurais de Juti, Mara Caseiro pede maquin\u00e1rio agr\u00edcola \u00e0 AGRAER","datePublished":"2023-03-16T10:44:56+00:00","dateModified":"2023-03-16T10:44:57+00:00","mainEntityOfPage":{"@id":"https:\/\/msconectado.com.br\/?p=18634"},"wordCount":182,"commentCount":0,"publisher":{"@id":"https:\/\/msconectado.com.br\/#organization"},"image":{"@id":"https:\/\/msconectado.com.br\/?p=18634#primaryimage"},"thumbnailUrl":"https:\/\/msconectado.com.br\/wp-content\/uploads\/2023\/03\/061474a9-b9bb-4ad2-b183-9e3223e8d55e.jpg","articleSection":["Assembleia Legislativa","Pol\u00edtica"],"inLanguage":"pt-BR","potentialAction":[{"@type":"CommentAction","name":"Comment","target":["https:\/\/msconectado.com.br\/?p=18634#respond"]}]},{"@type":"WebPage","@id":"https:\/\/msconectado.com.br\/?p=18634","url":"https:\/\/msconectado.com.br\/?p=18634","name":"Para atender produtores rurais de Juti, Mara Caseiro pede maquin\u00e1rio agr\u00edcola \u00e0 AGRAER - MsConectado","isPartOf":{"@id":"https:\/\/msconectado.com.br\/#website"},"primaryImageOfPage":{"@id":"https:\/\/msconectado.com.br\/?p=18634#primaryimage"},"image":{"@id":"https:\/\/msconectado.com.br\/?p=18634#primaryimage"},"thumbnailUrl":"https:\/\/msconectado.com.br\/wp-content\/uploads\/2023\/03\/061474a9-b9bb-4ad2-b183-9e3223e8d55e.jpg","datePublished":"2023-03-16T10:44:56+00:00","dateModified":"2023-03-16T10:44:57+00:00","breadcrumb":{"@id":"https:\/\/msconectado.com.br\/?p=18634#breadcrumb"},"inLanguage":"pt-BR","potentialAction":[{"@type":"ReadAction","target":["https:\/\/msconectado.com.br\/?p=18634"]}]},{"@type":"ImageObject","inLanguage":"pt-BR","@id":"https:\/\/msconectado.com.br\/?p=18634#primaryimage","url":"https:\/\/msconectado.com.br\/wp-content\/uploads\/2023\/03\/061474a9-b9bb-4ad2-b183-9e3223e8d55e.jpg","contentUrl":"https:\/\/msconectado.com.br\/wp-content\/uploads\/2023\/03\/061474a9-b9bb-4ad2-b183-9e3223e8d55e.jpg","width":1368,"height":912},{"@type":"BreadcrumbList","@id":"https:\/\/msconectado.com.br\/?p=18634#breadcrumb","itemListElement":[{"@type":"ListItem","position":1,"name":"In\u00edcio","item":"https:\/\/msconectado.com.br\/"},{"@type":"ListItem","position":2,"name":"Para atender produtores rurais de Juti, Mara Caseiro pede maquin\u00e1rio agr\u00edcola \u00e0 AGRAER"}]},{"@type":"WebSite","@id":"https:\/\/msconectado.com.br\/#website","url":"https:\/\/msconectado.com.br\/","name":"MsConectado","description":"Voc\u00ea Conectado com a Not\u00edcia!","publisher":{"@id":"https:\/\/msconectado.com.br\/#organization"},"potentialAction":[{"@type":"SearchAction","target":{"@type":"EntryPoint","urlTemplate":"https:\/\/msconectado.com.br\/?s={search_term_string}"},"query-input":{"@type":"PropertyValueSpecification","valueRequired":true,"valueName":"search_term_string"}}],"inLanguage":"pt-BR"},{"@type":"Organization","@id":"https:\/\/msconectado.com.br\/#organization","name":"MsConectado","url":"https:\/\/msconectado.com.br\/","logo":{"@type":"ImageObject","inLanguage":"pt-BR","@id":"https:\/\/msconectado.com.br\/#\/schema\/logo\/image\/","url":"https:\/\/msconectado.com.br\/wp-content\/uploads\/2023\/01\/cropped-noticia-2.png","contentUrl":"https:\/\/msconectado.com.br\/wp-content\/uploads\/2023\/01\/cropped-noticia-2.png","width":720,"height":157,"caption":"MsConectado"},"image":{"@id":"https:\/\/msconectado.com.br\/#\/schema\/logo\/image\/"}},{"@type":"Person","@id":"https:\/\/msconectado.com.br\/#\/schema\/person\/e5585545b5687092f1041d350b6e2c16","name":"MsConectado","image":{"@type":"ImageObject","inLanguage":"pt-BR","@id":"https:\/\/secure.gravatar.com\/avatar\/3b4f84a0a8a4380ac4431fa79981d073692380c5da00ae97596e794ab0db5c8c?s=96&d=mm&r=g","url":"https:\/\/secure.gravatar.com\/avatar\/3b4f84a0a8a4380ac4431fa79981d073692380c5da00ae97596e794ab0db5c8c?s=96&d=mm&r=g","contentUrl":"https:\/\/secure.gravatar.com\/avatar\/3b4f84a0a8a4380ac4431fa79981d073692380c5da00ae97596e794ab0db5c8c?s=96&d=mm&r=g","caption":"MsConectado"},"url":"https:\/\/msconectado.com.br\/?author=2"}]}},"_links":{"self":[{"href":"https:\/\/msconectado.com.br\/index.php?rest_route=\/wp\/v2\/posts\/18634","targetHints":{"allow":["GET"]}}],"collection":[{"href":"https:\/\/msconectado.com.br\/index.php?rest_route=\/wp\/v2\/posts"}],"about":[{"href":"https:\/\/msconectado.com.br\/index.php?rest_route=\/wp\/v2\/types\/post"}],"author":[{"embeddable":true,"href":"https:\/\/msconectado.com.br\/index.php?rest_route=\/wp\/v2\/users\/2"}],"replies":[{"embeddable":true,"href":"https:\/\/msconectado.com.br\/index.php?rest_route=%2Fwp%2Fv2%2Fcomments&post=18634"}],"version-history":[{"count":1,"href":"https:\/\/msconectado.com.br\/index.php?rest_route=\/wp\/v2\/posts\/18634\/revisions"}],"predecessor-version":[{"id":18636,"href":"https:\/\/msconectado.com.br\/index.php?rest_route=\/wp\/v2\/posts\/18634\/revisions\/18636"}],"wp:featuredmedia":[{"embeddable":true,"href":"https:\/\/msconectado.com.br\/index.php?rest_route=\/wp\/v2\/media\/18635"}],"wp:attachment":[{"href":"https:\/\/msconectado.com.br\/index.php?rest_route=%2Fwp%2Fv2%2Fmedia&parent=18634"}],"wp:term":[{"taxonomy":"category","embeddable":true,"href":"https:\/\/msconectado.com.br\/index.php?rest_route=%2Fwp%2Fv2%2Fcategories&post=18634"},{"taxonomy":"post_tag","embeddable":true,"href":"https:\/\/msconectado.com.br\/index.php?rest_route=%2Fwp%2Fv2%2Ftags&post=18634"}],"curies":[{"name":"wp","href":"https:\/\/api.w.org\/{rel}","templated":true}]}}