
{"id":18674,"date":"2023-03-16T22:46:34","date_gmt":"2023-03-16T22:46:34","guid":{"rendered":"https:\/\/msconectado.com.br\/?p=18674"},"modified":"2023-03-16T22:46:35","modified_gmt":"2023-03-16T22:46:35","slug":"presidente-da-alems-publica-decreto-que-ratifica-convenios-e-protocolos-do-icms","status":"publish","type":"post","link":"https:\/\/msconectado.com.br\/?p=18674","title":{"rendered":"Presidente da ALEMS publica decreto que ratifica conv\u00eanios e protocolos do ICMS"},"content":{"rendered":"\n<p>O presidente da Assembleia Legislativa de Mato Grosso do Sul (ALEMS), deputado Gerson Claro (PP), publicou no&nbsp;<a href=\"https:\/\/diariooficial.al.ms.gov.br\/DiarioOficial\/DownloadPdf?q=0kV1yeFa5YRn8W1C5SMwdg==\" target=\"_blank\" rel=\"noreferrer noopener\">Di\u00e1rio Oficial da Casa de Leis<\/a>&nbsp;desta quinta-feira (16) o Decreto Legislativo 761\/2023, que ratifica conv\u00eanios e protocolos&nbsp;do Imposto sobre Circula\u00e7\u00e3o de Mercadorias e Presta\u00e7\u00e3o de Servi\u00e7os (ICMS), celebrados entre o Governo do Estado e o Conselho Nacional de Pol\u00edtica Fazend\u00e1ria (Confaz).<\/p>\n\n\n\n<p>De acordo com o Decreto, foram aprovados os conv\u00eanios ICMS 87\/22, 93\/22 e 94\/22, 98\/22, 100\/22 e 103\/22, de 1\u00ba de julho de 2022 (publicados no Di\u00e1rio Oficial da Uni\u00e3o de 5 de julho de 2022), 116\/22 e 117\/22, de 27 de julho (publica\u00e7\u00e3o no dia 28 de julho de 2022), 81\/22, de 28 de junho (publicado em edi\u00e7\u00e3o extra no mesmo dia), 123\/22, de 9 de agosto de 2022 (com publica\u00e7\u00e3o em 10 do mesmo m\u00eas), 123\/22, tamb\u00e9m de 9 de agosto (publicado no dia seguinte), 124\/22 e 126\/22, de 9 de setembro de 2022 (com publica\u00e7\u00e3o em 12 de setembro).<\/p>\n\n\n\n<p>Ainda se tratando de conv\u00eanios ICMS, tamb\u00e9m foram aprovados os seguintes: 129\/22 e 130\/22, de 23 de setembro de 2022 (publicados no Di\u00e1rio Oficial da Uni\u00e3o, de 26 de setembro), 131\/22, 134\/22, 137\/22, 138\/22, 139\/22, 141\/22, 142\/22, 143\/22, 148\/22, 150\/22, 154\/22, 155\/22, 157\/22, 158\/22 e 164\/22, de 23 de setembro de 2022 (todos publicados no dia 27 de setembro de 2022), 166\/22, de 23 de setembro (com publica\u00e7\u00e3o em 28 do mesmo m\u00eas), 167\/22, de 27 de outubro (publicado no mesmo dia),<\/p>\n\n\n\n<p>O Decreto tamb\u00e9m ratifica os conv\u00eanios de ICMS 173\/22, 177\/22, 180\/22, 181\/22, 182\/22, 183\/22, 188\/22, 189\/22 e 193\/22, de 9 de dezembro (publicados no Di\u00e1rio Oficial da Uni\u00e3o de 13 de dezembro), 195\/22 e 197\/22, de 9 de dezembro de 2022 (com publica\u00e7\u00e3o em 14 de dezembro), 198\/22, 199\/22, 200\/22, 201\/22 e 202\/22, de 22 de dezembro de 2022 (publicados no dia 23 de dezembro de 2022).<\/p>\n\n\n\n<p>Quanto aos protocolos ICMS, o Decreto ratifica a aprova\u00e7\u00e3o dos seguintes: 50\/22, 53\/22, 55\/22, 64\/22, 65\/22 e 66\/22, de 19 de setembro de 2022, publicados no Di\u00e1rio Oficial da Uni\u00e3o de 20 do mesmo m\u00eas.<\/p>\n\n\n\n<p>Assessoria ALEMS<\/p>\n\n\n\n<p><strong>Foto:<\/strong>\u00a0Osvaldo J\u00fanior<\/p>\n\n\n<div class=\"wp-block-image\">\n<figure class=\"aligncenter size-full\"><a href=\"https:\/\/www.maracaju.ms.gov.br\/\"><img fetchpriority=\"high\" decoding=\"async\" width=\"900\" height=\"100\" src=\"https:\/\/msconectado.com.br\/wp-content\/uploads\/2023\/03\/fullbanner-900-x-100px_Dengue.gif\" alt=\"\" class=\"wp-image-18673\"\/><\/a><\/figure>\n<\/div>","protected":false},"excerpt":{"rendered":"<p>O presidente da Assembleia Legislativa de Mato Grosso do Sul (ALEMS), deputado Gerson Claro (PP), publicou no&nbsp;Di\u00e1rio Oficial da Casa de Leis&nbsp;desta quinta-feira (16) o Decreto Legislativo 761\/2023, que ratifica conv\u00eanios e protocolos&nbsp;do Imposto sobre Circula\u00e7\u00e3o de Mercadorias e Presta\u00e7\u00e3o de Servi\u00e7os (ICMS), celebrados entre o Governo do Estado e o Conselho Nacional de Pol\u00edtica [&hellip;]<\/p>\n","protected":false},"author":2,"featured_media":18675,"comment_status":"open","ping_status":"closed","sticky":false,"template":"","format":"standard","meta":{"footnotes":""},"categories":[38,33],"tags":[],"class_list":["post-18674","post","type-post","status-publish","format-standard","has-post-thumbnail","hentry","category-assembleia-legislativa","category-politica"],"yoast_head":"<!-- This site is optimized with the Yoast SEO plugin v27.5 - https:\/\/yoast.com\/product\/yoast-seo-wordpress\/ -->\n<title>Presidente da ALEMS publica decreto que ratifica conv\u00eanios e protocolos do ICMS - MsConectado<\/title>\n<meta name=\"robots\" content=\"index, follow, max-snippet:-1, max-image-preview:large, max-video-preview:-1\" \/>\n<link rel=\"canonical\" href=\"https:\/\/msconectado.com.br\/?p=18674\" \/>\n<meta property=\"og:locale\" content=\"pt_BR\" \/>\n<meta property=\"og:type\" content=\"article\" \/>\n<meta property=\"og:title\" content=\"Presidente da ALEMS publica decreto que ratifica conv\u00eanios e protocolos do ICMS - MsConectado\" \/>\n<meta property=\"og:description\" content=\"O presidente da Assembleia Legislativa de Mato Grosso do Sul (ALEMS), deputado Gerson Claro (PP), publicou no&nbsp;Di\u00e1rio Oficial da Casa de Leis&nbsp;desta quinta-feira (16) o Decreto Legislativo 761\/2023, que ratifica conv\u00eanios e protocolos&nbsp;do Imposto sobre Circula\u00e7\u00e3o de Mercadorias e Presta\u00e7\u00e3o de Servi\u00e7os (ICMS), celebrados entre o Governo do Estado e o Conselho Nacional de Pol\u00edtica [&hellip;]\" \/>\n<meta property=\"og:url\" content=\"https:\/\/msconectado.com.br\/?p=18674\" \/>\n<meta property=\"og:site_name\" content=\"MsConectado\" \/>\n<meta property=\"article:published_time\" content=\"2023-03-16T22:46:34+00:00\" \/>\n<meta property=\"article:modified_time\" content=\"2023-03-16T22:46:35+00:00\" \/>\n<meta property=\"og:image\" content=\"https:\/\/msconectado.com.br\/wp-content\/uploads\/2023\/03\/2023_03_16_04_30_28_108f3b01-a5dc-4d68-8f57-a3783161c6d0.jpg\" \/>\n\t<meta property=\"og:image:width\" content=\"740\" \/>\n\t<meta property=\"og:image:height\" content=\"493\" \/>\n\t<meta property=\"og:image:type\" content=\"image\/jpeg\" \/>\n<meta name=\"author\" content=\"MsConectado\" \/>\n<meta name=\"twitter:card\" content=\"summary_large_image\" \/>\n<meta name=\"twitter:label1\" content=\"Escrito por\" \/>\n\t<meta name=\"twitter:data1\" content=\"MsConectado\" \/>\n\t<meta name=\"twitter:label2\" content=\"Est. tempo de leitura\" \/>\n\t<meta name=\"twitter:data2\" content=\"3 minutos\" \/>\n<script type=\"application\/ld+json\" class=\"yoast-schema-graph\">{\"@context\":\"https:\\\/\\\/schema.org\",\"@graph\":[{\"@type\":\"Article\",\"@id\":\"https:\\\/\\\/msconectado.com.br\\\/?p=18674#article\",\"isPartOf\":{\"@id\":\"https:\\\/\\\/msconectado.com.br\\\/?p=18674\"},\"author\":{\"name\":\"MsConectado\",\"@id\":\"https:\\\/\\\/msconectado.com.br\\\/#\\\/schema\\\/person\\\/e5585545b5687092f1041d350b6e2c16\"},\"headline\":\"Presidente da ALEMS publica decreto que ratifica conv\u00eanios e protocolos do ICMS\",\"datePublished\":\"2023-03-16T22:46:34+00:00\",\"dateModified\":\"2023-03-16T22:46:35+00:00\",\"mainEntityOfPage\":{\"@id\":\"https:\\\/\\\/msconectado.com.br\\\/?p=18674\"},\"wordCount\":306,\"commentCount\":0,\"publisher\":{\"@id\":\"https:\\\/\\\/msconectado.com.br\\\/#organization\"},\"image\":{\"@id\":\"https:\\\/\\\/msconectado.com.br\\\/?p=18674#primaryimage\"},\"thumbnailUrl\":\"https:\\\/\\\/msconectado.com.br\\\/wp-content\\\/uploads\\\/2023\\\/03\\\/2023_03_16_04_30_28_108f3b01-a5dc-4d68-8f57-a3783161c6d0.jpg\",\"articleSection\":[\"Assembleia Legislativa\",\"Pol\u00edtica\"],\"inLanguage\":\"pt-BR\",\"potentialAction\":[{\"@type\":\"CommentAction\",\"name\":\"Comment\",\"target\":[\"https:\\\/\\\/msconectado.com.br\\\/?p=18674#respond\"]}]},{\"@type\":\"WebPage\",\"@id\":\"https:\\\/\\\/msconectado.com.br\\\/?p=18674\",\"url\":\"https:\\\/\\\/msconectado.com.br\\\/?p=18674\",\"name\":\"Presidente da ALEMS publica decreto que ratifica conv\u00eanios e protocolos do ICMS - MsConectado\",\"isPartOf\":{\"@id\":\"https:\\\/\\\/msconectado.com.br\\\/#website\"},\"primaryImageOfPage\":{\"@id\":\"https:\\\/\\\/msconectado.com.br\\\/?p=18674#primaryimage\"},\"image\":{\"@id\":\"https:\\\/\\\/msconectado.com.br\\\/?p=18674#primaryimage\"},\"thumbnailUrl\":\"https:\\\/\\\/msconectado.com.br\\\/wp-content\\\/uploads\\\/2023\\\/03\\\/2023_03_16_04_30_28_108f3b01-a5dc-4d68-8f57-a3783161c6d0.jpg\",\"datePublished\":\"2023-03-16T22:46:34+00:00\",\"dateModified\":\"2023-03-16T22:46:35+00:00\",\"breadcrumb\":{\"@id\":\"https:\\\/\\\/msconectado.com.br\\\/?p=18674#breadcrumb\"},\"inLanguage\":\"pt-BR\",\"potentialAction\":[{\"@type\":\"ReadAction\",\"target\":[\"https:\\\/\\\/msconectado.com.br\\\/?p=18674\"]}]},{\"@type\":\"ImageObject\",\"inLanguage\":\"pt-BR\",\"@id\":\"https:\\\/\\\/msconectado.com.br\\\/?p=18674#primaryimage\",\"url\":\"https:\\\/\\\/msconectado.com.br\\\/wp-content\\\/uploads\\\/2023\\\/03\\\/2023_03_16_04_30_28_108f3b01-a5dc-4d68-8f57-a3783161c6d0.jpg\",\"contentUrl\":\"https:\\\/\\\/msconectado.com.br\\\/wp-content\\\/uploads\\\/2023\\\/03\\\/2023_03_16_04_30_28_108f3b01-a5dc-4d68-8f57-a3783161c6d0.jpg\",\"width\":740,\"height\":493},{\"@type\":\"BreadcrumbList\",\"@id\":\"https:\\\/\\\/msconectado.com.br\\\/?p=18674#breadcrumb\",\"itemListElement\":[{\"@type\":\"ListItem\",\"position\":1,\"name\":\"In\u00edcio\",\"item\":\"https:\\\/\\\/msconectado.com.br\\\/\"},{\"@type\":\"ListItem\",\"position\":2,\"name\":\"Presidente da ALEMS publica decreto que ratifica conv\u00eanios e protocolos do ICMS\"}]},{\"@type\":\"WebSite\",\"@id\":\"https:\\\/\\\/msconectado.com.br\\\/#website\",\"url\":\"https:\\\/\\\/msconectado.com.br\\\/\",\"name\":\"MsConectado\",\"description\":\"Voc\u00ea Conectado com a Not\u00edcia!\",\"publisher\":{\"@id\":\"https:\\\/\\\/msconectado.com.br\\\/#organization\"},\"potentialAction\":[{\"@type\":\"SearchAction\",\"target\":{\"@type\":\"EntryPoint\",\"urlTemplate\":\"https:\\\/\\\/msconectado.com.br\\\/?s={search_term_string}\"},\"query-input\":{\"@type\":\"PropertyValueSpecification\",\"valueRequired\":true,\"valueName\":\"search_term_string\"}}],\"inLanguage\":\"pt-BR\"},{\"@type\":\"Organization\",\"@id\":\"https:\\\/\\\/msconectado.com.br\\\/#organization\",\"name\":\"MsConectado\",\"url\":\"https:\\\/\\\/msconectado.com.br\\\/\",\"logo\":{\"@type\":\"ImageObject\",\"inLanguage\":\"pt-BR\",\"@id\":\"https:\\\/\\\/msconectado.com.br\\\/#\\\/schema\\\/logo\\\/image\\\/\",\"url\":\"https:\\\/\\\/msconectado.com.br\\\/wp-content\\\/uploads\\\/2023\\\/01\\\/cropped-noticia-2.png\",\"contentUrl\":\"https:\\\/\\\/msconectado.com.br\\\/wp-content\\\/uploads\\\/2023\\\/01\\\/cropped-noticia-2.png\",\"width\":720,\"height\":157,\"caption\":\"MsConectado\"},\"image\":{\"@id\":\"https:\\\/\\\/msconectado.com.br\\\/#\\\/schema\\\/logo\\\/image\\\/\"}},{\"@type\":\"Person\",\"@id\":\"https:\\\/\\\/msconectado.com.br\\\/#\\\/schema\\\/person\\\/e5585545b5687092f1041d350b6e2c16\",\"name\":\"MsConectado\",\"image\":{\"@type\":\"ImageObject\",\"inLanguage\":\"pt-BR\",\"@id\":\"https:\\\/\\\/secure.gravatar.com\\\/avatar\\\/3b4f84a0a8a4380ac4431fa79981d073692380c5da00ae97596e794ab0db5c8c?s=96&d=mm&r=g\",\"url\":\"https:\\\/\\\/secure.gravatar.com\\\/avatar\\\/3b4f84a0a8a4380ac4431fa79981d073692380c5da00ae97596e794ab0db5c8c?s=96&d=mm&r=g\",\"contentUrl\":\"https:\\\/\\\/secure.gravatar.com\\\/avatar\\\/3b4f84a0a8a4380ac4431fa79981d073692380c5da00ae97596e794ab0db5c8c?s=96&d=mm&r=g\",\"caption\":\"MsConectado\"},\"url\":\"https:\\\/\\\/msconectado.com.br\\\/?author=2\"}]}<\/script>\n<!-- \/ Yoast SEO plugin. -->","yoast_head_json":{"title":"Presidente da ALEMS publica decreto que ratifica conv\u00eanios e protocolos do ICMS - MsConectado","robots":{"index":"index","follow":"follow","max-snippet":"max-snippet:-1","max-image-preview":"max-image-preview:large","max-video-preview":"max-video-preview:-1"},"canonical":"https:\/\/msconectado.com.br\/?p=18674","og_locale":"pt_BR","og_type":"article","og_title":"Presidente da ALEMS publica decreto que ratifica conv\u00eanios e protocolos do ICMS - MsConectado","og_description":"O presidente da Assembleia Legislativa de Mato Grosso do Sul (ALEMS), deputado Gerson Claro (PP), publicou no&nbsp;Di\u00e1rio Oficial da Casa de Leis&nbsp;desta quinta-feira (16) o Decreto Legislativo 761\/2023, que ratifica conv\u00eanios e protocolos&nbsp;do Imposto sobre Circula\u00e7\u00e3o de Mercadorias e Presta\u00e7\u00e3o de Servi\u00e7os (ICMS), celebrados entre o Governo do Estado e o Conselho Nacional de Pol\u00edtica [&hellip;]","og_url":"https:\/\/msconectado.com.br\/?p=18674","og_site_name":"MsConectado","article_published_time":"2023-03-16T22:46:34+00:00","article_modified_time":"2023-03-16T22:46:35+00:00","og_image":[{"width":740,"height":493,"url":"https:\/\/msconectado.com.br\/wp-content\/uploads\/2023\/03\/2023_03_16_04_30_28_108f3b01-a5dc-4d68-8f57-a3783161c6d0.jpg","type":"image\/jpeg"}],"author":"MsConectado","twitter_card":"summary_large_image","twitter_misc":{"Escrito por":"MsConectado","Est. tempo de leitura":"3 minutos"},"schema":{"@context":"https:\/\/schema.org","@graph":[{"@type":"Article","@id":"https:\/\/msconectado.com.br\/?p=18674#article","isPartOf":{"@id":"https:\/\/msconectado.com.br\/?p=18674"},"author":{"name":"MsConectado","@id":"https:\/\/msconectado.com.br\/#\/schema\/person\/e5585545b5687092f1041d350b6e2c16"},"headline":"Presidente da ALEMS publica decreto que ratifica conv\u00eanios e protocolos do ICMS","datePublished":"2023-03-16T22:46:34+00:00","dateModified":"2023-03-16T22:46:35+00:00","mainEntityOfPage":{"@id":"https:\/\/msconectado.com.br\/?p=18674"},"wordCount":306,"commentCount":0,"publisher":{"@id":"https:\/\/msconectado.com.br\/#organization"},"image":{"@id":"https:\/\/msconectado.com.br\/?p=18674#primaryimage"},"thumbnailUrl":"https:\/\/msconectado.com.br\/wp-content\/uploads\/2023\/03\/2023_03_16_04_30_28_108f3b01-a5dc-4d68-8f57-a3783161c6d0.jpg","articleSection":["Assembleia Legislativa","Pol\u00edtica"],"inLanguage":"pt-BR","potentialAction":[{"@type":"CommentAction","name":"Comment","target":["https:\/\/msconectado.com.br\/?p=18674#respond"]}]},{"@type":"WebPage","@id":"https:\/\/msconectado.com.br\/?p=18674","url":"https:\/\/msconectado.com.br\/?p=18674","name":"Presidente da ALEMS publica decreto que ratifica conv\u00eanios e protocolos do ICMS - MsConectado","isPartOf":{"@id":"https:\/\/msconectado.com.br\/#website"},"primaryImageOfPage":{"@id":"https:\/\/msconectado.com.br\/?p=18674#primaryimage"},"image":{"@id":"https:\/\/msconectado.com.br\/?p=18674#primaryimage"},"thumbnailUrl":"https:\/\/msconectado.com.br\/wp-content\/uploads\/2023\/03\/2023_03_16_04_30_28_108f3b01-a5dc-4d68-8f57-a3783161c6d0.jpg","datePublished":"2023-03-16T22:46:34+00:00","dateModified":"2023-03-16T22:46:35+00:00","breadcrumb":{"@id":"https:\/\/msconectado.com.br\/?p=18674#breadcrumb"},"inLanguage":"pt-BR","potentialAction":[{"@type":"ReadAction","target":["https:\/\/msconectado.com.br\/?p=18674"]}]},{"@type":"ImageObject","inLanguage":"pt-BR","@id":"https:\/\/msconectado.com.br\/?p=18674#primaryimage","url":"https:\/\/msconectado.com.br\/wp-content\/uploads\/2023\/03\/2023_03_16_04_30_28_108f3b01-a5dc-4d68-8f57-a3783161c6d0.jpg","contentUrl":"https:\/\/msconectado.com.br\/wp-content\/uploads\/2023\/03\/2023_03_16_04_30_28_108f3b01-a5dc-4d68-8f57-a3783161c6d0.jpg","width":740,"height":493},{"@type":"BreadcrumbList","@id":"https:\/\/msconectado.com.br\/?p=18674#breadcrumb","itemListElement":[{"@type":"ListItem","position":1,"name":"In\u00edcio","item":"https:\/\/msconectado.com.br\/"},{"@type":"ListItem","position":2,"name":"Presidente da ALEMS publica decreto que ratifica conv\u00eanios e protocolos do ICMS"}]},{"@type":"WebSite","@id":"https:\/\/msconectado.com.br\/#website","url":"https:\/\/msconectado.com.br\/","name":"MsConectado","description":"Voc\u00ea Conectado com a Not\u00edcia!","publisher":{"@id":"https:\/\/msconectado.com.br\/#organization"},"potentialAction":[{"@type":"SearchAction","target":{"@type":"EntryPoint","urlTemplate":"https:\/\/msconectado.com.br\/?s={search_term_string}"},"query-input":{"@type":"PropertyValueSpecification","valueRequired":true,"valueName":"search_term_string"}}],"inLanguage":"pt-BR"},{"@type":"Organization","@id":"https:\/\/msconectado.com.br\/#organization","name":"MsConectado","url":"https:\/\/msconectado.com.br\/","logo":{"@type":"ImageObject","inLanguage":"pt-BR","@id":"https:\/\/msconectado.com.br\/#\/schema\/logo\/image\/","url":"https:\/\/msconectado.com.br\/wp-content\/uploads\/2023\/01\/cropped-noticia-2.png","contentUrl":"https:\/\/msconectado.com.br\/wp-content\/uploads\/2023\/01\/cropped-noticia-2.png","width":720,"height":157,"caption":"MsConectado"},"image":{"@id":"https:\/\/msconectado.com.br\/#\/schema\/logo\/image\/"}},{"@type":"Person","@id":"https:\/\/msconectado.com.br\/#\/schema\/person\/e5585545b5687092f1041d350b6e2c16","name":"MsConectado","image":{"@type":"ImageObject","inLanguage":"pt-BR","@id":"https:\/\/secure.gravatar.com\/avatar\/3b4f84a0a8a4380ac4431fa79981d073692380c5da00ae97596e794ab0db5c8c?s=96&d=mm&r=g","url":"https:\/\/secure.gravatar.com\/avatar\/3b4f84a0a8a4380ac4431fa79981d073692380c5da00ae97596e794ab0db5c8c?s=96&d=mm&r=g","contentUrl":"https:\/\/secure.gravatar.com\/avatar\/3b4f84a0a8a4380ac4431fa79981d073692380c5da00ae97596e794ab0db5c8c?s=96&d=mm&r=g","caption":"MsConectado"},"url":"https:\/\/msconectado.com.br\/?author=2"}]}},"_links":{"self":[{"href":"https:\/\/msconectado.com.br\/index.php?rest_route=\/wp\/v2\/posts\/18674","targetHints":{"allow":["GET"]}}],"collection":[{"href":"https:\/\/msconectado.com.br\/index.php?rest_route=\/wp\/v2\/posts"}],"about":[{"href":"https:\/\/msconectado.com.br\/index.php?rest_route=\/wp\/v2\/types\/post"}],"author":[{"embeddable":true,"href":"https:\/\/msconectado.com.br\/index.php?rest_route=\/wp\/v2\/users\/2"}],"replies":[{"embeddable":true,"href":"https:\/\/msconectado.com.br\/index.php?rest_route=%2Fwp%2Fv2%2Fcomments&post=18674"}],"version-history":[{"count":1,"href":"https:\/\/msconectado.com.br\/index.php?rest_route=\/wp\/v2\/posts\/18674\/revisions"}],"predecessor-version":[{"id":18676,"href":"https:\/\/msconectado.com.br\/index.php?rest_route=\/wp\/v2\/posts\/18674\/revisions\/18676"}],"wp:featuredmedia":[{"embeddable":true,"href":"https:\/\/msconectado.com.br\/index.php?rest_route=\/wp\/v2\/media\/18675"}],"wp:attachment":[{"href":"https:\/\/msconectado.com.br\/index.php?rest_route=%2Fwp%2Fv2%2Fmedia&parent=18674"}],"wp:term":[{"taxonomy":"category","embeddable":true,"href":"https:\/\/msconectado.com.br\/index.php?rest_route=%2Fwp%2Fv2%2Fcategories&post=18674"},{"taxonomy":"post_tag","embeddable":true,"href":"https:\/\/msconectado.com.br\/index.php?rest_route=%2Fwp%2Fv2%2Ftags&post=18674"}],"curies":[{"name":"wp","href":"https:\/\/api.w.org\/{rel}","templated":true}]}}