
{"id":18700,"date":"2023-03-18T01:28:29","date_gmt":"2023-03-18T01:28:29","guid":{"rendered":"https:\/\/msconectado.com.br\/?p=18700"},"modified":"2023-03-18T01:28:30","modified_gmt":"2023-03-18T01:28:30","slug":"amigos-destacam-qualidades-de-amarildo-cruz-sensivel-respeitoso-e-combativo","status":"publish","type":"post","link":"https:\/\/msconectado.com.br\/?p=18700","title":{"rendered":"Amigos destacam qualidades de Amarildo Cruz: sens\u00edvel, respeitoso e combativo"},"content":{"rendered":"\n<p>Sens\u00edvel \u00e0s causas sociais, respeitoso, humano, combativo e muito estudioso. Essas s\u00e3o algumas qualidades de Amarildo Cruz, conforme destacaram amigos e pessoas pr\u00f3ximas do parlamentar, falecido nesta sexta-feira (17), em Campo Grande. Amarildo, que ocupou o posto de deputado estadual por cinco mandatos, teve como importantes bandeiras o enfrentamento ao racismo, defesa do meio ambiente, democracia e a luta pelos direitos humanos.<\/p>\n\n\n\n<p>\u201cO Amarildo se preocupava demais com a justi\u00e7a social e com as pessoas\u201d, disse Jaqueline dos Santos, assessora de comunica\u00e7\u00e3o do parlamentar. \u201cComo militante do Partido dos Trabalhadores, ele n\u00e3o cansava de lutar por mudan\u00e7as na sociedade. E at\u00e9 mesmo as melhorias dentro do pr\u00f3prio partido\u201d, acrescentou. Ela tamb\u00e9m enfatizou sua qualidade como pai e atua\u00e7\u00e3o no Movimento Negro. \u201cEu estive muito pr\u00f3ximo dele e tive muito acesso \u00e0 fam\u00edlia. Ele sempre foi um pai muito bom. Estar junto do Amarildo e junto das pautas raciais pra mim foi fundamental como pessoa. Eu cresci muito estando do lado dele. Aprendi muito com ele\u201d, finalizou.<\/p>\n\n\n\n<p>O chefe de gabinete do Amarildo, Paulo Barbosa, afirmou que o parlamentar sempre foi atuante em causas sociais. Logo depois que passou no concurso p\u00fablico aos 18 anos, ele ajudou a criar o sindicato de sua categoria. A partir da\u00ed, focou toda sua vida p\u00fablica nas quest\u00f5es sociais\u201d, lembrou. \u201cE quando chegou ao Parlamento, toda sua a\u00e7\u00e3o como deputado sempre foi ligado mais \u00e0s causas sociais, sobretudo em favor dos que mais necessitam da interven\u00e7\u00e3o do poder p\u00fablico\u201d, completou.<\/p>\n\n\n\n<p>Paulo Barbosa mencionou outras qualidades de Amarildo. \u201cSempre foi muito focado, exigente e muito estudioso em tudo que fez. Todo assunto, toda bandeira, que defendia, sempre contribu\u00eda com muito conhecimento\u201d, afirmou. Um dos destaques da atua\u00e7\u00e3o p\u00fablica de Amarildo foi a moradia. \u201cQuando foi secret\u00e1rio de Habita\u00e7\u00e3o, ele liderou um dos grandes projetos de Habita\u00e7\u00e3o do Estado. Naquele momento, ajudou bastante o d\u00e9ficit habitacional cair aqui no Mato Grosso do Sul e,\u00a0 consequentemente, possibilitou que muitas pessoas que n\u00e3o tinham acesso \u00e0 moradia pr\u00f3pria passassem a ter. De todas as quest\u00f5es nas quais ele atuou como homem p\u00fablico, a que o deixou mais realizado foi o que fez no setor da moradia\u201d, comentou o chefe de gabinete. \u00a0\u201cTeve ao lado do pequeno produtor principalmente, da quest\u00e3o ind\u00edgena, fez um trabalho muito forte na promo\u00e7\u00e3o racial. Enfim, o seu legado fez diferen\u00e7a, com certeza absoluta, para melhor aqui no Estado\u201d, finalizou.<\/p>\n\n\n\n<p>A subsecretaria estadual de Pol\u00edticas P\u00fablicas para as Pessoas Idosas, Zirleide Silva Barbosa, que trabalhou com Amarildo por tr\u00eas mandatos, tamb\u00e9m disse que o parlamentar era muito estudioso e conseguia transitar em v\u00e1rios temas. \u201cO Amarildo era muito especial por ser um deputado estudioso, um requisito fundamental para fazer o que ele fazia. Ele transitava por v\u00e1rias pautas e dava conta de discutir essas tem\u00e1ticas, inclusive uma delas era a quest\u00e3o ambiental, que eu trabalhei diretamente com ele\u201d, falou.<\/p>\n\n\n\n<p>Zirleide tamb\u00e9m enfatizou a capacidade de articula\u00e7\u00e3o do parlamentar. \u201cSeu mandato conseguia chegar a diversos munic\u00edpios. Era um deputado que tinha um olhar sens\u00edvel. Al\u00e9m de conseguir atuar em v\u00e1rias pautas, fazia interlocu\u00e7\u00e3o com prefeitos, vereadores, organiza\u00e7\u00f5es, partidos. Sempre esteve no Partido dos Trabalhadores e defendia as pautas colocadas pelo partido de uma forma tranquila e conseguia chegar a diversas pessoas\u201d, disse.<\/p>\n\n\n\n<p>Tamb\u00e9m militante no Movimento Negro, V\u00e2nia L\u00facia Baptista Duarte, subsecret\u00e1ria de Estado de Pol\u00edticas P\u00fablicas de Promo\u00e7\u00e3o de Igualdade Racial, comentou que o parlamentar fez muito diferen\u00e7a no&nbsp;enfrentamento ao racismo. \u201cO Amarildo Cruz era uma pessoa muito especial. Por muito tempo, o \u00fanico deputado negro, uma pessoa que se ascendeu socialmente na quest\u00e3o&nbsp;da sua milit\u00e2ncia negra. Para n\u00f3s, militantes do Movimento Negro, ele fez muita diferen\u00e7a. N\u00e3o s\u00f3 por ser um negro, mas pela luta, pela milit\u00e2ncia, pela proximidade com essa popula\u00e7\u00e3o negra. E n\u00f3s trazendo as nossas pautas e muitas delas, ele trazendo a resolu\u00e7\u00e3o, os encaminhamentos. Estamos, sim, muito tristes, muito abalados. Mas ele deixa um legado, uma refer\u00eancia para n\u00f3s, em sua forma de agir, como militante, como amigo. Que, neste momento, Deus fortale\u00e7a os amigos e familiares\u201d, afirmou.<\/p>\n\n\n\n<p><strong>\u00daltimo discurso e cerim\u00f4nia f\u00fanebre<\/strong><\/p>\n\n\n\n<p>As qualidades destacadas pelos amigos e companheiros de milit\u00e2ncia de Amarildo est\u00e3o em sintonia com a fala do deputado em seu&nbsp;<a href=\"https:\/\/www.youtube.com\/watch?v=DoE_hYQ7F1Q\" target=\"_blank\" rel=\"noreferrer noopener\">\u00faltimo discurso na ALEMS<\/a>, na sess\u00e3o de ter\u00e7a-feira (14). Ele usou a palavra para defender a democracia, a liberdade, o combate \u00e0 desigualdade e promo\u00e7\u00e3o da dignidade a todos sem diferen\u00e7as. &#8220;Senhor presidente,&nbsp;eu entendo que \u00e9 meu papel como parlamentar eleito entre outras coisas \u00e9 trazer para o Parlamento as minhas convic\u00e7\u00f5es, minha vis\u00e3o de mundo, as coisas que eu verdadeiramente acredito e, entre essas coisas, est\u00e1 a democracia, o estado democr\u00e1tico de direito, a exalta\u00e7\u00e3o \u00e0&nbsp;liberdade, o combate a desigualdade, a cria\u00e7\u00e3o de condi\u00e7\u00f5es m\u00ednimas de dignidade para o ser humano indistintamente&#8221;, discursou pela \u00faltima vez Amarildo.<\/p>\n\n\n\n<p>Amarildo Cruz faleceu no in\u00edcio da tarde desta sexta-feira ap\u00f3s n\u00e3o resistir a tr\u00eas paradas card\u00edacas. Ele estava internado desde ter\u00e7a-feira (14) no hospital Proncor, em Campo Grande. O deputado deixa tr\u00eas filhos e a esposa. O vel\u00f3rio ser\u00e1 realizado no\u00a0sagu\u00e3o Nelly Martins, na Casa de Leis, da noite desta sexta-feira \u00e0s 6h de s\u00e1bado. Depois, o corpo segue para Presidente Epit\u00e1cio (SP), onde tamb\u00e9m ser\u00e1 velado e sepultado. Comiss\u00e3o, formada pelos deputados Junior Mochi (MDB), Pedro Kemp e Pedrossian Neto (PSD), acompanhar\u00e1\u00a0o cortejo at\u00e9 a\u00a0cidade natal de Amarildo.\u00a0<\/p>\n\n\n\n<p>Assessoria ALEMS<\/p>\n\n\n\n<p><strong>Foto:<\/strong>\u00a0Luciana Nassar<\/p>\n\n\n\n<figure class=\"wp-block-image size-full\"><a href=\"https:\/\/www.sicredi.com.br\/coop\/pantanalms\/\"><img fetchpriority=\"high\" decoding=\"async\" width=\"900\" height=\"100\" src=\"https:\/\/msconectado.com.br\/wp-content\/uploads\/2023\/03\/MS_Concetado-1.png\" alt=\"\" class=\"wp-image-18681\" srcset=\"https:\/\/msconectado.com.br\/wp-content\/uploads\/2023\/03\/MS_Concetado-1.png 900w, https:\/\/msconectado.com.br\/wp-content\/uploads\/2023\/03\/MS_Concetado-1-300x33.png 300w, https:\/\/msconectado.com.br\/wp-content\/uploads\/2023\/03\/MS_Concetado-1-768x85.png 768w\" sizes=\"(max-width: 900px) 100vw, 900px\" \/><\/a><\/figure>\n","protected":false},"excerpt":{"rendered":"<p>Sens\u00edvel \u00e0s causas sociais, respeitoso, humano, combativo e muito estudioso. Essas s\u00e3o algumas qualidades de Amarildo Cruz, conforme destacaram amigos e pessoas pr\u00f3ximas do parlamentar, falecido nesta sexta-feira (17), em Campo Grande. Amarildo, que ocupou o posto de deputado estadual por cinco mandatos, teve como importantes bandeiras o enfrentamento ao racismo, defesa do meio ambiente, [&hellip;]<\/p>\n","protected":false},"author":2,"featured_media":18701,"comment_status":"open","ping_status":"closed","sticky":false,"template":"","format":"standard","meta":{"footnotes":""},"categories":[38],"tags":[],"class_list":["post-18700","post","type-post","status-publish","format-standard","has-post-thumbnail","hentry","category-assembleia-legislativa"],"yoast_head":"<!-- This site is optimized with the Yoast SEO plugin v27.5 - https:\/\/yoast.com\/product\/yoast-seo-wordpress\/ -->\n<title>Amigos destacam qualidades de Amarildo Cruz: sens\u00edvel, respeitoso e combativo - MsConectado<\/title>\n<meta name=\"robots\" content=\"index, follow, max-snippet:-1, max-image-preview:large, max-video-preview:-1\" \/>\n<link rel=\"canonical\" href=\"https:\/\/msconectado.com.br\/?p=18700\" \/>\n<meta property=\"og:locale\" content=\"pt_BR\" \/>\n<meta property=\"og:type\" content=\"article\" \/>\n<meta property=\"og:title\" content=\"Amigos destacam qualidades de Amarildo Cruz: sens\u00edvel, respeitoso e combativo - MsConectado\" \/>\n<meta property=\"og:description\" content=\"Sens\u00edvel \u00e0s causas sociais, respeitoso, humano, combativo e muito estudioso. Essas s\u00e3o algumas qualidades de Amarildo Cruz, conforme destacaram amigos e pessoas pr\u00f3ximas do parlamentar, falecido nesta sexta-feira (17), em Campo Grande. Amarildo, que ocupou o posto de deputado estadual por cinco mandatos, teve como importantes bandeiras o enfrentamento ao racismo, defesa do meio ambiente, [&hellip;]\" \/>\n<meta property=\"og:url\" content=\"https:\/\/msconectado.com.br\/?p=18700\" \/>\n<meta property=\"og:site_name\" content=\"MsConectado\" \/>\n<meta property=\"article:published_time\" content=\"2023-03-18T01:28:29+00:00\" \/>\n<meta property=\"article:modified_time\" content=\"2023-03-18T01:28:30+00:00\" \/>\n<meta property=\"og:image\" content=\"https:\/\/msconectado.com.br\/wp-content\/uploads\/2023\/03\/amarildo.jpeg\" \/>\n\t<meta property=\"og:image:width\" content=\"740\" \/>\n\t<meta property=\"og:image:height\" content=\"493\" \/>\n\t<meta property=\"og:image:type\" content=\"image\/jpeg\" \/>\n<meta name=\"author\" content=\"MsConectado\" \/>\n<meta name=\"twitter:card\" content=\"summary_large_image\" \/>\n<meta name=\"twitter:label1\" content=\"Escrito por\" \/>\n\t<meta name=\"twitter:data1\" content=\"MsConectado\" \/>\n\t<meta name=\"twitter:label2\" content=\"Est. tempo de leitura\" \/>\n\t<meta name=\"twitter:data2\" content=\"6 minutos\" \/>\n<script type=\"application\/ld+json\" class=\"yoast-schema-graph\">{\"@context\":\"https:\\\/\\\/schema.org\",\"@graph\":[{\"@type\":\"Article\",\"@id\":\"https:\\\/\\\/msconectado.com.br\\\/?p=18700#article\",\"isPartOf\":{\"@id\":\"https:\\\/\\\/msconectado.com.br\\\/?p=18700\"},\"author\":{\"name\":\"MsConectado\",\"@id\":\"https:\\\/\\\/msconectado.com.br\\\/#\\\/schema\\\/person\\\/e5585545b5687092f1041d350b6e2c16\"},\"headline\":\"Amigos destacam qualidades de Amarildo Cruz: sens\u00edvel, respeitoso e combativo\",\"datePublished\":\"2023-03-18T01:28:29+00:00\",\"dateModified\":\"2023-03-18T01:28:30+00:00\",\"mainEntityOfPage\":{\"@id\":\"https:\\\/\\\/msconectado.com.br\\\/?p=18700\"},\"wordCount\":996,\"commentCount\":0,\"publisher\":{\"@id\":\"https:\\\/\\\/msconectado.com.br\\\/#organization\"},\"image\":{\"@id\":\"https:\\\/\\\/msconectado.com.br\\\/?p=18700#primaryimage\"},\"thumbnailUrl\":\"https:\\\/\\\/msconectado.com.br\\\/wp-content\\\/uploads\\\/2023\\\/03\\\/amarildo.jpeg\",\"articleSection\":[\"Assembleia Legislativa\"],\"inLanguage\":\"pt-BR\",\"potentialAction\":[{\"@type\":\"CommentAction\",\"name\":\"Comment\",\"target\":[\"https:\\\/\\\/msconectado.com.br\\\/?p=18700#respond\"]}]},{\"@type\":\"WebPage\",\"@id\":\"https:\\\/\\\/msconectado.com.br\\\/?p=18700\",\"url\":\"https:\\\/\\\/msconectado.com.br\\\/?p=18700\",\"name\":\"Amigos destacam qualidades de Amarildo Cruz: sens\u00edvel, respeitoso e combativo - MsConectado\",\"isPartOf\":{\"@id\":\"https:\\\/\\\/msconectado.com.br\\\/#website\"},\"primaryImageOfPage\":{\"@id\":\"https:\\\/\\\/msconectado.com.br\\\/?p=18700#primaryimage\"},\"image\":{\"@id\":\"https:\\\/\\\/msconectado.com.br\\\/?p=18700#primaryimage\"},\"thumbnailUrl\":\"https:\\\/\\\/msconectado.com.br\\\/wp-content\\\/uploads\\\/2023\\\/03\\\/amarildo.jpeg\",\"datePublished\":\"2023-03-18T01:28:29+00:00\",\"dateModified\":\"2023-03-18T01:28:30+00:00\",\"breadcrumb\":{\"@id\":\"https:\\\/\\\/msconectado.com.br\\\/?p=18700#breadcrumb\"},\"inLanguage\":\"pt-BR\",\"potentialAction\":[{\"@type\":\"ReadAction\",\"target\":[\"https:\\\/\\\/msconectado.com.br\\\/?p=18700\"]}]},{\"@type\":\"ImageObject\",\"inLanguage\":\"pt-BR\",\"@id\":\"https:\\\/\\\/msconectado.com.br\\\/?p=18700#primaryimage\",\"url\":\"https:\\\/\\\/msconectado.com.br\\\/wp-content\\\/uploads\\\/2023\\\/03\\\/amarildo.jpeg\",\"contentUrl\":\"https:\\\/\\\/msconectado.com.br\\\/wp-content\\\/uploads\\\/2023\\\/03\\\/amarildo.jpeg\",\"width\":740,\"height\":493},{\"@type\":\"BreadcrumbList\",\"@id\":\"https:\\\/\\\/msconectado.com.br\\\/?p=18700#breadcrumb\",\"itemListElement\":[{\"@type\":\"ListItem\",\"position\":1,\"name\":\"In\u00edcio\",\"item\":\"https:\\\/\\\/msconectado.com.br\\\/\"},{\"@type\":\"ListItem\",\"position\":2,\"name\":\"Amigos destacam qualidades de Amarildo Cruz: sens\u00edvel, respeitoso e combativo\"}]},{\"@type\":\"WebSite\",\"@id\":\"https:\\\/\\\/msconectado.com.br\\\/#website\",\"url\":\"https:\\\/\\\/msconectado.com.br\\\/\",\"name\":\"MsConectado\",\"description\":\"Voc\u00ea Conectado com a Not\u00edcia!\",\"publisher\":{\"@id\":\"https:\\\/\\\/msconectado.com.br\\\/#organization\"},\"potentialAction\":[{\"@type\":\"SearchAction\",\"target\":{\"@type\":\"EntryPoint\",\"urlTemplate\":\"https:\\\/\\\/msconectado.com.br\\\/?s={search_term_string}\"},\"query-input\":{\"@type\":\"PropertyValueSpecification\",\"valueRequired\":true,\"valueName\":\"search_term_string\"}}],\"inLanguage\":\"pt-BR\"},{\"@type\":\"Organization\",\"@id\":\"https:\\\/\\\/msconectado.com.br\\\/#organization\",\"name\":\"MsConectado\",\"url\":\"https:\\\/\\\/msconectado.com.br\\\/\",\"logo\":{\"@type\":\"ImageObject\",\"inLanguage\":\"pt-BR\",\"@id\":\"https:\\\/\\\/msconectado.com.br\\\/#\\\/schema\\\/logo\\\/image\\\/\",\"url\":\"https:\\\/\\\/msconectado.com.br\\\/wp-content\\\/uploads\\\/2023\\\/01\\\/cropped-noticia-2.png\",\"contentUrl\":\"https:\\\/\\\/msconectado.com.br\\\/wp-content\\\/uploads\\\/2023\\\/01\\\/cropped-noticia-2.png\",\"width\":720,\"height\":157,\"caption\":\"MsConectado\"},\"image\":{\"@id\":\"https:\\\/\\\/msconectado.com.br\\\/#\\\/schema\\\/logo\\\/image\\\/\"}},{\"@type\":\"Person\",\"@id\":\"https:\\\/\\\/msconectado.com.br\\\/#\\\/schema\\\/person\\\/e5585545b5687092f1041d350b6e2c16\",\"name\":\"MsConectado\",\"image\":{\"@type\":\"ImageObject\",\"inLanguage\":\"pt-BR\",\"@id\":\"https:\\\/\\\/secure.gravatar.com\\\/avatar\\\/3b4f84a0a8a4380ac4431fa79981d073692380c5da00ae97596e794ab0db5c8c?s=96&d=mm&r=g\",\"url\":\"https:\\\/\\\/secure.gravatar.com\\\/avatar\\\/3b4f84a0a8a4380ac4431fa79981d073692380c5da00ae97596e794ab0db5c8c?s=96&d=mm&r=g\",\"contentUrl\":\"https:\\\/\\\/secure.gravatar.com\\\/avatar\\\/3b4f84a0a8a4380ac4431fa79981d073692380c5da00ae97596e794ab0db5c8c?s=96&d=mm&r=g\",\"caption\":\"MsConectado\"},\"url\":\"https:\\\/\\\/msconectado.com.br\\\/?author=2\"}]}<\/script>\n<!-- \/ Yoast SEO plugin. -->","yoast_head_json":{"title":"Amigos destacam qualidades de Amarildo Cruz: sens\u00edvel, respeitoso e combativo - MsConectado","robots":{"index":"index","follow":"follow","max-snippet":"max-snippet:-1","max-image-preview":"max-image-preview:large","max-video-preview":"max-video-preview:-1"},"canonical":"https:\/\/msconectado.com.br\/?p=18700","og_locale":"pt_BR","og_type":"article","og_title":"Amigos destacam qualidades de Amarildo Cruz: sens\u00edvel, respeitoso e combativo - MsConectado","og_description":"Sens\u00edvel \u00e0s causas sociais, respeitoso, humano, combativo e muito estudioso. Essas s\u00e3o algumas qualidades de Amarildo Cruz, conforme destacaram amigos e pessoas pr\u00f3ximas do parlamentar, falecido nesta sexta-feira (17), em Campo Grande. Amarildo, que ocupou o posto de deputado estadual por cinco mandatos, teve como importantes bandeiras o enfrentamento ao racismo, defesa do meio ambiente, [&hellip;]","og_url":"https:\/\/msconectado.com.br\/?p=18700","og_site_name":"MsConectado","article_published_time":"2023-03-18T01:28:29+00:00","article_modified_time":"2023-03-18T01:28:30+00:00","og_image":[{"width":740,"height":493,"url":"https:\/\/msconectado.com.br\/wp-content\/uploads\/2023\/03\/amarildo.jpeg","type":"image\/jpeg"}],"author":"MsConectado","twitter_card":"summary_large_image","twitter_misc":{"Escrito por":"MsConectado","Est. tempo de leitura":"6 minutos"},"schema":{"@context":"https:\/\/schema.org","@graph":[{"@type":"Article","@id":"https:\/\/msconectado.com.br\/?p=18700#article","isPartOf":{"@id":"https:\/\/msconectado.com.br\/?p=18700"},"author":{"name":"MsConectado","@id":"https:\/\/msconectado.com.br\/#\/schema\/person\/e5585545b5687092f1041d350b6e2c16"},"headline":"Amigos destacam qualidades de Amarildo Cruz: sens\u00edvel, respeitoso e combativo","datePublished":"2023-03-18T01:28:29+00:00","dateModified":"2023-03-18T01:28:30+00:00","mainEntityOfPage":{"@id":"https:\/\/msconectado.com.br\/?p=18700"},"wordCount":996,"commentCount":0,"publisher":{"@id":"https:\/\/msconectado.com.br\/#organization"},"image":{"@id":"https:\/\/msconectado.com.br\/?p=18700#primaryimage"},"thumbnailUrl":"https:\/\/msconectado.com.br\/wp-content\/uploads\/2023\/03\/amarildo.jpeg","articleSection":["Assembleia Legislativa"],"inLanguage":"pt-BR","potentialAction":[{"@type":"CommentAction","name":"Comment","target":["https:\/\/msconectado.com.br\/?p=18700#respond"]}]},{"@type":"WebPage","@id":"https:\/\/msconectado.com.br\/?p=18700","url":"https:\/\/msconectado.com.br\/?p=18700","name":"Amigos destacam qualidades de Amarildo Cruz: sens\u00edvel, respeitoso e combativo - MsConectado","isPartOf":{"@id":"https:\/\/msconectado.com.br\/#website"},"primaryImageOfPage":{"@id":"https:\/\/msconectado.com.br\/?p=18700#primaryimage"},"image":{"@id":"https:\/\/msconectado.com.br\/?p=18700#primaryimage"},"thumbnailUrl":"https:\/\/msconectado.com.br\/wp-content\/uploads\/2023\/03\/amarildo.jpeg","datePublished":"2023-03-18T01:28:29+00:00","dateModified":"2023-03-18T01:28:30+00:00","breadcrumb":{"@id":"https:\/\/msconectado.com.br\/?p=18700#breadcrumb"},"inLanguage":"pt-BR","potentialAction":[{"@type":"ReadAction","target":["https:\/\/msconectado.com.br\/?p=18700"]}]},{"@type":"ImageObject","inLanguage":"pt-BR","@id":"https:\/\/msconectado.com.br\/?p=18700#primaryimage","url":"https:\/\/msconectado.com.br\/wp-content\/uploads\/2023\/03\/amarildo.jpeg","contentUrl":"https:\/\/msconectado.com.br\/wp-content\/uploads\/2023\/03\/amarildo.jpeg","width":740,"height":493},{"@type":"BreadcrumbList","@id":"https:\/\/msconectado.com.br\/?p=18700#breadcrumb","itemListElement":[{"@type":"ListItem","position":1,"name":"In\u00edcio","item":"https:\/\/msconectado.com.br\/"},{"@type":"ListItem","position":2,"name":"Amigos destacam qualidades de Amarildo Cruz: sens\u00edvel, respeitoso e combativo"}]},{"@type":"WebSite","@id":"https:\/\/msconectado.com.br\/#website","url":"https:\/\/msconectado.com.br\/","name":"MsConectado","description":"Voc\u00ea Conectado com a Not\u00edcia!","publisher":{"@id":"https:\/\/msconectado.com.br\/#organization"},"potentialAction":[{"@type":"SearchAction","target":{"@type":"EntryPoint","urlTemplate":"https:\/\/msconectado.com.br\/?s={search_term_string}"},"query-input":{"@type":"PropertyValueSpecification","valueRequired":true,"valueName":"search_term_string"}}],"inLanguage":"pt-BR"},{"@type":"Organization","@id":"https:\/\/msconectado.com.br\/#organization","name":"MsConectado","url":"https:\/\/msconectado.com.br\/","logo":{"@type":"ImageObject","inLanguage":"pt-BR","@id":"https:\/\/msconectado.com.br\/#\/schema\/logo\/image\/","url":"https:\/\/msconectado.com.br\/wp-content\/uploads\/2023\/01\/cropped-noticia-2.png","contentUrl":"https:\/\/msconectado.com.br\/wp-content\/uploads\/2023\/01\/cropped-noticia-2.png","width":720,"height":157,"caption":"MsConectado"},"image":{"@id":"https:\/\/msconectado.com.br\/#\/schema\/logo\/image\/"}},{"@type":"Person","@id":"https:\/\/msconectado.com.br\/#\/schema\/person\/e5585545b5687092f1041d350b6e2c16","name":"MsConectado","image":{"@type":"ImageObject","inLanguage":"pt-BR","@id":"https:\/\/secure.gravatar.com\/avatar\/3b4f84a0a8a4380ac4431fa79981d073692380c5da00ae97596e794ab0db5c8c?s=96&d=mm&r=g","url":"https:\/\/secure.gravatar.com\/avatar\/3b4f84a0a8a4380ac4431fa79981d073692380c5da00ae97596e794ab0db5c8c?s=96&d=mm&r=g","contentUrl":"https:\/\/secure.gravatar.com\/avatar\/3b4f84a0a8a4380ac4431fa79981d073692380c5da00ae97596e794ab0db5c8c?s=96&d=mm&r=g","caption":"MsConectado"},"url":"https:\/\/msconectado.com.br\/?author=2"}]}},"_links":{"self":[{"href":"https:\/\/msconectado.com.br\/index.php?rest_route=\/wp\/v2\/posts\/18700","targetHints":{"allow":["GET"]}}],"collection":[{"href":"https:\/\/msconectado.com.br\/index.php?rest_route=\/wp\/v2\/posts"}],"about":[{"href":"https:\/\/msconectado.com.br\/index.php?rest_route=\/wp\/v2\/types\/post"}],"author":[{"embeddable":true,"href":"https:\/\/msconectado.com.br\/index.php?rest_route=\/wp\/v2\/users\/2"}],"replies":[{"embeddable":true,"href":"https:\/\/msconectado.com.br\/index.php?rest_route=%2Fwp%2Fv2%2Fcomments&post=18700"}],"version-history":[{"count":1,"href":"https:\/\/msconectado.com.br\/index.php?rest_route=\/wp\/v2\/posts\/18700\/revisions"}],"predecessor-version":[{"id":18702,"href":"https:\/\/msconectado.com.br\/index.php?rest_route=\/wp\/v2\/posts\/18700\/revisions\/18702"}],"wp:featuredmedia":[{"embeddable":true,"href":"https:\/\/msconectado.com.br\/index.php?rest_route=\/wp\/v2\/media\/18701"}],"wp:attachment":[{"href":"https:\/\/msconectado.com.br\/index.php?rest_route=%2Fwp%2Fv2%2Fmedia&parent=18700"}],"wp:term":[{"taxonomy":"category","embeddable":true,"href":"https:\/\/msconectado.com.br\/index.php?rest_route=%2Fwp%2Fv2%2Fcategories&post=18700"},{"taxonomy":"post_tag","embeddable":true,"href":"https:\/\/msconectado.com.br\/index.php?rest_route=%2Fwp%2Fv2%2Ftags&post=18700"}],"curies":[{"name":"wp","href":"https:\/\/api.w.org\/{rel}","templated":true}]}}