{"id":1882,"date":"2026-09-02T13:43:07","date_gmt":"2026-09-02T13:43:07","guid":{"rendered":"https:\/\/msconectado.com.br\/?p=1882"},"modified":"2026-09-02T13:43:10","modified_gmt":"2026-09-02T13:43:10","slug":"acoes-de-encerramento-do-agosto-lilas-reforcam-o-protagonismo-de-maracaju-na-protecao-e-defesa-das-mulheres","status":"publish","type":"post","link":"https:\/\/msconectado.com.br\/?p=1882","title":{"rendered":"A\u00e7\u00f5es de encerramento do Agosto Lil\u00e1s refor\u00e7am o protagonismo de Maracaju na prote\u00e7\u00e3o e defesa das mulheres."},"content":{"rendered":"\n<p class=\"wp-block-paragraph\"><strong>Capacita\u00e7\u00f5es, semin\u00e1rios e participa\u00e7\u00e3o em encontro nacional do Judici\u00e1rio evidenciam trabalho em rede desenvolvido pelo munic\u00edpio e reconhecido como refer\u00eancia por outras cidades.<\/strong><\/p>\n\n\n\n<p class=\"wp-block-paragraph\">O m\u00eas de agosto, marcado pela campanha Agosto Lil\u00e1s, foi encerrado em Maracaju com uma agenda de capacita\u00e7\u00f5es, semin\u00e1rios e participa\u00e7\u00e3o em importantes espa\u00e7os de discuss\u00e3o sobre pol\u00edticas p\u00fablicas para as mulheres. As a\u00e7\u00f5es refor\u00e7aram o compromisso do munic\u00edpio com a preven\u00e7\u00e3o e o enfrentamento \u00e0 viol\u00eancia contra a mulher e evidenciaram o trabalho desenvolvido pela Coordenadoria de Pol\u00edticas P\u00fablicas para Mulheres, que tem se consolidado como refer\u00eancia para outros munic\u00edpios.<\/p>\n\n\n\n<p class=\"wp-block-paragraph\">Durante o m\u00eas, profissionais da rede de atendimento de Maracaju participaram de atividades em outros munic\u00edpios para compartilhar experi\u00eancias, estrat\u00e9gias e resultados obtidos a partir da atua\u00e7\u00e3o integrada entre os diferentes setores envolvidos na prote\u00e7\u00e3o e defesa das mulheres.<\/p>\n\n\n\n<p class=\"wp-block-paragraph\">No dia 21 de agosto, a equipe de Maracaju esteve em Deod\u00e1polis, participando de uma capacita\u00e7\u00e3o voltada \u00e0s pol\u00edticas p\u00fablicas para mulheres e apresentando a experi\u00eancia do munic\u00edpio com o trabalho em rede.<\/p>\n\n\n\n<p class=\"wp-block-paragraph\">Representaram Maracaju na atividade Jamaika do Carmo, coordenadora de Pol\u00edticas P\u00fablicas para Mulheres; Kenia, psic\u00f3loga; Jaqueline Gomes, assistente social; e Alexandra Ibarra, facilitadora de oficina.<\/p>\n\n\n\n<p class=\"wp-block-paragraph\">A equipe tamb\u00e9m participou de atividades realizadas em Porto Murtinho, onde Jamaika do Carmo e Jaqueline Gomes compartilharam conhecimentos e experi\u00eancias relacionadas \u00e0 estrutura\u00e7\u00e3o e ao fortalecimento da rede de prote\u00e7\u00e3o.<\/p>\n\n\n\n<p class=\"wp-block-paragraph\">A troca de experi\u00eancias demonstra que o trabalho desenvolvido em Maracaju ultrapassa os limites do munic\u00edpio e passa a contribuir para o aprimoramento das pol\u00edticas p\u00fablicas em outras cidades de Mato Grosso do Sul.<\/p>\n\n\n\n<p class=\"wp-block-paragraph\"><strong>Maracaju como refer\u00eancia no trabalho em rede<\/strong><\/p>\n\n\n\n<p class=\"wp-block-paragraph\">A atua\u00e7\u00e3o da Coordenadoria de Pol\u00edticas P\u00fablicas para Mulheres \u00e9 baseada na integra\u00e7\u00e3o entre diferentes \u00f3rg\u00e3os e servi\u00e7os, buscando oferecer \u00e0s mulheres n\u00e3o apenas atendimento diante de situa\u00e7\u00f5es de viol\u00eancia, mas tamb\u00e9m caminhos para reconstru\u00e7\u00e3o da autonomia, fortalecimento emocional e independ\u00eancia financeira.<\/p>\n\n\n\n<p class=\"wp-block-paragraph\">Entre as parcerias e iniciativas mantidas ao longo de todo o ano est\u00e1 o PROMUSE \u2013 Programa Mulher Segura, desenvolvido em parceria com a Pol\u00edcia Militar, fortalecendo o acompanhamento e a prote\u00e7\u00e3o das mulheres em situa\u00e7\u00e3o de viol\u00eancia.<\/p>\n\n\n\n<p class=\"wp-block-paragraph\">Tamb\u00e9m integram essa rede a Sala Lil\u00e1s da Pol\u00edcia Civil, espa\u00e7o preparado para proporcionar atendimento mais humanizado \u00e0s v\u00edtimas, e a Sala Lil\u00e1s do Hospital Soriano Corr\u00eaa da Silva, ampliando a capacidade de acolhimento e prote\u00e7\u00e3o dentro da rede de sa\u00fade.<\/p>\n\n\n\n<p class=\"wp-block-paragraph\">Outro eixo importante s\u00e3o os cursos de qualifica\u00e7\u00e3o profissional, desenvolvidos com o objetivo de ampliar oportunidades e contribuir para que as mulheres possam conquistar maior autonomia e independ\u00eancia financeira, fator fundamental para romper ciclos de viol\u00eancia e vulnerabilidade.<\/p>\n\n\n\n<p class=\"wp-block-paragraph\">A rede tamb\u00e9m conta com suporte psicol\u00f3gico e atendimento de assistente social, garantindo que cada mulher possa receber acompanhamento de acordo com suas necessidades e com encaminhamentos articulados entre os servi\u00e7os.<\/p>\n\n\n\n<p class=\"wp-block-paragraph\"><strong>Participa\u00e7\u00e3o em encontro nacional do Judici\u00e1rio<\/strong><\/p>\n\n\n\n<p class=\"wp-block-paragraph\">Encerrando a programa\u00e7\u00e3o de agosto, a Coordenadoria tamb\u00e9m marcou presen\u00e7a em Campo Grande, nos dias 28 e 29 de agosto, em um dos grandes encontros do Judici\u00e1rio brasileiro dedicados \u00e0 tem\u00e1tica da viol\u00eancia contra a mulher e aos 20 anos da Lei Maria da Penha.<\/p>\n\n\n\n<p class=\"wp-block-paragraph\">A participa\u00e7\u00e3o possibilitou acompanhar debates, experi\u00eancias e discuss\u00f5es sobre os avan\u00e7os e os desafios enfrentados pelo Brasil no fortalecimento das pol\u00edticas de prote\u00e7\u00e3o \u00e0s mulheres, al\u00e9m de promover a aproxima\u00e7\u00e3o com profissionais e institui\u00e7\u00f5es que atuam diretamente na \u00e1rea.<\/p>\n\n\n\n<p class=\"wp-block-paragraph\">Para a coordenadora de Pol\u00edticas P\u00fablicas para Mulheres, Jamaika do Carmo, a participa\u00e7\u00e3o de Maracaju em eventos e capacita\u00e7\u00f5es dentro e fora do munic\u00edpio demonstra a import\u00e2ncia de manter uma rede permanentemente preparada e integrada.<\/p>\n\n\n\n<p class=\"wp-block-paragraph\">\u201c<em>Encerramos o Agosto Lil\u00e1s com a certeza de que o trabalho de prote\u00e7\u00e3o e defesa das mulheres precisa acontecer durante todo o ano. Maracaju tem constru\u00eddo uma rede forte, integrada e humanizada, e poder compartilhar essa experi\u00eancia com outros munic\u00edpios mostra que estamos no caminho certo. Ao mesmo tempo, cada capacita\u00e7\u00e3o e cada encontro nos permite aprender, aprimorar nossos servi\u00e7os e fortalecer ainda mais essa rede<\/em>.\u201d<\/p>\n\n\n\n<p class=\"wp-block-paragraph\">Jamaika destaca ainda que o enfrentamento \u00e0 viol\u00eancia contra a mulher n\u00e3o se resume \u00e0s a\u00e7\u00f5es realizadas durante o m\u00eas de agosto.<\/p>\n\n\n\n<p class=\"wp-block-paragraph\">\u201c<em>O Agosto Lil\u00e1s \u00e9 um per\u00edodo importante para dar visibilidade \u00e0 causa, mas a nossa atua\u00e7\u00e3o \u00e9 permanente. Temos parcerias fundamentais com a Pol\u00edcia Militar, Pol\u00edcia Civil, Hospital Soriano Corr\u00eaa da Silva e outros setores da rede, al\u00e9m do atendimento psicol\u00f3gico, social e das a\u00e7\u00f5es de qualifica\u00e7\u00e3o profissional. Nosso objetivo \u00e9 que a mulher saiba que n\u00e3o est\u00e1 sozinha e que existe uma rede preparada para acolher, orientar, proteger e ajud\u00e1-la a reconstruir sua vida<\/em>.\u201d<\/p>\n\n\n\n<p class=\"wp-block-paragraph\"><strong>Uma rede que funciona durante todo o ano<\/strong><\/p>\n\n\n\n<p class=\"wp-block-paragraph\">O encerramento do Agosto Lil\u00e1s refor\u00e7a uma pol\u00edtica que vem sendo constru\u00edda de forma cont\u00ednua em Maracaju: integrar servi\u00e7os, qualificar profissionais e ampliar os mecanismos de prote\u00e7\u00e3o \u00e0s mulheres.<\/p>\n\n\n\n<p class=\"wp-block-paragraph\">A experi\u00eancia compartilhada em Deod\u00e1polis e Porto Murtinho, somada \u00e0 participa\u00e7\u00e3o no encontro realizado em Campo Grande, demonstra o reconhecimento do trabalho desenvolvido no munic\u00edpio e fortalece Maracaju como refer\u00eancia regional na constru\u00e7\u00e3o de pol\u00edticas p\u00fablicas para mulheres e na atua\u00e7\u00e3o integrada da rede de prote\u00e7\u00e3o.<\/p>\n\n\n\n<p class=\"wp-block-paragraph\">Mais do que promover a\u00e7\u00f5es durante o Agosto Lil\u00e1s, Maracaju mant\u00e9m uma estrutura de atendimento e preven\u00e7\u00e3o ao longo de todo o ano, buscando garantir que mulheres em situa\u00e7\u00e3o de viol\u00eancia ou vulnerabilidade tenham acesso \u00e0 informa\u00e7\u00e3o, acolhimento, prote\u00e7\u00e3o, acompanhamento e oportunidades para conquistar autonomia.<\/p>\n\n\n\n<p class=\"wp-block-paragraph\">Assessoria<\/p>\n\n\n\n<p class=\"wp-block-paragraph\"><\/p>\n","protected":false},"excerpt":{"rendered":"<p>Capacita\u00e7\u00f5es, semin\u00e1rios e participa\u00e7\u00e3o em encontro nacional do Judici\u00e1rio evidenciam trabalho em rede desenvolvido pelo munic\u00edpio e reconhecido como refer\u00eancia por outras cidades. O m\u00eas de agosto, marcado pela campanha Agosto Lil\u00e1s, foi encerrado em Maracaju com uma agenda de capacita\u00e7\u00f5es, semin\u00e1rios e participa\u00e7\u00e3o em importantes espa\u00e7os de discuss\u00e3o sobre pol\u00edticas p\u00fablicas para as mulheres&#8230;.<\/p>\n","protected":false},"author":2,"featured_media":1883,"comment_status":"open","ping_status":"open","sticky":false,"template":"","format":"standard","meta":{"footnotes":""},"categories":[20,19],"tags":[],"class_list":["post-1882","post","type-post","status-publish","format-standard","has-post-thumbnail","hentry","category-cidades","category-noticias"],"yoast_head":"<!-- This site is optimized with the Yoast SEO plugin v27.5 - https:\/\/yoast.com\/product\/yoast-seo-wordpress\/ -->\n<title>A\u00e7\u00f5es de encerramento do Agosto Lil\u00e1s refor\u00e7am o protagonismo de Maracaju na prote\u00e7\u00e3o e defesa das mulheres. - MsConectado<\/title>\n<meta name=\"robots\" content=\"index, follow, max-snippet:-1, max-image-preview:large, max-video-preview:-1\" \/>\n<link rel=\"canonical\" href=\"https:\/\/msconectado.com.br\/?p=1882\" \/>\n<meta property=\"og:locale\" content=\"pt_BR\" \/>\n<meta property=\"og:type\" content=\"article\" \/>\n<meta property=\"og:title\" content=\"A\u00e7\u00f5es de encerramento do Agosto Lil\u00e1s refor\u00e7am o protagonismo de Maracaju na prote\u00e7\u00e3o e defesa das mulheres. - MsConectado\" \/>\n<meta property=\"og:description\" content=\"Capacita\u00e7\u00f5es, semin\u00e1rios e participa\u00e7\u00e3o em encontro nacional do Judici\u00e1rio evidenciam trabalho em rede desenvolvido pelo munic\u00edpio e reconhecido como refer\u00eancia por outras cidades. O m\u00eas de agosto, marcado pela campanha Agosto Lil\u00e1s, foi encerrado em Maracaju com uma agenda de capacita\u00e7\u00f5es, semin\u00e1rios e participa\u00e7\u00e3o em importantes espa\u00e7os de discuss\u00e3o sobre pol\u00edticas p\u00fablicas para as mulheres....\" \/>\n<meta property=\"og:url\" content=\"https:\/\/msconectado.com.br\/?p=1882\" \/>\n<meta property=\"og:site_name\" content=\"MsConectado\" \/>\n<meta property=\"article:published_time\" content=\"2026-09-02T13:43:07+00:00\" \/>\n<meta property=\"article:modified_time\" content=\"2026-09-02T13:43:10+00:00\" \/>\n<meta property=\"og:image\" content=\"https:\/\/msconectado.com.br\/wp-content\/uploads\/2026\/09\/e3ca66a8-c86c-449b-888d-f61928047a3e.jpg\" \/>\n\t<meta property=\"og:image:width\" content=\"1280\" \/>\n\t<meta property=\"og:image:height\" content=\"960\" \/>\n\t<meta property=\"og:image:type\" content=\"image\/jpeg\" \/>\n<meta name=\"author\" content=\"msconectado\" \/>\n<meta name=\"twitter:card\" content=\"summary_large_image\" \/>\n<meta name=\"twitter:label1\" content=\"Escrito por\" \/>\n\t<meta name=\"twitter:data1\" content=\"msconectado\" \/>\n\t<meta name=\"twitter:label2\" content=\"Est. tempo de leitura\" \/>\n\t<meta name=\"twitter:data2\" content=\"6 minutos\" \/>\n<script type=\"application\/ld+json\" class=\"yoast-schema-graph\">{\"@context\":\"https:\\\/\\\/schema.org\",\"@graph\":[{\"@type\":\"Article\",\"@id\":\"https:\\\/\\\/msconectado.com.br\\\/?p=1882#article\",\"isPartOf\":{\"@id\":\"https:\\\/\\\/msconectado.com.br\\\/?p=1882\"},\"author\":{\"name\":\"msconectado\",\"@id\":\"https:\\\/\\\/msconectado.com.br\\\/#\\\/schema\\\/person\\\/cf1ea37893f9a64034748ca4eb4a01ee\"},\"headline\":\"A\u00e7\u00f5es de encerramento do Agosto Lil\u00e1s refor\u00e7am o protagonismo de Maracaju na prote\u00e7\u00e3o e defesa das mulheres.\",\"datePublished\":\"2026-09-02T13:43:07+00:00\",\"dateModified\":\"2026-09-02T13:43:10+00:00\",\"mainEntityOfPage\":{\"@id\":\"https:\\\/\\\/msconectado.com.br\\\/?p=1882\"},\"wordCount\":1026,\"commentCount\":0,\"publisher\":{\"@id\":\"https:\\\/\\\/msconectado.com.br\\\/#organization\"},\"image\":{\"@id\":\"https:\\\/\\\/msconectado.com.br\\\/?p=1882#primaryimage\"},\"thumbnailUrl\":\"https:\\\/\\\/msconectado.com.br\\\/wp-content\\\/uploads\\\/2026\\\/09\\\/e3ca66a8-c86c-449b-888d-f61928047a3e.jpg\",\"articleSection\":[\"CIDADES\",\"NOT\u00cdCIAS\"],\"inLanguage\":\"pt-BR\",\"potentialAction\":[{\"@type\":\"CommentAction\",\"name\":\"Comment\",\"target\":[\"https:\\\/\\\/msconectado.com.br\\\/?p=1882#respond\"]}]},{\"@type\":\"WebPage\",\"@id\":\"https:\\\/\\\/msconectado.com.br\\\/?p=1882\",\"url\":\"https:\\\/\\\/msconectado.com.br\\\/?p=1882\",\"name\":\"A\u00e7\u00f5es de encerramento do Agosto Lil\u00e1s refor\u00e7am o protagonismo de Maracaju na prote\u00e7\u00e3o e defesa das mulheres. - MsConectado\",\"isPartOf\":{\"@id\":\"https:\\\/\\\/msconectado.com.br\\\/#website\"},\"primaryImageOfPage\":{\"@id\":\"https:\\\/\\\/msconectado.com.br\\\/?p=1882#primaryimage\"},\"image\":{\"@id\":\"https:\\\/\\\/msconectado.com.br\\\/?p=1882#primaryimage\"},\"thumbnailUrl\":\"https:\\\/\\\/msconectado.com.br\\\/wp-content\\\/uploads\\\/2026\\\/09\\\/e3ca66a8-c86c-449b-888d-f61928047a3e.jpg\",\"datePublished\":\"2026-09-02T13:43:07+00:00\",\"dateModified\":\"2026-09-02T13:43:10+00:00\",\"breadcrumb\":{\"@id\":\"https:\\\/\\\/msconectado.com.br\\\/?p=1882#breadcrumb\"},\"inLanguage\":\"pt-BR\",\"potentialAction\":[{\"@type\":\"ReadAction\",\"target\":[\"https:\\\/\\\/msconectado.com.br\\\/?p=1882\"]}]},{\"@type\":\"ImageObject\",\"inLanguage\":\"pt-BR\",\"@id\":\"https:\\\/\\\/msconectado.com.br\\\/?p=1882#primaryimage\",\"url\":\"https:\\\/\\\/msconectado.com.br\\\/wp-content\\\/uploads\\\/2026\\\/09\\\/e3ca66a8-c86c-449b-888d-f61928047a3e.jpg\",\"contentUrl\":\"https:\\\/\\\/msconectado.com.br\\\/wp-content\\\/uploads\\\/2026\\\/09\\\/e3ca66a8-c86c-449b-888d-f61928047a3e.jpg\",\"width\":1280,\"height\":960},{\"@type\":\"BreadcrumbList\",\"@id\":\"https:\\\/\\\/msconectado.com.br\\\/?p=1882#breadcrumb\",\"itemListElement\":[{\"@type\":\"ListItem\",\"position\":1,\"name\":\"In\u00edcio\",\"item\":\"https:\\\/\\\/msconectado.com.br\\\/\"},{\"@type\":\"ListItem\",\"position\":2,\"name\":\"A\u00e7\u00f5es de encerramento do Agosto Lil\u00e1s refor\u00e7am o protagonismo de Maracaju na prote\u00e7\u00e3o e defesa das mulheres.\"}]},{\"@type\":\"WebSite\",\"@id\":\"https:\\\/\\\/msconectado.com.br\\\/#website\",\"url\":\"https:\\\/\\\/msconectado.com.br\\\/\",\"name\":\"MsConectado\",\"description\":\"\",\"publisher\":{\"@id\":\"https:\\\/\\\/msconectado.com.br\\\/#organization\"},\"alternateName\":\"msconectado\",\"potentialAction\":[{\"@type\":\"SearchAction\",\"target\":{\"@type\":\"EntryPoint\",\"urlTemplate\":\"https:\\\/\\\/msconectado.com.br\\\/?s={search_term_string}\"},\"query-input\":{\"@type\":\"PropertyValueSpecification\",\"valueRequired\":true,\"valueName\":\"search_term_string\"}}],\"inLanguage\":\"pt-BR\"},{\"@type\":\"Organization\",\"@id\":\"https:\\\/\\\/msconectado.com.br\\\/#organization\",\"name\":\"MsConectado\",\"url\":\"https:\\\/\\\/msconectado.com.br\\\/\",\"logo\":{\"@type\":\"ImageObject\",\"inLanguage\":\"pt-BR\",\"@id\":\"https:\\\/\\\/msconectado.com.br\\\/#\\\/schema\\\/logo\\\/image\\\/\",\"url\":\"https:\\\/\\\/msconectado.com.br\\\/wp-content\\\/uploads\\\/2026\\\/05\\\/cropped-cropped-logo.png\",\"contentUrl\":\"https:\\\/\\\/msconectado.com.br\\\/wp-content\\\/uploads\\\/2026\\\/05\\\/cropped-cropped-logo.png\",\"width\":719,\"height\":156,\"caption\":\"MsConectado\"},\"image\":{\"@id\":\"https:\\\/\\\/msconectado.com.br\\\/#\\\/schema\\\/logo\\\/image\\\/\"}},{\"@type\":\"Person\",\"@id\":\"https:\\\/\\\/msconectado.com.br\\\/#\\\/schema\\\/person\\\/cf1ea37893f9a64034748ca4eb4a01ee\",\"name\":\"msconectado\",\"image\":{\"@type\":\"ImageObject\",\"inLanguage\":\"pt-BR\",\"@id\":\"https:\\\/\\\/secure.gravatar.com\\\/avatar\\\/3b4f84a0a8a4380ac4431fa79981d073692380c5da00ae97596e794ab0db5c8c?s=96&d=mm&r=g\",\"url\":\"https:\\\/\\\/secure.gravatar.com\\\/avatar\\\/3b4f84a0a8a4380ac4431fa79981d073692380c5da00ae97596e794ab0db5c8c?s=96&d=mm&r=g\",\"contentUrl\":\"https:\\\/\\\/secure.gravatar.com\\\/avatar\\\/3b4f84a0a8a4380ac4431fa79981d073692380c5da00ae97596e794ab0db5c8c?s=96&d=mm&r=g\",\"caption\":\"msconectado\"},\"sameAs\":[\"https:\\\/\\\/msconectado.com.br\\\/\"],\"url\":\"https:\\\/\\\/msconectado.com.br\\\/?author=2\"}]}<\/script>\n<!-- \/ Yoast SEO plugin. -->","yoast_head_json":{"title":"A\u00e7\u00f5es de encerramento do Agosto Lil\u00e1s refor\u00e7am o protagonismo de Maracaju na prote\u00e7\u00e3o e defesa das mulheres. - MsConectado","robots":{"index":"index","follow":"follow","max-snippet":"max-snippet:-1","max-image-preview":"max-image-preview:large","max-video-preview":"max-video-preview:-1"},"canonical":"https:\/\/msconectado.com.br\/?p=1882","og_locale":"pt_BR","og_type":"article","og_title":"A\u00e7\u00f5es de encerramento do Agosto Lil\u00e1s refor\u00e7am o protagonismo de Maracaju na prote\u00e7\u00e3o e defesa das mulheres. - MsConectado","og_description":"Capacita\u00e7\u00f5es, semin\u00e1rios e participa\u00e7\u00e3o em encontro nacional do Judici\u00e1rio evidenciam trabalho em rede desenvolvido pelo munic\u00edpio e reconhecido como refer\u00eancia por outras cidades. O m\u00eas de agosto, marcado pela campanha Agosto Lil\u00e1s, foi encerrado em Maracaju com uma agenda de capacita\u00e7\u00f5es, semin\u00e1rios e participa\u00e7\u00e3o em importantes espa\u00e7os de discuss\u00e3o sobre pol\u00edticas p\u00fablicas para as mulheres....","og_url":"https:\/\/msconectado.com.br\/?p=1882","og_site_name":"MsConectado","article_published_time":"2026-09-02T13:43:07+00:00","article_modified_time":"2026-09-02T13:43:10+00:00","og_image":[{"width":1280,"height":960,"url":"https:\/\/msconectado.com.br\/wp-content\/uploads\/2026\/09\/e3ca66a8-c86c-449b-888d-f61928047a3e.jpg","type":"image\/jpeg"}],"author":"msconectado","twitter_card":"summary_large_image","twitter_misc":{"Escrito por":"msconectado","Est. tempo de leitura":"6 minutos"},"schema":{"@context":"https:\/\/schema.org","@graph":[{"@type":"Article","@id":"https:\/\/msconectado.com.br\/?p=1882#article","isPartOf":{"@id":"https:\/\/msconectado.com.br\/?p=1882"},"author":{"name":"msconectado","@id":"https:\/\/msconectado.com.br\/#\/schema\/person\/cf1ea37893f9a64034748ca4eb4a01ee"},"headline":"A\u00e7\u00f5es de encerramento do Agosto Lil\u00e1s refor\u00e7am o protagonismo de Maracaju na prote\u00e7\u00e3o e defesa das mulheres.","datePublished":"2026-09-02T13:43:07+00:00","dateModified":"2026-09-02T13:43:10+00:00","mainEntityOfPage":{"@id":"https:\/\/msconectado.com.br\/?p=1882"},"wordCount":1026,"commentCount":0,"publisher":{"@id":"https:\/\/msconectado.com.br\/#organization"},"image":{"@id":"https:\/\/msconectado.com.br\/?p=1882#primaryimage"},"thumbnailUrl":"https:\/\/msconectado.com.br\/wp-content\/uploads\/2026\/09\/e3ca66a8-c86c-449b-888d-f61928047a3e.jpg","articleSection":["CIDADES","NOT\u00cdCIAS"],"inLanguage":"pt-BR","potentialAction":[{"@type":"CommentAction","name":"Comment","target":["https:\/\/msconectado.com.br\/?p=1882#respond"]}]},{"@type":"WebPage","@id":"https:\/\/msconectado.com.br\/?p=1882","url":"https:\/\/msconectado.com.br\/?p=1882","name":"A\u00e7\u00f5es de encerramento do Agosto Lil\u00e1s refor\u00e7am o protagonismo de Maracaju na prote\u00e7\u00e3o e defesa das mulheres. - MsConectado","isPartOf":{"@id":"https:\/\/msconectado.com.br\/#website"},"primaryImageOfPage":{"@id":"https:\/\/msconectado.com.br\/?p=1882#primaryimage"},"image":{"@id":"https:\/\/msconectado.com.br\/?p=1882#primaryimage"},"thumbnailUrl":"https:\/\/msconectado.com.br\/wp-content\/uploads\/2026\/09\/e3ca66a8-c86c-449b-888d-f61928047a3e.jpg","datePublished":"2026-09-02T13:43:07+00:00","dateModified":"2026-09-02T13:43:10+00:00","breadcrumb":{"@id":"https:\/\/msconectado.com.br\/?p=1882#breadcrumb"},"inLanguage":"pt-BR","potentialAction":[{"@type":"ReadAction","target":["https:\/\/msconectado.com.br\/?p=1882"]}]},{"@type":"ImageObject","inLanguage":"pt-BR","@id":"https:\/\/msconectado.com.br\/?p=1882#primaryimage","url":"https:\/\/msconectado.com.br\/wp-content\/uploads\/2026\/09\/e3ca66a8-c86c-449b-888d-f61928047a3e.jpg","contentUrl":"https:\/\/msconectado.com.br\/wp-content\/uploads\/2026\/09\/e3ca66a8-c86c-449b-888d-f61928047a3e.jpg","width":1280,"height":960},{"@type":"BreadcrumbList","@id":"https:\/\/msconectado.com.br\/?p=1882#breadcrumb","itemListElement":[{"@type":"ListItem","position":1,"name":"In\u00edcio","item":"https:\/\/msconectado.com.br\/"},{"@type":"ListItem","position":2,"name":"A\u00e7\u00f5es de encerramento do Agosto Lil\u00e1s refor\u00e7am o protagonismo de Maracaju na prote\u00e7\u00e3o e defesa das mulheres."}]},{"@type":"WebSite","@id":"https:\/\/msconectado.com.br\/#website","url":"https:\/\/msconectado.com.br\/","name":"MsConectado","description":"","publisher":{"@id":"https:\/\/msconectado.com.br\/#organization"},"alternateName":"msconectado","potentialAction":[{"@type":"SearchAction","target":{"@type":"EntryPoint","urlTemplate":"https:\/\/msconectado.com.br\/?s={search_term_string}"},"query-input":{"@type":"PropertyValueSpecification","valueRequired":true,"valueName":"search_term_string"}}],"inLanguage":"pt-BR"},{"@type":"Organization","@id":"https:\/\/msconectado.com.br\/#organization","name":"MsConectado","url":"https:\/\/msconectado.com.br\/","logo":{"@type":"ImageObject","inLanguage":"pt-BR","@id":"https:\/\/msconectado.com.br\/#\/schema\/logo\/image\/","url":"https:\/\/msconectado.com.br\/wp-content\/uploads\/2026\/05\/cropped-cropped-logo.png","contentUrl":"https:\/\/msconectado.com.br\/wp-content\/uploads\/2026\/05\/cropped-cropped-logo.png","width":719,"height":156,"caption":"MsConectado"},"image":{"@id":"https:\/\/msconectado.com.br\/#\/schema\/logo\/image\/"}},{"@type":"Person","@id":"https:\/\/msconectado.com.br\/#\/schema\/person\/cf1ea37893f9a64034748ca4eb4a01ee","name":"msconectado","image":{"@type":"ImageObject","inLanguage":"pt-BR","@id":"https:\/\/secure.gravatar.com\/avatar\/3b4f84a0a8a4380ac4431fa79981d073692380c5da00ae97596e794ab0db5c8c?s=96&d=mm&r=g","url":"https:\/\/secure.gravatar.com\/avatar\/3b4f84a0a8a4380ac4431fa79981d073692380c5da00ae97596e794ab0db5c8c?s=96&d=mm&r=g","contentUrl":"https:\/\/secure.gravatar.com\/avatar\/3b4f84a0a8a4380ac4431fa79981d073692380c5da00ae97596e794ab0db5c8c?s=96&d=mm&r=g","caption":"msconectado"},"sameAs":["https:\/\/msconectado.com.br\/"],"url":"https:\/\/msconectado.com.br\/?author=2"}]}},"_links":{"self":[{"href":"https:\/\/msconectado.com.br\/index.php?rest_route=\/wp\/v2\/posts\/1882","targetHints":{"allow":["GET"]}}],"collection":[{"href":"https:\/\/msconectado.com.br\/index.php?rest_route=\/wp\/v2\/posts"}],"about":[{"href":"https:\/\/msconectado.com.br\/index.php?rest_route=\/wp\/v2\/types\/post"}],"author":[{"embeddable":true,"href":"https:\/\/msconectado.com.br\/index.php?rest_route=\/wp\/v2\/users\/2"}],"replies":[{"embeddable":true,"href":"https:\/\/msconectado.com.br\/index.php?rest_route=%2Fwp%2Fv2%2Fcomments&post=1882"}],"version-history":[{"count":1,"href":"https:\/\/msconectado.com.br\/index.php?rest_route=\/wp\/v2\/posts\/1882\/revisions"}],"predecessor-version":[{"id":1884,"href":"https:\/\/msconectado.com.br\/index.php?rest_route=\/wp\/v2\/posts\/1882\/revisions\/1884"}],"wp:featuredmedia":[{"embeddable":true,"href":"https:\/\/msconectado.com.br\/index.php?rest_route=\/wp\/v2\/media\/1883"}],"wp:attachment":[{"href":"https:\/\/msconectado.com.br\/index.php?rest_route=%2Fwp%2Fv2%2Fmedia&parent=1882"}],"wp:term":[{"taxonomy":"category","embeddable":true,"href":"https:\/\/msconectado.com.br\/index.php?rest_route=%2Fwp%2Fv2%2Fcategories&post=1882"},{"taxonomy":"post_tag","embeddable":true,"href":"https:\/\/msconectado.com.br\/index.php?rest_route=%2Fwp%2Fv2%2Ftags&post=1882"}],"curies":[{"name":"wp","href":"https:\/\/api.w.org\/{rel}","templated":true}]}}