{"id":1890,"date":"2026-09-04T19:29:36","date_gmt":"2026-09-04T19:29:36","guid":{"rendered":"https:\/\/msconectado.com.br\/?p=1890"},"modified":"2026-09-04T19:34:40","modified_gmt":"2026-09-04T19:34:40","slug":"a-3a-quermesse-do-instituto-pequeno-cidadao-acontece-neste-sabado-em-maracaju","status":"publish","type":"post","link":"https:\/\/msconectado.com.br\/?p=1890","title":{"rendered":"A 3\u00aa Quermesse do Instituto Pequeno Cidad\u00e3o acontece neste s\u00e1bado em Maracaju"},"content":{"rendered":"\n<p class=\"wp-block-paragraph\">O Instituto Pequeno Cidad\u00e3o realiza neste s\u00e1bado, 5 de setembro, a partir das 18:30horas, no Centro Esportivo de Maracaju (pr\u00f3ximo ao Posto 11), a 3\u00aa Quermesse do Instituto Pequeno Cidad\u00e3o, um momento especial de confraterniza\u00e7\u00e3o, alegria e integra\u00e7\u00e3o entre alunos, fam\u00edlias, colaboradores e toda a comunidade.<br>A programa\u00e7\u00e3o promete uma noite repleta de divers\u00e3o, com comidas t\u00edpicas, apresenta\u00e7\u00f5es e muita anima\u00e7\u00e3o, proporcionando momentos de conviv\u00eancia e fortalecendo os la\u00e7os entre o Instituto e as fam\u00edlias que fazem parte dessa hist\u00f3ria.<br>Acontecer\u00e3o diversas apresenta\u00e7\u00f5es dos alunos de: jud\u00f4, ballet, gin\u00e1stica, viol\u00e3o, coral e para abrilhantar ainda mais a noite acontecer\u00e3o shows com os cantores: Diogo Toledo, L\u00facio Fernandes e Arthur Vilalva.<br>Segundo a Diretora Geral do Instituto Pequeno Cidad\u00e3o, Crislaine Pereira Ziemann, a quermesse tamb\u00e9m representa uma oportunidade de valorizar o trabalho desenvolvido pelo Instituto Pequeno Cidad\u00e3o ao longo do ano, promovendo a\u00e7\u00f5es que contribuem para o desenvolvimento social, cultural e educacional de crian\u00e7as e adolescentes.<br>O padrinho do Instituto Pequeno Cidad\u00e3o, Robert Ziemann e toda equipe de colaboradores do Instituto Pequeno Cidad\u00e3o convidam todos os alunos, familiares e a comunidade maracajuense para participarem desse momento especial.<br>Venha prestigiar a 3\u00aa Quermesse do Instituto Pequeno Cidad\u00e3o!<br>Ser\u00e1 um encontro preparado com muito carinho para celebrar a uni\u00e3o, a solidariedade e a alegria de estar juntos.<\/p>\n\n\n\n<p class=\"wp-block-paragraph\">Assessoria<\/p>\n\n\n\n<p class=\"wp-block-paragraph\"><\/p>\n","protected":false},"excerpt":{"rendered":"<p>O Instituto Pequeno Cidad\u00e3o realiza neste s\u00e1bado, 5 de setembro, a partir das 18:30horas, no Centro Esportivo de Maracaju (pr\u00f3ximo ao Posto 11), a 3\u00aa Quermesse do Instituto Pequeno Cidad\u00e3o, um momento especial de confraterniza\u00e7\u00e3o, alegria e integra\u00e7\u00e3o entre alunos, fam\u00edlias, colaboradores e toda a comunidade.A programa\u00e7\u00e3o promete uma noite repleta de divers\u00e3o, com comidas&#8230;<\/p>\n","protected":false},"author":2,"featured_media":1893,"comment_status":"open","ping_status":"open","sticky":false,"template":"","format":"standard","meta":{"footnotes":""},"categories":[1,21],"tags":[],"class_list":["post-1890","post","type-post","status-publish","format-standard","has-post-thumbnail","hentry","category-comercio","category-eventos"],"yoast_head":"<!-- This site is optimized with the Yoast SEO plugin v27.5 - https:\/\/yoast.com\/product\/yoast-seo-wordpress\/ -->\n<title>A 3\u00aa Quermesse do Instituto Pequeno Cidad\u00e3o acontece neste s\u00e1bado em Maracaju - MsConectado<\/title>\n<meta name=\"robots\" content=\"index, follow, max-snippet:-1, max-image-preview:large, max-video-preview:-1\" \/>\n<link rel=\"canonical\" href=\"https:\/\/msconectado.com.br\/?p=1890\" \/>\n<meta property=\"og:locale\" content=\"pt_BR\" \/>\n<meta property=\"og:type\" content=\"article\" \/>\n<meta property=\"og:title\" content=\"A 3\u00aa Quermesse do Instituto Pequeno Cidad\u00e3o acontece neste s\u00e1bado em Maracaju - MsConectado\" \/>\n<meta property=\"og:description\" content=\"O Instituto Pequeno Cidad\u00e3o realiza neste s\u00e1bado, 5 de setembro, a partir das 18:30horas, no Centro Esportivo de Maracaju (pr\u00f3ximo ao Posto 11), a 3\u00aa Quermesse do Instituto Pequeno Cidad\u00e3o, um momento especial de confraterniza\u00e7\u00e3o, alegria e integra\u00e7\u00e3o entre alunos, fam\u00edlias, colaboradores e toda a comunidade.A programa\u00e7\u00e3o promete uma noite repleta de divers\u00e3o, com comidas...\" \/>\n<meta property=\"og:url\" content=\"https:\/\/msconectado.com.br\/?p=1890\" \/>\n<meta property=\"og:site_name\" content=\"MsConectado\" \/>\n<meta property=\"article:published_time\" content=\"2026-09-04T19:29:36+00:00\" \/>\n<meta property=\"article:modified_time\" content=\"2026-09-04T19:34:40+00:00\" \/>\n<meta property=\"og:image\" content=\"https:\/\/msconectado.com.br\/wp-content\/uploads\/2026\/09\/ChatGPT-Image-4-de-set.-de-2026-15_33_43.png\" \/>\n\t<meta property=\"og:image:width\" content=\"700\" \/>\n\t<meta property=\"og:image:height\" content=\"525\" \/>\n\t<meta property=\"og:image:type\" content=\"image\/png\" \/>\n<meta name=\"author\" content=\"msconectado\" \/>\n<meta name=\"twitter:card\" content=\"summary_large_image\" \/>\n<meta name=\"twitter:label1\" content=\"Escrito por\" \/>\n\t<meta name=\"twitter:data1\" content=\"msconectado\" \/>\n\t<meta name=\"twitter:label2\" content=\"Est. tempo de leitura\" \/>\n\t<meta name=\"twitter:data2\" content=\"2 minutos\" \/>\n<script type=\"application\/ld+json\" class=\"yoast-schema-graph\">{\"@context\":\"https:\\\/\\\/schema.org\",\"@graph\":[{\"@type\":\"Article\",\"@id\":\"https:\\\/\\\/msconectado.com.br\\\/?p=1890#article\",\"isPartOf\":{\"@id\":\"https:\\\/\\\/msconectado.com.br\\\/?p=1890\"},\"author\":{\"name\":\"msconectado\",\"@id\":\"https:\\\/\\\/msconectado.com.br\\\/#\\\/schema\\\/person\\\/cf1ea37893f9a64034748ca4eb4a01ee\"},\"headline\":\"A 3\u00aa Quermesse do Instituto Pequeno Cidad\u00e3o acontece neste s\u00e1bado em Maracaju\",\"datePublished\":\"2026-09-04T19:29:36+00:00\",\"dateModified\":\"2026-09-04T19:34:40+00:00\",\"mainEntityOfPage\":{\"@id\":\"https:\\\/\\\/msconectado.com.br\\\/?p=1890\"},\"wordCount\":255,\"commentCount\":0,\"publisher\":{\"@id\":\"https:\\\/\\\/msconectado.com.br\\\/#organization\"},\"image\":{\"@id\":\"https:\\\/\\\/msconectado.com.br\\\/?p=1890#primaryimage\"},\"thumbnailUrl\":\"https:\\\/\\\/msconectado.com.br\\\/wp-content\\\/uploads\\\/2026\\\/09\\\/ChatGPT-Image-4-de-set.-de-2026-15_33_43.png\",\"articleSection\":[\"COM\u00c9RCIO\",\"EVENTOS\"],\"inLanguage\":\"pt-BR\",\"potentialAction\":[{\"@type\":\"CommentAction\",\"name\":\"Comment\",\"target\":[\"https:\\\/\\\/msconectado.com.br\\\/?p=1890#respond\"]}]},{\"@type\":\"WebPage\",\"@id\":\"https:\\\/\\\/msconectado.com.br\\\/?p=1890\",\"url\":\"https:\\\/\\\/msconectado.com.br\\\/?p=1890\",\"name\":\"A 3\u00aa Quermesse do Instituto Pequeno Cidad\u00e3o acontece neste s\u00e1bado em Maracaju - MsConectado\",\"isPartOf\":{\"@id\":\"https:\\\/\\\/msconectado.com.br\\\/#website\"},\"primaryImageOfPage\":{\"@id\":\"https:\\\/\\\/msconectado.com.br\\\/?p=1890#primaryimage\"},\"image\":{\"@id\":\"https:\\\/\\\/msconectado.com.br\\\/?p=1890#primaryimage\"},\"thumbnailUrl\":\"https:\\\/\\\/msconectado.com.br\\\/wp-content\\\/uploads\\\/2026\\\/09\\\/ChatGPT-Image-4-de-set.-de-2026-15_33_43.png\",\"datePublished\":\"2026-09-04T19:29:36+00:00\",\"dateModified\":\"2026-09-04T19:34:40+00:00\",\"breadcrumb\":{\"@id\":\"https:\\\/\\\/msconectado.com.br\\\/?p=1890#breadcrumb\"},\"inLanguage\":\"pt-BR\",\"potentialAction\":[{\"@type\":\"ReadAction\",\"target\":[\"https:\\\/\\\/msconectado.com.br\\\/?p=1890\"]}]},{\"@type\":\"ImageObject\",\"inLanguage\":\"pt-BR\",\"@id\":\"https:\\\/\\\/msconectado.com.br\\\/?p=1890#primaryimage\",\"url\":\"https:\\\/\\\/msconectado.com.br\\\/wp-content\\\/uploads\\\/2026\\\/09\\\/ChatGPT-Image-4-de-set.-de-2026-15_33_43.png\",\"contentUrl\":\"https:\\\/\\\/msconectado.com.br\\\/wp-content\\\/uploads\\\/2026\\\/09\\\/ChatGPT-Image-4-de-set.-de-2026-15_33_43.png\",\"width\":700,\"height\":525},{\"@type\":\"BreadcrumbList\",\"@id\":\"https:\\\/\\\/msconectado.com.br\\\/?p=1890#breadcrumb\",\"itemListElement\":[{\"@type\":\"ListItem\",\"position\":1,\"name\":\"In\u00edcio\",\"item\":\"https:\\\/\\\/msconectado.com.br\\\/\"},{\"@type\":\"ListItem\",\"position\":2,\"name\":\"A 3\u00aa Quermesse do Instituto Pequeno Cidad\u00e3o acontece neste s\u00e1bado em Maracaju\"}]},{\"@type\":\"WebSite\",\"@id\":\"https:\\\/\\\/msconectado.com.br\\\/#website\",\"url\":\"https:\\\/\\\/msconectado.com.br\\\/\",\"name\":\"MsConectado\",\"description\":\"\",\"publisher\":{\"@id\":\"https:\\\/\\\/msconectado.com.br\\\/#organization\"},\"alternateName\":\"msconectado\",\"potentialAction\":[{\"@type\":\"SearchAction\",\"target\":{\"@type\":\"EntryPoint\",\"urlTemplate\":\"https:\\\/\\\/msconectado.com.br\\\/?s={search_term_string}\"},\"query-input\":{\"@type\":\"PropertyValueSpecification\",\"valueRequired\":true,\"valueName\":\"search_term_string\"}}],\"inLanguage\":\"pt-BR\"},{\"@type\":\"Organization\",\"@id\":\"https:\\\/\\\/msconectado.com.br\\\/#organization\",\"name\":\"MsConectado\",\"url\":\"https:\\\/\\\/msconectado.com.br\\\/\",\"logo\":{\"@type\":\"ImageObject\",\"inLanguage\":\"pt-BR\",\"@id\":\"https:\\\/\\\/msconectado.com.br\\\/#\\\/schema\\\/logo\\\/image\\\/\",\"url\":\"https:\\\/\\\/msconectado.com.br\\\/wp-content\\\/uploads\\\/2026\\\/05\\\/cropped-cropped-logo.png\",\"contentUrl\":\"https:\\\/\\\/msconectado.com.br\\\/wp-content\\\/uploads\\\/2026\\\/05\\\/cropped-cropped-logo.png\",\"width\":719,\"height\":156,\"caption\":\"MsConectado\"},\"image\":{\"@id\":\"https:\\\/\\\/msconectado.com.br\\\/#\\\/schema\\\/logo\\\/image\\\/\"}},{\"@type\":\"Person\",\"@id\":\"https:\\\/\\\/msconectado.com.br\\\/#\\\/schema\\\/person\\\/cf1ea37893f9a64034748ca4eb4a01ee\",\"name\":\"msconectado\",\"image\":{\"@type\":\"ImageObject\",\"inLanguage\":\"pt-BR\",\"@id\":\"https:\\\/\\\/secure.gravatar.com\\\/avatar\\\/3b4f84a0a8a4380ac4431fa79981d073692380c5da00ae97596e794ab0db5c8c?s=96&d=mm&r=g\",\"url\":\"https:\\\/\\\/secure.gravatar.com\\\/avatar\\\/3b4f84a0a8a4380ac4431fa79981d073692380c5da00ae97596e794ab0db5c8c?s=96&d=mm&r=g\",\"contentUrl\":\"https:\\\/\\\/secure.gravatar.com\\\/avatar\\\/3b4f84a0a8a4380ac4431fa79981d073692380c5da00ae97596e794ab0db5c8c?s=96&d=mm&r=g\",\"caption\":\"msconectado\"},\"sameAs\":[\"https:\\\/\\\/msconectado.com.br\\\/\"],\"url\":\"https:\\\/\\\/msconectado.com.br\\\/?author=2\"}]}<\/script>\n<!-- \/ Yoast SEO plugin. -->","yoast_head_json":{"title":"A 3\u00aa Quermesse do Instituto Pequeno Cidad\u00e3o acontece neste s\u00e1bado em Maracaju - MsConectado","robots":{"index":"index","follow":"follow","max-snippet":"max-snippet:-1","max-image-preview":"max-image-preview:large","max-video-preview":"max-video-preview:-1"},"canonical":"https:\/\/msconectado.com.br\/?p=1890","og_locale":"pt_BR","og_type":"article","og_title":"A 3\u00aa Quermesse do Instituto Pequeno Cidad\u00e3o acontece neste s\u00e1bado em Maracaju - MsConectado","og_description":"O Instituto Pequeno Cidad\u00e3o realiza neste s\u00e1bado, 5 de setembro, a partir das 18:30horas, no Centro Esportivo de Maracaju (pr\u00f3ximo ao Posto 11), a 3\u00aa Quermesse do Instituto Pequeno Cidad\u00e3o, um momento especial de confraterniza\u00e7\u00e3o, alegria e integra\u00e7\u00e3o entre alunos, fam\u00edlias, colaboradores e toda a comunidade.A programa\u00e7\u00e3o promete uma noite repleta de divers\u00e3o, com comidas...","og_url":"https:\/\/msconectado.com.br\/?p=1890","og_site_name":"MsConectado","article_published_time":"2026-09-04T19:29:36+00:00","article_modified_time":"2026-09-04T19:34:40+00:00","og_image":[{"width":700,"height":525,"url":"https:\/\/msconectado.com.br\/wp-content\/uploads\/2026\/09\/ChatGPT-Image-4-de-set.-de-2026-15_33_43.png","type":"image\/png"}],"author":"msconectado","twitter_card":"summary_large_image","twitter_misc":{"Escrito por":"msconectado","Est. tempo de leitura":"2 minutos"},"schema":{"@context":"https:\/\/schema.org","@graph":[{"@type":"Article","@id":"https:\/\/msconectado.com.br\/?p=1890#article","isPartOf":{"@id":"https:\/\/msconectado.com.br\/?p=1890"},"author":{"name":"msconectado","@id":"https:\/\/msconectado.com.br\/#\/schema\/person\/cf1ea37893f9a64034748ca4eb4a01ee"},"headline":"A 3\u00aa Quermesse do Instituto Pequeno Cidad\u00e3o acontece neste s\u00e1bado em Maracaju","datePublished":"2026-09-04T19:29:36+00:00","dateModified":"2026-09-04T19:34:40+00:00","mainEntityOfPage":{"@id":"https:\/\/msconectado.com.br\/?p=1890"},"wordCount":255,"commentCount":0,"publisher":{"@id":"https:\/\/msconectado.com.br\/#organization"},"image":{"@id":"https:\/\/msconectado.com.br\/?p=1890#primaryimage"},"thumbnailUrl":"https:\/\/msconectado.com.br\/wp-content\/uploads\/2026\/09\/ChatGPT-Image-4-de-set.-de-2026-15_33_43.png","articleSection":["COM\u00c9RCIO","EVENTOS"],"inLanguage":"pt-BR","potentialAction":[{"@type":"CommentAction","name":"Comment","target":["https:\/\/msconectado.com.br\/?p=1890#respond"]}]},{"@type":"WebPage","@id":"https:\/\/msconectado.com.br\/?p=1890","url":"https:\/\/msconectado.com.br\/?p=1890","name":"A 3\u00aa Quermesse do Instituto Pequeno Cidad\u00e3o acontece neste s\u00e1bado em Maracaju - MsConectado","isPartOf":{"@id":"https:\/\/msconectado.com.br\/#website"},"primaryImageOfPage":{"@id":"https:\/\/msconectado.com.br\/?p=1890#primaryimage"},"image":{"@id":"https:\/\/msconectado.com.br\/?p=1890#primaryimage"},"thumbnailUrl":"https:\/\/msconectado.com.br\/wp-content\/uploads\/2026\/09\/ChatGPT-Image-4-de-set.-de-2026-15_33_43.png","datePublished":"2026-09-04T19:29:36+00:00","dateModified":"2026-09-04T19:34:40+00:00","breadcrumb":{"@id":"https:\/\/msconectado.com.br\/?p=1890#breadcrumb"},"inLanguage":"pt-BR","potentialAction":[{"@type":"ReadAction","target":["https:\/\/msconectado.com.br\/?p=1890"]}]},{"@type":"ImageObject","inLanguage":"pt-BR","@id":"https:\/\/msconectado.com.br\/?p=1890#primaryimage","url":"https:\/\/msconectado.com.br\/wp-content\/uploads\/2026\/09\/ChatGPT-Image-4-de-set.-de-2026-15_33_43.png","contentUrl":"https:\/\/msconectado.com.br\/wp-content\/uploads\/2026\/09\/ChatGPT-Image-4-de-set.-de-2026-15_33_43.png","width":700,"height":525},{"@type":"BreadcrumbList","@id":"https:\/\/msconectado.com.br\/?p=1890#breadcrumb","itemListElement":[{"@type":"ListItem","position":1,"name":"In\u00edcio","item":"https:\/\/msconectado.com.br\/"},{"@type":"ListItem","position":2,"name":"A 3\u00aa Quermesse do Instituto Pequeno Cidad\u00e3o acontece neste s\u00e1bado em Maracaju"}]},{"@type":"WebSite","@id":"https:\/\/msconectado.com.br\/#website","url":"https:\/\/msconectado.com.br\/","name":"MsConectado","description":"","publisher":{"@id":"https:\/\/msconectado.com.br\/#organization"},"alternateName":"msconectado","potentialAction":[{"@type":"SearchAction","target":{"@type":"EntryPoint","urlTemplate":"https:\/\/msconectado.com.br\/?s={search_term_string}"},"query-input":{"@type":"PropertyValueSpecification","valueRequired":true,"valueName":"search_term_string"}}],"inLanguage":"pt-BR"},{"@type":"Organization","@id":"https:\/\/msconectado.com.br\/#organization","name":"MsConectado","url":"https:\/\/msconectado.com.br\/","logo":{"@type":"ImageObject","inLanguage":"pt-BR","@id":"https:\/\/msconectado.com.br\/#\/schema\/logo\/image\/","url":"https:\/\/msconectado.com.br\/wp-content\/uploads\/2026\/05\/cropped-cropped-logo.png","contentUrl":"https:\/\/msconectado.com.br\/wp-content\/uploads\/2026\/05\/cropped-cropped-logo.png","width":719,"height":156,"caption":"MsConectado"},"image":{"@id":"https:\/\/msconectado.com.br\/#\/schema\/logo\/image\/"}},{"@type":"Person","@id":"https:\/\/msconectado.com.br\/#\/schema\/person\/cf1ea37893f9a64034748ca4eb4a01ee","name":"msconectado","image":{"@type":"ImageObject","inLanguage":"pt-BR","@id":"https:\/\/secure.gravatar.com\/avatar\/3b4f84a0a8a4380ac4431fa79981d073692380c5da00ae97596e794ab0db5c8c?s=96&d=mm&r=g","url":"https:\/\/secure.gravatar.com\/avatar\/3b4f84a0a8a4380ac4431fa79981d073692380c5da00ae97596e794ab0db5c8c?s=96&d=mm&r=g","contentUrl":"https:\/\/secure.gravatar.com\/avatar\/3b4f84a0a8a4380ac4431fa79981d073692380c5da00ae97596e794ab0db5c8c?s=96&d=mm&r=g","caption":"msconectado"},"sameAs":["https:\/\/msconectado.com.br\/"],"url":"https:\/\/msconectado.com.br\/?author=2"}]}},"_links":{"self":[{"href":"https:\/\/msconectado.com.br\/index.php?rest_route=\/wp\/v2\/posts\/1890","targetHints":{"allow":["GET"]}}],"collection":[{"href":"https:\/\/msconectado.com.br\/index.php?rest_route=\/wp\/v2\/posts"}],"about":[{"href":"https:\/\/msconectado.com.br\/index.php?rest_route=\/wp\/v2\/types\/post"}],"author":[{"embeddable":true,"href":"https:\/\/msconectado.com.br\/index.php?rest_route=\/wp\/v2\/users\/2"}],"replies":[{"embeddable":true,"href":"https:\/\/msconectado.com.br\/index.php?rest_route=%2Fwp%2Fv2%2Fcomments&post=1890"}],"version-history":[{"count":1,"href":"https:\/\/msconectado.com.br\/index.php?rest_route=\/wp\/v2\/posts\/1890\/revisions"}],"predecessor-version":[{"id":1892,"href":"https:\/\/msconectado.com.br\/index.php?rest_route=\/wp\/v2\/posts\/1890\/revisions\/1892"}],"wp:featuredmedia":[{"embeddable":true,"href":"https:\/\/msconectado.com.br\/index.php?rest_route=\/wp\/v2\/media\/1893"}],"wp:attachment":[{"href":"https:\/\/msconectado.com.br\/index.php?rest_route=%2Fwp%2Fv2%2Fmedia&parent=1890"}],"wp:term":[{"taxonomy":"category","embeddable":true,"href":"https:\/\/msconectado.com.br\/index.php?rest_route=%2Fwp%2Fv2%2Fcategories&post=1890"},{"taxonomy":"post_tag","embeddable":true,"href":"https:\/\/msconectado.com.br\/index.php?rest_route=%2Fwp%2Fv2%2Ftags&post=1890"}],"curies":[{"name":"wp","href":"https:\/\/api.w.org\/{rel}","templated":true}]}}