
{"id":18939,"date":"2023-04-11T11:34:52","date_gmt":"2023-04-11T11:34:52","guid":{"rendered":"https:\/\/msconectado.com.br\/?p=18939"},"modified":"2023-04-11T11:34:53","modified_gmt":"2023-04-11T11:34:53","slug":"alems-tera-representantes-em-conselho-e-comite-que-tratam-sobre-mulher-e-saude","status":"publish","type":"post","link":"https:\/\/msconectado.com.br\/?p=18939","title":{"rendered":"ALEMS ter\u00e1 representantes em conselho e comit\u00ea que tratam sobre mulher e sa\u00fade"},"content":{"rendered":"\n<p>A Assembleia Legislativa de Mato Grosso do Sul (ALEMS) ter\u00e1 representantes em grupos que tratam sobre quest\u00f5es relativas a g\u00eanero e a sa\u00fade.&nbsp;<a href=\"https:\/\/diariooficial.al.ms.gov.br\/DiarioOficial\/DownloadPdf?q=2NeEdQSiNahWtrocaDivEE7496wqw==\" target=\"_blank\" rel=\"noreferrer noopener\">Atos publicados no Di\u00e1rio Oficial da Casa de Leis<\/a>&nbsp;desta segunda-feira (10) pelo presidente, deputado Gerson Claro (PP), designam a deputada Mara Caseiro (PSDB) para representar o Legislativo sul-mato-grossense no Conselho Consultivo do Observat\u00f3rio Nacional da Mulher na Pol\u00edtica e o deputado Lucas de Lima (PDT) para ser o representante da ALEMS no Comit\u00ea Estadual de Combate \u00e0s Arboviroses (CECA).<\/p>\n\n\n\n<p>A designa\u00e7\u00e3o da deputada Mara Caseiro consta no Ato da Presid\u00eancia 312\/2023. A publica\u00e7\u00e3o tamb\u00e9m designa para suplente a deputada Lia Nogueira (PSDB). O Observat\u00f3rio Nacional da Mulher na Pol\u00edtica (ONMP), conforme informado pela C\u00e2mara dos Deputados, \u201cfoi criado para monitorar indicadores e centralizar estudos sobre a atua\u00e7\u00e3o pol\u00edtica de mulheres em \u00e2mbito federal, estadual e municipal\u201d. O Observat\u00f3rio est\u00e1 vinculado \u00e0 Secretaria da Mulher da C\u00e2mara dos Deputados, em parceria com a Comiss\u00e3o de Defesa dos Diretos da Mulher. No Conselho Consultivo, h\u00e1 representantes das Assembleias Legislativas de todo o Pa\u00eds.<\/p>\n\n\n\n<p>O deputado Lucas de Lima foi designado como representante da ALEMS para compor o CECA pelo Ato da Presid\u00eancia 313\/2023. O Comit\u00ea foi institu\u00eddo pelo Decreto 15.226\/2019, que estabelece que o CECA tem car\u00e1ter consultivo e deliberativo e \u00e9 presidido administrativamente pelo governador do Estado. Entre os objetivos do grupo est\u00e1 o de mobilizar a sociedade no enfrentamento da epidemia da dengue, chikungunya, zica e de outras arboviroses.<\/p>\n\n\n\n<p>ALEMS<\/p>\n\n\n\n<p><strong>Foto:<\/strong>\u00a0Luciana Nassar\/Arte: Luciana Kawassaki<\/p>\n\n\n\n<figure class=\"wp-block-image size-full\"><img fetchpriority=\"high\" decoding=\"async\" width=\"900\" height=\"100\" src=\"https:\/\/msconectado.com.br\/wp-content\/uploads\/2023\/03\/MS_Concetado-1.png\" alt=\"\" class=\"wp-image-18681\" srcset=\"https:\/\/msconectado.com.br\/wp-content\/uploads\/2023\/03\/MS_Concetado-1.png 900w, https:\/\/msconectado.com.br\/wp-content\/uploads\/2023\/03\/MS_Concetado-1-300x33.png 300w, https:\/\/msconectado.com.br\/wp-content\/uploads\/2023\/03\/MS_Concetado-1-768x85.png 768w\" sizes=\"(max-width: 900px) 100vw, 900px\" \/><\/figure>\n","protected":false},"excerpt":{"rendered":"<p>A Assembleia Legislativa de Mato Grosso do Sul (ALEMS) ter\u00e1 representantes em grupos que tratam sobre quest\u00f5es relativas a g\u00eanero e a sa\u00fade.&nbsp;Atos publicados no Di\u00e1rio Oficial da Casa de Leis&nbsp;desta segunda-feira (10) pelo presidente, deputado Gerson Claro (PP), designam a deputada Mara Caseiro (PSDB) para representar o Legislativo sul-mato-grossense no Conselho Consultivo do Observat\u00f3rio [&hellip;]<\/p>\n","protected":false},"author":2,"featured_media":18940,"comment_status":"open","ping_status":"closed","sticky":false,"template":"","format":"standard","meta":{"footnotes":""},"categories":[38,33],"tags":[],"class_list":["post-18939","post","type-post","status-publish","format-standard","has-post-thumbnail","hentry","category-assembleia-legislativa","category-politica"],"yoast_head":"<!-- This site is optimized with the Yoast SEO plugin v27.5 - https:\/\/yoast.com\/product\/yoast-seo-wordpress\/ -->\n<title>ALEMS ter\u00e1 representantes em conselho e comit\u00ea que tratam sobre mulher e sa\u00fade - MsConectado<\/title>\n<meta name=\"robots\" content=\"index, follow, max-snippet:-1, max-image-preview:large, max-video-preview:-1\" \/>\n<link rel=\"canonical\" href=\"https:\/\/msconectado.com.br\/?p=18939\" \/>\n<meta property=\"og:locale\" content=\"pt_BR\" \/>\n<meta property=\"og:type\" content=\"article\" \/>\n<meta property=\"og:title\" content=\"ALEMS ter\u00e1 representantes em conselho e comit\u00ea que tratam sobre mulher e sa\u00fade - MsConectado\" \/>\n<meta property=\"og:description\" content=\"A Assembleia Legislativa de Mato Grosso do Sul (ALEMS) ter\u00e1 representantes em grupos que tratam sobre quest\u00f5es relativas a g\u00eanero e a sa\u00fade.&nbsp;Atos publicados no Di\u00e1rio Oficial da Casa de Leis&nbsp;desta segunda-feira (10) pelo presidente, deputado Gerson Claro (PP), designam a deputada Mara Caseiro (PSDB) para representar o Legislativo sul-mato-grossense no Conselho Consultivo do Observat\u00f3rio [&hellip;]\" \/>\n<meta property=\"og:url\" content=\"https:\/\/msconectado.com.br\/?p=18939\" \/>\n<meta property=\"og:site_name\" content=\"MsConectado\" \/>\n<meta property=\"article:published_time\" content=\"2023-04-11T11:34:52+00:00\" \/>\n<meta property=\"article:modified_time\" content=\"2023-04-11T11:34:53+00:00\" \/>\n<meta property=\"og:image\" content=\"https:\/\/msconectado.com.br\/wp-content\/uploads\/2023\/04\/2023_04_10_04_41_27_3179cdc3-c714-4946-838d-f5e0fa7f40ed.jpg\" \/>\n\t<meta property=\"og:image:width\" content=\"740\" \/>\n\t<meta property=\"og:image:height\" content=\"493\" \/>\n\t<meta property=\"og:image:type\" content=\"image\/jpeg\" \/>\n<meta name=\"author\" content=\"MsConectado\" \/>\n<meta name=\"twitter:card\" content=\"summary_large_image\" \/>\n<meta name=\"twitter:label1\" content=\"Escrito por\" \/>\n\t<meta name=\"twitter:data1\" content=\"MsConectado\" \/>\n\t<meta name=\"twitter:label2\" content=\"Est. tempo de leitura\" \/>\n\t<meta name=\"twitter:data2\" content=\"1 minuto\" \/>\n<script type=\"application\/ld+json\" class=\"yoast-schema-graph\">{\"@context\":\"https:\\\/\\\/schema.org\",\"@graph\":[{\"@type\":\"Article\",\"@id\":\"https:\\\/\\\/msconectado.com.br\\\/?p=18939#article\",\"isPartOf\":{\"@id\":\"https:\\\/\\\/msconectado.com.br\\\/?p=18939\"},\"author\":{\"name\":\"MsConectado\",\"@id\":\"https:\\\/\\\/msconectado.com.br\\\/#\\\/schema\\\/person\\\/e5585545b5687092f1041d350b6e2c16\"},\"headline\":\"ALEMS ter\u00e1 representantes em conselho e comit\u00ea que tratam sobre mulher e sa\u00fade\",\"datePublished\":\"2023-04-11T11:34:52+00:00\",\"dateModified\":\"2023-04-11T11:34:53+00:00\",\"mainEntityOfPage\":{\"@id\":\"https:\\\/\\\/msconectado.com.br\\\/?p=18939\"},\"wordCount\":282,\"commentCount\":0,\"publisher\":{\"@id\":\"https:\\\/\\\/msconectado.com.br\\\/#organization\"},\"image\":{\"@id\":\"https:\\\/\\\/msconectado.com.br\\\/?p=18939#primaryimage\"},\"thumbnailUrl\":\"https:\\\/\\\/msconectado.com.br\\\/wp-content\\\/uploads\\\/2023\\\/04\\\/2023_04_10_04_41_27_3179cdc3-c714-4946-838d-f5e0fa7f40ed.jpg\",\"articleSection\":[\"Assembleia Legislativa\",\"Pol\u00edtica\"],\"inLanguage\":\"pt-BR\",\"potentialAction\":[{\"@type\":\"CommentAction\",\"name\":\"Comment\",\"target\":[\"https:\\\/\\\/msconectado.com.br\\\/?p=18939#respond\"]}]},{\"@type\":\"WebPage\",\"@id\":\"https:\\\/\\\/msconectado.com.br\\\/?p=18939\",\"url\":\"https:\\\/\\\/msconectado.com.br\\\/?p=18939\",\"name\":\"ALEMS ter\u00e1 representantes em conselho e comit\u00ea que tratam sobre mulher e sa\u00fade - MsConectado\",\"isPartOf\":{\"@id\":\"https:\\\/\\\/msconectado.com.br\\\/#website\"},\"primaryImageOfPage\":{\"@id\":\"https:\\\/\\\/msconectado.com.br\\\/?p=18939#primaryimage\"},\"image\":{\"@id\":\"https:\\\/\\\/msconectado.com.br\\\/?p=18939#primaryimage\"},\"thumbnailUrl\":\"https:\\\/\\\/msconectado.com.br\\\/wp-content\\\/uploads\\\/2023\\\/04\\\/2023_04_10_04_41_27_3179cdc3-c714-4946-838d-f5e0fa7f40ed.jpg\",\"datePublished\":\"2023-04-11T11:34:52+00:00\",\"dateModified\":\"2023-04-11T11:34:53+00:00\",\"breadcrumb\":{\"@id\":\"https:\\\/\\\/msconectado.com.br\\\/?p=18939#breadcrumb\"},\"inLanguage\":\"pt-BR\",\"potentialAction\":[{\"@type\":\"ReadAction\",\"target\":[\"https:\\\/\\\/msconectado.com.br\\\/?p=18939\"]}]},{\"@type\":\"ImageObject\",\"inLanguage\":\"pt-BR\",\"@id\":\"https:\\\/\\\/msconectado.com.br\\\/?p=18939#primaryimage\",\"url\":\"https:\\\/\\\/msconectado.com.br\\\/wp-content\\\/uploads\\\/2023\\\/04\\\/2023_04_10_04_41_27_3179cdc3-c714-4946-838d-f5e0fa7f40ed.jpg\",\"contentUrl\":\"https:\\\/\\\/msconectado.com.br\\\/wp-content\\\/uploads\\\/2023\\\/04\\\/2023_04_10_04_41_27_3179cdc3-c714-4946-838d-f5e0fa7f40ed.jpg\",\"width\":740,\"height\":493},{\"@type\":\"BreadcrumbList\",\"@id\":\"https:\\\/\\\/msconectado.com.br\\\/?p=18939#breadcrumb\",\"itemListElement\":[{\"@type\":\"ListItem\",\"position\":1,\"name\":\"In\u00edcio\",\"item\":\"https:\\\/\\\/msconectado.com.br\\\/\"},{\"@type\":\"ListItem\",\"position\":2,\"name\":\"ALEMS ter\u00e1 representantes em conselho e comit\u00ea que tratam sobre mulher e sa\u00fade\"}]},{\"@type\":\"WebSite\",\"@id\":\"https:\\\/\\\/msconectado.com.br\\\/#website\",\"url\":\"https:\\\/\\\/msconectado.com.br\\\/\",\"name\":\"MsConectado\",\"description\":\"Voc\u00ea Conectado com a Not\u00edcia!\",\"publisher\":{\"@id\":\"https:\\\/\\\/msconectado.com.br\\\/#organization\"},\"potentialAction\":[{\"@type\":\"SearchAction\",\"target\":{\"@type\":\"EntryPoint\",\"urlTemplate\":\"https:\\\/\\\/msconectado.com.br\\\/?s={search_term_string}\"},\"query-input\":{\"@type\":\"PropertyValueSpecification\",\"valueRequired\":true,\"valueName\":\"search_term_string\"}}],\"inLanguage\":\"pt-BR\"},{\"@type\":\"Organization\",\"@id\":\"https:\\\/\\\/msconectado.com.br\\\/#organization\",\"name\":\"MsConectado\",\"url\":\"https:\\\/\\\/msconectado.com.br\\\/\",\"logo\":{\"@type\":\"ImageObject\",\"inLanguage\":\"pt-BR\",\"@id\":\"https:\\\/\\\/msconectado.com.br\\\/#\\\/schema\\\/logo\\\/image\\\/\",\"url\":\"https:\\\/\\\/msconectado.com.br\\\/wp-content\\\/uploads\\\/2023\\\/01\\\/cropped-noticia-2.png\",\"contentUrl\":\"https:\\\/\\\/msconectado.com.br\\\/wp-content\\\/uploads\\\/2023\\\/01\\\/cropped-noticia-2.png\",\"width\":720,\"height\":157,\"caption\":\"MsConectado\"},\"image\":{\"@id\":\"https:\\\/\\\/msconectado.com.br\\\/#\\\/schema\\\/logo\\\/image\\\/\"}},{\"@type\":\"Person\",\"@id\":\"https:\\\/\\\/msconectado.com.br\\\/#\\\/schema\\\/person\\\/e5585545b5687092f1041d350b6e2c16\",\"name\":\"MsConectado\",\"image\":{\"@type\":\"ImageObject\",\"inLanguage\":\"pt-BR\",\"@id\":\"https:\\\/\\\/secure.gravatar.com\\\/avatar\\\/3b4f84a0a8a4380ac4431fa79981d073692380c5da00ae97596e794ab0db5c8c?s=96&d=mm&r=g\",\"url\":\"https:\\\/\\\/secure.gravatar.com\\\/avatar\\\/3b4f84a0a8a4380ac4431fa79981d073692380c5da00ae97596e794ab0db5c8c?s=96&d=mm&r=g\",\"contentUrl\":\"https:\\\/\\\/secure.gravatar.com\\\/avatar\\\/3b4f84a0a8a4380ac4431fa79981d073692380c5da00ae97596e794ab0db5c8c?s=96&d=mm&r=g\",\"caption\":\"MsConectado\"},\"url\":\"https:\\\/\\\/msconectado.com.br\\\/?author=2\"}]}<\/script>\n<!-- \/ Yoast SEO plugin. -->","yoast_head_json":{"title":"ALEMS ter\u00e1 representantes em conselho e comit\u00ea que tratam sobre mulher e sa\u00fade - MsConectado","robots":{"index":"index","follow":"follow","max-snippet":"max-snippet:-1","max-image-preview":"max-image-preview:large","max-video-preview":"max-video-preview:-1"},"canonical":"https:\/\/msconectado.com.br\/?p=18939","og_locale":"pt_BR","og_type":"article","og_title":"ALEMS ter\u00e1 representantes em conselho e comit\u00ea que tratam sobre mulher e sa\u00fade - MsConectado","og_description":"A Assembleia Legislativa de Mato Grosso do Sul (ALEMS) ter\u00e1 representantes em grupos que tratam sobre quest\u00f5es relativas a g\u00eanero e a sa\u00fade.&nbsp;Atos publicados no Di\u00e1rio Oficial da Casa de Leis&nbsp;desta segunda-feira (10) pelo presidente, deputado Gerson Claro (PP), designam a deputada Mara Caseiro (PSDB) para representar o Legislativo sul-mato-grossense no Conselho Consultivo do Observat\u00f3rio [&hellip;]","og_url":"https:\/\/msconectado.com.br\/?p=18939","og_site_name":"MsConectado","article_published_time":"2023-04-11T11:34:52+00:00","article_modified_time":"2023-04-11T11:34:53+00:00","og_image":[{"width":740,"height":493,"url":"https:\/\/msconectado.com.br\/wp-content\/uploads\/2023\/04\/2023_04_10_04_41_27_3179cdc3-c714-4946-838d-f5e0fa7f40ed.jpg","type":"image\/jpeg"}],"author":"MsConectado","twitter_card":"summary_large_image","twitter_misc":{"Escrito por":"MsConectado","Est. tempo de leitura":"1 minuto"},"schema":{"@context":"https:\/\/schema.org","@graph":[{"@type":"Article","@id":"https:\/\/msconectado.com.br\/?p=18939#article","isPartOf":{"@id":"https:\/\/msconectado.com.br\/?p=18939"},"author":{"name":"MsConectado","@id":"https:\/\/msconectado.com.br\/#\/schema\/person\/e5585545b5687092f1041d350b6e2c16"},"headline":"ALEMS ter\u00e1 representantes em conselho e comit\u00ea que tratam sobre mulher e sa\u00fade","datePublished":"2023-04-11T11:34:52+00:00","dateModified":"2023-04-11T11:34:53+00:00","mainEntityOfPage":{"@id":"https:\/\/msconectado.com.br\/?p=18939"},"wordCount":282,"commentCount":0,"publisher":{"@id":"https:\/\/msconectado.com.br\/#organization"},"image":{"@id":"https:\/\/msconectado.com.br\/?p=18939#primaryimage"},"thumbnailUrl":"https:\/\/msconectado.com.br\/wp-content\/uploads\/2023\/04\/2023_04_10_04_41_27_3179cdc3-c714-4946-838d-f5e0fa7f40ed.jpg","articleSection":["Assembleia Legislativa","Pol\u00edtica"],"inLanguage":"pt-BR","potentialAction":[{"@type":"CommentAction","name":"Comment","target":["https:\/\/msconectado.com.br\/?p=18939#respond"]}]},{"@type":"WebPage","@id":"https:\/\/msconectado.com.br\/?p=18939","url":"https:\/\/msconectado.com.br\/?p=18939","name":"ALEMS ter\u00e1 representantes em conselho e comit\u00ea que tratam sobre mulher e sa\u00fade - MsConectado","isPartOf":{"@id":"https:\/\/msconectado.com.br\/#website"},"primaryImageOfPage":{"@id":"https:\/\/msconectado.com.br\/?p=18939#primaryimage"},"image":{"@id":"https:\/\/msconectado.com.br\/?p=18939#primaryimage"},"thumbnailUrl":"https:\/\/msconectado.com.br\/wp-content\/uploads\/2023\/04\/2023_04_10_04_41_27_3179cdc3-c714-4946-838d-f5e0fa7f40ed.jpg","datePublished":"2023-04-11T11:34:52+00:00","dateModified":"2023-04-11T11:34:53+00:00","breadcrumb":{"@id":"https:\/\/msconectado.com.br\/?p=18939#breadcrumb"},"inLanguage":"pt-BR","potentialAction":[{"@type":"ReadAction","target":["https:\/\/msconectado.com.br\/?p=18939"]}]},{"@type":"ImageObject","inLanguage":"pt-BR","@id":"https:\/\/msconectado.com.br\/?p=18939#primaryimage","url":"https:\/\/msconectado.com.br\/wp-content\/uploads\/2023\/04\/2023_04_10_04_41_27_3179cdc3-c714-4946-838d-f5e0fa7f40ed.jpg","contentUrl":"https:\/\/msconectado.com.br\/wp-content\/uploads\/2023\/04\/2023_04_10_04_41_27_3179cdc3-c714-4946-838d-f5e0fa7f40ed.jpg","width":740,"height":493},{"@type":"BreadcrumbList","@id":"https:\/\/msconectado.com.br\/?p=18939#breadcrumb","itemListElement":[{"@type":"ListItem","position":1,"name":"In\u00edcio","item":"https:\/\/msconectado.com.br\/"},{"@type":"ListItem","position":2,"name":"ALEMS ter\u00e1 representantes em conselho e comit\u00ea que tratam sobre mulher e sa\u00fade"}]},{"@type":"WebSite","@id":"https:\/\/msconectado.com.br\/#website","url":"https:\/\/msconectado.com.br\/","name":"MsConectado","description":"Voc\u00ea Conectado com a Not\u00edcia!","publisher":{"@id":"https:\/\/msconectado.com.br\/#organization"},"potentialAction":[{"@type":"SearchAction","target":{"@type":"EntryPoint","urlTemplate":"https:\/\/msconectado.com.br\/?s={search_term_string}"},"query-input":{"@type":"PropertyValueSpecification","valueRequired":true,"valueName":"search_term_string"}}],"inLanguage":"pt-BR"},{"@type":"Organization","@id":"https:\/\/msconectado.com.br\/#organization","name":"MsConectado","url":"https:\/\/msconectado.com.br\/","logo":{"@type":"ImageObject","inLanguage":"pt-BR","@id":"https:\/\/msconectado.com.br\/#\/schema\/logo\/image\/","url":"https:\/\/msconectado.com.br\/wp-content\/uploads\/2023\/01\/cropped-noticia-2.png","contentUrl":"https:\/\/msconectado.com.br\/wp-content\/uploads\/2023\/01\/cropped-noticia-2.png","width":720,"height":157,"caption":"MsConectado"},"image":{"@id":"https:\/\/msconectado.com.br\/#\/schema\/logo\/image\/"}},{"@type":"Person","@id":"https:\/\/msconectado.com.br\/#\/schema\/person\/e5585545b5687092f1041d350b6e2c16","name":"MsConectado","image":{"@type":"ImageObject","inLanguage":"pt-BR","@id":"https:\/\/secure.gravatar.com\/avatar\/3b4f84a0a8a4380ac4431fa79981d073692380c5da00ae97596e794ab0db5c8c?s=96&d=mm&r=g","url":"https:\/\/secure.gravatar.com\/avatar\/3b4f84a0a8a4380ac4431fa79981d073692380c5da00ae97596e794ab0db5c8c?s=96&d=mm&r=g","contentUrl":"https:\/\/secure.gravatar.com\/avatar\/3b4f84a0a8a4380ac4431fa79981d073692380c5da00ae97596e794ab0db5c8c?s=96&d=mm&r=g","caption":"MsConectado"},"url":"https:\/\/msconectado.com.br\/?author=2"}]}},"_links":{"self":[{"href":"https:\/\/msconectado.com.br\/index.php?rest_route=\/wp\/v2\/posts\/18939","targetHints":{"allow":["GET"]}}],"collection":[{"href":"https:\/\/msconectado.com.br\/index.php?rest_route=\/wp\/v2\/posts"}],"about":[{"href":"https:\/\/msconectado.com.br\/index.php?rest_route=\/wp\/v2\/types\/post"}],"author":[{"embeddable":true,"href":"https:\/\/msconectado.com.br\/index.php?rest_route=\/wp\/v2\/users\/2"}],"replies":[{"embeddable":true,"href":"https:\/\/msconectado.com.br\/index.php?rest_route=%2Fwp%2Fv2%2Fcomments&post=18939"}],"version-history":[{"count":1,"href":"https:\/\/msconectado.com.br\/index.php?rest_route=\/wp\/v2\/posts\/18939\/revisions"}],"predecessor-version":[{"id":18941,"href":"https:\/\/msconectado.com.br\/index.php?rest_route=\/wp\/v2\/posts\/18939\/revisions\/18941"}],"wp:featuredmedia":[{"embeddable":true,"href":"https:\/\/msconectado.com.br\/index.php?rest_route=\/wp\/v2\/media\/18940"}],"wp:attachment":[{"href":"https:\/\/msconectado.com.br\/index.php?rest_route=%2Fwp%2Fv2%2Fmedia&parent=18939"}],"wp:term":[{"taxonomy":"category","embeddable":true,"href":"https:\/\/msconectado.com.br\/index.php?rest_route=%2Fwp%2Fv2%2Fcategories&post=18939"},{"taxonomy":"post_tag","embeddable":true,"href":"https:\/\/msconectado.com.br\/index.php?rest_route=%2Fwp%2Fv2%2Ftags&post=18939"}],"curies":[{"name":"wp","href":"https:\/\/api.w.org\/{rel}","templated":true}]}}