{"id":1894,"date":"2026-09-04T19:55:50","date_gmt":"2026-09-04T19:55:50","guid":{"rendered":"https:\/\/msconectado.com.br\/?p=1894"},"modified":"2026-09-04T19:55:52","modified_gmt":"2026-09-04T19:55:52","slug":"prefeitura-de-maracaju-abre-inscricoes-para-o-casamento-comunitario-2026","status":"publish","type":"post","link":"https:\/\/msconectado.com.br\/?p=1894","title":{"rendered":"Prefeitura de Maracaju abre inscri\u00e7\u00f5es para o Casamento Comunit\u00e1rio 2026"},"content":{"rendered":"\n<p class=\"wp-block-paragraph\"><strong>Cerim\u00f4nia ser\u00e1 realizada no dia 27 de novembro; casais com renda familiar de at\u00e9 dois sal\u00e1rios m\u00ednimos e uni\u00e3o est\u00e1vel comprovada h\u00e1 pelo menos um ano podem participar<\/strong><\/p>\n\n\n\n<p class=\"wp-block-paragraph\">A Prefeitura de Maracaju, por meio da Secretaria Municipal de Assist\u00eancia Social, realiza mais uma edi\u00e7\u00e3o do Casamento Comunit\u00e1rio, iniciativa que busca proporcionar a casais em situa\u00e7\u00e3o de vulnerabilidade social a oportunidade de formalizar sua uni\u00e3o civil de maneira gratuita.<\/p>\n\n\n\n<p class=\"wp-block-paragraph\">A cerim\u00f4nia do Casamento Comunit\u00e1rio 2026 est\u00e1 marcada para o dia 27 de novembro de 2026. As inscri\u00e7\u00f5es estar\u00e3o abertas de 8 a 25 de setembro de 2026, no Centro de Refer\u00eancia de Assist\u00eancia Social (CRAS), localizado na Rua Minas Gerais, n\u00ba 2.160, Bairro Nen\u00ea Fernandes.<\/p>\n\n\n\n<p class=\"wp-block-paragraph\">Podem participar casais que atendam aos seguintes crit\u00e9rios:<\/p>\n\n\n\n<ul class=\"wp-block-list\">\n<li>Possuam renda familiar de at\u00e9 dois sal\u00e1rios m\u00ednimos;<\/li>\n\n\n\n<li>Comprovem uni\u00e3o est\u00e1vel h\u00e1 pelo menos um ano.<\/li>\n<\/ul>\n\n\n\n<p class=\"wp-block-paragraph\">A iniciativa integra as a\u00e7\u00f5es da Assist\u00eancia Social voltadas \u00e0 promo\u00e7\u00e3o da cidadania, garantia de direitos e fortalecimento dos v\u00ednculos familiares.<\/p>\n\n\n\n<p class=\"wp-block-paragraph\">Para a secret\u00e1ria municipal de Assist\u00eancia Social, Leiza Karen Barbosa, o Casamento Comunit\u00e1rio representa muito mais do que a formaliza\u00e7\u00e3o de uma uni\u00e3o.<\/p>\n\n\n\n<p class=\"wp-block-paragraph\">\u201c<em>O Casamento Comunit\u00e1rio \u00e9 uma a\u00e7\u00e3o que promove cidadania, dignidade e garantia de direitos. Sabemos que muitos casais desejam oficializar sua uni\u00e3o, mas acabam adiando esse momento por conta dos custos envolvidos. Por isso, queremos proporcionar essa oportunidade para que essas fam\u00edlias possam celebrar esse compromisso e viver um momento t\u00e3o especial com seguran\u00e7a e dignidade<\/em>\u201d, destacou Leiza Karen Barbosa.<\/p>\n\n\n\n<p class=\"wp-block-paragraph\">Documenta\u00e7\u00e3o necess\u00e1ria<\/p>\n\n\n\n<p class=\"wp-block-paragraph\">Para realizar a inscri\u00e7\u00e3o, os noivos dever\u00e3o apresentar:<\/p>\n\n\n\n<ul class=\"wp-block-list\">\n<li>RG, CPF ou CNH;<\/li>\n\n\n\n<li>Certid\u00e3o de Nascimento ou Certid\u00e3o de Casamento com averba\u00e7\u00e3o de div\u00f3rcio, quando for o caso;<\/li>\n\n\n\n<li>A certid\u00e3o dever\u00e1 ser recente, emitida nos \u00faltimos 60 dias.<\/li>\n<\/ul>\n\n\n\n<p class=\"wp-block-paragraph\">Tamb\u00e9m ser\u00e1 necess\u00e1ria a indica\u00e7\u00e3o de duas testemunhas maiores de 18 anos, que podem ser parentes ou n\u00e3o.<\/p>\n\n\n\n<p class=\"wp-block-paragraph\">As testemunhas dever\u00e3o apresentar RG e CPF no dia da entrada do processo.<\/p>\n\n\n\n<p class=\"wp-block-paragraph\">Inscri\u00e7\u00f5es e informa\u00e7\u00f5es<\/p>\n\n\n\n<p class=\"wp-block-paragraph\">Os casais interessados devem comparecer ao CRAS, no per\u00edodo de 8 a 25 de setembro, para obter informa\u00e7\u00f5es e realizar a inscri\u00e7\u00e3o.<\/p>\n\n\n\n<p class=\"wp-block-paragraph\">CRAS \u2013 Centro de Refer\u00eancia de Assist\u00eancia Social<br>&nbsp;Rua Minas Gerais, n\u00ba 2.160 \u2013 Bairro Nen\u00ea Fernandes<br>Inscri\u00e7\u00f5es: 8 a 25 de setembro de 2026<br>Vagas Limitadas<br>Casamento Comunit\u00e1rio: 27 de novembro de 2026<\/p>\n\n\n\n<p class=\"wp-block-paragraph\">Informa\u00e7\u00f5es:<br>&nbsp;(67) 98467-0470<br>&nbsp;(67) 3454-4712<\/p>\n\n\n\n<p class=\"wp-block-paragraph\">A Prefeitura de Maracaju e a Secretaria Municipal de Assist\u00eancia Social convidam os casais que atendem aos crit\u00e9rios a procurarem o CRAS dentro do per\u00edodo de inscri\u00e7\u00f5es e garantirem sua participa\u00e7\u00e3o nesta celebra\u00e7\u00e3o especial.<\/p>\n\n\n\n<p class=\"wp-block-paragraph\">Assessoria<\/p>\n\n\n\n<p class=\"wp-block-paragraph\"><\/p>\n","protected":false},"excerpt":{"rendered":"<p>Cerim\u00f4nia ser\u00e1 realizada no dia 27 de novembro; casais com renda familiar de at\u00e9 dois sal\u00e1rios m\u00ednimos e uni\u00e3o est\u00e1vel comprovada h\u00e1 pelo menos um ano podem participar A Prefeitura de Maracaju, por meio da Secretaria Municipal de Assist\u00eancia Social, realiza mais uma edi\u00e7\u00e3o do Casamento Comunit\u00e1rio, iniciativa que busca proporcionar a casais em situa\u00e7\u00e3o&#8230;<\/p>\n","protected":false},"author":2,"featured_media":1895,"comment_status":"open","ping_status":"open","sticky":false,"template":"","format":"standard","meta":{"footnotes":""},"categories":[20,21],"tags":[],"class_list":["post-1894","post","type-post","status-publish","format-standard","has-post-thumbnail","hentry","category-cidades","category-eventos"],"yoast_head":"<!-- This site is optimized with the Yoast SEO plugin v27.5 - https:\/\/yoast.com\/product\/yoast-seo-wordpress\/ -->\n<title>Prefeitura de Maracaju abre inscri\u00e7\u00f5es para o Casamento Comunit\u00e1rio 2026 - MsConectado<\/title>\n<meta name=\"robots\" content=\"index, follow, max-snippet:-1, max-image-preview:large, max-video-preview:-1\" \/>\n<link rel=\"canonical\" href=\"https:\/\/msconectado.com.br\/?p=1894\" \/>\n<meta property=\"og:locale\" content=\"pt_BR\" \/>\n<meta property=\"og:type\" content=\"article\" \/>\n<meta property=\"og:title\" content=\"Prefeitura de Maracaju abre inscri\u00e7\u00f5es para o Casamento Comunit\u00e1rio 2026 - MsConectado\" \/>\n<meta property=\"og:description\" content=\"Cerim\u00f4nia ser\u00e1 realizada no dia 27 de novembro; casais com renda familiar de at\u00e9 dois sal\u00e1rios m\u00ednimos e uni\u00e3o est\u00e1vel comprovada h\u00e1 pelo menos um ano podem participar A Prefeitura de Maracaju, por meio da Secretaria Municipal de Assist\u00eancia Social, realiza mais uma edi\u00e7\u00e3o do Casamento Comunit\u00e1rio, iniciativa que busca proporcionar a casais em situa\u00e7\u00e3o...\" \/>\n<meta property=\"og:url\" content=\"https:\/\/msconectado.com.br\/?p=1894\" \/>\n<meta property=\"og:site_name\" content=\"MsConectado\" \/>\n<meta property=\"article:published_time\" content=\"2026-09-04T19:55:50+00:00\" \/>\n<meta property=\"article:modified_time\" content=\"2026-09-04T19:55:52+00:00\" \/>\n<meta property=\"og:image\" content=\"https:\/\/msconectado.com.br\/wp-content\/uploads\/2026\/09\/771347553_17925942090394382_4559291491453527710_n.jpg\" \/>\n\t<meta property=\"og:image:width\" content=\"1600\" \/>\n\t<meta property=\"og:image:height\" content=\"1200\" \/>\n\t<meta property=\"og:image:type\" content=\"image\/jpeg\" \/>\n<meta name=\"author\" content=\"msconectado\" \/>\n<meta name=\"twitter:card\" content=\"summary_large_image\" \/>\n<meta name=\"twitter:label1\" content=\"Escrito por\" \/>\n\t<meta name=\"twitter:data1\" content=\"msconectado\" \/>\n\t<meta name=\"twitter:label2\" content=\"Est. tempo de leitura\" \/>\n\t<meta name=\"twitter:data2\" content=\"3 minutos\" \/>\n<script type=\"application\/ld+json\" class=\"yoast-schema-graph\">{\"@context\":\"https:\\\/\\\/schema.org\",\"@graph\":[{\"@type\":\"Article\",\"@id\":\"https:\\\/\\\/msconectado.com.br\\\/?p=1894#article\",\"isPartOf\":{\"@id\":\"https:\\\/\\\/msconectado.com.br\\\/?p=1894\"},\"author\":{\"name\":\"msconectado\",\"@id\":\"https:\\\/\\\/msconectado.com.br\\\/#\\\/schema\\\/person\\\/cf1ea37893f9a64034748ca4eb4a01ee\"},\"headline\":\"Prefeitura de Maracaju abre inscri\u00e7\u00f5es para o Casamento Comunit\u00e1rio 2026\",\"datePublished\":\"2026-09-04T19:55:50+00:00\",\"dateModified\":\"2026-09-04T19:55:52+00:00\",\"mainEntityOfPage\":{\"@id\":\"https:\\\/\\\/msconectado.com.br\\\/?p=1894\"},\"wordCount\":465,\"commentCount\":0,\"publisher\":{\"@id\":\"https:\\\/\\\/msconectado.com.br\\\/#organization\"},\"image\":{\"@id\":\"https:\\\/\\\/msconectado.com.br\\\/?p=1894#primaryimage\"},\"thumbnailUrl\":\"https:\\\/\\\/msconectado.com.br\\\/wp-content\\\/uploads\\\/2026\\\/09\\\/771347553_17925942090394382_4559291491453527710_n.jpg\",\"articleSection\":[\"CIDADES\",\"EVENTOS\"],\"inLanguage\":\"pt-BR\",\"potentialAction\":[{\"@type\":\"CommentAction\",\"name\":\"Comment\",\"target\":[\"https:\\\/\\\/msconectado.com.br\\\/?p=1894#respond\"]}]},{\"@type\":\"WebPage\",\"@id\":\"https:\\\/\\\/msconectado.com.br\\\/?p=1894\",\"url\":\"https:\\\/\\\/msconectado.com.br\\\/?p=1894\",\"name\":\"Prefeitura de Maracaju abre inscri\u00e7\u00f5es para o Casamento Comunit\u00e1rio 2026 - MsConectado\",\"isPartOf\":{\"@id\":\"https:\\\/\\\/msconectado.com.br\\\/#website\"},\"primaryImageOfPage\":{\"@id\":\"https:\\\/\\\/msconectado.com.br\\\/?p=1894#primaryimage\"},\"image\":{\"@id\":\"https:\\\/\\\/msconectado.com.br\\\/?p=1894#primaryimage\"},\"thumbnailUrl\":\"https:\\\/\\\/msconectado.com.br\\\/wp-content\\\/uploads\\\/2026\\\/09\\\/771347553_17925942090394382_4559291491453527710_n.jpg\",\"datePublished\":\"2026-09-04T19:55:50+00:00\",\"dateModified\":\"2026-09-04T19:55:52+00:00\",\"breadcrumb\":{\"@id\":\"https:\\\/\\\/msconectado.com.br\\\/?p=1894#breadcrumb\"},\"inLanguage\":\"pt-BR\",\"potentialAction\":[{\"@type\":\"ReadAction\",\"target\":[\"https:\\\/\\\/msconectado.com.br\\\/?p=1894\"]}]},{\"@type\":\"ImageObject\",\"inLanguage\":\"pt-BR\",\"@id\":\"https:\\\/\\\/msconectado.com.br\\\/?p=1894#primaryimage\",\"url\":\"https:\\\/\\\/msconectado.com.br\\\/wp-content\\\/uploads\\\/2026\\\/09\\\/771347553_17925942090394382_4559291491453527710_n.jpg\",\"contentUrl\":\"https:\\\/\\\/msconectado.com.br\\\/wp-content\\\/uploads\\\/2026\\\/09\\\/771347553_17925942090394382_4559291491453527710_n.jpg\",\"width\":1600,\"height\":1200},{\"@type\":\"BreadcrumbList\",\"@id\":\"https:\\\/\\\/msconectado.com.br\\\/?p=1894#breadcrumb\",\"itemListElement\":[{\"@type\":\"ListItem\",\"position\":1,\"name\":\"In\u00edcio\",\"item\":\"https:\\\/\\\/msconectado.com.br\\\/\"},{\"@type\":\"ListItem\",\"position\":2,\"name\":\"Prefeitura de Maracaju abre inscri\u00e7\u00f5es para o Casamento Comunit\u00e1rio 2026\"}]},{\"@type\":\"WebSite\",\"@id\":\"https:\\\/\\\/msconectado.com.br\\\/#website\",\"url\":\"https:\\\/\\\/msconectado.com.br\\\/\",\"name\":\"MsConectado\",\"description\":\"\",\"publisher\":{\"@id\":\"https:\\\/\\\/msconectado.com.br\\\/#organization\"},\"alternateName\":\"msconectado\",\"potentialAction\":[{\"@type\":\"SearchAction\",\"target\":{\"@type\":\"EntryPoint\",\"urlTemplate\":\"https:\\\/\\\/msconectado.com.br\\\/?s={search_term_string}\"},\"query-input\":{\"@type\":\"PropertyValueSpecification\",\"valueRequired\":true,\"valueName\":\"search_term_string\"}}],\"inLanguage\":\"pt-BR\"},{\"@type\":\"Organization\",\"@id\":\"https:\\\/\\\/msconectado.com.br\\\/#organization\",\"name\":\"MsConectado\",\"url\":\"https:\\\/\\\/msconectado.com.br\\\/\",\"logo\":{\"@type\":\"ImageObject\",\"inLanguage\":\"pt-BR\",\"@id\":\"https:\\\/\\\/msconectado.com.br\\\/#\\\/schema\\\/logo\\\/image\\\/\",\"url\":\"https:\\\/\\\/msconectado.com.br\\\/wp-content\\\/uploads\\\/2026\\\/05\\\/cropped-cropped-logo.png\",\"contentUrl\":\"https:\\\/\\\/msconectado.com.br\\\/wp-content\\\/uploads\\\/2026\\\/05\\\/cropped-cropped-logo.png\",\"width\":719,\"height\":156,\"caption\":\"MsConectado\"},\"image\":{\"@id\":\"https:\\\/\\\/msconectado.com.br\\\/#\\\/schema\\\/logo\\\/image\\\/\"}},{\"@type\":\"Person\",\"@id\":\"https:\\\/\\\/msconectado.com.br\\\/#\\\/schema\\\/person\\\/cf1ea37893f9a64034748ca4eb4a01ee\",\"name\":\"msconectado\",\"image\":{\"@type\":\"ImageObject\",\"inLanguage\":\"pt-BR\",\"@id\":\"https:\\\/\\\/secure.gravatar.com\\\/avatar\\\/3b4f84a0a8a4380ac4431fa79981d073692380c5da00ae97596e794ab0db5c8c?s=96&d=mm&r=g\",\"url\":\"https:\\\/\\\/secure.gravatar.com\\\/avatar\\\/3b4f84a0a8a4380ac4431fa79981d073692380c5da00ae97596e794ab0db5c8c?s=96&d=mm&r=g\",\"contentUrl\":\"https:\\\/\\\/secure.gravatar.com\\\/avatar\\\/3b4f84a0a8a4380ac4431fa79981d073692380c5da00ae97596e794ab0db5c8c?s=96&d=mm&r=g\",\"caption\":\"msconectado\"},\"sameAs\":[\"https:\\\/\\\/msconectado.com.br\\\/\"],\"url\":\"https:\\\/\\\/msconectado.com.br\\\/?author=2\"}]}<\/script>\n<!-- \/ Yoast SEO plugin. -->","yoast_head_json":{"title":"Prefeitura de Maracaju abre inscri\u00e7\u00f5es para o Casamento Comunit\u00e1rio 2026 - MsConectado","robots":{"index":"index","follow":"follow","max-snippet":"max-snippet:-1","max-image-preview":"max-image-preview:large","max-video-preview":"max-video-preview:-1"},"canonical":"https:\/\/msconectado.com.br\/?p=1894","og_locale":"pt_BR","og_type":"article","og_title":"Prefeitura de Maracaju abre inscri\u00e7\u00f5es para o Casamento Comunit\u00e1rio 2026 - MsConectado","og_description":"Cerim\u00f4nia ser\u00e1 realizada no dia 27 de novembro; casais com renda familiar de at\u00e9 dois sal\u00e1rios m\u00ednimos e uni\u00e3o est\u00e1vel comprovada h\u00e1 pelo menos um ano podem participar A Prefeitura de Maracaju, por meio da Secretaria Municipal de Assist\u00eancia Social, realiza mais uma edi\u00e7\u00e3o do Casamento Comunit\u00e1rio, iniciativa que busca proporcionar a casais em situa\u00e7\u00e3o...","og_url":"https:\/\/msconectado.com.br\/?p=1894","og_site_name":"MsConectado","article_published_time":"2026-09-04T19:55:50+00:00","article_modified_time":"2026-09-04T19:55:52+00:00","og_image":[{"width":1600,"height":1200,"url":"https:\/\/msconectado.com.br\/wp-content\/uploads\/2026\/09\/771347553_17925942090394382_4559291491453527710_n.jpg","type":"image\/jpeg"}],"author":"msconectado","twitter_card":"summary_large_image","twitter_misc":{"Escrito por":"msconectado","Est. tempo de leitura":"3 minutos"},"schema":{"@context":"https:\/\/schema.org","@graph":[{"@type":"Article","@id":"https:\/\/msconectado.com.br\/?p=1894#article","isPartOf":{"@id":"https:\/\/msconectado.com.br\/?p=1894"},"author":{"name":"msconectado","@id":"https:\/\/msconectado.com.br\/#\/schema\/person\/cf1ea37893f9a64034748ca4eb4a01ee"},"headline":"Prefeitura de Maracaju abre inscri\u00e7\u00f5es para o Casamento Comunit\u00e1rio 2026","datePublished":"2026-09-04T19:55:50+00:00","dateModified":"2026-09-04T19:55:52+00:00","mainEntityOfPage":{"@id":"https:\/\/msconectado.com.br\/?p=1894"},"wordCount":465,"commentCount":0,"publisher":{"@id":"https:\/\/msconectado.com.br\/#organization"},"image":{"@id":"https:\/\/msconectado.com.br\/?p=1894#primaryimage"},"thumbnailUrl":"https:\/\/msconectado.com.br\/wp-content\/uploads\/2026\/09\/771347553_17925942090394382_4559291491453527710_n.jpg","articleSection":["CIDADES","EVENTOS"],"inLanguage":"pt-BR","potentialAction":[{"@type":"CommentAction","name":"Comment","target":["https:\/\/msconectado.com.br\/?p=1894#respond"]}]},{"@type":"WebPage","@id":"https:\/\/msconectado.com.br\/?p=1894","url":"https:\/\/msconectado.com.br\/?p=1894","name":"Prefeitura de Maracaju abre inscri\u00e7\u00f5es para o Casamento Comunit\u00e1rio 2026 - MsConectado","isPartOf":{"@id":"https:\/\/msconectado.com.br\/#website"},"primaryImageOfPage":{"@id":"https:\/\/msconectado.com.br\/?p=1894#primaryimage"},"image":{"@id":"https:\/\/msconectado.com.br\/?p=1894#primaryimage"},"thumbnailUrl":"https:\/\/msconectado.com.br\/wp-content\/uploads\/2026\/09\/771347553_17925942090394382_4559291491453527710_n.jpg","datePublished":"2026-09-04T19:55:50+00:00","dateModified":"2026-09-04T19:55:52+00:00","breadcrumb":{"@id":"https:\/\/msconectado.com.br\/?p=1894#breadcrumb"},"inLanguage":"pt-BR","potentialAction":[{"@type":"ReadAction","target":["https:\/\/msconectado.com.br\/?p=1894"]}]},{"@type":"ImageObject","inLanguage":"pt-BR","@id":"https:\/\/msconectado.com.br\/?p=1894#primaryimage","url":"https:\/\/msconectado.com.br\/wp-content\/uploads\/2026\/09\/771347553_17925942090394382_4559291491453527710_n.jpg","contentUrl":"https:\/\/msconectado.com.br\/wp-content\/uploads\/2026\/09\/771347553_17925942090394382_4559291491453527710_n.jpg","width":1600,"height":1200},{"@type":"BreadcrumbList","@id":"https:\/\/msconectado.com.br\/?p=1894#breadcrumb","itemListElement":[{"@type":"ListItem","position":1,"name":"In\u00edcio","item":"https:\/\/msconectado.com.br\/"},{"@type":"ListItem","position":2,"name":"Prefeitura de Maracaju abre inscri\u00e7\u00f5es para o Casamento Comunit\u00e1rio 2026"}]},{"@type":"WebSite","@id":"https:\/\/msconectado.com.br\/#website","url":"https:\/\/msconectado.com.br\/","name":"MsConectado","description":"","publisher":{"@id":"https:\/\/msconectado.com.br\/#organization"},"alternateName":"msconectado","potentialAction":[{"@type":"SearchAction","target":{"@type":"EntryPoint","urlTemplate":"https:\/\/msconectado.com.br\/?s={search_term_string}"},"query-input":{"@type":"PropertyValueSpecification","valueRequired":true,"valueName":"search_term_string"}}],"inLanguage":"pt-BR"},{"@type":"Organization","@id":"https:\/\/msconectado.com.br\/#organization","name":"MsConectado","url":"https:\/\/msconectado.com.br\/","logo":{"@type":"ImageObject","inLanguage":"pt-BR","@id":"https:\/\/msconectado.com.br\/#\/schema\/logo\/image\/","url":"https:\/\/msconectado.com.br\/wp-content\/uploads\/2026\/05\/cropped-cropped-logo.png","contentUrl":"https:\/\/msconectado.com.br\/wp-content\/uploads\/2026\/05\/cropped-cropped-logo.png","width":719,"height":156,"caption":"MsConectado"},"image":{"@id":"https:\/\/msconectado.com.br\/#\/schema\/logo\/image\/"}},{"@type":"Person","@id":"https:\/\/msconectado.com.br\/#\/schema\/person\/cf1ea37893f9a64034748ca4eb4a01ee","name":"msconectado","image":{"@type":"ImageObject","inLanguage":"pt-BR","@id":"https:\/\/secure.gravatar.com\/avatar\/3b4f84a0a8a4380ac4431fa79981d073692380c5da00ae97596e794ab0db5c8c?s=96&d=mm&r=g","url":"https:\/\/secure.gravatar.com\/avatar\/3b4f84a0a8a4380ac4431fa79981d073692380c5da00ae97596e794ab0db5c8c?s=96&d=mm&r=g","contentUrl":"https:\/\/secure.gravatar.com\/avatar\/3b4f84a0a8a4380ac4431fa79981d073692380c5da00ae97596e794ab0db5c8c?s=96&d=mm&r=g","caption":"msconectado"},"sameAs":["https:\/\/msconectado.com.br\/"],"url":"https:\/\/msconectado.com.br\/?author=2"}]}},"_links":{"self":[{"href":"https:\/\/msconectado.com.br\/index.php?rest_route=\/wp\/v2\/posts\/1894","targetHints":{"allow":["GET"]}}],"collection":[{"href":"https:\/\/msconectado.com.br\/index.php?rest_route=\/wp\/v2\/posts"}],"about":[{"href":"https:\/\/msconectado.com.br\/index.php?rest_route=\/wp\/v2\/types\/post"}],"author":[{"embeddable":true,"href":"https:\/\/msconectado.com.br\/index.php?rest_route=\/wp\/v2\/users\/2"}],"replies":[{"embeddable":true,"href":"https:\/\/msconectado.com.br\/index.php?rest_route=%2Fwp%2Fv2%2Fcomments&post=1894"}],"version-history":[{"count":1,"href":"https:\/\/msconectado.com.br\/index.php?rest_route=\/wp\/v2\/posts\/1894\/revisions"}],"predecessor-version":[{"id":1896,"href":"https:\/\/msconectado.com.br\/index.php?rest_route=\/wp\/v2\/posts\/1894\/revisions\/1896"}],"wp:featuredmedia":[{"embeddable":true,"href":"https:\/\/msconectado.com.br\/index.php?rest_route=\/wp\/v2\/media\/1895"}],"wp:attachment":[{"href":"https:\/\/msconectado.com.br\/index.php?rest_route=%2Fwp%2Fv2%2Fmedia&parent=1894"}],"wp:term":[{"taxonomy":"category","embeddable":true,"href":"https:\/\/msconectado.com.br\/index.php?rest_route=%2Fwp%2Fv2%2Fcategories&post=1894"},{"taxonomy":"post_tag","embeddable":true,"href":"https:\/\/msconectado.com.br\/index.php?rest_route=%2Fwp%2Fv2%2Ftags&post=1894"}],"curies":[{"name":"wp","href":"https:\/\/api.w.org\/{rel}","templated":true}]}}