
{"id":18952,"date":"2023-04-12T12:21:26","date_gmt":"2023-04-12T12:21:26","guid":{"rendered":"https:\/\/msconectado.com.br\/?p=18952"},"modified":"2023-04-12T12:21:28","modified_gmt":"2023-04-12T12:21:28","slug":"projeto-preve-prazo-maximo-para-atendimento-a-pacientes-com-prognostico-autista","status":"publish","type":"post","link":"https:\/\/msconectado.com.br\/?p=18952","title":{"rendered":"Projeto prev\u00ea prazo m\u00e1ximo para atendimento a pacientes com progn\u00f3stico autista"},"content":{"rendered":"\n<p>Come\u00e7a a tramitar nesta ter\u00e7a-feira (11), Projeto de Lei que estabelece, no \u00e2mbito do estado de Mato Grosso do Sul, o prazo m\u00e1ximo de 90 dias para o efetivo atendimento pela rede p\u00fablica e privada dos pacientes com progn\u00f3stico de espectro autista, ap\u00f3s encaminhamento realizado pelo paciente, seu respons\u00e1vel legal ou pela unidade escolar.<\/p>\n\n\n\n<p>A proposta \u00e9 de autoria da deputada Mara Caseiro (PSDB) e determina que o atendimento e posterior tratamento sejam realizados com equipe multidisciplinar composta, prioritariamente, por profissionais da Medicina, Fonoaudiologia, Psicologia e Terapia Ocupacional, nos termos da&nbsp;<a href=\"http:\/\/www.planalto.gov.br\/ccivil_03\/_ato2011-2014\/2012\/lei\/l12764.htm\">Lei Federal 12.764\/2012<\/a>. A nova lei, caso o projeto seja aprovado, tamb\u00e9m obriga o Estado de Mato Grosso do Sul a garantir a \u201centrega dos medicamentos necess\u00e1rios para tratamento dos pacientes diagnosticados com espectro autista, nos termos da&nbsp;<a href=\"http:\/\/www.planalto.gov.br\/ccivil_03\/_ato2015-2018\/2015\/lei\/l13146.htm\">Lei Federal n. 13.146\/2015<\/a>\u201d.<\/p>\n\n\n\n<p>A deputada justificou a proposta durante a sess\u00e3o plen\u00e1ria. \u201cH\u00e1 quem espere anos para ter o diagn\u00f3stico e atendimento. Isso causa preju\u00edzo a essas pessoas e familiares. Sabemos que n\u00e3o h\u00e1 cura, mas t\u00eam interven\u00e7\u00f5es que podem melhorar sua adaptabilidade, aspecto social e promover mais qualidade de vida. Estudos mostram que as interven\u00e7\u00f5es antes dos 36 meses de vida levam a melhores resultados, devido a plasticidade cerebral. A fase em que o c\u00e9rebro se desenvolve mais rapidamente \u00e9 da concep\u00e7\u00e3o at\u00e9 os tr\u00eas&nbsp;anos de idade. Ent\u00e3o qualquer estimula\u00e7\u00e3o deve ser realizada at\u00e9 esse per\u00edodo. Se houver demora, os sintomas ficar\u00e3o mais consolidados, por isso essa proposta\u201d, explicou Mara Caseiro.<\/p>\n\n\n\n<p>O projeto de lei segue para an\u00e1lise da Comiss\u00e3o de Constitui\u00e7\u00e3o, Justi\u00e7a e Reda\u00e7\u00e3o (CCJR), para ent\u00e3o ser votado em primeira discuss\u00e3o. Acesse na \u00edntegra a tramita\u00e7\u00e3o pelo\u00a0<a href=\"https:\/\/sgpl.consulta.al.ms.gov.br\/sgpl-publico\/#\/busca-proposicoes\">Sistema Legislativo<\/a>.<\/p>\n\n\n\n<p>ALEMS<br>\u00a0<strong>Foto:<\/strong>\u00a0Luciana Nassar<\/p>\n\n\n\n<figure class=\"wp-block-image size-full\"><img fetchpriority=\"high\" decoding=\"async\" width=\"900\" height=\"100\" src=\"https:\/\/msconectado.com.br\/wp-content\/uploads\/2023\/03\/MS_Concetado-1.png\" alt=\"\" class=\"wp-image-18681\" srcset=\"https:\/\/msconectado.com.br\/wp-content\/uploads\/2023\/03\/MS_Concetado-1.png 900w, https:\/\/msconectado.com.br\/wp-content\/uploads\/2023\/03\/MS_Concetado-1-300x33.png 300w, https:\/\/msconectado.com.br\/wp-content\/uploads\/2023\/03\/MS_Concetado-1-768x85.png 768w\" sizes=\"(max-width: 900px) 100vw, 900px\" \/><\/figure>\n","protected":false},"excerpt":{"rendered":"<p>Come\u00e7a a tramitar nesta ter\u00e7a-feira (11), Projeto de Lei que estabelece, no \u00e2mbito do estado de Mato Grosso do Sul, o prazo m\u00e1ximo de 90 dias para o efetivo atendimento pela rede p\u00fablica e privada dos pacientes com progn\u00f3stico de espectro autista, ap\u00f3s encaminhamento realizado pelo paciente, seu respons\u00e1vel legal ou pela unidade escolar. A [&hellip;]<\/p>\n","protected":false},"author":2,"featured_media":18953,"comment_status":"open","ping_status":"closed","sticky":false,"template":"","format":"standard","meta":{"footnotes":""},"categories":[38,33],"tags":[],"class_list":["post-18952","post","type-post","status-publish","format-standard","has-post-thumbnail","hentry","category-assembleia-legislativa","category-politica"],"yoast_head":"<!-- This site is optimized with the Yoast SEO plugin v27.5 - https:\/\/yoast.com\/product\/yoast-seo-wordpress\/ -->\n<title>Projeto prev\u00ea prazo m\u00e1ximo para atendimento a pacientes com progn\u00f3stico autista - MsConectado<\/title>\n<meta name=\"robots\" content=\"index, follow, max-snippet:-1, max-image-preview:large, max-video-preview:-1\" \/>\n<link rel=\"canonical\" href=\"https:\/\/msconectado.com.br\/?p=18952\" \/>\n<meta property=\"og:locale\" content=\"pt_BR\" \/>\n<meta property=\"og:type\" content=\"article\" \/>\n<meta property=\"og:title\" content=\"Projeto prev\u00ea prazo m\u00e1ximo para atendimento a pacientes com progn\u00f3stico autista - MsConectado\" \/>\n<meta property=\"og:description\" content=\"Come\u00e7a a tramitar nesta ter\u00e7a-feira (11), Projeto de Lei que estabelece, no \u00e2mbito do estado de Mato Grosso do Sul, o prazo m\u00e1ximo de 90 dias para o efetivo atendimento pela rede p\u00fablica e privada dos pacientes com progn\u00f3stico de espectro autista, ap\u00f3s encaminhamento realizado pelo paciente, seu respons\u00e1vel legal ou pela unidade escolar. A [&hellip;]\" \/>\n<meta property=\"og:url\" content=\"https:\/\/msconectado.com.br\/?p=18952\" \/>\n<meta property=\"og:site_name\" content=\"MsConectado\" \/>\n<meta property=\"article:published_time\" content=\"2023-04-12T12:21:26+00:00\" \/>\n<meta property=\"article:modified_time\" content=\"2023-04-12T12:21:28+00:00\" \/>\n<meta property=\"og:image\" content=\"https:\/\/msconectado.com.br\/wp-content\/uploads\/2023\/04\/2023_04_11_01_12_10_f8c83191-bf17-4061-8d52-aff82459ed33.jpg\" \/>\n\t<meta property=\"og:image:width\" content=\"740\" \/>\n\t<meta property=\"og:image:height\" content=\"493\" \/>\n\t<meta property=\"og:image:type\" content=\"image\/jpeg\" \/>\n<meta name=\"author\" content=\"MsConectado\" \/>\n<meta name=\"twitter:card\" content=\"summary_large_image\" \/>\n<meta name=\"twitter:label1\" content=\"Escrito por\" \/>\n\t<meta name=\"twitter:data1\" content=\"MsConectado\" \/>\n\t<meta name=\"twitter:label2\" content=\"Est. tempo de leitura\" \/>\n\t<meta name=\"twitter:data2\" content=\"2 minutos\" \/>\n<script type=\"application\/ld+json\" class=\"yoast-schema-graph\">{\"@context\":\"https:\\\/\\\/schema.org\",\"@graph\":[{\"@type\":\"Article\",\"@id\":\"https:\\\/\\\/msconectado.com.br\\\/?p=18952#article\",\"isPartOf\":{\"@id\":\"https:\\\/\\\/msconectado.com.br\\\/?p=18952\"},\"author\":{\"name\":\"MsConectado\",\"@id\":\"https:\\\/\\\/msconectado.com.br\\\/#\\\/schema\\\/person\\\/e5585545b5687092f1041d350b6e2c16\"},\"headline\":\"Projeto prev\u00ea prazo m\u00e1ximo para atendimento a pacientes com progn\u00f3stico autista\",\"datePublished\":\"2023-04-12T12:21:26+00:00\",\"dateModified\":\"2023-04-12T12:21:28+00:00\",\"mainEntityOfPage\":{\"@id\":\"https:\\\/\\\/msconectado.com.br\\\/?p=18952\"},\"wordCount\":318,\"commentCount\":0,\"publisher\":{\"@id\":\"https:\\\/\\\/msconectado.com.br\\\/#organization\"},\"image\":{\"@id\":\"https:\\\/\\\/msconectado.com.br\\\/?p=18952#primaryimage\"},\"thumbnailUrl\":\"https:\\\/\\\/msconectado.com.br\\\/wp-content\\\/uploads\\\/2023\\\/04\\\/2023_04_11_01_12_10_f8c83191-bf17-4061-8d52-aff82459ed33.jpg\",\"articleSection\":[\"Assembleia Legislativa\",\"Pol\u00edtica\"],\"inLanguage\":\"pt-BR\",\"potentialAction\":[{\"@type\":\"CommentAction\",\"name\":\"Comment\",\"target\":[\"https:\\\/\\\/msconectado.com.br\\\/?p=18952#respond\"]}]},{\"@type\":\"WebPage\",\"@id\":\"https:\\\/\\\/msconectado.com.br\\\/?p=18952\",\"url\":\"https:\\\/\\\/msconectado.com.br\\\/?p=18952\",\"name\":\"Projeto prev\u00ea prazo m\u00e1ximo para atendimento a pacientes com progn\u00f3stico autista - MsConectado\",\"isPartOf\":{\"@id\":\"https:\\\/\\\/msconectado.com.br\\\/#website\"},\"primaryImageOfPage\":{\"@id\":\"https:\\\/\\\/msconectado.com.br\\\/?p=18952#primaryimage\"},\"image\":{\"@id\":\"https:\\\/\\\/msconectado.com.br\\\/?p=18952#primaryimage\"},\"thumbnailUrl\":\"https:\\\/\\\/msconectado.com.br\\\/wp-content\\\/uploads\\\/2023\\\/04\\\/2023_04_11_01_12_10_f8c83191-bf17-4061-8d52-aff82459ed33.jpg\",\"datePublished\":\"2023-04-12T12:21:26+00:00\",\"dateModified\":\"2023-04-12T12:21:28+00:00\",\"breadcrumb\":{\"@id\":\"https:\\\/\\\/msconectado.com.br\\\/?p=18952#breadcrumb\"},\"inLanguage\":\"pt-BR\",\"potentialAction\":[{\"@type\":\"ReadAction\",\"target\":[\"https:\\\/\\\/msconectado.com.br\\\/?p=18952\"]}]},{\"@type\":\"ImageObject\",\"inLanguage\":\"pt-BR\",\"@id\":\"https:\\\/\\\/msconectado.com.br\\\/?p=18952#primaryimage\",\"url\":\"https:\\\/\\\/msconectado.com.br\\\/wp-content\\\/uploads\\\/2023\\\/04\\\/2023_04_11_01_12_10_f8c83191-bf17-4061-8d52-aff82459ed33.jpg\",\"contentUrl\":\"https:\\\/\\\/msconectado.com.br\\\/wp-content\\\/uploads\\\/2023\\\/04\\\/2023_04_11_01_12_10_f8c83191-bf17-4061-8d52-aff82459ed33.jpg\",\"width\":740,\"height\":493},{\"@type\":\"BreadcrumbList\",\"@id\":\"https:\\\/\\\/msconectado.com.br\\\/?p=18952#breadcrumb\",\"itemListElement\":[{\"@type\":\"ListItem\",\"position\":1,\"name\":\"In\u00edcio\",\"item\":\"https:\\\/\\\/msconectado.com.br\\\/\"},{\"@type\":\"ListItem\",\"position\":2,\"name\":\"Projeto prev\u00ea prazo m\u00e1ximo para atendimento a pacientes com progn\u00f3stico autista\"}]},{\"@type\":\"WebSite\",\"@id\":\"https:\\\/\\\/msconectado.com.br\\\/#website\",\"url\":\"https:\\\/\\\/msconectado.com.br\\\/\",\"name\":\"MsConectado\",\"description\":\"Voc\u00ea Conectado com a Not\u00edcia!\",\"publisher\":{\"@id\":\"https:\\\/\\\/msconectado.com.br\\\/#organization\"},\"potentialAction\":[{\"@type\":\"SearchAction\",\"target\":{\"@type\":\"EntryPoint\",\"urlTemplate\":\"https:\\\/\\\/msconectado.com.br\\\/?s={search_term_string}\"},\"query-input\":{\"@type\":\"PropertyValueSpecification\",\"valueRequired\":true,\"valueName\":\"search_term_string\"}}],\"inLanguage\":\"pt-BR\"},{\"@type\":\"Organization\",\"@id\":\"https:\\\/\\\/msconectado.com.br\\\/#organization\",\"name\":\"MsConectado\",\"url\":\"https:\\\/\\\/msconectado.com.br\\\/\",\"logo\":{\"@type\":\"ImageObject\",\"inLanguage\":\"pt-BR\",\"@id\":\"https:\\\/\\\/msconectado.com.br\\\/#\\\/schema\\\/logo\\\/image\\\/\",\"url\":\"https:\\\/\\\/msconectado.com.br\\\/wp-content\\\/uploads\\\/2023\\\/01\\\/cropped-noticia-2.png\",\"contentUrl\":\"https:\\\/\\\/msconectado.com.br\\\/wp-content\\\/uploads\\\/2023\\\/01\\\/cropped-noticia-2.png\",\"width\":720,\"height\":157,\"caption\":\"MsConectado\"},\"image\":{\"@id\":\"https:\\\/\\\/msconectado.com.br\\\/#\\\/schema\\\/logo\\\/image\\\/\"}},{\"@type\":\"Person\",\"@id\":\"https:\\\/\\\/msconectado.com.br\\\/#\\\/schema\\\/person\\\/e5585545b5687092f1041d350b6e2c16\",\"name\":\"MsConectado\",\"image\":{\"@type\":\"ImageObject\",\"inLanguage\":\"pt-BR\",\"@id\":\"https:\\\/\\\/secure.gravatar.com\\\/avatar\\\/3b4f84a0a8a4380ac4431fa79981d073692380c5da00ae97596e794ab0db5c8c?s=96&d=mm&r=g\",\"url\":\"https:\\\/\\\/secure.gravatar.com\\\/avatar\\\/3b4f84a0a8a4380ac4431fa79981d073692380c5da00ae97596e794ab0db5c8c?s=96&d=mm&r=g\",\"contentUrl\":\"https:\\\/\\\/secure.gravatar.com\\\/avatar\\\/3b4f84a0a8a4380ac4431fa79981d073692380c5da00ae97596e794ab0db5c8c?s=96&d=mm&r=g\",\"caption\":\"MsConectado\"},\"url\":\"https:\\\/\\\/msconectado.com.br\\\/?author=2\"}]}<\/script>\n<!-- \/ Yoast SEO plugin. -->","yoast_head_json":{"title":"Projeto prev\u00ea prazo m\u00e1ximo para atendimento a pacientes com progn\u00f3stico autista - MsConectado","robots":{"index":"index","follow":"follow","max-snippet":"max-snippet:-1","max-image-preview":"max-image-preview:large","max-video-preview":"max-video-preview:-1"},"canonical":"https:\/\/msconectado.com.br\/?p=18952","og_locale":"pt_BR","og_type":"article","og_title":"Projeto prev\u00ea prazo m\u00e1ximo para atendimento a pacientes com progn\u00f3stico autista - MsConectado","og_description":"Come\u00e7a a tramitar nesta ter\u00e7a-feira (11), Projeto de Lei que estabelece, no \u00e2mbito do estado de Mato Grosso do Sul, o prazo m\u00e1ximo de 90 dias para o efetivo atendimento pela rede p\u00fablica e privada dos pacientes com progn\u00f3stico de espectro autista, ap\u00f3s encaminhamento realizado pelo paciente, seu respons\u00e1vel legal ou pela unidade escolar. A [&hellip;]","og_url":"https:\/\/msconectado.com.br\/?p=18952","og_site_name":"MsConectado","article_published_time":"2023-04-12T12:21:26+00:00","article_modified_time":"2023-04-12T12:21:28+00:00","og_image":[{"width":740,"height":493,"url":"https:\/\/msconectado.com.br\/wp-content\/uploads\/2023\/04\/2023_04_11_01_12_10_f8c83191-bf17-4061-8d52-aff82459ed33.jpg","type":"image\/jpeg"}],"author":"MsConectado","twitter_card":"summary_large_image","twitter_misc":{"Escrito por":"MsConectado","Est. tempo de leitura":"2 minutos"},"schema":{"@context":"https:\/\/schema.org","@graph":[{"@type":"Article","@id":"https:\/\/msconectado.com.br\/?p=18952#article","isPartOf":{"@id":"https:\/\/msconectado.com.br\/?p=18952"},"author":{"name":"MsConectado","@id":"https:\/\/msconectado.com.br\/#\/schema\/person\/e5585545b5687092f1041d350b6e2c16"},"headline":"Projeto prev\u00ea prazo m\u00e1ximo para atendimento a pacientes com progn\u00f3stico autista","datePublished":"2023-04-12T12:21:26+00:00","dateModified":"2023-04-12T12:21:28+00:00","mainEntityOfPage":{"@id":"https:\/\/msconectado.com.br\/?p=18952"},"wordCount":318,"commentCount":0,"publisher":{"@id":"https:\/\/msconectado.com.br\/#organization"},"image":{"@id":"https:\/\/msconectado.com.br\/?p=18952#primaryimage"},"thumbnailUrl":"https:\/\/msconectado.com.br\/wp-content\/uploads\/2023\/04\/2023_04_11_01_12_10_f8c83191-bf17-4061-8d52-aff82459ed33.jpg","articleSection":["Assembleia Legislativa","Pol\u00edtica"],"inLanguage":"pt-BR","potentialAction":[{"@type":"CommentAction","name":"Comment","target":["https:\/\/msconectado.com.br\/?p=18952#respond"]}]},{"@type":"WebPage","@id":"https:\/\/msconectado.com.br\/?p=18952","url":"https:\/\/msconectado.com.br\/?p=18952","name":"Projeto prev\u00ea prazo m\u00e1ximo para atendimento a pacientes com progn\u00f3stico autista - MsConectado","isPartOf":{"@id":"https:\/\/msconectado.com.br\/#website"},"primaryImageOfPage":{"@id":"https:\/\/msconectado.com.br\/?p=18952#primaryimage"},"image":{"@id":"https:\/\/msconectado.com.br\/?p=18952#primaryimage"},"thumbnailUrl":"https:\/\/msconectado.com.br\/wp-content\/uploads\/2023\/04\/2023_04_11_01_12_10_f8c83191-bf17-4061-8d52-aff82459ed33.jpg","datePublished":"2023-04-12T12:21:26+00:00","dateModified":"2023-04-12T12:21:28+00:00","breadcrumb":{"@id":"https:\/\/msconectado.com.br\/?p=18952#breadcrumb"},"inLanguage":"pt-BR","potentialAction":[{"@type":"ReadAction","target":["https:\/\/msconectado.com.br\/?p=18952"]}]},{"@type":"ImageObject","inLanguage":"pt-BR","@id":"https:\/\/msconectado.com.br\/?p=18952#primaryimage","url":"https:\/\/msconectado.com.br\/wp-content\/uploads\/2023\/04\/2023_04_11_01_12_10_f8c83191-bf17-4061-8d52-aff82459ed33.jpg","contentUrl":"https:\/\/msconectado.com.br\/wp-content\/uploads\/2023\/04\/2023_04_11_01_12_10_f8c83191-bf17-4061-8d52-aff82459ed33.jpg","width":740,"height":493},{"@type":"BreadcrumbList","@id":"https:\/\/msconectado.com.br\/?p=18952#breadcrumb","itemListElement":[{"@type":"ListItem","position":1,"name":"In\u00edcio","item":"https:\/\/msconectado.com.br\/"},{"@type":"ListItem","position":2,"name":"Projeto prev\u00ea prazo m\u00e1ximo para atendimento a pacientes com progn\u00f3stico autista"}]},{"@type":"WebSite","@id":"https:\/\/msconectado.com.br\/#website","url":"https:\/\/msconectado.com.br\/","name":"MsConectado","description":"Voc\u00ea Conectado com a Not\u00edcia!","publisher":{"@id":"https:\/\/msconectado.com.br\/#organization"},"potentialAction":[{"@type":"SearchAction","target":{"@type":"EntryPoint","urlTemplate":"https:\/\/msconectado.com.br\/?s={search_term_string}"},"query-input":{"@type":"PropertyValueSpecification","valueRequired":true,"valueName":"search_term_string"}}],"inLanguage":"pt-BR"},{"@type":"Organization","@id":"https:\/\/msconectado.com.br\/#organization","name":"MsConectado","url":"https:\/\/msconectado.com.br\/","logo":{"@type":"ImageObject","inLanguage":"pt-BR","@id":"https:\/\/msconectado.com.br\/#\/schema\/logo\/image\/","url":"https:\/\/msconectado.com.br\/wp-content\/uploads\/2023\/01\/cropped-noticia-2.png","contentUrl":"https:\/\/msconectado.com.br\/wp-content\/uploads\/2023\/01\/cropped-noticia-2.png","width":720,"height":157,"caption":"MsConectado"},"image":{"@id":"https:\/\/msconectado.com.br\/#\/schema\/logo\/image\/"}},{"@type":"Person","@id":"https:\/\/msconectado.com.br\/#\/schema\/person\/e5585545b5687092f1041d350b6e2c16","name":"MsConectado","image":{"@type":"ImageObject","inLanguage":"pt-BR","@id":"https:\/\/secure.gravatar.com\/avatar\/3b4f84a0a8a4380ac4431fa79981d073692380c5da00ae97596e794ab0db5c8c?s=96&d=mm&r=g","url":"https:\/\/secure.gravatar.com\/avatar\/3b4f84a0a8a4380ac4431fa79981d073692380c5da00ae97596e794ab0db5c8c?s=96&d=mm&r=g","contentUrl":"https:\/\/secure.gravatar.com\/avatar\/3b4f84a0a8a4380ac4431fa79981d073692380c5da00ae97596e794ab0db5c8c?s=96&d=mm&r=g","caption":"MsConectado"},"url":"https:\/\/msconectado.com.br\/?author=2"}]}},"_links":{"self":[{"href":"https:\/\/msconectado.com.br\/index.php?rest_route=\/wp\/v2\/posts\/18952","targetHints":{"allow":["GET"]}}],"collection":[{"href":"https:\/\/msconectado.com.br\/index.php?rest_route=\/wp\/v2\/posts"}],"about":[{"href":"https:\/\/msconectado.com.br\/index.php?rest_route=\/wp\/v2\/types\/post"}],"author":[{"embeddable":true,"href":"https:\/\/msconectado.com.br\/index.php?rest_route=\/wp\/v2\/users\/2"}],"replies":[{"embeddable":true,"href":"https:\/\/msconectado.com.br\/index.php?rest_route=%2Fwp%2Fv2%2Fcomments&post=18952"}],"version-history":[{"count":1,"href":"https:\/\/msconectado.com.br\/index.php?rest_route=\/wp\/v2\/posts\/18952\/revisions"}],"predecessor-version":[{"id":18954,"href":"https:\/\/msconectado.com.br\/index.php?rest_route=\/wp\/v2\/posts\/18952\/revisions\/18954"}],"wp:featuredmedia":[{"embeddable":true,"href":"https:\/\/msconectado.com.br\/index.php?rest_route=\/wp\/v2\/media\/18953"}],"wp:attachment":[{"href":"https:\/\/msconectado.com.br\/index.php?rest_route=%2Fwp%2Fv2%2Fmedia&parent=18952"}],"wp:term":[{"taxonomy":"category","embeddable":true,"href":"https:\/\/msconectado.com.br\/index.php?rest_route=%2Fwp%2Fv2%2Fcategories&post=18952"},{"taxonomy":"post_tag","embeddable":true,"href":"https:\/\/msconectado.com.br\/index.php?rest_route=%2Fwp%2Fv2%2Ftags&post=18952"}],"curies":[{"name":"wp","href":"https:\/\/api.w.org\/{rel}","templated":true}]}}