{"id":19919,"date":"2023-08-04T13:07:51","date_gmt":"2023-08-04T13:07:51","guid":{"rendered":"https:\/\/msconectado.com.br\/?p=19919"},"modified":"2023-08-04T13:07:53","modified_gmt":"2023-08-04T13:07:53","slug":"governador-recebe-comitiva-de-japora-para-discutir-obras-de-infraestrutura","status":"publish","type":"post","link":"https:\/\/msconectado.com.br\/?p=19919","title":{"rendered":"Governador recebe comitiva de Japor\u00e3 para discutir obras de infraestrutura"},"content":{"rendered":"\n<p>O governador Eduardo Riedel recebeu na tarde desta quinta-feira (3) o prefeito de Japor\u00e3, Paulo Franjotti, o vice-prefeito Gabriel Klasmann, al\u00e9m de vereadores para discutir melhorias para o munic\u00edpio do sul do Estado, incluindo o distrito de Jacare\u00ed.<\/p>\n\n\n\n<p>Na oportunidade, foram encaminhados pedidos para pavimenta\u00e7\u00e3o asf\u00e1ltica, ilumina\u00e7\u00e3o, equipamentos de lazer, esporte e sa\u00fade, inclusive, para a comunidade ind\u00edgena da aldeia Porto Lindo, e o fortalecimento da agricultura familiar.<\/p>\n\n\n<div class=\"wp-block-image\">\n<figure class=\"aligncenter is-resized\" id=\"attachment_445156\"><img fetchpriority=\"high\" decoding=\"async\" src=\"https:\/\/agenciadenoticias.ms.gov.br\/wp-content\/uploads\/2023\/08\/Governador-recebe-o-Prefeito-Paulo-Franjotti-Japora-e-vereadores-Foto-Bruno-Rezende-07-scaled.jpg\" alt=\"\" class=\"wp-image-445156\" width=\"662\" height=\"441\"\/><figcaption class=\"wp-element-caption\">Governador recebe o prefeito Paulo Franjotti e vereadores<\/figcaption><\/figure>\n<\/div>\n\n\n<p>A comunidade ind\u00edgena de Japor\u00e3 \u00e9 composta por cerca de 3 mil pessoas da etnia Guarani-Nh\u00e3ndeva. A inten\u00e7\u00e3o da gest\u00e3o municipal \u00e9 preservar a cultura e garantir um espa\u00e7o para que possam vender seus produtos e artesanato.<\/p>\n\n\n\n<p>Os deputados estaduais Paulo Corr\u00eaa e Mara Caseiro, e os secret\u00e1rios estaduais Pedro Caravina (Governo e Gest\u00e3o Estrat\u00e9gica), Eduardo Rocha (Casa Civil) e Eder Uilson Fran\u00e7a Lima, o Tuta (adjunto) participaram da reuni\u00e3o.<\/p>\n\n\n\n<p>Riedel adiantou que ap\u00f3s a entrega de alguns projetos t\u00e9cnicos, ser\u00e3o iniciados os processos para conv\u00eanios e editais para a contrata\u00e7\u00e3o dos servi\u00e7os e obras.<\/p>\n\n\n\n<p><em>Alexandre Gonzaga, Comunica\u00e7\u00e3o do Governo de MS<\/em><br><em>Foto: Bruno Rezende<\/em><\/p>\n","protected":false},"excerpt":{"rendered":"<p>O governador Eduardo Riedel recebeu na tarde desta quinta-feira (3) o prefeito de Japor\u00e3, Paulo Franjotti, o vice-prefeito Gabriel Klasmann, al\u00e9m de vereadores para discutir melhorias para o munic\u00edpio do sul do Estado, incluindo o distrito de Jacare\u00ed. Na oportunidade, foram encaminhados pedidos para pavimenta\u00e7\u00e3o asf\u00e1ltica, ilumina\u00e7\u00e3o, equipamentos de lazer, esporte e sa\u00fade, inclusive, para [&hellip;]<\/p>\n","protected":false},"author":2,"featured_media":19920,"comment_status":"open","ping_status":"closed","sticky":false,"template":"","format":"standard","meta":{"footnotes":""},"categories":[35,1],"tags":[],"class_list":["post-19919","post","type-post","status-publish","format-standard","has-post-thumbnail","hentry","category-cidades","category-noticia"],"yoast_head":"<!-- This site is optimized with the Yoast SEO plugin v27.4 - https:\/\/yoast.com\/product\/yoast-seo-wordpress\/ -->\n<title>Governador recebe comitiva de Japor\u00e3 para discutir obras de infraestrutura - MsConectado<\/title>\n<meta name=\"robots\" content=\"index, follow, max-snippet:-1, max-image-preview:large, max-video-preview:-1\" \/>\n<link rel=\"canonical\" href=\"https:\/\/msconectado.com.br\/?p=19919\" \/>\n<meta property=\"og:locale\" content=\"pt_BR\" \/>\n<meta property=\"og:type\" content=\"article\" \/>\n<meta property=\"og:title\" content=\"Governador recebe comitiva de Japor\u00e3 para discutir obras de infraestrutura - MsConectado\" \/>\n<meta property=\"og:description\" content=\"O governador Eduardo Riedel recebeu na tarde desta quinta-feira (3) o prefeito de Japor\u00e3, Paulo Franjotti, o vice-prefeito Gabriel Klasmann, al\u00e9m de vereadores para discutir melhorias para o munic\u00edpio do sul do Estado, incluindo o distrito de Jacare\u00ed. Na oportunidade, foram encaminhados pedidos para pavimenta\u00e7\u00e3o asf\u00e1ltica, ilumina\u00e7\u00e3o, equipamentos de lazer, esporte e sa\u00fade, inclusive, para [&hellip;]\" \/>\n<meta property=\"og:url\" content=\"https:\/\/msconectado.com.br\/?p=19919\" \/>\n<meta property=\"og:site_name\" content=\"MsConectado\" \/>\n<meta property=\"article:published_time\" content=\"2023-08-04T13:07:51+00:00\" \/>\n<meta property=\"article:modified_time\" content=\"2023-08-04T13:07:53+00:00\" \/>\n<meta property=\"og:image\" content=\"https:\/\/msconectado.com.br\/wp-content\/uploads\/2023\/08\/Governador-recebe-o-Prefeito-Paulo-Franjotti-Japora-e-vereadores-Foto-Bruno-Rezende-05-730x480-1.jpg\" \/>\n\t<meta property=\"og:image:width\" content=\"730\" \/>\n\t<meta property=\"og:image:height\" content=\"480\" \/>\n\t<meta property=\"og:image:type\" content=\"image\/jpeg\" \/>\n<meta name=\"author\" content=\"MsConectado\" \/>\n<meta name=\"twitter:card\" content=\"summary_large_image\" \/>\n<meta name=\"twitter:label1\" content=\"Escrito por\" \/>\n\t<meta name=\"twitter:data1\" content=\"MsConectado\" \/>\n\t<meta name=\"twitter:label2\" content=\"Est. tempo de leitura\" \/>\n\t<meta name=\"twitter:data2\" content=\"1 minuto\" \/>\n<script type=\"application\/ld+json\" class=\"yoast-schema-graph\">{\"@context\":\"https:\\\/\\\/schema.org\",\"@graph\":[{\"@type\":\"Article\",\"@id\":\"https:\\\/\\\/msconectado.com.br\\\/?p=19919#article\",\"isPartOf\":{\"@id\":\"https:\\\/\\\/msconectado.com.br\\\/?p=19919\"},\"author\":{\"name\":\"MsConectado\",\"@id\":\"https:\\\/\\\/msconectado.com.br\\\/#\\\/schema\\\/person\\\/e5585545b5687092f1041d350b6e2c16\"},\"headline\":\"Governador recebe comitiva de Japor\u00e3 para discutir obras de infraestrutura\",\"datePublished\":\"2023-08-04T13:07:51+00:00\",\"dateModified\":\"2023-08-04T13:07:53+00:00\",\"mainEntityOfPage\":{\"@id\":\"https:\\\/\\\/msconectado.com.br\\\/?p=19919\"},\"wordCount\":212,\"commentCount\":0,\"publisher\":{\"@id\":\"https:\\\/\\\/msconectado.com.br\\\/#organization\"},\"image\":{\"@id\":\"https:\\\/\\\/msconectado.com.br\\\/?p=19919#primaryimage\"},\"thumbnailUrl\":\"https:\\\/\\\/msconectado.com.br\\\/wp-content\\\/uploads\\\/2023\\\/08\\\/Governador-recebe-o-Prefeito-Paulo-Franjotti-Japora-e-vereadores-Foto-Bruno-Rezende-05-730x480-1.jpg\",\"articleSection\":[\"Cidades\",\"Not\u00edcia\"],\"inLanguage\":\"pt-BR\",\"potentialAction\":[{\"@type\":\"CommentAction\",\"name\":\"Comment\",\"target\":[\"https:\\\/\\\/msconectado.com.br\\\/?p=19919#respond\"]}]},{\"@type\":\"WebPage\",\"@id\":\"https:\\\/\\\/msconectado.com.br\\\/?p=19919\",\"url\":\"https:\\\/\\\/msconectado.com.br\\\/?p=19919\",\"name\":\"Governador recebe comitiva de Japor\u00e3 para discutir obras de infraestrutura - MsConectado\",\"isPartOf\":{\"@id\":\"https:\\\/\\\/msconectado.com.br\\\/#website\"},\"primaryImageOfPage\":{\"@id\":\"https:\\\/\\\/msconectado.com.br\\\/?p=19919#primaryimage\"},\"image\":{\"@id\":\"https:\\\/\\\/msconectado.com.br\\\/?p=19919#primaryimage\"},\"thumbnailUrl\":\"https:\\\/\\\/msconectado.com.br\\\/wp-content\\\/uploads\\\/2023\\\/08\\\/Governador-recebe-o-Prefeito-Paulo-Franjotti-Japora-e-vereadores-Foto-Bruno-Rezende-05-730x480-1.jpg\",\"datePublished\":\"2023-08-04T13:07:51+00:00\",\"dateModified\":\"2023-08-04T13:07:53+00:00\",\"breadcrumb\":{\"@id\":\"https:\\\/\\\/msconectado.com.br\\\/?p=19919#breadcrumb\"},\"inLanguage\":\"pt-BR\",\"potentialAction\":[{\"@type\":\"ReadAction\",\"target\":[\"https:\\\/\\\/msconectado.com.br\\\/?p=19919\"]}]},{\"@type\":\"ImageObject\",\"inLanguage\":\"pt-BR\",\"@id\":\"https:\\\/\\\/msconectado.com.br\\\/?p=19919#primaryimage\",\"url\":\"https:\\\/\\\/msconectado.com.br\\\/wp-content\\\/uploads\\\/2023\\\/08\\\/Governador-recebe-o-Prefeito-Paulo-Franjotti-Japora-e-vereadores-Foto-Bruno-Rezende-05-730x480-1.jpg\",\"contentUrl\":\"https:\\\/\\\/msconectado.com.br\\\/wp-content\\\/uploads\\\/2023\\\/08\\\/Governador-recebe-o-Prefeito-Paulo-Franjotti-Japora-e-vereadores-Foto-Bruno-Rezende-05-730x480-1.jpg\",\"width\":730,\"height\":480},{\"@type\":\"BreadcrumbList\",\"@id\":\"https:\\\/\\\/msconectado.com.br\\\/?p=19919#breadcrumb\",\"itemListElement\":[{\"@type\":\"ListItem\",\"position\":1,\"name\":\"In\u00edcio\",\"item\":\"https:\\\/\\\/msconectado.com.br\\\/\"},{\"@type\":\"ListItem\",\"position\":2,\"name\":\"Governador recebe comitiva de Japor\u00e3 para discutir obras de infraestrutura\"}]},{\"@type\":\"WebSite\",\"@id\":\"https:\\\/\\\/msconectado.com.br\\\/#website\",\"url\":\"https:\\\/\\\/msconectado.com.br\\\/\",\"name\":\"MsConectado\",\"description\":\"Voc\u00ea Conectado com a Not\u00edcia!\",\"publisher\":{\"@id\":\"https:\\\/\\\/msconectado.com.br\\\/#organization\"},\"potentialAction\":[{\"@type\":\"SearchAction\",\"target\":{\"@type\":\"EntryPoint\",\"urlTemplate\":\"https:\\\/\\\/msconectado.com.br\\\/?s={search_term_string}\"},\"query-input\":{\"@type\":\"PropertyValueSpecification\",\"valueRequired\":true,\"valueName\":\"search_term_string\"}}],\"inLanguage\":\"pt-BR\"},{\"@type\":\"Organization\",\"@id\":\"https:\\\/\\\/msconectado.com.br\\\/#organization\",\"name\":\"MsConectado\",\"url\":\"https:\\\/\\\/msconectado.com.br\\\/\",\"logo\":{\"@type\":\"ImageObject\",\"inLanguage\":\"pt-BR\",\"@id\":\"https:\\\/\\\/msconectado.com.br\\\/#\\\/schema\\\/logo\\\/image\\\/\",\"url\":\"https:\\\/\\\/msconectado.com.br\\\/wp-content\\\/uploads\\\/2023\\\/01\\\/cropped-noticia-2.png\",\"contentUrl\":\"https:\\\/\\\/msconectado.com.br\\\/wp-content\\\/uploads\\\/2023\\\/01\\\/cropped-noticia-2.png\",\"width\":720,\"height\":157,\"caption\":\"MsConectado\"},\"image\":{\"@id\":\"https:\\\/\\\/msconectado.com.br\\\/#\\\/schema\\\/logo\\\/image\\\/\"}},{\"@type\":\"Person\",\"@id\":\"https:\\\/\\\/msconectado.com.br\\\/#\\\/schema\\\/person\\\/e5585545b5687092f1041d350b6e2c16\",\"name\":\"MsConectado\",\"image\":{\"@type\":\"ImageObject\",\"inLanguage\":\"pt-BR\",\"@id\":\"https:\\\/\\\/secure.gravatar.com\\\/avatar\\\/3b4f84a0a8a4380ac4431fa79981d073692380c5da00ae97596e794ab0db5c8c?s=96&d=mm&r=g\",\"url\":\"https:\\\/\\\/secure.gravatar.com\\\/avatar\\\/3b4f84a0a8a4380ac4431fa79981d073692380c5da00ae97596e794ab0db5c8c?s=96&d=mm&r=g\",\"contentUrl\":\"https:\\\/\\\/secure.gravatar.com\\\/avatar\\\/3b4f84a0a8a4380ac4431fa79981d073692380c5da00ae97596e794ab0db5c8c?s=96&d=mm&r=g\",\"caption\":\"MsConectado\"},\"url\":\"https:\\\/\\\/msconectado.com.br\\\/?author=2\"}]}<\/script>\n<!-- \/ Yoast SEO plugin. -->","yoast_head_json":{"title":"Governador recebe comitiva de Japor\u00e3 para discutir obras de infraestrutura - MsConectado","robots":{"index":"index","follow":"follow","max-snippet":"max-snippet:-1","max-image-preview":"max-image-preview:large","max-video-preview":"max-video-preview:-1"},"canonical":"https:\/\/msconectado.com.br\/?p=19919","og_locale":"pt_BR","og_type":"article","og_title":"Governador recebe comitiva de Japor\u00e3 para discutir obras de infraestrutura - MsConectado","og_description":"O governador Eduardo Riedel recebeu na tarde desta quinta-feira (3) o prefeito de Japor\u00e3, Paulo Franjotti, o vice-prefeito Gabriel Klasmann, al\u00e9m de vereadores para discutir melhorias para o munic\u00edpio do sul do Estado, incluindo o distrito de Jacare\u00ed. Na oportunidade, foram encaminhados pedidos para pavimenta\u00e7\u00e3o asf\u00e1ltica, ilumina\u00e7\u00e3o, equipamentos de lazer, esporte e sa\u00fade, inclusive, para [&hellip;]","og_url":"https:\/\/msconectado.com.br\/?p=19919","og_site_name":"MsConectado","article_published_time":"2023-08-04T13:07:51+00:00","article_modified_time":"2023-08-04T13:07:53+00:00","og_image":[{"width":730,"height":480,"url":"https:\/\/msconectado.com.br\/wp-content\/uploads\/2023\/08\/Governador-recebe-o-Prefeito-Paulo-Franjotti-Japora-e-vereadores-Foto-Bruno-Rezende-05-730x480-1.jpg","type":"image\/jpeg"}],"author":"MsConectado","twitter_card":"summary_large_image","twitter_misc":{"Escrito por":"MsConectado","Est. tempo de leitura":"1 minuto"},"schema":{"@context":"https:\/\/schema.org","@graph":[{"@type":"Article","@id":"https:\/\/msconectado.com.br\/?p=19919#article","isPartOf":{"@id":"https:\/\/msconectado.com.br\/?p=19919"},"author":{"name":"MsConectado","@id":"https:\/\/msconectado.com.br\/#\/schema\/person\/e5585545b5687092f1041d350b6e2c16"},"headline":"Governador recebe comitiva de Japor\u00e3 para discutir obras de infraestrutura","datePublished":"2023-08-04T13:07:51+00:00","dateModified":"2023-08-04T13:07:53+00:00","mainEntityOfPage":{"@id":"https:\/\/msconectado.com.br\/?p=19919"},"wordCount":212,"commentCount":0,"publisher":{"@id":"https:\/\/msconectado.com.br\/#organization"},"image":{"@id":"https:\/\/msconectado.com.br\/?p=19919#primaryimage"},"thumbnailUrl":"https:\/\/msconectado.com.br\/wp-content\/uploads\/2023\/08\/Governador-recebe-o-Prefeito-Paulo-Franjotti-Japora-e-vereadores-Foto-Bruno-Rezende-05-730x480-1.jpg","articleSection":["Cidades","Not\u00edcia"],"inLanguage":"pt-BR","potentialAction":[{"@type":"CommentAction","name":"Comment","target":["https:\/\/msconectado.com.br\/?p=19919#respond"]}]},{"@type":"WebPage","@id":"https:\/\/msconectado.com.br\/?p=19919","url":"https:\/\/msconectado.com.br\/?p=19919","name":"Governador recebe comitiva de Japor\u00e3 para discutir obras de infraestrutura - MsConectado","isPartOf":{"@id":"https:\/\/msconectado.com.br\/#website"},"primaryImageOfPage":{"@id":"https:\/\/msconectado.com.br\/?p=19919#primaryimage"},"image":{"@id":"https:\/\/msconectado.com.br\/?p=19919#primaryimage"},"thumbnailUrl":"https:\/\/msconectado.com.br\/wp-content\/uploads\/2023\/08\/Governador-recebe-o-Prefeito-Paulo-Franjotti-Japora-e-vereadores-Foto-Bruno-Rezende-05-730x480-1.jpg","datePublished":"2023-08-04T13:07:51+00:00","dateModified":"2023-08-04T13:07:53+00:00","breadcrumb":{"@id":"https:\/\/msconectado.com.br\/?p=19919#breadcrumb"},"inLanguage":"pt-BR","potentialAction":[{"@type":"ReadAction","target":["https:\/\/msconectado.com.br\/?p=19919"]}]},{"@type":"ImageObject","inLanguage":"pt-BR","@id":"https:\/\/msconectado.com.br\/?p=19919#primaryimage","url":"https:\/\/msconectado.com.br\/wp-content\/uploads\/2023\/08\/Governador-recebe-o-Prefeito-Paulo-Franjotti-Japora-e-vereadores-Foto-Bruno-Rezende-05-730x480-1.jpg","contentUrl":"https:\/\/msconectado.com.br\/wp-content\/uploads\/2023\/08\/Governador-recebe-o-Prefeito-Paulo-Franjotti-Japora-e-vereadores-Foto-Bruno-Rezende-05-730x480-1.jpg","width":730,"height":480},{"@type":"BreadcrumbList","@id":"https:\/\/msconectado.com.br\/?p=19919#breadcrumb","itemListElement":[{"@type":"ListItem","position":1,"name":"In\u00edcio","item":"https:\/\/msconectado.com.br\/"},{"@type":"ListItem","position":2,"name":"Governador recebe comitiva de Japor\u00e3 para discutir obras de infraestrutura"}]},{"@type":"WebSite","@id":"https:\/\/msconectado.com.br\/#website","url":"https:\/\/msconectado.com.br\/","name":"MsConectado","description":"Voc\u00ea Conectado com a Not\u00edcia!","publisher":{"@id":"https:\/\/msconectado.com.br\/#organization"},"potentialAction":[{"@type":"SearchAction","target":{"@type":"EntryPoint","urlTemplate":"https:\/\/msconectado.com.br\/?s={search_term_string}"},"query-input":{"@type":"PropertyValueSpecification","valueRequired":true,"valueName":"search_term_string"}}],"inLanguage":"pt-BR"},{"@type":"Organization","@id":"https:\/\/msconectado.com.br\/#organization","name":"MsConectado","url":"https:\/\/msconectado.com.br\/","logo":{"@type":"ImageObject","inLanguage":"pt-BR","@id":"https:\/\/msconectado.com.br\/#\/schema\/logo\/image\/","url":"https:\/\/msconectado.com.br\/wp-content\/uploads\/2023\/01\/cropped-noticia-2.png","contentUrl":"https:\/\/msconectado.com.br\/wp-content\/uploads\/2023\/01\/cropped-noticia-2.png","width":720,"height":157,"caption":"MsConectado"},"image":{"@id":"https:\/\/msconectado.com.br\/#\/schema\/logo\/image\/"}},{"@type":"Person","@id":"https:\/\/msconectado.com.br\/#\/schema\/person\/e5585545b5687092f1041d350b6e2c16","name":"MsConectado","image":{"@type":"ImageObject","inLanguage":"pt-BR","@id":"https:\/\/secure.gravatar.com\/avatar\/3b4f84a0a8a4380ac4431fa79981d073692380c5da00ae97596e794ab0db5c8c?s=96&d=mm&r=g","url":"https:\/\/secure.gravatar.com\/avatar\/3b4f84a0a8a4380ac4431fa79981d073692380c5da00ae97596e794ab0db5c8c?s=96&d=mm&r=g","contentUrl":"https:\/\/secure.gravatar.com\/avatar\/3b4f84a0a8a4380ac4431fa79981d073692380c5da00ae97596e794ab0db5c8c?s=96&d=mm&r=g","caption":"MsConectado"},"url":"https:\/\/msconectado.com.br\/?author=2"}]}},"_links":{"self":[{"href":"https:\/\/msconectado.com.br\/index.php?rest_route=\/wp\/v2\/posts\/19919","targetHints":{"allow":["GET"]}}],"collection":[{"href":"https:\/\/msconectado.com.br\/index.php?rest_route=\/wp\/v2\/posts"}],"about":[{"href":"https:\/\/msconectado.com.br\/index.php?rest_route=\/wp\/v2\/types\/post"}],"author":[{"embeddable":true,"href":"https:\/\/msconectado.com.br\/index.php?rest_route=\/wp\/v2\/users\/2"}],"replies":[{"embeddable":true,"href":"https:\/\/msconectado.com.br\/index.php?rest_route=%2Fwp%2Fv2%2Fcomments&post=19919"}],"version-history":[{"count":1,"href":"https:\/\/msconectado.com.br\/index.php?rest_route=\/wp\/v2\/posts\/19919\/revisions"}],"predecessor-version":[{"id":19921,"href":"https:\/\/msconectado.com.br\/index.php?rest_route=\/wp\/v2\/posts\/19919\/revisions\/19921"}],"wp:featuredmedia":[{"embeddable":true,"href":"https:\/\/msconectado.com.br\/index.php?rest_route=\/wp\/v2\/media\/19920"}],"wp:attachment":[{"href":"https:\/\/msconectado.com.br\/index.php?rest_route=%2Fwp%2Fv2%2Fmedia&parent=19919"}],"wp:term":[{"taxonomy":"category","embeddable":true,"href":"https:\/\/msconectado.com.br\/index.php?rest_route=%2Fwp%2Fv2%2Fcategories&post=19919"},{"taxonomy":"post_tag","embeddable":true,"href":"https:\/\/msconectado.com.br\/index.php?rest_route=%2Fwp%2Fv2%2Ftags&post=19919"}],"curies":[{"name":"wp","href":"https:\/\/api.w.org\/{rel}","templated":true}]}}