
{"id":20282,"date":"2023-09-28T18:26:25","date_gmt":"2023-09-28T18:26:25","guid":{"rendered":"https:\/\/msconectado.com.br\/?p=20282"},"modified":"2023-09-28T18:26:26","modified_gmt":"2023-09-28T18:26:26","slug":"em-dourados-joao-cesar-mattogrosso-se-reuniu-com-entidades-e-prestigiou-posse-na-uems","status":"publish","type":"post","link":"https:\/\/msconectado.com.br\/?p=20282","title":{"rendered":"Em Dourados, Jo\u00e3o C\u00e9sar Mattogrosso se reuniu com entidades e prestigiou posse na UEMS"},"content":{"rendered":"\n<p>O deputado estadual Jo\u00e3o C\u00e9sar Mattogrosso (PSDB) iniciou a \u00faltima semana do m\u00eas de setembro visitando a regi\u00e3o sul do estado, passando por Ponta Por\u00e3, Laguna Carap\u00e3 e na \u00faltima ter\u00e7a-feira (26) esteve em Dourados. Ap\u00f3s visitar entidades, participou da posse do Reitor e da Vice-Reitora da Universidade Estadual de Mato Grosso do Sul (UEMS).<\/p>\n\n\n\n<p>Para recepcionar demandas dos moradores da segunda maior cidade do estado, o parlamentar percorreu o munic\u00edpio e se reuniu com representantes da Igreja Presbiteriana que coordenam a Miss\u00e3o Caiu\u00e1, da Ordem dos Advogados do Brasil \u2013 Subse\u00e7\u00e3o 4\u00aa Dourados e da Associa\u00e7\u00e3o Comercial e Empresarial de Dourados (Aced).<\/p>\n\n\n\n<p>\u201cNosso objetivo \u00e9 multiplicar as a\u00e7\u00f5es do nosso mandato, sempre com a aten\u00e7\u00e3o voltadas aos diversos segmentos que representam a popula\u00e7\u00e3o, para que possamos construir avan\u00e7os. Tivemos uma agenda muito produtiva em Dourados, onde fomos recepcionados pelos presidentes e corpo administrativo dessas entidades, com relevantes encaminhamentos\u201d, destaca o deputado Jo\u00e3o C\u00e9sar Mattogrosso.<\/p>\n\n\n\n<p>Reconhecido pelo slogan \u201cChama o Jo\u00e3o\u201d, o parlamentar tamb\u00e9m concedeu entrevistas, onde apresentou os destaques de seu mandato. \u201cTemos uma pauta diversificada, que vai desde a aten\u00e7\u00e3o \u00e0s pol\u00edticas p\u00fablicas para mulheres at\u00e9 o agroneg\u00f3cio, que \u00e9 o setor em que empreendo. Acredito no poder do di\u00e1logo e, acima de tudo, na pol\u00edtica de resultados\u201d, refor\u00e7ou Jo\u00e3o C\u00e9sar.<\/p>\n\n\n\n<p>Al\u00e9m disso, o deputado tamb\u00e9m chamou aten\u00e7\u00e3o para a participa\u00e7\u00e3o dos jovens na pol\u00edtica. \u201cPrecisamos de mais jovens na pol\u00edtica da regi\u00e3o, queremos fortalecer nossa base apostando em novos nomes, at\u00e9 porque meu mandato tem a juventude como uma das suas pautas priorit\u00e1rias\u201d, afirmou.<\/p>\n\n\n\n<p>A agenda no munic\u00edpio contou ainda com uma roda de conversa com jovens, onde alinhou a\u00e7\u00f5es para cumprir o prop\u00f3sito de incentivar a\u00e7\u00f5es direcionadas para fortalecer a juventude.<\/p>\n\n\n\n<p><strong>POSSE UEMS \u2013<\/strong>&nbsp;O prof. Dr. La\u00e9rcio Alves de Carvalho, reitor da Universidade Estadual de Mato Grosso do Sul (UEMS), foi reconduzido ao cargo ap\u00f3s ser reeleito para mais quatro anos de mandato, juntamente com a vice-reitora, profa. Dr\u00aa. Lucina Ferreira da Silva. O mandato \u00e0 frente da UEMS ter\u00e1 vig\u00eancia de 2023 a 2027.<\/p>\n\n\n\n<p>Para o deputado Jo\u00e3o C\u00e9sar Mattogrosso, que acompanha o trabalho da institui\u00e7\u00e3o h\u00e1 anos, a solenidade foi mais que especial. \u201c\u00c9 um prazer fazer parte desse momento emblem\u00e1tico, pois o prof. Dr. La\u00e9rcio de Carvalho \u00e9 muito competente e realizou um grande trabalho ao lado da profa. Dra. Celi Neres. Agora nesse novo ciclo com a vice-reitora profa. Dra. Luciana ser\u00e1 um novo tempo de realiza\u00e7\u00f5es, que desejamos ser transformadores, com novas oportunidades, inova\u00e7\u00e3o, tecnologia, inclus\u00e3o e desenvolvimento para o ensino superior em nosso Estado\u201d, enalteceu.<\/p>\n\n\n\n<p>Em 2023, ao completar 30 anos, a Universidade est\u00e1 presente em 28 munic\u00edpios, sendo 15 unidades f\u00edsicas, 13 polos de EaD pela Universidade Aberta do Brasil (UAB) e ainda em munic\u00edpios com cursos de oferta \u00fanica. Atualmente possui mais de 70 cursos de gradua\u00e7\u00e3o, quatro doutorados, 18 mestrados e 10 especializa\u00e7\u00f5es lato sensu. S\u00e3o mais de 20 mil formados ao longo dos 30 anos; e cerca de dez mil alunos matriculados.<\/p>\n\n\n\n<p>Assessoria<\/p>\n","protected":false},"excerpt":{"rendered":"<p>O deputado estadual Jo\u00e3o C\u00e9sar Mattogrosso (PSDB) iniciou a \u00faltima semana do m\u00eas de setembro visitando a regi\u00e3o sul do estado, passando por Ponta Por\u00e3, Laguna Carap\u00e3 e na \u00faltima ter\u00e7a-feira (26) esteve em Dourados. Ap\u00f3s visitar entidades, participou da posse do Reitor e da Vice-Reitora da Universidade Estadual de Mato Grosso do Sul (UEMS). [&hellip;]<\/p>\n","protected":false},"author":2,"featured_media":20283,"comment_status":"open","ping_status":"closed","sticky":false,"template":"","format":"standard","meta":{"footnotes":""},"categories":[38,35,1],"tags":[],"class_list":["post-20282","post","type-post","status-publish","format-standard","has-post-thumbnail","hentry","category-assembleia-legislativa","category-cidades","category-noticia"],"yoast_head":"<!-- This site is optimized with the Yoast SEO plugin v27.5 - https:\/\/yoast.com\/product\/yoast-seo-wordpress\/ -->\n<title>Em Dourados, Jo\u00e3o C\u00e9sar Mattogrosso se reuniu com entidades e prestigiou posse na UEMS - MsConectado<\/title>\n<meta name=\"robots\" content=\"index, follow, max-snippet:-1, max-image-preview:large, max-video-preview:-1\" \/>\n<link rel=\"canonical\" href=\"https:\/\/msconectado.com.br\/?p=20282\" \/>\n<meta property=\"og:locale\" content=\"pt_BR\" \/>\n<meta property=\"og:type\" content=\"article\" \/>\n<meta property=\"og:title\" content=\"Em Dourados, Jo\u00e3o C\u00e9sar Mattogrosso se reuniu com entidades e prestigiou posse na UEMS - MsConectado\" \/>\n<meta property=\"og:description\" content=\"O deputado estadual Jo\u00e3o C\u00e9sar Mattogrosso (PSDB) iniciou a \u00faltima semana do m\u00eas de setembro visitando a regi\u00e3o sul do estado, passando por Ponta Por\u00e3, Laguna Carap\u00e3 e na \u00faltima ter\u00e7a-feira (26) esteve em Dourados. Ap\u00f3s visitar entidades, participou da posse do Reitor e da Vice-Reitora da Universidade Estadual de Mato Grosso do Sul (UEMS). [&hellip;]\" \/>\n<meta property=\"og:url\" content=\"https:\/\/msconectado.com.br\/?p=20282\" \/>\n<meta property=\"og:site_name\" content=\"MsConectado\" \/>\n<meta property=\"article:published_time\" content=\"2023-09-28T18:26:25+00:00\" \/>\n<meta property=\"article:modified_time\" content=\"2023-09-28T18:26:26+00:00\" \/>\n<meta property=\"og:image\" content=\"https:\/\/msconectado.com.br\/wp-content\/uploads\/2023\/09\/joao.jpeg\" \/>\n\t<meta property=\"og:image:width\" content=\"2000\" \/>\n\t<meta property=\"og:image:height\" content=\"1313\" \/>\n\t<meta property=\"og:image:type\" content=\"image\/jpeg\" \/>\n<meta name=\"author\" content=\"MsConectado\" \/>\n<meta name=\"twitter:card\" content=\"summary_large_image\" \/>\n<meta name=\"twitter:label1\" content=\"Escrito por\" \/>\n\t<meta name=\"twitter:data1\" content=\"MsConectado\" \/>\n\t<meta name=\"twitter:label2\" content=\"Est. tempo de leitura\" \/>\n\t<meta name=\"twitter:data2\" content=\"3 minutos\" \/>\n<script type=\"application\/ld+json\" class=\"yoast-schema-graph\">{\"@context\":\"https:\\\/\\\/schema.org\",\"@graph\":[{\"@type\":\"Article\",\"@id\":\"https:\\\/\\\/msconectado.com.br\\\/?p=20282#article\",\"isPartOf\":{\"@id\":\"https:\\\/\\\/msconectado.com.br\\\/?p=20282\"},\"author\":{\"name\":\"MsConectado\",\"@id\":\"https:\\\/\\\/msconectado.com.br\\\/#\\\/schema\\\/person\\\/e5585545b5687092f1041d350b6e2c16\"},\"headline\":\"Em Dourados, Jo\u00e3o C\u00e9sar Mattogrosso se reuniu com entidades e prestigiou posse na UEMS\",\"datePublished\":\"2023-09-28T18:26:25+00:00\",\"dateModified\":\"2023-09-28T18:26:26+00:00\",\"mainEntityOfPage\":{\"@id\":\"https:\\\/\\\/msconectado.com.br\\\/?p=20282\"},\"wordCount\":550,\"commentCount\":0,\"publisher\":{\"@id\":\"https:\\\/\\\/msconectado.com.br\\\/#organization\"},\"image\":{\"@id\":\"https:\\\/\\\/msconectado.com.br\\\/?p=20282#primaryimage\"},\"thumbnailUrl\":\"https:\\\/\\\/msconectado.com.br\\\/wp-content\\\/uploads\\\/2023\\\/09\\\/joao.jpeg\",\"articleSection\":[\"Assembleia Legislativa\",\"Cidades\",\"Not\u00edcia\"],\"inLanguage\":\"pt-BR\",\"potentialAction\":[{\"@type\":\"CommentAction\",\"name\":\"Comment\",\"target\":[\"https:\\\/\\\/msconectado.com.br\\\/?p=20282#respond\"]}]},{\"@type\":\"WebPage\",\"@id\":\"https:\\\/\\\/msconectado.com.br\\\/?p=20282\",\"url\":\"https:\\\/\\\/msconectado.com.br\\\/?p=20282\",\"name\":\"Em Dourados, Jo\u00e3o C\u00e9sar Mattogrosso se reuniu com entidades e prestigiou posse na UEMS - MsConectado\",\"isPartOf\":{\"@id\":\"https:\\\/\\\/msconectado.com.br\\\/#website\"},\"primaryImageOfPage\":{\"@id\":\"https:\\\/\\\/msconectado.com.br\\\/?p=20282#primaryimage\"},\"image\":{\"@id\":\"https:\\\/\\\/msconectado.com.br\\\/?p=20282#primaryimage\"},\"thumbnailUrl\":\"https:\\\/\\\/msconectado.com.br\\\/wp-content\\\/uploads\\\/2023\\\/09\\\/joao.jpeg\",\"datePublished\":\"2023-09-28T18:26:25+00:00\",\"dateModified\":\"2023-09-28T18:26:26+00:00\",\"breadcrumb\":{\"@id\":\"https:\\\/\\\/msconectado.com.br\\\/?p=20282#breadcrumb\"},\"inLanguage\":\"pt-BR\",\"potentialAction\":[{\"@type\":\"ReadAction\",\"target\":[\"https:\\\/\\\/msconectado.com.br\\\/?p=20282\"]}]},{\"@type\":\"ImageObject\",\"inLanguage\":\"pt-BR\",\"@id\":\"https:\\\/\\\/msconectado.com.br\\\/?p=20282#primaryimage\",\"url\":\"https:\\\/\\\/msconectado.com.br\\\/wp-content\\\/uploads\\\/2023\\\/09\\\/joao.jpeg\",\"contentUrl\":\"https:\\\/\\\/msconectado.com.br\\\/wp-content\\\/uploads\\\/2023\\\/09\\\/joao.jpeg\",\"width\":2000,\"height\":1313},{\"@type\":\"BreadcrumbList\",\"@id\":\"https:\\\/\\\/msconectado.com.br\\\/?p=20282#breadcrumb\",\"itemListElement\":[{\"@type\":\"ListItem\",\"position\":1,\"name\":\"In\u00edcio\",\"item\":\"https:\\\/\\\/msconectado.com.br\\\/\"},{\"@type\":\"ListItem\",\"position\":2,\"name\":\"Em Dourados, Jo\u00e3o C\u00e9sar Mattogrosso se reuniu com entidades e prestigiou posse na UEMS\"}]},{\"@type\":\"WebSite\",\"@id\":\"https:\\\/\\\/msconectado.com.br\\\/#website\",\"url\":\"https:\\\/\\\/msconectado.com.br\\\/\",\"name\":\"MsConectado\",\"description\":\"Voc\u00ea Conectado com a Not\u00edcia!\",\"publisher\":{\"@id\":\"https:\\\/\\\/msconectado.com.br\\\/#organization\"},\"potentialAction\":[{\"@type\":\"SearchAction\",\"target\":{\"@type\":\"EntryPoint\",\"urlTemplate\":\"https:\\\/\\\/msconectado.com.br\\\/?s={search_term_string}\"},\"query-input\":{\"@type\":\"PropertyValueSpecification\",\"valueRequired\":true,\"valueName\":\"search_term_string\"}}],\"inLanguage\":\"pt-BR\"},{\"@type\":\"Organization\",\"@id\":\"https:\\\/\\\/msconectado.com.br\\\/#organization\",\"name\":\"MsConectado\",\"url\":\"https:\\\/\\\/msconectado.com.br\\\/\",\"logo\":{\"@type\":\"ImageObject\",\"inLanguage\":\"pt-BR\",\"@id\":\"https:\\\/\\\/msconectado.com.br\\\/#\\\/schema\\\/logo\\\/image\\\/\",\"url\":\"https:\\\/\\\/msconectado.com.br\\\/wp-content\\\/uploads\\\/2023\\\/01\\\/cropped-noticia-2.png\",\"contentUrl\":\"https:\\\/\\\/msconectado.com.br\\\/wp-content\\\/uploads\\\/2023\\\/01\\\/cropped-noticia-2.png\",\"width\":720,\"height\":157,\"caption\":\"MsConectado\"},\"image\":{\"@id\":\"https:\\\/\\\/msconectado.com.br\\\/#\\\/schema\\\/logo\\\/image\\\/\"}},{\"@type\":\"Person\",\"@id\":\"https:\\\/\\\/msconectado.com.br\\\/#\\\/schema\\\/person\\\/e5585545b5687092f1041d350b6e2c16\",\"name\":\"MsConectado\",\"image\":{\"@type\":\"ImageObject\",\"inLanguage\":\"pt-BR\",\"@id\":\"https:\\\/\\\/secure.gravatar.com\\\/avatar\\\/3b4f84a0a8a4380ac4431fa79981d073692380c5da00ae97596e794ab0db5c8c?s=96&d=mm&r=g\",\"url\":\"https:\\\/\\\/secure.gravatar.com\\\/avatar\\\/3b4f84a0a8a4380ac4431fa79981d073692380c5da00ae97596e794ab0db5c8c?s=96&d=mm&r=g\",\"contentUrl\":\"https:\\\/\\\/secure.gravatar.com\\\/avatar\\\/3b4f84a0a8a4380ac4431fa79981d073692380c5da00ae97596e794ab0db5c8c?s=96&d=mm&r=g\",\"caption\":\"MsConectado\"},\"url\":\"https:\\\/\\\/msconectado.com.br\\\/?author=2\"}]}<\/script>\n<!-- \/ Yoast SEO plugin. -->","yoast_head_json":{"title":"Em Dourados, Jo\u00e3o C\u00e9sar Mattogrosso se reuniu com entidades e prestigiou posse na UEMS - MsConectado","robots":{"index":"index","follow":"follow","max-snippet":"max-snippet:-1","max-image-preview":"max-image-preview:large","max-video-preview":"max-video-preview:-1"},"canonical":"https:\/\/msconectado.com.br\/?p=20282","og_locale":"pt_BR","og_type":"article","og_title":"Em Dourados, Jo\u00e3o C\u00e9sar Mattogrosso se reuniu com entidades e prestigiou posse na UEMS - MsConectado","og_description":"O deputado estadual Jo\u00e3o C\u00e9sar Mattogrosso (PSDB) iniciou a \u00faltima semana do m\u00eas de setembro visitando a regi\u00e3o sul do estado, passando por Ponta Por\u00e3, Laguna Carap\u00e3 e na \u00faltima ter\u00e7a-feira (26) esteve em Dourados. Ap\u00f3s visitar entidades, participou da posse do Reitor e da Vice-Reitora da Universidade Estadual de Mato Grosso do Sul (UEMS). [&hellip;]","og_url":"https:\/\/msconectado.com.br\/?p=20282","og_site_name":"MsConectado","article_published_time":"2023-09-28T18:26:25+00:00","article_modified_time":"2023-09-28T18:26:26+00:00","og_image":[{"width":2000,"height":1313,"url":"https:\/\/msconectado.com.br\/wp-content\/uploads\/2023\/09\/joao.jpeg","type":"image\/jpeg"}],"author":"MsConectado","twitter_card":"summary_large_image","twitter_misc":{"Escrito por":"MsConectado","Est. tempo de leitura":"3 minutos"},"schema":{"@context":"https:\/\/schema.org","@graph":[{"@type":"Article","@id":"https:\/\/msconectado.com.br\/?p=20282#article","isPartOf":{"@id":"https:\/\/msconectado.com.br\/?p=20282"},"author":{"name":"MsConectado","@id":"https:\/\/msconectado.com.br\/#\/schema\/person\/e5585545b5687092f1041d350b6e2c16"},"headline":"Em Dourados, Jo\u00e3o C\u00e9sar Mattogrosso se reuniu com entidades e prestigiou posse na UEMS","datePublished":"2023-09-28T18:26:25+00:00","dateModified":"2023-09-28T18:26:26+00:00","mainEntityOfPage":{"@id":"https:\/\/msconectado.com.br\/?p=20282"},"wordCount":550,"commentCount":0,"publisher":{"@id":"https:\/\/msconectado.com.br\/#organization"},"image":{"@id":"https:\/\/msconectado.com.br\/?p=20282#primaryimage"},"thumbnailUrl":"https:\/\/msconectado.com.br\/wp-content\/uploads\/2023\/09\/joao.jpeg","articleSection":["Assembleia Legislativa","Cidades","Not\u00edcia"],"inLanguage":"pt-BR","potentialAction":[{"@type":"CommentAction","name":"Comment","target":["https:\/\/msconectado.com.br\/?p=20282#respond"]}]},{"@type":"WebPage","@id":"https:\/\/msconectado.com.br\/?p=20282","url":"https:\/\/msconectado.com.br\/?p=20282","name":"Em Dourados, Jo\u00e3o C\u00e9sar Mattogrosso se reuniu com entidades e prestigiou posse na UEMS - MsConectado","isPartOf":{"@id":"https:\/\/msconectado.com.br\/#website"},"primaryImageOfPage":{"@id":"https:\/\/msconectado.com.br\/?p=20282#primaryimage"},"image":{"@id":"https:\/\/msconectado.com.br\/?p=20282#primaryimage"},"thumbnailUrl":"https:\/\/msconectado.com.br\/wp-content\/uploads\/2023\/09\/joao.jpeg","datePublished":"2023-09-28T18:26:25+00:00","dateModified":"2023-09-28T18:26:26+00:00","breadcrumb":{"@id":"https:\/\/msconectado.com.br\/?p=20282#breadcrumb"},"inLanguage":"pt-BR","potentialAction":[{"@type":"ReadAction","target":["https:\/\/msconectado.com.br\/?p=20282"]}]},{"@type":"ImageObject","inLanguage":"pt-BR","@id":"https:\/\/msconectado.com.br\/?p=20282#primaryimage","url":"https:\/\/msconectado.com.br\/wp-content\/uploads\/2023\/09\/joao.jpeg","contentUrl":"https:\/\/msconectado.com.br\/wp-content\/uploads\/2023\/09\/joao.jpeg","width":2000,"height":1313},{"@type":"BreadcrumbList","@id":"https:\/\/msconectado.com.br\/?p=20282#breadcrumb","itemListElement":[{"@type":"ListItem","position":1,"name":"In\u00edcio","item":"https:\/\/msconectado.com.br\/"},{"@type":"ListItem","position":2,"name":"Em Dourados, Jo\u00e3o C\u00e9sar Mattogrosso se reuniu com entidades e prestigiou posse na UEMS"}]},{"@type":"WebSite","@id":"https:\/\/msconectado.com.br\/#website","url":"https:\/\/msconectado.com.br\/","name":"MsConectado","description":"Voc\u00ea Conectado com a Not\u00edcia!","publisher":{"@id":"https:\/\/msconectado.com.br\/#organization"},"potentialAction":[{"@type":"SearchAction","target":{"@type":"EntryPoint","urlTemplate":"https:\/\/msconectado.com.br\/?s={search_term_string}"},"query-input":{"@type":"PropertyValueSpecification","valueRequired":true,"valueName":"search_term_string"}}],"inLanguage":"pt-BR"},{"@type":"Organization","@id":"https:\/\/msconectado.com.br\/#organization","name":"MsConectado","url":"https:\/\/msconectado.com.br\/","logo":{"@type":"ImageObject","inLanguage":"pt-BR","@id":"https:\/\/msconectado.com.br\/#\/schema\/logo\/image\/","url":"https:\/\/msconectado.com.br\/wp-content\/uploads\/2023\/01\/cropped-noticia-2.png","contentUrl":"https:\/\/msconectado.com.br\/wp-content\/uploads\/2023\/01\/cropped-noticia-2.png","width":720,"height":157,"caption":"MsConectado"},"image":{"@id":"https:\/\/msconectado.com.br\/#\/schema\/logo\/image\/"}},{"@type":"Person","@id":"https:\/\/msconectado.com.br\/#\/schema\/person\/e5585545b5687092f1041d350b6e2c16","name":"MsConectado","image":{"@type":"ImageObject","inLanguage":"pt-BR","@id":"https:\/\/secure.gravatar.com\/avatar\/3b4f84a0a8a4380ac4431fa79981d073692380c5da00ae97596e794ab0db5c8c?s=96&d=mm&r=g","url":"https:\/\/secure.gravatar.com\/avatar\/3b4f84a0a8a4380ac4431fa79981d073692380c5da00ae97596e794ab0db5c8c?s=96&d=mm&r=g","contentUrl":"https:\/\/secure.gravatar.com\/avatar\/3b4f84a0a8a4380ac4431fa79981d073692380c5da00ae97596e794ab0db5c8c?s=96&d=mm&r=g","caption":"MsConectado"},"url":"https:\/\/msconectado.com.br\/?author=2"}]}},"_links":{"self":[{"href":"https:\/\/msconectado.com.br\/index.php?rest_route=\/wp\/v2\/posts\/20282","targetHints":{"allow":["GET"]}}],"collection":[{"href":"https:\/\/msconectado.com.br\/index.php?rest_route=\/wp\/v2\/posts"}],"about":[{"href":"https:\/\/msconectado.com.br\/index.php?rest_route=\/wp\/v2\/types\/post"}],"author":[{"embeddable":true,"href":"https:\/\/msconectado.com.br\/index.php?rest_route=\/wp\/v2\/users\/2"}],"replies":[{"embeddable":true,"href":"https:\/\/msconectado.com.br\/index.php?rest_route=%2Fwp%2Fv2%2Fcomments&post=20282"}],"version-history":[{"count":1,"href":"https:\/\/msconectado.com.br\/index.php?rest_route=\/wp\/v2\/posts\/20282\/revisions"}],"predecessor-version":[{"id":20284,"href":"https:\/\/msconectado.com.br\/index.php?rest_route=\/wp\/v2\/posts\/20282\/revisions\/20284"}],"wp:featuredmedia":[{"embeddable":true,"href":"https:\/\/msconectado.com.br\/index.php?rest_route=\/wp\/v2\/media\/20283"}],"wp:attachment":[{"href":"https:\/\/msconectado.com.br\/index.php?rest_route=%2Fwp%2Fv2%2Fmedia&parent=20282"}],"wp:term":[{"taxonomy":"category","embeddable":true,"href":"https:\/\/msconectado.com.br\/index.php?rest_route=%2Fwp%2Fv2%2Fcategories&post=20282"},{"taxonomy":"post_tag","embeddable":true,"href":"https:\/\/msconectado.com.br\/index.php?rest_route=%2Fwp%2Fv2%2Ftags&post=20282"}],"curies":[{"name":"wp","href":"https:\/\/api.w.org\/{rel}","templated":true}]}}