
{"id":20324,"date":"2023-10-05T17:43:58","date_gmt":"2023-10-05T17:43:58","guid":{"rendered":"https:\/\/msconectado.com.br\/?p=20324"},"modified":"2023-10-05T17:44:00","modified_gmt":"2023-10-05T17:44:00","slug":"deputado-joao-cesar-matogrosso-cobra-licenca-paternidade-de-20-dias-para-militares-de-ms","status":"publish","type":"post","link":"https:\/\/msconectado.com.br\/?p=20324","title":{"rendered":"Deputado Jo\u00e3o C\u00e9sar Matogrosso cobra licen\u00e7a-paternidade de 20 dias para militares de MS"},"content":{"rendered":"\n<p><em>Parlamentar defende altera\u00e7\u00e3o do Estatuto dos Militares Estaduais para aumentar a licen\u00e7a para 20 dias<\/em><\/p>\n\n\n\n<p>Nesta quinta-feira (5), durante a Sess\u00e3o Plen\u00e1ria da Assembleia Legislativa de Mato Grosso do Sul, o deputado estadual Jo\u00e3o C\u00e9sar Mattogrosso (PSDB) apresentou indica\u00e7\u00e3o ao Governo do Estado para alterar o Estatuto dos Militares Estaduais. A reivindica\u00e7\u00e3o pede a amplia\u00e7\u00e3o da licen\u00e7a-paternidade, que atualmente \u00e9 concedida por 5 dias, para 20 dias.<\/p>\n\n\n\n<p>Conforme indica\u00e7\u00e3o do parlamentar, os 20 dias dever\u00e3o ser contados do nascimento, da ado\u00e7\u00e3o ou da obten\u00e7\u00e3o da guarda judicial. Essa mudan\u00e7a do per\u00edodo de licen\u00e7a j\u00e1 tem respaldo na Lei Federal n. 13.109 de 2015, que j\u00e1 proporcionou essa adequa\u00e7\u00e3o aos militares das For\u00e7as Armadas.<\/p>\n\n\n\n<p>Para o deputado, a garantia desse direito \u00e9 fundamental para qualidade de vida nas fam\u00edlias. \u201cAtuamos em defesa das fam\u00edlias e essa adequa\u00e7\u00e3o do estatuto vai proporcionar aos militares um tempo que \u00e9 essencial junto aos filhos. Al\u00e9m disso, diversos \u00f3rg\u00e3os j\u00e1 alteraram para 20 dias a licen\u00e7a-paternidade, afinal apenas 5 dias \u00e9 um per\u00edodo muito curto nessa etapa em que o v\u00ednculo e a conviv\u00eancia familiar s\u00e3o primordiais\u201d, destaca Jo\u00e3o C\u00e9sar Mattogrosso.<\/p>\n\n\n\n<p>A indica\u00e7\u00e3o foi encaminhada para estudo de viabilidade do Governador Eduardo Riedel, com c\u00f3pia \u00e0 Secret\u00e1ria de Estado de Administra\u00e7\u00e3o, Ana Carolina Ara\u00fajo Nardes, e ao Secret\u00e1rio de Estado de Justi\u00e7a e Seguran\u00e7a P\u00fablica, Antonio Carlos Videira.<\/p>\n\n\n\n<p>Assessoria<\/p>\n","protected":false},"excerpt":{"rendered":"<p>Parlamentar defende altera\u00e7\u00e3o do Estatuto dos Militares Estaduais para aumentar a licen\u00e7a para 20 dias Nesta quinta-feira (5), durante a Sess\u00e3o Plen\u00e1ria da Assembleia Legislativa de Mato Grosso do Sul, o deputado estadual Jo\u00e3o C\u00e9sar Mattogrosso (PSDB) apresentou indica\u00e7\u00e3o ao Governo do Estado para alterar o Estatuto dos Militares Estaduais. A reivindica\u00e7\u00e3o pede a amplia\u00e7\u00e3o [&hellip;]<\/p>\n","protected":false},"author":2,"featured_media":20325,"comment_status":"open","ping_status":"closed","sticky":false,"template":"","format":"standard","meta":{"footnotes":""},"categories":[38,1,33],"tags":[],"class_list":["post-20324","post","type-post","status-publish","format-standard","has-post-thumbnail","hentry","category-assembleia-legislativa","category-noticia","category-politica"],"yoast_head":"<!-- This site is optimized with the Yoast SEO plugin v27.5 - https:\/\/yoast.com\/product\/yoast-seo-wordpress\/ -->\n<title>Deputado Jo\u00e3o C\u00e9sar Matogrosso cobra licen\u00e7a-paternidade de 20 dias para militares de MS - MsConectado<\/title>\n<meta name=\"robots\" content=\"index, follow, max-snippet:-1, max-image-preview:large, max-video-preview:-1\" \/>\n<link rel=\"canonical\" href=\"https:\/\/msconectado.com.br\/?p=20324\" \/>\n<meta property=\"og:locale\" content=\"pt_BR\" \/>\n<meta property=\"og:type\" content=\"article\" \/>\n<meta property=\"og:title\" content=\"Deputado Jo\u00e3o C\u00e9sar Matogrosso cobra licen\u00e7a-paternidade de 20 dias para militares de MS - MsConectado\" \/>\n<meta property=\"og:description\" content=\"Parlamentar defende altera\u00e7\u00e3o do Estatuto dos Militares Estaduais para aumentar a licen\u00e7a para 20 dias Nesta quinta-feira (5), durante a Sess\u00e3o Plen\u00e1ria da Assembleia Legislativa de Mato Grosso do Sul, o deputado estadual Jo\u00e3o C\u00e9sar Mattogrosso (PSDB) apresentou indica\u00e7\u00e3o ao Governo do Estado para alterar o Estatuto dos Militares Estaduais. A reivindica\u00e7\u00e3o pede a amplia\u00e7\u00e3o [&hellip;]\" \/>\n<meta property=\"og:url\" content=\"https:\/\/msconectado.com.br\/?p=20324\" \/>\n<meta property=\"og:site_name\" content=\"MsConectado\" \/>\n<meta property=\"article:published_time\" content=\"2023-10-05T17:43:58+00:00\" \/>\n<meta property=\"article:modified_time\" content=\"2023-10-05T17:44:00+00:00\" \/>\n<meta property=\"og:image\" content=\"https:\/\/msconectado.com.br\/wp-content\/uploads\/2023\/10\/b50bd2dd-d426-418d-b6c7-895783e52ce3.jpg\" \/>\n\t<meta property=\"og:image:width\" content=\"1600\" \/>\n\t<meta property=\"og:image:height\" content=\"1069\" \/>\n\t<meta property=\"og:image:type\" content=\"image\/jpeg\" \/>\n<meta name=\"author\" content=\"MsConectado\" \/>\n<meta name=\"twitter:card\" content=\"summary_large_image\" \/>\n<meta name=\"twitter:label1\" content=\"Escrito por\" \/>\n\t<meta name=\"twitter:data1\" content=\"MsConectado\" \/>\n\t<meta name=\"twitter:label2\" content=\"Est. tempo de leitura\" \/>\n\t<meta name=\"twitter:data2\" content=\"1 minuto\" \/>\n<script type=\"application\/ld+json\" class=\"yoast-schema-graph\">{\"@context\":\"https:\\\/\\\/schema.org\",\"@graph\":[{\"@type\":\"Article\",\"@id\":\"https:\\\/\\\/msconectado.com.br\\\/?p=20324#article\",\"isPartOf\":{\"@id\":\"https:\\\/\\\/msconectado.com.br\\\/?p=20324\"},\"author\":{\"name\":\"MsConectado\",\"@id\":\"https:\\\/\\\/msconectado.com.br\\\/#\\\/schema\\\/person\\\/e5585545b5687092f1041d350b6e2c16\"},\"headline\":\"Deputado Jo\u00e3o C\u00e9sar Matogrosso cobra licen\u00e7a-paternidade de 20 dias para militares de MS\",\"datePublished\":\"2023-10-05T17:43:58+00:00\",\"dateModified\":\"2023-10-05T17:44:00+00:00\",\"mainEntityOfPage\":{\"@id\":\"https:\\\/\\\/msconectado.com.br\\\/?p=20324\"},\"wordCount\":265,\"commentCount\":0,\"publisher\":{\"@id\":\"https:\\\/\\\/msconectado.com.br\\\/#organization\"},\"image\":{\"@id\":\"https:\\\/\\\/msconectado.com.br\\\/?p=20324#primaryimage\"},\"thumbnailUrl\":\"https:\\\/\\\/msconectado.com.br\\\/wp-content\\\/uploads\\\/2023\\\/10\\\/b50bd2dd-d426-418d-b6c7-895783e52ce3.jpg\",\"articleSection\":[\"Assembleia Legislativa\",\"Not\u00edcia\",\"Pol\u00edtica\"],\"inLanguage\":\"pt-BR\",\"potentialAction\":[{\"@type\":\"CommentAction\",\"name\":\"Comment\",\"target\":[\"https:\\\/\\\/msconectado.com.br\\\/?p=20324#respond\"]}]},{\"@type\":\"WebPage\",\"@id\":\"https:\\\/\\\/msconectado.com.br\\\/?p=20324\",\"url\":\"https:\\\/\\\/msconectado.com.br\\\/?p=20324\",\"name\":\"Deputado Jo\u00e3o C\u00e9sar Matogrosso cobra licen\u00e7a-paternidade de 20 dias para militares de MS - MsConectado\",\"isPartOf\":{\"@id\":\"https:\\\/\\\/msconectado.com.br\\\/#website\"},\"primaryImageOfPage\":{\"@id\":\"https:\\\/\\\/msconectado.com.br\\\/?p=20324#primaryimage\"},\"image\":{\"@id\":\"https:\\\/\\\/msconectado.com.br\\\/?p=20324#primaryimage\"},\"thumbnailUrl\":\"https:\\\/\\\/msconectado.com.br\\\/wp-content\\\/uploads\\\/2023\\\/10\\\/b50bd2dd-d426-418d-b6c7-895783e52ce3.jpg\",\"datePublished\":\"2023-10-05T17:43:58+00:00\",\"dateModified\":\"2023-10-05T17:44:00+00:00\",\"breadcrumb\":{\"@id\":\"https:\\\/\\\/msconectado.com.br\\\/?p=20324#breadcrumb\"},\"inLanguage\":\"pt-BR\",\"potentialAction\":[{\"@type\":\"ReadAction\",\"target\":[\"https:\\\/\\\/msconectado.com.br\\\/?p=20324\"]}]},{\"@type\":\"ImageObject\",\"inLanguage\":\"pt-BR\",\"@id\":\"https:\\\/\\\/msconectado.com.br\\\/?p=20324#primaryimage\",\"url\":\"https:\\\/\\\/msconectado.com.br\\\/wp-content\\\/uploads\\\/2023\\\/10\\\/b50bd2dd-d426-418d-b6c7-895783e52ce3.jpg\",\"contentUrl\":\"https:\\\/\\\/msconectado.com.br\\\/wp-content\\\/uploads\\\/2023\\\/10\\\/b50bd2dd-d426-418d-b6c7-895783e52ce3.jpg\",\"width\":1600,\"height\":1069},{\"@type\":\"BreadcrumbList\",\"@id\":\"https:\\\/\\\/msconectado.com.br\\\/?p=20324#breadcrumb\",\"itemListElement\":[{\"@type\":\"ListItem\",\"position\":1,\"name\":\"In\u00edcio\",\"item\":\"https:\\\/\\\/msconectado.com.br\\\/\"},{\"@type\":\"ListItem\",\"position\":2,\"name\":\"Deputado Jo\u00e3o C\u00e9sar Matogrosso cobra licen\u00e7a-paternidade de 20 dias para militares de MS\"}]},{\"@type\":\"WebSite\",\"@id\":\"https:\\\/\\\/msconectado.com.br\\\/#website\",\"url\":\"https:\\\/\\\/msconectado.com.br\\\/\",\"name\":\"MsConectado\",\"description\":\"Voc\u00ea Conectado com a Not\u00edcia!\",\"publisher\":{\"@id\":\"https:\\\/\\\/msconectado.com.br\\\/#organization\"},\"potentialAction\":[{\"@type\":\"SearchAction\",\"target\":{\"@type\":\"EntryPoint\",\"urlTemplate\":\"https:\\\/\\\/msconectado.com.br\\\/?s={search_term_string}\"},\"query-input\":{\"@type\":\"PropertyValueSpecification\",\"valueRequired\":true,\"valueName\":\"search_term_string\"}}],\"inLanguage\":\"pt-BR\"},{\"@type\":\"Organization\",\"@id\":\"https:\\\/\\\/msconectado.com.br\\\/#organization\",\"name\":\"MsConectado\",\"url\":\"https:\\\/\\\/msconectado.com.br\\\/\",\"logo\":{\"@type\":\"ImageObject\",\"inLanguage\":\"pt-BR\",\"@id\":\"https:\\\/\\\/msconectado.com.br\\\/#\\\/schema\\\/logo\\\/image\\\/\",\"url\":\"https:\\\/\\\/msconectado.com.br\\\/wp-content\\\/uploads\\\/2023\\\/01\\\/cropped-noticia-2.png\",\"contentUrl\":\"https:\\\/\\\/msconectado.com.br\\\/wp-content\\\/uploads\\\/2023\\\/01\\\/cropped-noticia-2.png\",\"width\":720,\"height\":157,\"caption\":\"MsConectado\"},\"image\":{\"@id\":\"https:\\\/\\\/msconectado.com.br\\\/#\\\/schema\\\/logo\\\/image\\\/\"}},{\"@type\":\"Person\",\"@id\":\"https:\\\/\\\/msconectado.com.br\\\/#\\\/schema\\\/person\\\/e5585545b5687092f1041d350b6e2c16\",\"name\":\"MsConectado\",\"image\":{\"@type\":\"ImageObject\",\"inLanguage\":\"pt-BR\",\"@id\":\"https:\\\/\\\/secure.gravatar.com\\\/avatar\\\/3b4f84a0a8a4380ac4431fa79981d073692380c5da00ae97596e794ab0db5c8c?s=96&d=mm&r=g\",\"url\":\"https:\\\/\\\/secure.gravatar.com\\\/avatar\\\/3b4f84a0a8a4380ac4431fa79981d073692380c5da00ae97596e794ab0db5c8c?s=96&d=mm&r=g\",\"contentUrl\":\"https:\\\/\\\/secure.gravatar.com\\\/avatar\\\/3b4f84a0a8a4380ac4431fa79981d073692380c5da00ae97596e794ab0db5c8c?s=96&d=mm&r=g\",\"caption\":\"MsConectado\"},\"url\":\"https:\\\/\\\/msconectado.com.br\\\/?author=2\"}]}<\/script>\n<!-- \/ Yoast SEO plugin. -->","yoast_head_json":{"title":"Deputado Jo\u00e3o C\u00e9sar Matogrosso cobra licen\u00e7a-paternidade de 20 dias para militares de MS - MsConectado","robots":{"index":"index","follow":"follow","max-snippet":"max-snippet:-1","max-image-preview":"max-image-preview:large","max-video-preview":"max-video-preview:-1"},"canonical":"https:\/\/msconectado.com.br\/?p=20324","og_locale":"pt_BR","og_type":"article","og_title":"Deputado Jo\u00e3o C\u00e9sar Matogrosso cobra licen\u00e7a-paternidade de 20 dias para militares de MS - MsConectado","og_description":"Parlamentar defende altera\u00e7\u00e3o do Estatuto dos Militares Estaduais para aumentar a licen\u00e7a para 20 dias Nesta quinta-feira (5), durante a Sess\u00e3o Plen\u00e1ria da Assembleia Legislativa de Mato Grosso do Sul, o deputado estadual Jo\u00e3o C\u00e9sar Mattogrosso (PSDB) apresentou indica\u00e7\u00e3o ao Governo do Estado para alterar o Estatuto dos Militares Estaduais. A reivindica\u00e7\u00e3o pede a amplia\u00e7\u00e3o [&hellip;]","og_url":"https:\/\/msconectado.com.br\/?p=20324","og_site_name":"MsConectado","article_published_time":"2023-10-05T17:43:58+00:00","article_modified_time":"2023-10-05T17:44:00+00:00","og_image":[{"width":1600,"height":1069,"url":"https:\/\/msconectado.com.br\/wp-content\/uploads\/2023\/10\/b50bd2dd-d426-418d-b6c7-895783e52ce3.jpg","type":"image\/jpeg"}],"author":"MsConectado","twitter_card":"summary_large_image","twitter_misc":{"Escrito por":"MsConectado","Est. tempo de leitura":"1 minuto"},"schema":{"@context":"https:\/\/schema.org","@graph":[{"@type":"Article","@id":"https:\/\/msconectado.com.br\/?p=20324#article","isPartOf":{"@id":"https:\/\/msconectado.com.br\/?p=20324"},"author":{"name":"MsConectado","@id":"https:\/\/msconectado.com.br\/#\/schema\/person\/e5585545b5687092f1041d350b6e2c16"},"headline":"Deputado Jo\u00e3o C\u00e9sar Matogrosso cobra licen\u00e7a-paternidade de 20 dias para militares de MS","datePublished":"2023-10-05T17:43:58+00:00","dateModified":"2023-10-05T17:44:00+00:00","mainEntityOfPage":{"@id":"https:\/\/msconectado.com.br\/?p=20324"},"wordCount":265,"commentCount":0,"publisher":{"@id":"https:\/\/msconectado.com.br\/#organization"},"image":{"@id":"https:\/\/msconectado.com.br\/?p=20324#primaryimage"},"thumbnailUrl":"https:\/\/msconectado.com.br\/wp-content\/uploads\/2023\/10\/b50bd2dd-d426-418d-b6c7-895783e52ce3.jpg","articleSection":["Assembleia Legislativa","Not\u00edcia","Pol\u00edtica"],"inLanguage":"pt-BR","potentialAction":[{"@type":"CommentAction","name":"Comment","target":["https:\/\/msconectado.com.br\/?p=20324#respond"]}]},{"@type":"WebPage","@id":"https:\/\/msconectado.com.br\/?p=20324","url":"https:\/\/msconectado.com.br\/?p=20324","name":"Deputado Jo\u00e3o C\u00e9sar Matogrosso cobra licen\u00e7a-paternidade de 20 dias para militares de MS - MsConectado","isPartOf":{"@id":"https:\/\/msconectado.com.br\/#website"},"primaryImageOfPage":{"@id":"https:\/\/msconectado.com.br\/?p=20324#primaryimage"},"image":{"@id":"https:\/\/msconectado.com.br\/?p=20324#primaryimage"},"thumbnailUrl":"https:\/\/msconectado.com.br\/wp-content\/uploads\/2023\/10\/b50bd2dd-d426-418d-b6c7-895783e52ce3.jpg","datePublished":"2023-10-05T17:43:58+00:00","dateModified":"2023-10-05T17:44:00+00:00","breadcrumb":{"@id":"https:\/\/msconectado.com.br\/?p=20324#breadcrumb"},"inLanguage":"pt-BR","potentialAction":[{"@type":"ReadAction","target":["https:\/\/msconectado.com.br\/?p=20324"]}]},{"@type":"ImageObject","inLanguage":"pt-BR","@id":"https:\/\/msconectado.com.br\/?p=20324#primaryimage","url":"https:\/\/msconectado.com.br\/wp-content\/uploads\/2023\/10\/b50bd2dd-d426-418d-b6c7-895783e52ce3.jpg","contentUrl":"https:\/\/msconectado.com.br\/wp-content\/uploads\/2023\/10\/b50bd2dd-d426-418d-b6c7-895783e52ce3.jpg","width":1600,"height":1069},{"@type":"BreadcrumbList","@id":"https:\/\/msconectado.com.br\/?p=20324#breadcrumb","itemListElement":[{"@type":"ListItem","position":1,"name":"In\u00edcio","item":"https:\/\/msconectado.com.br\/"},{"@type":"ListItem","position":2,"name":"Deputado Jo\u00e3o C\u00e9sar Matogrosso cobra licen\u00e7a-paternidade de 20 dias para militares de MS"}]},{"@type":"WebSite","@id":"https:\/\/msconectado.com.br\/#website","url":"https:\/\/msconectado.com.br\/","name":"MsConectado","description":"Voc\u00ea Conectado com a Not\u00edcia!","publisher":{"@id":"https:\/\/msconectado.com.br\/#organization"},"potentialAction":[{"@type":"SearchAction","target":{"@type":"EntryPoint","urlTemplate":"https:\/\/msconectado.com.br\/?s={search_term_string}"},"query-input":{"@type":"PropertyValueSpecification","valueRequired":true,"valueName":"search_term_string"}}],"inLanguage":"pt-BR"},{"@type":"Organization","@id":"https:\/\/msconectado.com.br\/#organization","name":"MsConectado","url":"https:\/\/msconectado.com.br\/","logo":{"@type":"ImageObject","inLanguage":"pt-BR","@id":"https:\/\/msconectado.com.br\/#\/schema\/logo\/image\/","url":"https:\/\/msconectado.com.br\/wp-content\/uploads\/2023\/01\/cropped-noticia-2.png","contentUrl":"https:\/\/msconectado.com.br\/wp-content\/uploads\/2023\/01\/cropped-noticia-2.png","width":720,"height":157,"caption":"MsConectado"},"image":{"@id":"https:\/\/msconectado.com.br\/#\/schema\/logo\/image\/"}},{"@type":"Person","@id":"https:\/\/msconectado.com.br\/#\/schema\/person\/e5585545b5687092f1041d350b6e2c16","name":"MsConectado","image":{"@type":"ImageObject","inLanguage":"pt-BR","@id":"https:\/\/secure.gravatar.com\/avatar\/3b4f84a0a8a4380ac4431fa79981d073692380c5da00ae97596e794ab0db5c8c?s=96&d=mm&r=g","url":"https:\/\/secure.gravatar.com\/avatar\/3b4f84a0a8a4380ac4431fa79981d073692380c5da00ae97596e794ab0db5c8c?s=96&d=mm&r=g","contentUrl":"https:\/\/secure.gravatar.com\/avatar\/3b4f84a0a8a4380ac4431fa79981d073692380c5da00ae97596e794ab0db5c8c?s=96&d=mm&r=g","caption":"MsConectado"},"url":"https:\/\/msconectado.com.br\/?author=2"}]}},"_links":{"self":[{"href":"https:\/\/msconectado.com.br\/index.php?rest_route=\/wp\/v2\/posts\/20324","targetHints":{"allow":["GET"]}}],"collection":[{"href":"https:\/\/msconectado.com.br\/index.php?rest_route=\/wp\/v2\/posts"}],"about":[{"href":"https:\/\/msconectado.com.br\/index.php?rest_route=\/wp\/v2\/types\/post"}],"author":[{"embeddable":true,"href":"https:\/\/msconectado.com.br\/index.php?rest_route=\/wp\/v2\/users\/2"}],"replies":[{"embeddable":true,"href":"https:\/\/msconectado.com.br\/index.php?rest_route=%2Fwp%2Fv2%2Fcomments&post=20324"}],"version-history":[{"count":1,"href":"https:\/\/msconectado.com.br\/index.php?rest_route=\/wp\/v2\/posts\/20324\/revisions"}],"predecessor-version":[{"id":20326,"href":"https:\/\/msconectado.com.br\/index.php?rest_route=\/wp\/v2\/posts\/20324\/revisions\/20326"}],"wp:featuredmedia":[{"embeddable":true,"href":"https:\/\/msconectado.com.br\/index.php?rest_route=\/wp\/v2\/media\/20325"}],"wp:attachment":[{"href":"https:\/\/msconectado.com.br\/index.php?rest_route=%2Fwp%2Fv2%2Fmedia&parent=20324"}],"wp:term":[{"taxonomy":"category","embeddable":true,"href":"https:\/\/msconectado.com.br\/index.php?rest_route=%2Fwp%2Fv2%2Fcategories&post=20324"},{"taxonomy":"post_tag","embeddable":true,"href":"https:\/\/msconectado.com.br\/index.php?rest_route=%2Fwp%2Fv2%2Ftags&post=20324"}],"curies":[{"name":"wp","href":"https:\/\/api.w.org\/{rel}","templated":true}]}}