
{"id":20351,"date":"2023-10-11T20:22:30","date_gmt":"2023-10-11T20:22:30","guid":{"rendered":"https:\/\/msconectado.com.br\/?p=20351"},"modified":"2023-10-11T20:22:32","modified_gmt":"2023-10-11T20:22:32","slug":"ms-46-anos-deputado-joao-cesar-mattogrosso-exalta-pujanca-do-estado","status":"publish","type":"post","link":"https:\/\/msconectado.com.br\/?p=20351","title":{"rendered":"MS 46 anos: deputado Jo\u00e3o C\u00e9sar Mattogrosso exalta pujan\u00e7a do Estado"},"content":{"rendered":"\n<p>11 de outubro de 1977 marca a funda\u00e7\u00e3o de Mato Grosso do Sul, o segundo Estado mais jovem do Brasil, que completa 46 anos. Nesta data especial, o deputado estadual Jo\u00e3o C\u00e9sar Mattogrosso (PSDB), sul-mato-grossense nato, ressalta como grande marco a pujan\u00e7a e pleno desenvolvimento do Estado.<\/p>\n\n\n\n<p>\u201c\u00c9 gratificante estar entre os 24 representantes da popula\u00e7\u00e3o na Assembleia Legislativa e poder dar sequ\u00eancia ao nosso compromisso de trabalho por avan\u00e7os e resultados que v\u00e3o ao encontro daquilo que realmente faz a diferen\u00e7a na vida da nossa gente\u201d, enfatiza o parlamentar.<\/p>\n\n\n\n<p>Jo\u00e3o C\u00e9sar Mattogrosso tem um trabalho din\u00e2mico e conectado com os munic\u00edpios, sempre pautado em melhorar a vida das pessoas com resultados efetivos. Atrav\u00e9s das emendas parlamentares, \u00e9 poss\u00edvel acompanhar a pluralidade de seu mandato, que destinou R$ 2 milh\u00f5es para atender 21 munic\u00edpios nas \u00e1reas da sa\u00fade, assist\u00eancia social, cultura, educa\u00e7\u00e3o, esporte e lazer.<\/p>\n\n\n\n<p>Al\u00e9m disso, o deputado tamb\u00e9m segue em movimento para trazer novos recursos que v\u00e3o impulsionar o atendimento de outras urg\u00eancias. \u201cEm nossas andan\u00e7as fiscalizamos diversos problemas e, apesar dos intensos esfor\u00e7os do Executivo, sabemos que o cobertor \u00e9 curto e isso exige estrat\u00e9gia para gerar agilidade no atendimento dessas demandas pendentes. Por isso, estamos em contato com a nossa bancada federal em Bras\u00edlia, para firmar parcerias e buscar emendas para atender essas demandas\u201d, refor\u00e7a.<\/p>\n\n\n\n<p>Ap\u00f3s viagem \u00e0 Capital Federal em agosto, Jo\u00e3o C\u00e9sar Mattogrosso levou diversos pedidos, que s\u00e3o frutos do constante di\u00e1logo com vereadores e prefeitos. \u201cO Estado nada mais \u00e9 que a jun\u00e7\u00e3o dos munic\u00edpios, considero essencial esse contato com quem est\u00e1 na ponta, porque \u00e9 desta forma que conseguimos construir as mudan\u00e7as que v\u00e3o fazer a real diferen\u00e7a na vida da nossa gente. N\u00f3s, enquanto deputados, temos que ser facilitadores e trabalhar de forma eficiente para que as melhorias sejam efetivadas\u201d, afirma o parlamentar.<\/p>\n\n\n\n<p>Entre os munic\u00edpios contemplados nas emendas do deputado, est\u00e3o Aparecida do Taboado, Aquidauana, Bataypor\u00e3, Bela Vista, Bodoquena, Bonito, Camapu\u00e3, Campo Grande, Cassil\u00e2ndia, Corumb\u00e1, Coxim, F\u00e1tima do Sul, Ivinhema, Maracaju, Navira\u00ed, Nova Alvorada do Sul, Parana\u00edba, Rio Verde de Mato Grosso, Rochedo, Sete Quedas e Terenos. Al\u00e9m disso, existe a articula\u00e7\u00e3o com a bancada federal para atender outros munic\u00edpios.<\/p>\n\n\n\n<p>\u201cMato Grosso do Sul vive um tempo de crescimento fora de s\u00e9rie, que foi iniciado na gest\u00e3o do governador Reinaldo Azambuja e hoje caminha em ascens\u00e3o com o governador Eduardo Riedel, que realmente honra a miss\u00e3o de tornar MS um estado cada vez mais pr\u00f3spero, verde, digital e inclusivo. A chegada de novas empresas que s\u00e3o pot\u00eancias mundiais, como ocorre em Ribas e Inoc\u00eancia, investimentos em qualifica\u00e7\u00e3o, aten\u00e7\u00e3o \u00e0 sa\u00fade e seguran\u00e7a, novas tecnologias para educa\u00e7\u00e3o e materiais para promo\u00e7\u00e3o da inova\u00e7\u00e3o, al\u00e9m do fortalecimento do municipalismo, representam um conjunto de a\u00e7\u00f5es que somadas tornam o nosso Estado pujante e preparado para um tempo de qualidade de vida, com oportunidades, emprego e renda e, sobretudo, dignidade\u201d, enaltece o deputado Jo\u00e3o C\u00e9sar Mattogrosso ao celebrar os 46 anos de Mato Grosso do Sul.<\/p>\n\n\n\n<p><strong>MATO GROSSO DO SUL&nbsp;<\/strong>&nbsp;\u2013 Composto por 79 munic\u00edpios, possui \u00e1rea de mais de 357 mil km\u00b2 e mais de 2,8 milh\u00f5es de habitantes. O estado faz fronteira com a Bol\u00edvia e o Paraguai e divisa com Mato Grosso, Goi\u00e1s, Minas Gerais, S\u00e3o Paulo e Paran\u00e1, al\u00e9m de abrigar 65% do Pantanal.<\/p>\n\n\n\n<p>A cultura possui forte influ\u00eancia dos imigrantes japoneses, libaneses, paraguaios e bolivianos. Com a 3\u00aa maior popula\u00e7\u00e3o ind\u00edgena do Brasil, MS tem 116,3 mil ind\u00edgenas de oito etnias: Guarani, Kaiow\u00e1, Terena, Kadw\u00e9u, Kinikinaw, Atikun, Ofai\u00e9 e Guat\u00f3.<\/p>\n\n\n\n<p>Atualmente, os principais bens produzidos no estado s\u00e3o do setor agropecu\u00e1rio. Al\u00e9m da soja, milho, cana-de-a\u00e7\u00facar, o setor extrativista tamb\u00e9m \u00e9 pujante na \u00e1rea de minerais, como ferro, mangan\u00eas e calc\u00e1rio.<\/p>\n\n\n\n<p>Assessoria<\/p>\n","protected":false},"excerpt":{"rendered":"<p>11 de outubro de 1977 marca a funda\u00e7\u00e3o de Mato Grosso do Sul, o segundo Estado mais jovem do Brasil, que completa 46 anos. Nesta data especial, o deputado estadual Jo\u00e3o C\u00e9sar Mattogrosso (PSDB), sul-mato-grossense nato, ressalta como grande marco a pujan\u00e7a e pleno desenvolvimento do Estado. \u201c\u00c9 gratificante estar entre os 24 representantes da [&hellip;]<\/p>\n","protected":false},"author":2,"featured_media":20352,"comment_status":"open","ping_status":"closed","sticky":false,"template":"","format":"standard","meta":{"footnotes":""},"categories":[38,35,1],"tags":[],"class_list":["post-20351","post","type-post","status-publish","format-standard","has-post-thumbnail","hentry","category-assembleia-legislativa","category-cidades","category-noticia"],"yoast_head":"<!-- This site is optimized with the Yoast SEO plugin v27.5 - https:\/\/yoast.com\/product\/yoast-seo-wordpress\/ -->\n<title>MS 46 anos: deputado Jo\u00e3o C\u00e9sar Mattogrosso exalta pujan\u00e7a do Estado - MsConectado<\/title>\n<meta name=\"robots\" content=\"index, follow, max-snippet:-1, max-image-preview:large, max-video-preview:-1\" \/>\n<link rel=\"canonical\" href=\"https:\/\/msconectado.com.br\/?p=20351\" \/>\n<meta property=\"og:locale\" content=\"pt_BR\" \/>\n<meta property=\"og:type\" content=\"article\" \/>\n<meta property=\"og:title\" content=\"MS 46 anos: deputado Jo\u00e3o C\u00e9sar Mattogrosso exalta pujan\u00e7a do Estado - MsConectado\" \/>\n<meta property=\"og:description\" content=\"11 de outubro de 1977 marca a funda\u00e7\u00e3o de Mato Grosso do Sul, o segundo Estado mais jovem do Brasil, que completa 46 anos. Nesta data especial, o deputado estadual Jo\u00e3o C\u00e9sar Mattogrosso (PSDB), sul-mato-grossense nato, ressalta como grande marco a pujan\u00e7a e pleno desenvolvimento do Estado. \u201c\u00c9 gratificante estar entre os 24 representantes da [&hellip;]\" \/>\n<meta property=\"og:url\" content=\"https:\/\/msconectado.com.br\/?p=20351\" \/>\n<meta property=\"og:site_name\" content=\"MsConectado\" \/>\n<meta property=\"article:published_time\" content=\"2023-10-11T20:22:30+00:00\" \/>\n<meta property=\"article:modified_time\" content=\"2023-10-11T20:22:32+00:00\" \/>\n<meta property=\"og:image\" content=\"https:\/\/msconectado.com.br\/wp-content\/uploads\/2023\/10\/MS-46-anos-deputado-Joao-Cesar-Mattogrosso-exalta-pujanca-do-Estado.jpg\" \/>\n\t<meta property=\"og:image:width\" content=\"740\" \/>\n\t<meta property=\"og:image:height\" content=\"493\" \/>\n\t<meta property=\"og:image:type\" content=\"image\/jpeg\" \/>\n<meta name=\"author\" content=\"MsConectado\" \/>\n<meta name=\"twitter:card\" content=\"summary_large_image\" \/>\n<meta name=\"twitter:label1\" content=\"Escrito por\" \/>\n\t<meta name=\"twitter:data1\" content=\"MsConectado\" \/>\n\t<meta name=\"twitter:label2\" content=\"Est. tempo de leitura\" \/>\n\t<meta name=\"twitter:data2\" content=\"3 minutos\" \/>\n<script type=\"application\/ld+json\" class=\"yoast-schema-graph\">{\"@context\":\"https:\\\/\\\/schema.org\",\"@graph\":[{\"@type\":\"Article\",\"@id\":\"https:\\\/\\\/msconectado.com.br\\\/?p=20351#article\",\"isPartOf\":{\"@id\":\"https:\\\/\\\/msconectado.com.br\\\/?p=20351\"},\"author\":{\"name\":\"MsConectado\",\"@id\":\"https:\\\/\\\/msconectado.com.br\\\/#\\\/schema\\\/person\\\/e5585545b5687092f1041d350b6e2c16\"},\"headline\":\"MS 46 anos: deputado Jo\u00e3o C\u00e9sar Mattogrosso exalta pujan\u00e7a do Estado\",\"datePublished\":\"2023-10-11T20:22:30+00:00\",\"dateModified\":\"2023-10-11T20:22:32+00:00\",\"mainEntityOfPage\":{\"@id\":\"https:\\\/\\\/msconectado.com.br\\\/?p=20351\"},\"wordCount\":691,\"commentCount\":0,\"publisher\":{\"@id\":\"https:\\\/\\\/msconectado.com.br\\\/#organization\"},\"image\":{\"@id\":\"https:\\\/\\\/msconectado.com.br\\\/?p=20351#primaryimage\"},\"thumbnailUrl\":\"https:\\\/\\\/msconectado.com.br\\\/wp-content\\\/uploads\\\/2023\\\/10\\\/MS-46-anos-deputado-Joao-Cesar-Mattogrosso-exalta-pujanca-do-Estado.jpg\",\"articleSection\":[\"Assembleia Legislativa\",\"Cidades\",\"Not\u00edcia\"],\"inLanguage\":\"pt-BR\",\"potentialAction\":[{\"@type\":\"CommentAction\",\"name\":\"Comment\",\"target\":[\"https:\\\/\\\/msconectado.com.br\\\/?p=20351#respond\"]}]},{\"@type\":\"WebPage\",\"@id\":\"https:\\\/\\\/msconectado.com.br\\\/?p=20351\",\"url\":\"https:\\\/\\\/msconectado.com.br\\\/?p=20351\",\"name\":\"MS 46 anos: deputado Jo\u00e3o C\u00e9sar Mattogrosso exalta pujan\u00e7a do Estado - MsConectado\",\"isPartOf\":{\"@id\":\"https:\\\/\\\/msconectado.com.br\\\/#website\"},\"primaryImageOfPage\":{\"@id\":\"https:\\\/\\\/msconectado.com.br\\\/?p=20351#primaryimage\"},\"image\":{\"@id\":\"https:\\\/\\\/msconectado.com.br\\\/?p=20351#primaryimage\"},\"thumbnailUrl\":\"https:\\\/\\\/msconectado.com.br\\\/wp-content\\\/uploads\\\/2023\\\/10\\\/MS-46-anos-deputado-Joao-Cesar-Mattogrosso-exalta-pujanca-do-Estado.jpg\",\"datePublished\":\"2023-10-11T20:22:30+00:00\",\"dateModified\":\"2023-10-11T20:22:32+00:00\",\"breadcrumb\":{\"@id\":\"https:\\\/\\\/msconectado.com.br\\\/?p=20351#breadcrumb\"},\"inLanguage\":\"pt-BR\",\"potentialAction\":[{\"@type\":\"ReadAction\",\"target\":[\"https:\\\/\\\/msconectado.com.br\\\/?p=20351\"]}]},{\"@type\":\"ImageObject\",\"inLanguage\":\"pt-BR\",\"@id\":\"https:\\\/\\\/msconectado.com.br\\\/?p=20351#primaryimage\",\"url\":\"https:\\\/\\\/msconectado.com.br\\\/wp-content\\\/uploads\\\/2023\\\/10\\\/MS-46-anos-deputado-Joao-Cesar-Mattogrosso-exalta-pujanca-do-Estado.jpg\",\"contentUrl\":\"https:\\\/\\\/msconectado.com.br\\\/wp-content\\\/uploads\\\/2023\\\/10\\\/MS-46-anos-deputado-Joao-Cesar-Mattogrosso-exalta-pujanca-do-Estado.jpg\",\"width\":740,\"height\":493},{\"@type\":\"BreadcrumbList\",\"@id\":\"https:\\\/\\\/msconectado.com.br\\\/?p=20351#breadcrumb\",\"itemListElement\":[{\"@type\":\"ListItem\",\"position\":1,\"name\":\"In\u00edcio\",\"item\":\"https:\\\/\\\/msconectado.com.br\\\/\"},{\"@type\":\"ListItem\",\"position\":2,\"name\":\"MS 46 anos: deputado Jo\u00e3o C\u00e9sar Mattogrosso exalta pujan\u00e7a do Estado\"}]},{\"@type\":\"WebSite\",\"@id\":\"https:\\\/\\\/msconectado.com.br\\\/#website\",\"url\":\"https:\\\/\\\/msconectado.com.br\\\/\",\"name\":\"MsConectado\",\"description\":\"Voc\u00ea Conectado com a Not\u00edcia!\",\"publisher\":{\"@id\":\"https:\\\/\\\/msconectado.com.br\\\/#organization\"},\"potentialAction\":[{\"@type\":\"SearchAction\",\"target\":{\"@type\":\"EntryPoint\",\"urlTemplate\":\"https:\\\/\\\/msconectado.com.br\\\/?s={search_term_string}\"},\"query-input\":{\"@type\":\"PropertyValueSpecification\",\"valueRequired\":true,\"valueName\":\"search_term_string\"}}],\"inLanguage\":\"pt-BR\"},{\"@type\":\"Organization\",\"@id\":\"https:\\\/\\\/msconectado.com.br\\\/#organization\",\"name\":\"MsConectado\",\"url\":\"https:\\\/\\\/msconectado.com.br\\\/\",\"logo\":{\"@type\":\"ImageObject\",\"inLanguage\":\"pt-BR\",\"@id\":\"https:\\\/\\\/msconectado.com.br\\\/#\\\/schema\\\/logo\\\/image\\\/\",\"url\":\"https:\\\/\\\/msconectado.com.br\\\/wp-content\\\/uploads\\\/2023\\\/01\\\/cropped-noticia-2.png\",\"contentUrl\":\"https:\\\/\\\/msconectado.com.br\\\/wp-content\\\/uploads\\\/2023\\\/01\\\/cropped-noticia-2.png\",\"width\":720,\"height\":157,\"caption\":\"MsConectado\"},\"image\":{\"@id\":\"https:\\\/\\\/msconectado.com.br\\\/#\\\/schema\\\/logo\\\/image\\\/\"}},{\"@type\":\"Person\",\"@id\":\"https:\\\/\\\/msconectado.com.br\\\/#\\\/schema\\\/person\\\/e5585545b5687092f1041d350b6e2c16\",\"name\":\"MsConectado\",\"image\":{\"@type\":\"ImageObject\",\"inLanguage\":\"pt-BR\",\"@id\":\"https:\\\/\\\/secure.gravatar.com\\\/avatar\\\/3b4f84a0a8a4380ac4431fa79981d073692380c5da00ae97596e794ab0db5c8c?s=96&d=mm&r=g\",\"url\":\"https:\\\/\\\/secure.gravatar.com\\\/avatar\\\/3b4f84a0a8a4380ac4431fa79981d073692380c5da00ae97596e794ab0db5c8c?s=96&d=mm&r=g\",\"contentUrl\":\"https:\\\/\\\/secure.gravatar.com\\\/avatar\\\/3b4f84a0a8a4380ac4431fa79981d073692380c5da00ae97596e794ab0db5c8c?s=96&d=mm&r=g\",\"caption\":\"MsConectado\"},\"url\":\"https:\\\/\\\/msconectado.com.br\\\/?author=2\"}]}<\/script>\n<!-- \/ Yoast SEO plugin. -->","yoast_head_json":{"title":"MS 46 anos: deputado Jo\u00e3o C\u00e9sar Mattogrosso exalta pujan\u00e7a do Estado - MsConectado","robots":{"index":"index","follow":"follow","max-snippet":"max-snippet:-1","max-image-preview":"max-image-preview:large","max-video-preview":"max-video-preview:-1"},"canonical":"https:\/\/msconectado.com.br\/?p=20351","og_locale":"pt_BR","og_type":"article","og_title":"MS 46 anos: deputado Jo\u00e3o C\u00e9sar Mattogrosso exalta pujan\u00e7a do Estado - MsConectado","og_description":"11 de outubro de 1977 marca a funda\u00e7\u00e3o de Mato Grosso do Sul, o segundo Estado mais jovem do Brasil, que completa 46 anos. Nesta data especial, o deputado estadual Jo\u00e3o C\u00e9sar Mattogrosso (PSDB), sul-mato-grossense nato, ressalta como grande marco a pujan\u00e7a e pleno desenvolvimento do Estado. \u201c\u00c9 gratificante estar entre os 24 representantes da [&hellip;]","og_url":"https:\/\/msconectado.com.br\/?p=20351","og_site_name":"MsConectado","article_published_time":"2023-10-11T20:22:30+00:00","article_modified_time":"2023-10-11T20:22:32+00:00","og_image":[{"width":740,"height":493,"url":"https:\/\/msconectado.com.br\/wp-content\/uploads\/2023\/10\/MS-46-anos-deputado-Joao-Cesar-Mattogrosso-exalta-pujanca-do-Estado.jpg","type":"image\/jpeg"}],"author":"MsConectado","twitter_card":"summary_large_image","twitter_misc":{"Escrito por":"MsConectado","Est. tempo de leitura":"3 minutos"},"schema":{"@context":"https:\/\/schema.org","@graph":[{"@type":"Article","@id":"https:\/\/msconectado.com.br\/?p=20351#article","isPartOf":{"@id":"https:\/\/msconectado.com.br\/?p=20351"},"author":{"name":"MsConectado","@id":"https:\/\/msconectado.com.br\/#\/schema\/person\/e5585545b5687092f1041d350b6e2c16"},"headline":"MS 46 anos: deputado Jo\u00e3o C\u00e9sar Mattogrosso exalta pujan\u00e7a do Estado","datePublished":"2023-10-11T20:22:30+00:00","dateModified":"2023-10-11T20:22:32+00:00","mainEntityOfPage":{"@id":"https:\/\/msconectado.com.br\/?p=20351"},"wordCount":691,"commentCount":0,"publisher":{"@id":"https:\/\/msconectado.com.br\/#organization"},"image":{"@id":"https:\/\/msconectado.com.br\/?p=20351#primaryimage"},"thumbnailUrl":"https:\/\/msconectado.com.br\/wp-content\/uploads\/2023\/10\/MS-46-anos-deputado-Joao-Cesar-Mattogrosso-exalta-pujanca-do-Estado.jpg","articleSection":["Assembleia Legislativa","Cidades","Not\u00edcia"],"inLanguage":"pt-BR","potentialAction":[{"@type":"CommentAction","name":"Comment","target":["https:\/\/msconectado.com.br\/?p=20351#respond"]}]},{"@type":"WebPage","@id":"https:\/\/msconectado.com.br\/?p=20351","url":"https:\/\/msconectado.com.br\/?p=20351","name":"MS 46 anos: deputado Jo\u00e3o C\u00e9sar Mattogrosso exalta pujan\u00e7a do Estado - MsConectado","isPartOf":{"@id":"https:\/\/msconectado.com.br\/#website"},"primaryImageOfPage":{"@id":"https:\/\/msconectado.com.br\/?p=20351#primaryimage"},"image":{"@id":"https:\/\/msconectado.com.br\/?p=20351#primaryimage"},"thumbnailUrl":"https:\/\/msconectado.com.br\/wp-content\/uploads\/2023\/10\/MS-46-anos-deputado-Joao-Cesar-Mattogrosso-exalta-pujanca-do-Estado.jpg","datePublished":"2023-10-11T20:22:30+00:00","dateModified":"2023-10-11T20:22:32+00:00","breadcrumb":{"@id":"https:\/\/msconectado.com.br\/?p=20351#breadcrumb"},"inLanguage":"pt-BR","potentialAction":[{"@type":"ReadAction","target":["https:\/\/msconectado.com.br\/?p=20351"]}]},{"@type":"ImageObject","inLanguage":"pt-BR","@id":"https:\/\/msconectado.com.br\/?p=20351#primaryimage","url":"https:\/\/msconectado.com.br\/wp-content\/uploads\/2023\/10\/MS-46-anos-deputado-Joao-Cesar-Mattogrosso-exalta-pujanca-do-Estado.jpg","contentUrl":"https:\/\/msconectado.com.br\/wp-content\/uploads\/2023\/10\/MS-46-anos-deputado-Joao-Cesar-Mattogrosso-exalta-pujanca-do-Estado.jpg","width":740,"height":493},{"@type":"BreadcrumbList","@id":"https:\/\/msconectado.com.br\/?p=20351#breadcrumb","itemListElement":[{"@type":"ListItem","position":1,"name":"In\u00edcio","item":"https:\/\/msconectado.com.br\/"},{"@type":"ListItem","position":2,"name":"MS 46 anos: deputado Jo\u00e3o C\u00e9sar Mattogrosso exalta pujan\u00e7a do Estado"}]},{"@type":"WebSite","@id":"https:\/\/msconectado.com.br\/#website","url":"https:\/\/msconectado.com.br\/","name":"MsConectado","description":"Voc\u00ea Conectado com a Not\u00edcia!","publisher":{"@id":"https:\/\/msconectado.com.br\/#organization"},"potentialAction":[{"@type":"SearchAction","target":{"@type":"EntryPoint","urlTemplate":"https:\/\/msconectado.com.br\/?s={search_term_string}"},"query-input":{"@type":"PropertyValueSpecification","valueRequired":true,"valueName":"search_term_string"}}],"inLanguage":"pt-BR"},{"@type":"Organization","@id":"https:\/\/msconectado.com.br\/#organization","name":"MsConectado","url":"https:\/\/msconectado.com.br\/","logo":{"@type":"ImageObject","inLanguage":"pt-BR","@id":"https:\/\/msconectado.com.br\/#\/schema\/logo\/image\/","url":"https:\/\/msconectado.com.br\/wp-content\/uploads\/2023\/01\/cropped-noticia-2.png","contentUrl":"https:\/\/msconectado.com.br\/wp-content\/uploads\/2023\/01\/cropped-noticia-2.png","width":720,"height":157,"caption":"MsConectado"},"image":{"@id":"https:\/\/msconectado.com.br\/#\/schema\/logo\/image\/"}},{"@type":"Person","@id":"https:\/\/msconectado.com.br\/#\/schema\/person\/e5585545b5687092f1041d350b6e2c16","name":"MsConectado","image":{"@type":"ImageObject","inLanguage":"pt-BR","@id":"https:\/\/secure.gravatar.com\/avatar\/3b4f84a0a8a4380ac4431fa79981d073692380c5da00ae97596e794ab0db5c8c?s=96&d=mm&r=g","url":"https:\/\/secure.gravatar.com\/avatar\/3b4f84a0a8a4380ac4431fa79981d073692380c5da00ae97596e794ab0db5c8c?s=96&d=mm&r=g","contentUrl":"https:\/\/secure.gravatar.com\/avatar\/3b4f84a0a8a4380ac4431fa79981d073692380c5da00ae97596e794ab0db5c8c?s=96&d=mm&r=g","caption":"MsConectado"},"url":"https:\/\/msconectado.com.br\/?author=2"}]}},"_links":{"self":[{"href":"https:\/\/msconectado.com.br\/index.php?rest_route=\/wp\/v2\/posts\/20351","targetHints":{"allow":["GET"]}}],"collection":[{"href":"https:\/\/msconectado.com.br\/index.php?rest_route=\/wp\/v2\/posts"}],"about":[{"href":"https:\/\/msconectado.com.br\/index.php?rest_route=\/wp\/v2\/types\/post"}],"author":[{"embeddable":true,"href":"https:\/\/msconectado.com.br\/index.php?rest_route=\/wp\/v2\/users\/2"}],"replies":[{"embeddable":true,"href":"https:\/\/msconectado.com.br\/index.php?rest_route=%2Fwp%2Fv2%2Fcomments&post=20351"}],"version-history":[{"count":1,"href":"https:\/\/msconectado.com.br\/index.php?rest_route=\/wp\/v2\/posts\/20351\/revisions"}],"predecessor-version":[{"id":20353,"href":"https:\/\/msconectado.com.br\/index.php?rest_route=\/wp\/v2\/posts\/20351\/revisions\/20353"}],"wp:featuredmedia":[{"embeddable":true,"href":"https:\/\/msconectado.com.br\/index.php?rest_route=\/wp\/v2\/media\/20352"}],"wp:attachment":[{"href":"https:\/\/msconectado.com.br\/index.php?rest_route=%2Fwp%2Fv2%2Fmedia&parent=20351"}],"wp:term":[{"taxonomy":"category","embeddable":true,"href":"https:\/\/msconectado.com.br\/index.php?rest_route=%2Fwp%2Fv2%2Fcategories&post=20351"},{"taxonomy":"post_tag","embeddable":true,"href":"https:\/\/msconectado.com.br\/index.php?rest_route=%2Fwp%2Fv2%2Ftags&post=20351"}],"curies":[{"name":"wp","href":"https:\/\/api.w.org\/{rel}","templated":true}]}}