
{"id":20426,"date":"2023-10-23T23:00:46","date_gmt":"2023-10-23T23:00:46","guid":{"rendered":"https:\/\/msconectado.com.br\/?p=20426"},"modified":"2023-10-23T23:00:47","modified_gmt":"2023-10-23T23:00:47","slug":"deputado-joao-cesar-mattogrosso-destaca-sancao-do-reajuste-para-os-professores-em-ms","status":"publish","type":"post","link":"https:\/\/msconectado.com.br\/?p=20426","title":{"rendered":"Deputado Jo\u00e3o C\u00e9sar Mattogrosso destaca san\u00e7\u00e3o do reajuste para os professores em MS"},"content":{"rendered":"\n<p>Entre as principais atividade econ\u00f4mica, social e ambiental de Mato Grosso do Sul, a pesca esteve no centro da discuss\u00e3o em reuni\u00e3o com o governador Eduardo Riedel, representantes dos pescadores profissionais, amadores e esportistas do Estado, secret\u00e1rios, prefeitos, vereadores e o Superintendente Federal de Pesca e Aquicultura. Os deputados Jo\u00e3o C\u00e9sar Mattogrosso e Mara Caseiro, do PSDB, representaram o legislativo estadual por meio da Frente Parlamentar em Defesa da Cadeia Produtiva da Pesca.<\/p>\n\n\n\n<p>O encontro reuniu diversos anseios da categoria e contemplou pontos sens\u00edveis, especialmente a preserva\u00e7\u00e3o dos rios e combate ao assoreamento. Al\u00e9m disso, o debate com empres\u00e1rios que integram a cadeia econ\u00f4mica do segmento tamb\u00e9m chamou aten\u00e7\u00e3o para o Turismo de Pesca, que \u00e9 um grande atrativo, e foram apresentadas reivindica\u00e7\u00f5es dos profissionais.<\/p>\n\n\n\n<p>Para o deputado Jo\u00e3o C\u00e9sar Mattogrosso, que tamb\u00e9m \u00e9 pescador amador e grande admirador da atividade, os avan\u00e7os s\u00e3o essenciais. \u201cEsse di\u00e1logo \u00e9 muito produtivo para avan\u00e7armos de forma sustent\u00e1vel, de modo que possamos potencializar a pesca e promover o crescimento econ\u00f4mico. Tudo perpassa por um amplo debate e n\u00f3s seguiremos juntos nessa conversa plural, que s\u00f3 tem a somar com todos os envolvidos\u201d, destaca o parlamentar.<\/p>\n\n\n\n<p>Legisla\u00e7\u00e3o estadual e federal que regulamenta a pesca tamb\u00e9m esteve entre os t\u00f3picos debatidos. O Secret\u00e1rio de Estado de Meio Ambiente, Desenvolvimento, Ci\u00eancia, Tecnologia e Inova\u00e7\u00e3o, Jaime Verruk, participou do encontro e enfatizou que todos os pontos ser\u00e3o analisados tecnicamente: \u201cFoi uma reuni\u00e3o extremamente produtiva, em que o governador recebeu o conjunto de reivindica\u00e7\u00f5es do setor e vai avaliar as quest\u00f5es com a equipe t\u00e9cnica do Imasul e da Semadesc, para ver que alinhamento pode ser feito. Todas as decis\u00f5es devem ser tomadas no per\u00edodo da Piracema, pois se houver mudan\u00e7as j\u00e1 come\u00e7a no in\u00edcio da pesca no ano que vem\u201d, afirmou.<\/p>\n\n\n\n<p>O governador Eduardo Riedel tamb\u00e9m tratou da cria\u00e7\u00e3o do Conselho Estadual de Pesca (Conpesca), que ser\u00e1 um \u00f3rg\u00e3o importante para discutir as principais demandas do setor e tomar as devidas delibera\u00e7\u00f5es. \u201cDaqui 20 dias j\u00e1 come\u00e7amos a nomear as pessoas para o Conselho e estes assuntos ser\u00e3o debatidos ali\u201d, acrescentou Verruck.<\/p>\n\n\n\n<p>J\u00e1 o deputado acrescenta a amplitude da discuss\u00e3o. \u201cDiscutimos esse tema em duas oportunidades nesta semana com o governador Eduardo Riedel, que se mostrou comprometido e atento \u00e0 pauta, e com certeza a proje\u00e7\u00e3o \u00e9 a melhor poss\u00edvel. Apresentamos avan\u00e7os para Corumb\u00e1, com representantes do setor na regi\u00e3o, al\u00e9m do amplo debate com a presen\u00e7a de diversas frentes. Com di\u00e1logo conseguiremos prosperar\u201d, ressalta Jo\u00e3o C\u00e9sar Mattogrosso.<\/p>\n\n\n\n<p>Tamb\u00e9m participaram os prefeitos de Miranda, F\u00e1bio Floren\u00e7a; de Bonito, Josmail Rodrigues; de Coxim, Edilson Magro; empres\u00e1rios do setor; e o Superintendente Federal de Pesca e Aquicultura, J\u00falio Buguelo.<\/p>\n\n\n\n<p>Assessoria<\/p>\n","protected":false},"excerpt":{"rendered":"<p>Entre as principais atividade econ\u00f4mica, social e ambiental de Mato Grosso do Sul, a pesca esteve no centro da discuss\u00e3o em reuni\u00e3o com o governador Eduardo Riedel, representantes dos pescadores profissionais, amadores e esportistas do Estado, secret\u00e1rios, prefeitos, vereadores e o Superintendente Federal de Pesca e Aquicultura. Os deputados Jo\u00e3o C\u00e9sar Mattogrosso e Mara Caseiro, [&hellip;]<\/p>\n","protected":false},"author":2,"featured_media":20427,"comment_status":"open","ping_status":"closed","sticky":false,"template":"","format":"standard","meta":{"footnotes":""},"categories":[38,1,33],"tags":[],"class_list":["post-20426","post","type-post","status-publish","format-standard","has-post-thumbnail","hentry","category-assembleia-legislativa","category-noticia","category-politica"],"yoast_head":"<!-- This site is optimized with the Yoast SEO plugin v27.5 - https:\/\/yoast.com\/product\/yoast-seo-wordpress\/ -->\n<title>Deputado Jo\u00e3o C\u00e9sar Mattogrosso destaca san\u00e7\u00e3o do reajuste para os professores em MS - MsConectado<\/title>\n<meta name=\"robots\" content=\"index, follow, max-snippet:-1, max-image-preview:large, max-video-preview:-1\" \/>\n<link rel=\"canonical\" href=\"https:\/\/msconectado.com.br\/?p=20426\" \/>\n<meta property=\"og:locale\" content=\"pt_BR\" \/>\n<meta property=\"og:type\" content=\"article\" \/>\n<meta property=\"og:title\" content=\"Deputado Jo\u00e3o C\u00e9sar Mattogrosso destaca san\u00e7\u00e3o do reajuste para os professores em MS - MsConectado\" \/>\n<meta property=\"og:description\" content=\"Entre as principais atividade econ\u00f4mica, social e ambiental de Mato Grosso do Sul, a pesca esteve no centro da discuss\u00e3o em reuni\u00e3o com o governador Eduardo Riedel, representantes dos pescadores profissionais, amadores e esportistas do Estado, secret\u00e1rios, prefeitos, vereadores e o Superintendente Federal de Pesca e Aquicultura. Os deputados Jo\u00e3o C\u00e9sar Mattogrosso e Mara Caseiro, [&hellip;]\" \/>\n<meta property=\"og:url\" content=\"https:\/\/msconectado.com.br\/?p=20426\" \/>\n<meta property=\"og:site_name\" content=\"MsConectado\" \/>\n<meta property=\"article:published_time\" content=\"2023-10-23T23:00:46+00:00\" \/>\n<meta property=\"article:modified_time\" content=\"2023-10-23T23:00:47+00:00\" \/>\n<meta property=\"og:image\" content=\"https:\/\/msconectado.com.br\/wp-content\/uploads\/2023\/10\/joao-1.jpg\" \/>\n\t<meta property=\"og:image:width\" content=\"740\" \/>\n\t<meta property=\"og:image:height\" content=\"493\" \/>\n\t<meta property=\"og:image:type\" content=\"image\/jpeg\" \/>\n<meta name=\"author\" content=\"MsConectado\" \/>\n<meta name=\"twitter:card\" content=\"summary_large_image\" \/>\n<meta name=\"twitter:label1\" content=\"Escrito por\" \/>\n\t<meta name=\"twitter:data1\" content=\"MsConectado\" \/>\n\t<meta name=\"twitter:label2\" content=\"Est. tempo de leitura\" \/>\n\t<meta name=\"twitter:data2\" content=\"2 minutos\" \/>\n<script type=\"application\/ld+json\" class=\"yoast-schema-graph\">{\"@context\":\"https:\\\/\\\/schema.org\",\"@graph\":[{\"@type\":\"Article\",\"@id\":\"https:\\\/\\\/msconectado.com.br\\\/?p=20426#article\",\"isPartOf\":{\"@id\":\"https:\\\/\\\/msconectado.com.br\\\/?p=20426\"},\"author\":{\"name\":\"MsConectado\",\"@id\":\"https:\\\/\\\/msconectado.com.br\\\/#\\\/schema\\\/person\\\/e5585545b5687092f1041d350b6e2c16\"},\"headline\":\"Deputado Jo\u00e3o C\u00e9sar Mattogrosso destaca san\u00e7\u00e3o do reajuste para os professores em MS\",\"datePublished\":\"2023-10-23T23:00:46+00:00\",\"dateModified\":\"2023-10-23T23:00:47+00:00\",\"mainEntityOfPage\":{\"@id\":\"https:\\\/\\\/msconectado.com.br\\\/?p=20426\"},\"wordCount\":512,\"commentCount\":0,\"publisher\":{\"@id\":\"https:\\\/\\\/msconectado.com.br\\\/#organization\"},\"image\":{\"@id\":\"https:\\\/\\\/msconectado.com.br\\\/?p=20426#primaryimage\"},\"thumbnailUrl\":\"https:\\\/\\\/msconectado.com.br\\\/wp-content\\\/uploads\\\/2023\\\/10\\\/joao-1.jpg\",\"articleSection\":[\"Assembleia Legislativa\",\"Not\u00edcia\",\"Pol\u00edtica\"],\"inLanguage\":\"pt-BR\",\"potentialAction\":[{\"@type\":\"CommentAction\",\"name\":\"Comment\",\"target\":[\"https:\\\/\\\/msconectado.com.br\\\/?p=20426#respond\"]}]},{\"@type\":\"WebPage\",\"@id\":\"https:\\\/\\\/msconectado.com.br\\\/?p=20426\",\"url\":\"https:\\\/\\\/msconectado.com.br\\\/?p=20426\",\"name\":\"Deputado Jo\u00e3o C\u00e9sar Mattogrosso destaca san\u00e7\u00e3o do reajuste para os professores em MS - MsConectado\",\"isPartOf\":{\"@id\":\"https:\\\/\\\/msconectado.com.br\\\/#website\"},\"primaryImageOfPage\":{\"@id\":\"https:\\\/\\\/msconectado.com.br\\\/?p=20426#primaryimage\"},\"image\":{\"@id\":\"https:\\\/\\\/msconectado.com.br\\\/?p=20426#primaryimage\"},\"thumbnailUrl\":\"https:\\\/\\\/msconectado.com.br\\\/wp-content\\\/uploads\\\/2023\\\/10\\\/joao-1.jpg\",\"datePublished\":\"2023-10-23T23:00:46+00:00\",\"dateModified\":\"2023-10-23T23:00:47+00:00\",\"breadcrumb\":{\"@id\":\"https:\\\/\\\/msconectado.com.br\\\/?p=20426#breadcrumb\"},\"inLanguage\":\"pt-BR\",\"potentialAction\":[{\"@type\":\"ReadAction\",\"target\":[\"https:\\\/\\\/msconectado.com.br\\\/?p=20426\"]}]},{\"@type\":\"ImageObject\",\"inLanguage\":\"pt-BR\",\"@id\":\"https:\\\/\\\/msconectado.com.br\\\/?p=20426#primaryimage\",\"url\":\"https:\\\/\\\/msconectado.com.br\\\/wp-content\\\/uploads\\\/2023\\\/10\\\/joao-1.jpg\",\"contentUrl\":\"https:\\\/\\\/msconectado.com.br\\\/wp-content\\\/uploads\\\/2023\\\/10\\\/joao-1.jpg\",\"width\":740,\"height\":493},{\"@type\":\"BreadcrumbList\",\"@id\":\"https:\\\/\\\/msconectado.com.br\\\/?p=20426#breadcrumb\",\"itemListElement\":[{\"@type\":\"ListItem\",\"position\":1,\"name\":\"In\u00edcio\",\"item\":\"https:\\\/\\\/msconectado.com.br\\\/\"},{\"@type\":\"ListItem\",\"position\":2,\"name\":\"Deputado Jo\u00e3o C\u00e9sar Mattogrosso destaca san\u00e7\u00e3o do reajuste para os professores em MS\"}]},{\"@type\":\"WebSite\",\"@id\":\"https:\\\/\\\/msconectado.com.br\\\/#website\",\"url\":\"https:\\\/\\\/msconectado.com.br\\\/\",\"name\":\"MsConectado\",\"description\":\"Voc\u00ea Conectado com a Not\u00edcia!\",\"publisher\":{\"@id\":\"https:\\\/\\\/msconectado.com.br\\\/#organization\"},\"potentialAction\":[{\"@type\":\"SearchAction\",\"target\":{\"@type\":\"EntryPoint\",\"urlTemplate\":\"https:\\\/\\\/msconectado.com.br\\\/?s={search_term_string}\"},\"query-input\":{\"@type\":\"PropertyValueSpecification\",\"valueRequired\":true,\"valueName\":\"search_term_string\"}}],\"inLanguage\":\"pt-BR\"},{\"@type\":\"Organization\",\"@id\":\"https:\\\/\\\/msconectado.com.br\\\/#organization\",\"name\":\"MsConectado\",\"url\":\"https:\\\/\\\/msconectado.com.br\\\/\",\"logo\":{\"@type\":\"ImageObject\",\"inLanguage\":\"pt-BR\",\"@id\":\"https:\\\/\\\/msconectado.com.br\\\/#\\\/schema\\\/logo\\\/image\\\/\",\"url\":\"https:\\\/\\\/msconectado.com.br\\\/wp-content\\\/uploads\\\/2023\\\/01\\\/cropped-noticia-2.png\",\"contentUrl\":\"https:\\\/\\\/msconectado.com.br\\\/wp-content\\\/uploads\\\/2023\\\/01\\\/cropped-noticia-2.png\",\"width\":720,\"height\":157,\"caption\":\"MsConectado\"},\"image\":{\"@id\":\"https:\\\/\\\/msconectado.com.br\\\/#\\\/schema\\\/logo\\\/image\\\/\"}},{\"@type\":\"Person\",\"@id\":\"https:\\\/\\\/msconectado.com.br\\\/#\\\/schema\\\/person\\\/e5585545b5687092f1041d350b6e2c16\",\"name\":\"MsConectado\",\"image\":{\"@type\":\"ImageObject\",\"inLanguage\":\"pt-BR\",\"@id\":\"https:\\\/\\\/secure.gravatar.com\\\/avatar\\\/3b4f84a0a8a4380ac4431fa79981d073692380c5da00ae97596e794ab0db5c8c?s=96&d=mm&r=g\",\"url\":\"https:\\\/\\\/secure.gravatar.com\\\/avatar\\\/3b4f84a0a8a4380ac4431fa79981d073692380c5da00ae97596e794ab0db5c8c?s=96&d=mm&r=g\",\"contentUrl\":\"https:\\\/\\\/secure.gravatar.com\\\/avatar\\\/3b4f84a0a8a4380ac4431fa79981d073692380c5da00ae97596e794ab0db5c8c?s=96&d=mm&r=g\",\"caption\":\"MsConectado\"},\"url\":\"https:\\\/\\\/msconectado.com.br\\\/?author=2\"}]}<\/script>\n<!-- \/ Yoast SEO plugin. -->","yoast_head_json":{"title":"Deputado Jo\u00e3o C\u00e9sar Mattogrosso destaca san\u00e7\u00e3o do reajuste para os professores em MS - MsConectado","robots":{"index":"index","follow":"follow","max-snippet":"max-snippet:-1","max-image-preview":"max-image-preview:large","max-video-preview":"max-video-preview:-1"},"canonical":"https:\/\/msconectado.com.br\/?p=20426","og_locale":"pt_BR","og_type":"article","og_title":"Deputado Jo\u00e3o C\u00e9sar Mattogrosso destaca san\u00e7\u00e3o do reajuste para os professores em MS - MsConectado","og_description":"Entre as principais atividade econ\u00f4mica, social e ambiental de Mato Grosso do Sul, a pesca esteve no centro da discuss\u00e3o em reuni\u00e3o com o governador Eduardo Riedel, representantes dos pescadores profissionais, amadores e esportistas do Estado, secret\u00e1rios, prefeitos, vereadores e o Superintendente Federal de Pesca e Aquicultura. Os deputados Jo\u00e3o C\u00e9sar Mattogrosso e Mara Caseiro, [&hellip;]","og_url":"https:\/\/msconectado.com.br\/?p=20426","og_site_name":"MsConectado","article_published_time":"2023-10-23T23:00:46+00:00","article_modified_time":"2023-10-23T23:00:47+00:00","og_image":[{"width":740,"height":493,"url":"https:\/\/msconectado.com.br\/wp-content\/uploads\/2023\/10\/joao-1.jpg","type":"image\/jpeg"}],"author":"MsConectado","twitter_card":"summary_large_image","twitter_misc":{"Escrito por":"MsConectado","Est. tempo de leitura":"2 minutos"},"schema":{"@context":"https:\/\/schema.org","@graph":[{"@type":"Article","@id":"https:\/\/msconectado.com.br\/?p=20426#article","isPartOf":{"@id":"https:\/\/msconectado.com.br\/?p=20426"},"author":{"name":"MsConectado","@id":"https:\/\/msconectado.com.br\/#\/schema\/person\/e5585545b5687092f1041d350b6e2c16"},"headline":"Deputado Jo\u00e3o C\u00e9sar Mattogrosso destaca san\u00e7\u00e3o do reajuste para os professores em MS","datePublished":"2023-10-23T23:00:46+00:00","dateModified":"2023-10-23T23:00:47+00:00","mainEntityOfPage":{"@id":"https:\/\/msconectado.com.br\/?p=20426"},"wordCount":512,"commentCount":0,"publisher":{"@id":"https:\/\/msconectado.com.br\/#organization"},"image":{"@id":"https:\/\/msconectado.com.br\/?p=20426#primaryimage"},"thumbnailUrl":"https:\/\/msconectado.com.br\/wp-content\/uploads\/2023\/10\/joao-1.jpg","articleSection":["Assembleia Legislativa","Not\u00edcia","Pol\u00edtica"],"inLanguage":"pt-BR","potentialAction":[{"@type":"CommentAction","name":"Comment","target":["https:\/\/msconectado.com.br\/?p=20426#respond"]}]},{"@type":"WebPage","@id":"https:\/\/msconectado.com.br\/?p=20426","url":"https:\/\/msconectado.com.br\/?p=20426","name":"Deputado Jo\u00e3o C\u00e9sar Mattogrosso destaca san\u00e7\u00e3o do reajuste para os professores em MS - MsConectado","isPartOf":{"@id":"https:\/\/msconectado.com.br\/#website"},"primaryImageOfPage":{"@id":"https:\/\/msconectado.com.br\/?p=20426#primaryimage"},"image":{"@id":"https:\/\/msconectado.com.br\/?p=20426#primaryimage"},"thumbnailUrl":"https:\/\/msconectado.com.br\/wp-content\/uploads\/2023\/10\/joao-1.jpg","datePublished":"2023-10-23T23:00:46+00:00","dateModified":"2023-10-23T23:00:47+00:00","breadcrumb":{"@id":"https:\/\/msconectado.com.br\/?p=20426#breadcrumb"},"inLanguage":"pt-BR","potentialAction":[{"@type":"ReadAction","target":["https:\/\/msconectado.com.br\/?p=20426"]}]},{"@type":"ImageObject","inLanguage":"pt-BR","@id":"https:\/\/msconectado.com.br\/?p=20426#primaryimage","url":"https:\/\/msconectado.com.br\/wp-content\/uploads\/2023\/10\/joao-1.jpg","contentUrl":"https:\/\/msconectado.com.br\/wp-content\/uploads\/2023\/10\/joao-1.jpg","width":740,"height":493},{"@type":"BreadcrumbList","@id":"https:\/\/msconectado.com.br\/?p=20426#breadcrumb","itemListElement":[{"@type":"ListItem","position":1,"name":"In\u00edcio","item":"https:\/\/msconectado.com.br\/"},{"@type":"ListItem","position":2,"name":"Deputado Jo\u00e3o C\u00e9sar Mattogrosso destaca san\u00e7\u00e3o do reajuste para os professores em MS"}]},{"@type":"WebSite","@id":"https:\/\/msconectado.com.br\/#website","url":"https:\/\/msconectado.com.br\/","name":"MsConectado","description":"Voc\u00ea Conectado com a Not\u00edcia!","publisher":{"@id":"https:\/\/msconectado.com.br\/#organization"},"potentialAction":[{"@type":"SearchAction","target":{"@type":"EntryPoint","urlTemplate":"https:\/\/msconectado.com.br\/?s={search_term_string}"},"query-input":{"@type":"PropertyValueSpecification","valueRequired":true,"valueName":"search_term_string"}}],"inLanguage":"pt-BR"},{"@type":"Organization","@id":"https:\/\/msconectado.com.br\/#organization","name":"MsConectado","url":"https:\/\/msconectado.com.br\/","logo":{"@type":"ImageObject","inLanguage":"pt-BR","@id":"https:\/\/msconectado.com.br\/#\/schema\/logo\/image\/","url":"https:\/\/msconectado.com.br\/wp-content\/uploads\/2023\/01\/cropped-noticia-2.png","contentUrl":"https:\/\/msconectado.com.br\/wp-content\/uploads\/2023\/01\/cropped-noticia-2.png","width":720,"height":157,"caption":"MsConectado"},"image":{"@id":"https:\/\/msconectado.com.br\/#\/schema\/logo\/image\/"}},{"@type":"Person","@id":"https:\/\/msconectado.com.br\/#\/schema\/person\/e5585545b5687092f1041d350b6e2c16","name":"MsConectado","image":{"@type":"ImageObject","inLanguage":"pt-BR","@id":"https:\/\/secure.gravatar.com\/avatar\/3b4f84a0a8a4380ac4431fa79981d073692380c5da00ae97596e794ab0db5c8c?s=96&d=mm&r=g","url":"https:\/\/secure.gravatar.com\/avatar\/3b4f84a0a8a4380ac4431fa79981d073692380c5da00ae97596e794ab0db5c8c?s=96&d=mm&r=g","contentUrl":"https:\/\/secure.gravatar.com\/avatar\/3b4f84a0a8a4380ac4431fa79981d073692380c5da00ae97596e794ab0db5c8c?s=96&d=mm&r=g","caption":"MsConectado"},"url":"https:\/\/msconectado.com.br\/?author=2"}]}},"_links":{"self":[{"href":"https:\/\/msconectado.com.br\/index.php?rest_route=\/wp\/v2\/posts\/20426","targetHints":{"allow":["GET"]}}],"collection":[{"href":"https:\/\/msconectado.com.br\/index.php?rest_route=\/wp\/v2\/posts"}],"about":[{"href":"https:\/\/msconectado.com.br\/index.php?rest_route=\/wp\/v2\/types\/post"}],"author":[{"embeddable":true,"href":"https:\/\/msconectado.com.br\/index.php?rest_route=\/wp\/v2\/users\/2"}],"replies":[{"embeddable":true,"href":"https:\/\/msconectado.com.br\/index.php?rest_route=%2Fwp%2Fv2%2Fcomments&post=20426"}],"version-history":[{"count":1,"href":"https:\/\/msconectado.com.br\/index.php?rest_route=\/wp\/v2\/posts\/20426\/revisions"}],"predecessor-version":[{"id":20428,"href":"https:\/\/msconectado.com.br\/index.php?rest_route=\/wp\/v2\/posts\/20426\/revisions\/20428"}],"wp:featuredmedia":[{"embeddable":true,"href":"https:\/\/msconectado.com.br\/index.php?rest_route=\/wp\/v2\/media\/20427"}],"wp:attachment":[{"href":"https:\/\/msconectado.com.br\/index.php?rest_route=%2Fwp%2Fv2%2Fmedia&parent=20426"}],"wp:term":[{"taxonomy":"category","embeddable":true,"href":"https:\/\/msconectado.com.br\/index.php?rest_route=%2Fwp%2Fv2%2Fcategories&post=20426"},{"taxonomy":"post_tag","embeddable":true,"href":"https:\/\/msconectado.com.br\/index.php?rest_route=%2Fwp%2Fv2%2Ftags&post=20426"}],"curies":[{"name":"wp","href":"https:\/\/api.w.org\/{rel}","templated":true}]}}