
{"id":20461,"date":"2023-10-27T23:37:27","date_gmt":"2023-10-27T23:37:27","guid":{"rendered":"https:\/\/msconectado.com.br\/?p=20461"},"modified":"2023-10-27T23:48:03","modified_gmt":"2023-10-27T23:48:03","slug":"titulos-de-cidadao-e-comendas-de-merito-legislativo-serao-entregues-no-dia-31","status":"publish","type":"post","link":"https:\/\/msconectado.com.br\/?p=20461","title":{"rendered":"T\u00edtulos de Cidad\u00e3o e Comendas de M\u00e9rito Legislativo ser\u00e3o entregues no dia 31"},"content":{"rendered":"\n<p>A Assembleia Legislativa de Mato Grosso do Sul (ALEMS) realiza na ter\u00e7a-feira (31) sess\u00e3o solene para entrega de&nbsp;T\u00edtulos de Cidad\u00e3o Sul-Mato-Grossense e de&nbsp;Comendas do M\u00e9rito Legislativo. O evento acontece a partir das 19h no Centro de Conven\u00e7\u00f5es Arquiteto Rubens Gil de Camilo, no Parque dos Poderes, em Campo Grande.<\/p>\n\n\n\n<p>A proposi\u00e7\u00e3o da solenidade \u00e9 do deputado Gerson Claro (PP), presidente da ALEMS. Devem ser homenageadas 88 pessoas que, em suas atividades, t\u00eam contribu\u00eddo para o desenvolvimento de Mato Grosso do Sul. Tamb\u00e9m est\u00e3o previstos shows com artistas regionais. &nbsp;<\/p>\n\n\n\n<p>De acordo com o Regimento Interno (<a href=\"https:\/\/al.ms.gov.br\/upload\/Pdf\/2023_08_07_04_14_21_regimento_interno-atualizado_22_06_2023.pdf\" target=\"_blank\" rel=\"noreferrer noopener\">Resolu\u00e7\u00e3o 65\/2008<\/a>), a Casa de Leis pode realizar duas sess\u00f5es solenes anuais para entrega do\u00a0T\u00edtulo de Cidad\u00e3o Sul-Mato-Grossense e da Comenda do M\u00e9rito Legislativo. Cada deputado pode indicar, por sess\u00e3o, uma pessoa para receber cada uma das honrarias.<\/p>\n\n\n\n<p>Assessoria ALEMS<\/p>\n","protected":false},"excerpt":{"rendered":"<p>A Assembleia Legislativa de Mato Grosso do Sul (ALEMS) realiza na ter\u00e7a-feira (31) sess\u00e3o solene para entrega de&nbsp;T\u00edtulos de Cidad\u00e3o Sul-Mato-Grossense e de&nbsp;Comendas do M\u00e9rito Legislativo. O evento acontece a partir das 19h no Centro de Conven\u00e7\u00f5es Arquiteto Rubens Gil de Camilo, no Parque dos Poderes, em Campo Grande. A proposi\u00e7\u00e3o da solenidade \u00e9 do [&hellip;]<\/p>\n","protected":false},"author":2,"featured_media":20462,"comment_status":"open","ping_status":"closed","sticky":false,"template":"","format":"standard","meta":{"footnotes":""},"categories":[38,1,33],"tags":[],"class_list":["post-20461","post","type-post","status-publish","format-standard","has-post-thumbnail","hentry","category-assembleia-legislativa","category-noticia","category-politica"],"yoast_head":"<!-- This site is optimized with the Yoast SEO plugin v27.5 - https:\/\/yoast.com\/product\/yoast-seo-wordpress\/ -->\n<title>T\u00edtulos de Cidad\u00e3o e Comendas de M\u00e9rito Legislativo ser\u00e3o entregues no dia 31 - MsConectado<\/title>\n<meta name=\"robots\" content=\"index, follow, max-snippet:-1, max-image-preview:large, max-video-preview:-1\" \/>\n<link rel=\"canonical\" href=\"https:\/\/msconectado.com.br\/?p=20461\" \/>\n<meta property=\"og:locale\" content=\"pt_BR\" \/>\n<meta property=\"og:type\" content=\"article\" \/>\n<meta property=\"og:title\" content=\"T\u00edtulos de Cidad\u00e3o e Comendas de M\u00e9rito Legislativo ser\u00e3o entregues no dia 31 - MsConectado\" \/>\n<meta property=\"og:description\" content=\"A Assembleia Legislativa de Mato Grosso do Sul (ALEMS) realiza na ter\u00e7a-feira (31) sess\u00e3o solene para entrega de&nbsp;T\u00edtulos de Cidad\u00e3o Sul-Mato-Grossense e de&nbsp;Comendas do M\u00e9rito Legislativo. O evento acontece a partir das 19h no Centro de Conven\u00e7\u00f5es Arquiteto Rubens Gil de Camilo, no Parque dos Poderes, em Campo Grande. A proposi\u00e7\u00e3o da solenidade \u00e9 do [&hellip;]\" \/>\n<meta property=\"og:url\" content=\"https:\/\/msconectado.com.br\/?p=20461\" \/>\n<meta property=\"og:site_name\" content=\"MsConectado\" \/>\n<meta property=\"article:published_time\" content=\"2023-10-27T23:37:27+00:00\" \/>\n<meta property=\"article:modified_time\" content=\"2023-10-27T23:48:03+00:00\" \/>\n<meta property=\"og:image\" content=\"https:\/\/msconectado.com.br\/wp-content\/uploads\/2023\/10\/calderan-1.jpg\" \/>\n\t<meta property=\"og:image:width\" content=\"740\" \/>\n\t<meta property=\"og:image:height\" content=\"493\" \/>\n\t<meta property=\"og:image:type\" content=\"image\/jpeg\" \/>\n<meta name=\"author\" content=\"MsConectado\" \/>\n<meta name=\"twitter:card\" content=\"summary_large_image\" \/>\n<meta name=\"twitter:label1\" content=\"Escrito por\" \/>\n\t<meta name=\"twitter:data1\" content=\"MsConectado\" \/>\n\t<meta name=\"twitter:label2\" content=\"Est. tempo de leitura\" \/>\n\t<meta name=\"twitter:data2\" content=\"1 minuto\" \/>\n<script type=\"application\/ld+json\" class=\"yoast-schema-graph\">{\"@context\":\"https:\\\/\\\/schema.org\",\"@graph\":[{\"@type\":\"Article\",\"@id\":\"https:\\\/\\\/msconectado.com.br\\\/?p=20461#article\",\"isPartOf\":{\"@id\":\"https:\\\/\\\/msconectado.com.br\\\/?p=20461\"},\"author\":{\"name\":\"MsConectado\",\"@id\":\"https:\\\/\\\/msconectado.com.br\\\/#\\\/schema\\\/person\\\/e5585545b5687092f1041d350b6e2c16\"},\"headline\":\"T\u00edtulos de Cidad\u00e3o e Comendas de M\u00e9rito Legislativo ser\u00e3o entregues no dia 31\",\"datePublished\":\"2023-10-27T23:37:27+00:00\",\"dateModified\":\"2023-10-27T23:48:03+00:00\",\"mainEntityOfPage\":{\"@id\":\"https:\\\/\\\/msconectado.com.br\\\/?p=20461\"},\"wordCount\":169,\"commentCount\":0,\"publisher\":{\"@id\":\"https:\\\/\\\/msconectado.com.br\\\/#organization\"},\"image\":{\"@id\":\"https:\\\/\\\/msconectado.com.br\\\/?p=20461#primaryimage\"},\"thumbnailUrl\":\"https:\\\/\\\/msconectado.com.br\\\/wp-content\\\/uploads\\\/2023\\\/10\\\/calderan-1.jpg\",\"articleSection\":[\"Assembleia Legislativa\",\"Not\u00edcia\",\"Pol\u00edtica\"],\"inLanguage\":\"pt-BR\",\"potentialAction\":[{\"@type\":\"CommentAction\",\"name\":\"Comment\",\"target\":[\"https:\\\/\\\/msconectado.com.br\\\/?p=20461#respond\"]}]},{\"@type\":\"WebPage\",\"@id\":\"https:\\\/\\\/msconectado.com.br\\\/?p=20461\",\"url\":\"https:\\\/\\\/msconectado.com.br\\\/?p=20461\",\"name\":\"T\u00edtulos de Cidad\u00e3o e Comendas de M\u00e9rito Legislativo ser\u00e3o entregues no dia 31 - MsConectado\",\"isPartOf\":{\"@id\":\"https:\\\/\\\/msconectado.com.br\\\/#website\"},\"primaryImageOfPage\":{\"@id\":\"https:\\\/\\\/msconectado.com.br\\\/?p=20461#primaryimage\"},\"image\":{\"@id\":\"https:\\\/\\\/msconectado.com.br\\\/?p=20461#primaryimage\"},\"thumbnailUrl\":\"https:\\\/\\\/msconectado.com.br\\\/wp-content\\\/uploads\\\/2023\\\/10\\\/calderan-1.jpg\",\"datePublished\":\"2023-10-27T23:37:27+00:00\",\"dateModified\":\"2023-10-27T23:48:03+00:00\",\"breadcrumb\":{\"@id\":\"https:\\\/\\\/msconectado.com.br\\\/?p=20461#breadcrumb\"},\"inLanguage\":\"pt-BR\",\"potentialAction\":[{\"@type\":\"ReadAction\",\"target\":[\"https:\\\/\\\/msconectado.com.br\\\/?p=20461\"]}]},{\"@type\":\"ImageObject\",\"inLanguage\":\"pt-BR\",\"@id\":\"https:\\\/\\\/msconectado.com.br\\\/?p=20461#primaryimage\",\"url\":\"https:\\\/\\\/msconectado.com.br\\\/wp-content\\\/uploads\\\/2023\\\/10\\\/calderan-1.jpg\",\"contentUrl\":\"https:\\\/\\\/msconectado.com.br\\\/wp-content\\\/uploads\\\/2023\\\/10\\\/calderan-1.jpg\",\"width\":740,\"height\":493},{\"@type\":\"BreadcrumbList\",\"@id\":\"https:\\\/\\\/msconectado.com.br\\\/?p=20461#breadcrumb\",\"itemListElement\":[{\"@type\":\"ListItem\",\"position\":1,\"name\":\"In\u00edcio\",\"item\":\"https:\\\/\\\/msconectado.com.br\\\/\"},{\"@type\":\"ListItem\",\"position\":2,\"name\":\"T\u00edtulos de Cidad\u00e3o e Comendas de M\u00e9rito Legislativo ser\u00e3o entregues no dia 31\"}]},{\"@type\":\"WebSite\",\"@id\":\"https:\\\/\\\/msconectado.com.br\\\/#website\",\"url\":\"https:\\\/\\\/msconectado.com.br\\\/\",\"name\":\"MsConectado\",\"description\":\"Voc\u00ea Conectado com a Not\u00edcia!\",\"publisher\":{\"@id\":\"https:\\\/\\\/msconectado.com.br\\\/#organization\"},\"potentialAction\":[{\"@type\":\"SearchAction\",\"target\":{\"@type\":\"EntryPoint\",\"urlTemplate\":\"https:\\\/\\\/msconectado.com.br\\\/?s={search_term_string}\"},\"query-input\":{\"@type\":\"PropertyValueSpecification\",\"valueRequired\":true,\"valueName\":\"search_term_string\"}}],\"inLanguage\":\"pt-BR\"},{\"@type\":\"Organization\",\"@id\":\"https:\\\/\\\/msconectado.com.br\\\/#organization\",\"name\":\"MsConectado\",\"url\":\"https:\\\/\\\/msconectado.com.br\\\/\",\"logo\":{\"@type\":\"ImageObject\",\"inLanguage\":\"pt-BR\",\"@id\":\"https:\\\/\\\/msconectado.com.br\\\/#\\\/schema\\\/logo\\\/image\\\/\",\"url\":\"https:\\\/\\\/msconectado.com.br\\\/wp-content\\\/uploads\\\/2023\\\/01\\\/cropped-noticia-2.png\",\"contentUrl\":\"https:\\\/\\\/msconectado.com.br\\\/wp-content\\\/uploads\\\/2023\\\/01\\\/cropped-noticia-2.png\",\"width\":720,\"height\":157,\"caption\":\"MsConectado\"},\"image\":{\"@id\":\"https:\\\/\\\/msconectado.com.br\\\/#\\\/schema\\\/logo\\\/image\\\/\"}},{\"@type\":\"Person\",\"@id\":\"https:\\\/\\\/msconectado.com.br\\\/#\\\/schema\\\/person\\\/e5585545b5687092f1041d350b6e2c16\",\"name\":\"MsConectado\",\"image\":{\"@type\":\"ImageObject\",\"inLanguage\":\"pt-BR\",\"@id\":\"https:\\\/\\\/secure.gravatar.com\\\/avatar\\\/3b4f84a0a8a4380ac4431fa79981d073692380c5da00ae97596e794ab0db5c8c?s=96&d=mm&r=g\",\"url\":\"https:\\\/\\\/secure.gravatar.com\\\/avatar\\\/3b4f84a0a8a4380ac4431fa79981d073692380c5da00ae97596e794ab0db5c8c?s=96&d=mm&r=g\",\"contentUrl\":\"https:\\\/\\\/secure.gravatar.com\\\/avatar\\\/3b4f84a0a8a4380ac4431fa79981d073692380c5da00ae97596e794ab0db5c8c?s=96&d=mm&r=g\",\"caption\":\"MsConectado\"},\"url\":\"https:\\\/\\\/msconectado.com.br\\\/?author=2\"}]}<\/script>\n<!-- \/ Yoast SEO plugin. -->","yoast_head_json":{"title":"T\u00edtulos de Cidad\u00e3o e Comendas de M\u00e9rito Legislativo ser\u00e3o entregues no dia 31 - MsConectado","robots":{"index":"index","follow":"follow","max-snippet":"max-snippet:-1","max-image-preview":"max-image-preview:large","max-video-preview":"max-video-preview:-1"},"canonical":"https:\/\/msconectado.com.br\/?p=20461","og_locale":"pt_BR","og_type":"article","og_title":"T\u00edtulos de Cidad\u00e3o e Comendas de M\u00e9rito Legislativo ser\u00e3o entregues no dia 31 - MsConectado","og_description":"A Assembleia Legislativa de Mato Grosso do Sul (ALEMS) realiza na ter\u00e7a-feira (31) sess\u00e3o solene para entrega de&nbsp;T\u00edtulos de Cidad\u00e3o Sul-Mato-Grossense e de&nbsp;Comendas do M\u00e9rito Legislativo. O evento acontece a partir das 19h no Centro de Conven\u00e7\u00f5es Arquiteto Rubens Gil de Camilo, no Parque dos Poderes, em Campo Grande. A proposi\u00e7\u00e3o da solenidade \u00e9 do [&hellip;]","og_url":"https:\/\/msconectado.com.br\/?p=20461","og_site_name":"MsConectado","article_published_time":"2023-10-27T23:37:27+00:00","article_modified_time":"2023-10-27T23:48:03+00:00","og_image":[{"width":740,"height":493,"url":"https:\/\/msconectado.com.br\/wp-content\/uploads\/2023\/10\/calderan-1.jpg","type":"image\/jpeg"}],"author":"MsConectado","twitter_card":"summary_large_image","twitter_misc":{"Escrito por":"MsConectado","Est. tempo de leitura":"1 minuto"},"schema":{"@context":"https:\/\/schema.org","@graph":[{"@type":"Article","@id":"https:\/\/msconectado.com.br\/?p=20461#article","isPartOf":{"@id":"https:\/\/msconectado.com.br\/?p=20461"},"author":{"name":"MsConectado","@id":"https:\/\/msconectado.com.br\/#\/schema\/person\/e5585545b5687092f1041d350b6e2c16"},"headline":"T\u00edtulos de Cidad\u00e3o e Comendas de M\u00e9rito Legislativo ser\u00e3o entregues no dia 31","datePublished":"2023-10-27T23:37:27+00:00","dateModified":"2023-10-27T23:48:03+00:00","mainEntityOfPage":{"@id":"https:\/\/msconectado.com.br\/?p=20461"},"wordCount":169,"commentCount":0,"publisher":{"@id":"https:\/\/msconectado.com.br\/#organization"},"image":{"@id":"https:\/\/msconectado.com.br\/?p=20461#primaryimage"},"thumbnailUrl":"https:\/\/msconectado.com.br\/wp-content\/uploads\/2023\/10\/calderan-1.jpg","articleSection":["Assembleia Legislativa","Not\u00edcia","Pol\u00edtica"],"inLanguage":"pt-BR","potentialAction":[{"@type":"CommentAction","name":"Comment","target":["https:\/\/msconectado.com.br\/?p=20461#respond"]}]},{"@type":"WebPage","@id":"https:\/\/msconectado.com.br\/?p=20461","url":"https:\/\/msconectado.com.br\/?p=20461","name":"T\u00edtulos de Cidad\u00e3o e Comendas de M\u00e9rito Legislativo ser\u00e3o entregues no dia 31 - MsConectado","isPartOf":{"@id":"https:\/\/msconectado.com.br\/#website"},"primaryImageOfPage":{"@id":"https:\/\/msconectado.com.br\/?p=20461#primaryimage"},"image":{"@id":"https:\/\/msconectado.com.br\/?p=20461#primaryimage"},"thumbnailUrl":"https:\/\/msconectado.com.br\/wp-content\/uploads\/2023\/10\/calderan-1.jpg","datePublished":"2023-10-27T23:37:27+00:00","dateModified":"2023-10-27T23:48:03+00:00","breadcrumb":{"@id":"https:\/\/msconectado.com.br\/?p=20461#breadcrumb"},"inLanguage":"pt-BR","potentialAction":[{"@type":"ReadAction","target":["https:\/\/msconectado.com.br\/?p=20461"]}]},{"@type":"ImageObject","inLanguage":"pt-BR","@id":"https:\/\/msconectado.com.br\/?p=20461#primaryimage","url":"https:\/\/msconectado.com.br\/wp-content\/uploads\/2023\/10\/calderan-1.jpg","contentUrl":"https:\/\/msconectado.com.br\/wp-content\/uploads\/2023\/10\/calderan-1.jpg","width":740,"height":493},{"@type":"BreadcrumbList","@id":"https:\/\/msconectado.com.br\/?p=20461#breadcrumb","itemListElement":[{"@type":"ListItem","position":1,"name":"In\u00edcio","item":"https:\/\/msconectado.com.br\/"},{"@type":"ListItem","position":2,"name":"T\u00edtulos de Cidad\u00e3o e Comendas de M\u00e9rito Legislativo ser\u00e3o entregues no dia 31"}]},{"@type":"WebSite","@id":"https:\/\/msconectado.com.br\/#website","url":"https:\/\/msconectado.com.br\/","name":"MsConectado","description":"Voc\u00ea Conectado com a Not\u00edcia!","publisher":{"@id":"https:\/\/msconectado.com.br\/#organization"},"potentialAction":[{"@type":"SearchAction","target":{"@type":"EntryPoint","urlTemplate":"https:\/\/msconectado.com.br\/?s={search_term_string}"},"query-input":{"@type":"PropertyValueSpecification","valueRequired":true,"valueName":"search_term_string"}}],"inLanguage":"pt-BR"},{"@type":"Organization","@id":"https:\/\/msconectado.com.br\/#organization","name":"MsConectado","url":"https:\/\/msconectado.com.br\/","logo":{"@type":"ImageObject","inLanguage":"pt-BR","@id":"https:\/\/msconectado.com.br\/#\/schema\/logo\/image\/","url":"https:\/\/msconectado.com.br\/wp-content\/uploads\/2023\/01\/cropped-noticia-2.png","contentUrl":"https:\/\/msconectado.com.br\/wp-content\/uploads\/2023\/01\/cropped-noticia-2.png","width":720,"height":157,"caption":"MsConectado"},"image":{"@id":"https:\/\/msconectado.com.br\/#\/schema\/logo\/image\/"}},{"@type":"Person","@id":"https:\/\/msconectado.com.br\/#\/schema\/person\/e5585545b5687092f1041d350b6e2c16","name":"MsConectado","image":{"@type":"ImageObject","inLanguage":"pt-BR","@id":"https:\/\/secure.gravatar.com\/avatar\/3b4f84a0a8a4380ac4431fa79981d073692380c5da00ae97596e794ab0db5c8c?s=96&d=mm&r=g","url":"https:\/\/secure.gravatar.com\/avatar\/3b4f84a0a8a4380ac4431fa79981d073692380c5da00ae97596e794ab0db5c8c?s=96&d=mm&r=g","contentUrl":"https:\/\/secure.gravatar.com\/avatar\/3b4f84a0a8a4380ac4431fa79981d073692380c5da00ae97596e794ab0db5c8c?s=96&d=mm&r=g","caption":"MsConectado"},"url":"https:\/\/msconectado.com.br\/?author=2"}]}},"_links":{"self":[{"href":"https:\/\/msconectado.com.br\/index.php?rest_route=\/wp\/v2\/posts\/20461","targetHints":{"allow":["GET"]}}],"collection":[{"href":"https:\/\/msconectado.com.br\/index.php?rest_route=\/wp\/v2\/posts"}],"about":[{"href":"https:\/\/msconectado.com.br\/index.php?rest_route=\/wp\/v2\/types\/post"}],"author":[{"embeddable":true,"href":"https:\/\/msconectado.com.br\/index.php?rest_route=\/wp\/v2\/users\/2"}],"replies":[{"embeddable":true,"href":"https:\/\/msconectado.com.br\/index.php?rest_route=%2Fwp%2Fv2%2Fcomments&post=20461"}],"version-history":[{"count":2,"href":"https:\/\/msconectado.com.br\/index.php?rest_route=\/wp\/v2\/posts\/20461\/revisions"}],"predecessor-version":[{"id":20464,"href":"https:\/\/msconectado.com.br\/index.php?rest_route=\/wp\/v2\/posts\/20461\/revisions\/20464"}],"wp:featuredmedia":[{"embeddable":true,"href":"https:\/\/msconectado.com.br\/index.php?rest_route=\/wp\/v2\/media\/20462"}],"wp:attachment":[{"href":"https:\/\/msconectado.com.br\/index.php?rest_route=%2Fwp%2Fv2%2Fmedia&parent=20461"}],"wp:term":[{"taxonomy":"category","embeddable":true,"href":"https:\/\/msconectado.com.br\/index.php?rest_route=%2Fwp%2Fv2%2Fcategories&post=20461"},{"taxonomy":"post_tag","embeddable":true,"href":"https:\/\/msconectado.com.br\/index.php?rest_route=%2Fwp%2Fv2%2Ftags&post=20461"}],"curies":[{"name":"wp","href":"https:\/\/api.w.org\/{rel}","templated":true}]}}