
{"id":20522,"date":"2023-11-10T13:53:15","date_gmt":"2023-11-10T13:53:15","guid":{"rendered":"https:\/\/msconectado.com.br\/?p=20522"},"modified":"2023-11-10T13:53:16","modified_gmt":"2023-11-10T13:53:16","slug":"fase-de-teste-do-teletrabalho-no-governo-e-exaltada-pelo-deputado-joao-cesar-mattogrosso","status":"publish","type":"post","link":"https:\/\/msconectado.com.br\/?p=20522","title":{"rendered":"Fase de teste do teletrabalho no Governo \u00e9 exaltada pelo deputado Jo\u00e3o C\u00e9sar Mattogrosso"},"content":{"rendered":"\n<p><em>Servidores da Junta Comercial e Procuradoria-Geral do Estado de Mato Grosso do Sul s\u00e3o os primeiros a testar a modalidade de trabalho na gest\u00e3o estadual<br><\/em><br>Pauta que conta com olhar atento do deputado estadual Jo\u00e3o C\u00e9sar Mattogrosso (PSDB), a regulamenta\u00e7\u00e3o do teletrabalho avan\u00e7ou mais um passo com o in\u00edcio da fase de testes com os servidores da Junta Comercial e da Procuradoria-Geral do Estado de Mato Grosso do Sul. Durante sess\u00e3o plen\u00e1ria da Casa de Leis, o parlamentar enalteceu a iniciativa do Governo MS em testar a modalidade.<\/p>\n\n\n\n<p>\u201cQuero parabenizar o governador Eduardo Riedel e a Secret\u00e1ria de Estado de Administra\u00e7\u00e3o, Ana Carolina Nardes, pelo trabalho \u00e1rduo e aten\u00e7\u00e3o a essa pauta. Logo no in\u00edcio do nosso mandato apresentamos essa indica\u00e7\u00e3o ao Executivo e temos a felicidade de acompanhar esses avan\u00e7os que geram economia e melhora a qualidade de vida dos servidores\u201d, salientou o deputado Jo\u00e3o C\u00e9sar Mattogrosso.<\/p>\n\n\n\n<p>Em agosto foi publicado o Decreto n. 16.243. Logo no in\u00edcio do ano legislativo, o parlamentar reivindicou \u00e0 Secretaria de Estado de Administra\u00e7\u00e3o a realiza\u00e7\u00e3o de um estudo de viabilidade para implanta\u00e7\u00e3o desse regime de trabalho no Governo do Estado e os frutos j\u00e1 est\u00e3o sendo colhidos.<\/p>\n\n\n\n<p>Na pr\u00e1tica, participam do projeto piloto os servidores e servidoras que realizam atividades pass\u00edveis de serem realizadas remotamente e cujas atribui\u00e7\u00f5es seja poss\u00edvel, em fun\u00e7\u00e3o da caracter\u00edstica do servi\u00e7o, de mensura\u00e7\u00e3o objetiva do desempenho do servidor, com acompanhamento das entregas, durante o per\u00edodo de execu\u00e7\u00e3o. 31 servidores da Junta Comercial, a JUCEMS, foram selecionados para trabalhar por 40 dias nesta etapa teste.<\/p>\n\n\n\n<p>O deputado Jo\u00e3o C\u00e9sar Mattogrosso refor\u00e7a que a medida vai ao encontro do que j\u00e1 \u00e9 realidade em outras institui\u00e7\u00f5es. \u201cNenhum servidor \u00e9 ou ser\u00e1 obrigado a aderir ao teletrabalho, mas com certeza representa a moderniza\u00e7\u00e3o do servi\u00e7o p\u00fablico e economia com estrutura, al\u00e9m da qualidade de vida dos servidores e servidoras, o que influencia diretamente na produtividade. Importante observar que o regime de teletrabalho possui regras e monitoramento, o que garante a qualidade dos servi\u00e7os prestados. Essa \u00e9 uma realidade que j\u00e1 acontece em tribunais Brasil afora, por exemplo\u201d, destaca o parlamentar.<\/p>\n\n\n\n<p>Assessoria<\/p>\n","protected":false},"excerpt":{"rendered":"<p>Servidores da Junta Comercial e Procuradoria-Geral do Estado de Mato Grosso do Sul s\u00e3o os primeiros a testar a modalidade de trabalho na gest\u00e3o estadualPauta que conta com olhar atento do deputado estadual Jo\u00e3o C\u00e9sar Mattogrosso (PSDB), a regulamenta\u00e7\u00e3o do teletrabalho avan\u00e7ou mais um passo com o in\u00edcio da fase de testes com os servidores [&hellip;]<\/p>\n","protected":false},"author":2,"featured_media":20523,"comment_status":"open","ping_status":"closed","sticky":false,"template":"","format":"standard","meta":{"footnotes":""},"categories":[38,35,33],"tags":[],"class_list":["post-20522","post","type-post","status-publish","format-standard","has-post-thumbnail","hentry","category-assembleia-legislativa","category-cidades","category-politica"],"yoast_head":"<!-- This site is optimized with the Yoast SEO plugin v27.5 - https:\/\/yoast.com\/product\/yoast-seo-wordpress\/ -->\n<title>Fase de teste do teletrabalho no Governo \u00e9 exaltada pelo deputado Jo\u00e3o C\u00e9sar Mattogrosso - MsConectado<\/title>\n<meta name=\"robots\" content=\"index, follow, max-snippet:-1, max-image-preview:large, max-video-preview:-1\" \/>\n<link rel=\"canonical\" href=\"https:\/\/msconectado.com.br\/?p=20522\" \/>\n<meta property=\"og:locale\" content=\"pt_BR\" \/>\n<meta property=\"og:type\" content=\"article\" \/>\n<meta property=\"og:title\" content=\"Fase de teste do teletrabalho no Governo \u00e9 exaltada pelo deputado Jo\u00e3o C\u00e9sar Mattogrosso - MsConectado\" \/>\n<meta property=\"og:description\" content=\"Servidores da Junta Comercial e Procuradoria-Geral do Estado de Mato Grosso do Sul s\u00e3o os primeiros a testar a modalidade de trabalho na gest\u00e3o estadualPauta que conta com olhar atento do deputado estadual Jo\u00e3o C\u00e9sar Mattogrosso (PSDB), a regulamenta\u00e7\u00e3o do teletrabalho avan\u00e7ou mais um passo com o in\u00edcio da fase de testes com os servidores [&hellip;]\" \/>\n<meta property=\"og:url\" content=\"https:\/\/msconectado.com.br\/?p=20522\" \/>\n<meta property=\"og:site_name\" content=\"MsConectado\" \/>\n<meta property=\"article:published_time\" content=\"2023-11-10T13:53:15+00:00\" \/>\n<meta property=\"article:modified_time\" content=\"2023-11-10T13:53:16+00:00\" \/>\n<meta property=\"og:image\" content=\"https:\/\/msconectado.com.br\/wp-content\/uploads\/2023\/11\/50dc374c-749c-4e53-87d1-55fc9af7790b.jpg\" \/>\n\t<meta property=\"og:image:width\" content=\"1600\" \/>\n\t<meta property=\"og:image:height\" content=\"1069\" \/>\n\t<meta property=\"og:image:type\" content=\"image\/jpeg\" \/>\n<meta name=\"author\" content=\"MsConectado\" \/>\n<meta name=\"twitter:card\" content=\"summary_large_image\" \/>\n<meta name=\"twitter:label1\" content=\"Escrito por\" \/>\n\t<meta name=\"twitter:data1\" content=\"MsConectado\" \/>\n\t<meta name=\"twitter:label2\" content=\"Est. tempo de leitura\" \/>\n\t<meta name=\"twitter:data2\" content=\"2 minutos\" \/>\n<script type=\"application\/ld+json\" class=\"yoast-schema-graph\">{\"@context\":\"https:\\\/\\\/schema.org\",\"@graph\":[{\"@type\":\"Article\",\"@id\":\"https:\\\/\\\/msconectado.com.br\\\/?p=20522#article\",\"isPartOf\":{\"@id\":\"https:\\\/\\\/msconectado.com.br\\\/?p=20522\"},\"author\":{\"name\":\"MsConectado\",\"@id\":\"https:\\\/\\\/msconectado.com.br\\\/#\\\/schema\\\/person\\\/e5585545b5687092f1041d350b6e2c16\"},\"headline\":\"Fase de teste do teletrabalho no Governo \u00e9 exaltada pelo deputado Jo\u00e3o C\u00e9sar Mattogrosso\",\"datePublished\":\"2023-11-10T13:53:15+00:00\",\"dateModified\":\"2023-11-10T13:53:16+00:00\",\"mainEntityOfPage\":{\"@id\":\"https:\\\/\\\/msconectado.com.br\\\/?p=20522\"},\"wordCount\":400,\"commentCount\":0,\"publisher\":{\"@id\":\"https:\\\/\\\/msconectado.com.br\\\/#organization\"},\"image\":{\"@id\":\"https:\\\/\\\/msconectado.com.br\\\/?p=20522#primaryimage\"},\"thumbnailUrl\":\"https:\\\/\\\/msconectado.com.br\\\/wp-content\\\/uploads\\\/2023\\\/11\\\/50dc374c-749c-4e53-87d1-55fc9af7790b.jpg\",\"articleSection\":[\"Assembleia Legislativa\",\"Cidades\",\"Pol\u00edtica\"],\"inLanguage\":\"pt-BR\",\"potentialAction\":[{\"@type\":\"CommentAction\",\"name\":\"Comment\",\"target\":[\"https:\\\/\\\/msconectado.com.br\\\/?p=20522#respond\"]}]},{\"@type\":\"WebPage\",\"@id\":\"https:\\\/\\\/msconectado.com.br\\\/?p=20522\",\"url\":\"https:\\\/\\\/msconectado.com.br\\\/?p=20522\",\"name\":\"Fase de teste do teletrabalho no Governo \u00e9 exaltada pelo deputado Jo\u00e3o C\u00e9sar Mattogrosso - MsConectado\",\"isPartOf\":{\"@id\":\"https:\\\/\\\/msconectado.com.br\\\/#website\"},\"primaryImageOfPage\":{\"@id\":\"https:\\\/\\\/msconectado.com.br\\\/?p=20522#primaryimage\"},\"image\":{\"@id\":\"https:\\\/\\\/msconectado.com.br\\\/?p=20522#primaryimage\"},\"thumbnailUrl\":\"https:\\\/\\\/msconectado.com.br\\\/wp-content\\\/uploads\\\/2023\\\/11\\\/50dc374c-749c-4e53-87d1-55fc9af7790b.jpg\",\"datePublished\":\"2023-11-10T13:53:15+00:00\",\"dateModified\":\"2023-11-10T13:53:16+00:00\",\"breadcrumb\":{\"@id\":\"https:\\\/\\\/msconectado.com.br\\\/?p=20522#breadcrumb\"},\"inLanguage\":\"pt-BR\",\"potentialAction\":[{\"@type\":\"ReadAction\",\"target\":[\"https:\\\/\\\/msconectado.com.br\\\/?p=20522\"]}]},{\"@type\":\"ImageObject\",\"inLanguage\":\"pt-BR\",\"@id\":\"https:\\\/\\\/msconectado.com.br\\\/?p=20522#primaryimage\",\"url\":\"https:\\\/\\\/msconectado.com.br\\\/wp-content\\\/uploads\\\/2023\\\/11\\\/50dc374c-749c-4e53-87d1-55fc9af7790b.jpg\",\"contentUrl\":\"https:\\\/\\\/msconectado.com.br\\\/wp-content\\\/uploads\\\/2023\\\/11\\\/50dc374c-749c-4e53-87d1-55fc9af7790b.jpg\",\"width\":1600,\"height\":1069},{\"@type\":\"BreadcrumbList\",\"@id\":\"https:\\\/\\\/msconectado.com.br\\\/?p=20522#breadcrumb\",\"itemListElement\":[{\"@type\":\"ListItem\",\"position\":1,\"name\":\"In\u00edcio\",\"item\":\"https:\\\/\\\/msconectado.com.br\\\/\"},{\"@type\":\"ListItem\",\"position\":2,\"name\":\"Fase de teste do teletrabalho no Governo \u00e9 exaltada pelo deputado Jo\u00e3o C\u00e9sar Mattogrosso\"}]},{\"@type\":\"WebSite\",\"@id\":\"https:\\\/\\\/msconectado.com.br\\\/#website\",\"url\":\"https:\\\/\\\/msconectado.com.br\\\/\",\"name\":\"MsConectado\",\"description\":\"Voc\u00ea Conectado com a Not\u00edcia!\",\"publisher\":{\"@id\":\"https:\\\/\\\/msconectado.com.br\\\/#organization\"},\"potentialAction\":[{\"@type\":\"SearchAction\",\"target\":{\"@type\":\"EntryPoint\",\"urlTemplate\":\"https:\\\/\\\/msconectado.com.br\\\/?s={search_term_string}\"},\"query-input\":{\"@type\":\"PropertyValueSpecification\",\"valueRequired\":true,\"valueName\":\"search_term_string\"}}],\"inLanguage\":\"pt-BR\"},{\"@type\":\"Organization\",\"@id\":\"https:\\\/\\\/msconectado.com.br\\\/#organization\",\"name\":\"MsConectado\",\"url\":\"https:\\\/\\\/msconectado.com.br\\\/\",\"logo\":{\"@type\":\"ImageObject\",\"inLanguage\":\"pt-BR\",\"@id\":\"https:\\\/\\\/msconectado.com.br\\\/#\\\/schema\\\/logo\\\/image\\\/\",\"url\":\"https:\\\/\\\/msconectado.com.br\\\/wp-content\\\/uploads\\\/2023\\\/01\\\/cropped-noticia-2.png\",\"contentUrl\":\"https:\\\/\\\/msconectado.com.br\\\/wp-content\\\/uploads\\\/2023\\\/01\\\/cropped-noticia-2.png\",\"width\":720,\"height\":157,\"caption\":\"MsConectado\"},\"image\":{\"@id\":\"https:\\\/\\\/msconectado.com.br\\\/#\\\/schema\\\/logo\\\/image\\\/\"}},{\"@type\":\"Person\",\"@id\":\"https:\\\/\\\/msconectado.com.br\\\/#\\\/schema\\\/person\\\/e5585545b5687092f1041d350b6e2c16\",\"name\":\"MsConectado\",\"image\":{\"@type\":\"ImageObject\",\"inLanguage\":\"pt-BR\",\"@id\":\"https:\\\/\\\/secure.gravatar.com\\\/avatar\\\/3b4f84a0a8a4380ac4431fa79981d073692380c5da00ae97596e794ab0db5c8c?s=96&d=mm&r=g\",\"url\":\"https:\\\/\\\/secure.gravatar.com\\\/avatar\\\/3b4f84a0a8a4380ac4431fa79981d073692380c5da00ae97596e794ab0db5c8c?s=96&d=mm&r=g\",\"contentUrl\":\"https:\\\/\\\/secure.gravatar.com\\\/avatar\\\/3b4f84a0a8a4380ac4431fa79981d073692380c5da00ae97596e794ab0db5c8c?s=96&d=mm&r=g\",\"caption\":\"MsConectado\"},\"url\":\"https:\\\/\\\/msconectado.com.br\\\/?author=2\"}]}<\/script>\n<!-- \/ Yoast SEO plugin. -->","yoast_head_json":{"title":"Fase de teste do teletrabalho no Governo \u00e9 exaltada pelo deputado Jo\u00e3o C\u00e9sar Mattogrosso - MsConectado","robots":{"index":"index","follow":"follow","max-snippet":"max-snippet:-1","max-image-preview":"max-image-preview:large","max-video-preview":"max-video-preview:-1"},"canonical":"https:\/\/msconectado.com.br\/?p=20522","og_locale":"pt_BR","og_type":"article","og_title":"Fase de teste do teletrabalho no Governo \u00e9 exaltada pelo deputado Jo\u00e3o C\u00e9sar Mattogrosso - MsConectado","og_description":"Servidores da Junta Comercial e Procuradoria-Geral do Estado de Mato Grosso do Sul s\u00e3o os primeiros a testar a modalidade de trabalho na gest\u00e3o estadualPauta que conta com olhar atento do deputado estadual Jo\u00e3o C\u00e9sar Mattogrosso (PSDB), a regulamenta\u00e7\u00e3o do teletrabalho avan\u00e7ou mais um passo com o in\u00edcio da fase de testes com os servidores [&hellip;]","og_url":"https:\/\/msconectado.com.br\/?p=20522","og_site_name":"MsConectado","article_published_time":"2023-11-10T13:53:15+00:00","article_modified_time":"2023-11-10T13:53:16+00:00","og_image":[{"width":1600,"height":1069,"url":"https:\/\/msconectado.com.br\/wp-content\/uploads\/2023\/11\/50dc374c-749c-4e53-87d1-55fc9af7790b.jpg","type":"image\/jpeg"}],"author":"MsConectado","twitter_card":"summary_large_image","twitter_misc":{"Escrito por":"MsConectado","Est. tempo de leitura":"2 minutos"},"schema":{"@context":"https:\/\/schema.org","@graph":[{"@type":"Article","@id":"https:\/\/msconectado.com.br\/?p=20522#article","isPartOf":{"@id":"https:\/\/msconectado.com.br\/?p=20522"},"author":{"name":"MsConectado","@id":"https:\/\/msconectado.com.br\/#\/schema\/person\/e5585545b5687092f1041d350b6e2c16"},"headline":"Fase de teste do teletrabalho no Governo \u00e9 exaltada pelo deputado Jo\u00e3o C\u00e9sar Mattogrosso","datePublished":"2023-11-10T13:53:15+00:00","dateModified":"2023-11-10T13:53:16+00:00","mainEntityOfPage":{"@id":"https:\/\/msconectado.com.br\/?p=20522"},"wordCount":400,"commentCount":0,"publisher":{"@id":"https:\/\/msconectado.com.br\/#organization"},"image":{"@id":"https:\/\/msconectado.com.br\/?p=20522#primaryimage"},"thumbnailUrl":"https:\/\/msconectado.com.br\/wp-content\/uploads\/2023\/11\/50dc374c-749c-4e53-87d1-55fc9af7790b.jpg","articleSection":["Assembleia Legislativa","Cidades","Pol\u00edtica"],"inLanguage":"pt-BR","potentialAction":[{"@type":"CommentAction","name":"Comment","target":["https:\/\/msconectado.com.br\/?p=20522#respond"]}]},{"@type":"WebPage","@id":"https:\/\/msconectado.com.br\/?p=20522","url":"https:\/\/msconectado.com.br\/?p=20522","name":"Fase de teste do teletrabalho no Governo \u00e9 exaltada pelo deputado Jo\u00e3o C\u00e9sar Mattogrosso - MsConectado","isPartOf":{"@id":"https:\/\/msconectado.com.br\/#website"},"primaryImageOfPage":{"@id":"https:\/\/msconectado.com.br\/?p=20522#primaryimage"},"image":{"@id":"https:\/\/msconectado.com.br\/?p=20522#primaryimage"},"thumbnailUrl":"https:\/\/msconectado.com.br\/wp-content\/uploads\/2023\/11\/50dc374c-749c-4e53-87d1-55fc9af7790b.jpg","datePublished":"2023-11-10T13:53:15+00:00","dateModified":"2023-11-10T13:53:16+00:00","breadcrumb":{"@id":"https:\/\/msconectado.com.br\/?p=20522#breadcrumb"},"inLanguage":"pt-BR","potentialAction":[{"@type":"ReadAction","target":["https:\/\/msconectado.com.br\/?p=20522"]}]},{"@type":"ImageObject","inLanguage":"pt-BR","@id":"https:\/\/msconectado.com.br\/?p=20522#primaryimage","url":"https:\/\/msconectado.com.br\/wp-content\/uploads\/2023\/11\/50dc374c-749c-4e53-87d1-55fc9af7790b.jpg","contentUrl":"https:\/\/msconectado.com.br\/wp-content\/uploads\/2023\/11\/50dc374c-749c-4e53-87d1-55fc9af7790b.jpg","width":1600,"height":1069},{"@type":"BreadcrumbList","@id":"https:\/\/msconectado.com.br\/?p=20522#breadcrumb","itemListElement":[{"@type":"ListItem","position":1,"name":"In\u00edcio","item":"https:\/\/msconectado.com.br\/"},{"@type":"ListItem","position":2,"name":"Fase de teste do teletrabalho no Governo \u00e9 exaltada pelo deputado Jo\u00e3o C\u00e9sar Mattogrosso"}]},{"@type":"WebSite","@id":"https:\/\/msconectado.com.br\/#website","url":"https:\/\/msconectado.com.br\/","name":"MsConectado","description":"Voc\u00ea Conectado com a Not\u00edcia!","publisher":{"@id":"https:\/\/msconectado.com.br\/#organization"},"potentialAction":[{"@type":"SearchAction","target":{"@type":"EntryPoint","urlTemplate":"https:\/\/msconectado.com.br\/?s={search_term_string}"},"query-input":{"@type":"PropertyValueSpecification","valueRequired":true,"valueName":"search_term_string"}}],"inLanguage":"pt-BR"},{"@type":"Organization","@id":"https:\/\/msconectado.com.br\/#organization","name":"MsConectado","url":"https:\/\/msconectado.com.br\/","logo":{"@type":"ImageObject","inLanguage":"pt-BR","@id":"https:\/\/msconectado.com.br\/#\/schema\/logo\/image\/","url":"https:\/\/msconectado.com.br\/wp-content\/uploads\/2023\/01\/cropped-noticia-2.png","contentUrl":"https:\/\/msconectado.com.br\/wp-content\/uploads\/2023\/01\/cropped-noticia-2.png","width":720,"height":157,"caption":"MsConectado"},"image":{"@id":"https:\/\/msconectado.com.br\/#\/schema\/logo\/image\/"}},{"@type":"Person","@id":"https:\/\/msconectado.com.br\/#\/schema\/person\/e5585545b5687092f1041d350b6e2c16","name":"MsConectado","image":{"@type":"ImageObject","inLanguage":"pt-BR","@id":"https:\/\/secure.gravatar.com\/avatar\/3b4f84a0a8a4380ac4431fa79981d073692380c5da00ae97596e794ab0db5c8c?s=96&d=mm&r=g","url":"https:\/\/secure.gravatar.com\/avatar\/3b4f84a0a8a4380ac4431fa79981d073692380c5da00ae97596e794ab0db5c8c?s=96&d=mm&r=g","contentUrl":"https:\/\/secure.gravatar.com\/avatar\/3b4f84a0a8a4380ac4431fa79981d073692380c5da00ae97596e794ab0db5c8c?s=96&d=mm&r=g","caption":"MsConectado"},"url":"https:\/\/msconectado.com.br\/?author=2"}]}},"_links":{"self":[{"href":"https:\/\/msconectado.com.br\/index.php?rest_route=\/wp\/v2\/posts\/20522","targetHints":{"allow":["GET"]}}],"collection":[{"href":"https:\/\/msconectado.com.br\/index.php?rest_route=\/wp\/v2\/posts"}],"about":[{"href":"https:\/\/msconectado.com.br\/index.php?rest_route=\/wp\/v2\/types\/post"}],"author":[{"embeddable":true,"href":"https:\/\/msconectado.com.br\/index.php?rest_route=\/wp\/v2\/users\/2"}],"replies":[{"embeddable":true,"href":"https:\/\/msconectado.com.br\/index.php?rest_route=%2Fwp%2Fv2%2Fcomments&post=20522"}],"version-history":[{"count":1,"href":"https:\/\/msconectado.com.br\/index.php?rest_route=\/wp\/v2\/posts\/20522\/revisions"}],"predecessor-version":[{"id":20524,"href":"https:\/\/msconectado.com.br\/index.php?rest_route=\/wp\/v2\/posts\/20522\/revisions\/20524"}],"wp:featuredmedia":[{"embeddable":true,"href":"https:\/\/msconectado.com.br\/index.php?rest_route=\/wp\/v2\/media\/20523"}],"wp:attachment":[{"href":"https:\/\/msconectado.com.br\/index.php?rest_route=%2Fwp%2Fv2%2Fmedia&parent=20522"}],"wp:term":[{"taxonomy":"category","embeddable":true,"href":"https:\/\/msconectado.com.br\/index.php?rest_route=%2Fwp%2Fv2%2Fcategories&post=20522"},{"taxonomy":"post_tag","embeddable":true,"href":"https:\/\/msconectado.com.br\/index.php?rest_route=%2Fwp%2Fv2%2Ftags&post=20522"}],"curies":[{"name":"wp","href":"https:\/\/api.w.org\/{rel}","templated":true}]}}