
{"id":20545,"date":"2023-11-16T13:04:07","date_gmt":"2023-11-16T13:04:07","guid":{"rendered":"https:\/\/msconectado.com.br\/?p=20545"},"modified":"2023-11-16T13:04:08","modified_gmt":"2023-11-16T13:04:08","slug":"detran-promove-ultimo-mutirao-e-convoca-alunos-com-processos-de-cnh-para-exames","status":"publish","type":"post","link":"https:\/\/msconectado.com.br\/?p=20545","title":{"rendered":"Detran promove \u00faltimo mutir\u00e3o e convoca alunos com processos de CNH para exames"},"content":{"rendered":"\n<p>O mutir\u00e3o para finalizar processos de CNH (Carteira Nacional de Habilita\u00e7\u00e3o) iniciados entre 2019 a 2022 e que expiram no dia 31 de dezembro de 2023, realizado pelo Detran-MS (Departamento Estadual de Tr\u00e2nsito de Mato Grosso do Sul), teve continuidade durante a semana com oferta de 2,1 mil vagas para realiza\u00e7\u00e3o do exame pr\u00e1tico.<\/p>\n\n\n\n<p>Entre os dias 13 a 18 de novembro, incluindo quarta-feira (15) &#8211; feriado da Proclama\u00e7\u00e3o da Rep\u00fablica &#8211; e pr\u00f3ximo s\u00e1bado (18), s\u00e3o ofertadas 1.840 vagas para exames na categoria B (carro), 200 de categoria A (moto), e outras 80 para ve\u00edculos de carga pesada de categorias C, D e E.\u00a0<\/p>\n\n\n\n<p>A Divis\u00e3o de Exames refor\u00e7a que os alunos que se enquadram nessa etapa precisam entrar em contato com o seu CFC (Centro de Forma\u00e7\u00e3o de Condutores) para solicitar seu agendamento de exame pr\u00e1tico.<\/p>\n\n\n\n<p>\u201cEm reuni\u00e3o com os representantes dos CFCs, n\u00f3s refor\u00e7amos a import\u00e2ncia deles mobilizarem os alunos para agendar, pois este ser\u00e1 o terceiro e provavelmente o \u00faltimo mutir\u00e3o da prova pr\u00e1tica. Portanto, os alunos que necessitam deste servi\u00e7o devem procurar o quanto antes seu CFC e aproveitar as vagas ofertadas\u201d, disse a chefe da Divis\u00e3o de Exames, Lina Zeinab.<\/p>\n\n\n\n<p>O Detran normalmente disponibiliza 60 vagas de exames por per\u00edodo.<\/p>\n\n\n\n<p><strong>Demanda represada<\/strong><\/p>\n\n\n\n<p>O Detran-MS possui aproximadamente 20 mil processos de CNH (Carteira Nacional de Habilita\u00e7\u00e3o) abertos entre os anos de 2019 a 2022, e que devido a pandemia, tiveram os prazos de conclus\u00e3o ampliados para 31 de dezembro de 2023, pelo Contran (Conselho Nacional de Tr\u00e2nsito).<\/p>\n\n\n\n<p>Mutir\u00f5es, amplia\u00e7\u00e3o na oferta de vagas durante a semana, e a inclus\u00e3o do s\u00e1bado no cronograma de agendamentos est\u00e3o entre as medidas adotadas pelo Detran-MS.&nbsp;<\/p>\n\n\n\n<p>O esfor\u00e7o da equipe da Banca Examinadora, que atua tanto na Capital quanto no interior do Estado, pode ser conferido nos registros hist\u00f3ricos do Detran-MS. Os n\u00fameros de 2023 superam a m\u00e9dia dos exames pr\u00e1ticos realizados nos \u00faltimos cinco anos.<\/p>\n\n\n\n<p><strong>Di\u00e1logo<\/strong><\/p>\n\n\n\n<p>Durante reuni\u00e3o no in\u00edcio de novembro, o Detran-MS reafirmou o compromisso de dialogar com os CFCs. No encontro foram discutidas a disponibilidade de vagas para exames e outras regras de procedimento previamente estabelecidas.<\/p>\n\n\n\n<p>Entre as mudan\u00e7as acordadas, est\u00e1 o exame de categoria A (moto) que atualmente \u00e9 realizado \u00e0s quartas e sextas-feiras no per\u00edodo matutino, e passar\u00e1 a ser realizado somente \u00e0s quartas pela manh\u00e3. T\u00e3o logo definida a data desta altera\u00e7\u00e3o, a informa\u00e7\u00e3o ser\u00e1 divulgada. Com essa altera\u00e7\u00e3o, ser\u00e1 poss\u00edvel ofertar vagas para exames pr\u00e1ticos da categoria B (carro) na sexta-feira de manh\u00e3.<\/p>\n\n\n\n<p>Outra solicita\u00e7\u00e3o est\u00e1 relacionada \u00e0 mudan\u00e7a no hor\u00e1rio de libera\u00e7\u00e3o da agenda, das 9h para as 17h. O pedido est\u00e1 em an\u00e1lise pela equipe t\u00e9cnica respons\u00e1vel pelo sistema de agendamento, e ser\u00e1 informado aos representantes assim que houver um posicionamento.<\/p>\n\n\n\n<p>Os s\u00e1bados continuar\u00e3o com a oferta de atendimento extra para aplica\u00e7\u00e3o de exames pr\u00e1ticos na categoria B (carro), no per\u00edodo matutino e vespertino.<\/p>\n\n\n\n<p><em>Mireli Obando, Comunica\u00e7\u00e3o Detran-MS<br><\/em><em>Fotos: Rachid Waqued<\/em><\/p>\n","protected":false},"excerpt":{"rendered":"<p>O mutir\u00e3o para finalizar processos de CNH (Carteira Nacional de Habilita\u00e7\u00e3o) iniciados entre 2019 a 2022 e que expiram no dia 31 de dezembro de 2023, realizado pelo Detran-MS (Departamento Estadual de Tr\u00e2nsito de Mato Grosso do Sul), teve continuidade durante a semana com oferta de 2,1 mil vagas para realiza\u00e7\u00e3o do exame pr\u00e1tico. Entre [&hellip;]<\/p>\n","protected":false},"author":3,"featured_media":20546,"comment_status":"open","ping_status":"closed","sticky":false,"template":"","format":"standard","meta":{"footnotes":""},"categories":[35,1],"tags":[],"class_list":["post-20545","post","type-post","status-publish","format-standard","has-post-thumbnail","hentry","category-cidades","category-noticia"],"yoast_head":"<!-- This site is optimized with the Yoast SEO plugin v27.5 - https:\/\/yoast.com\/product\/yoast-seo-wordpress\/ -->\n<title>Detran promove \u00faltimo mutir\u00e3o e convoca alunos com processos de CNH para exames - MsConectado<\/title>\n<meta name=\"robots\" content=\"index, follow, max-snippet:-1, max-image-preview:large, max-video-preview:-1\" \/>\n<link rel=\"canonical\" href=\"https:\/\/msconectado.com.br\/?p=20545\" \/>\n<meta property=\"og:locale\" content=\"pt_BR\" \/>\n<meta property=\"og:type\" content=\"article\" \/>\n<meta property=\"og:title\" content=\"Detran promove \u00faltimo mutir\u00e3o e convoca alunos com processos de CNH para exames - MsConectado\" \/>\n<meta property=\"og:description\" content=\"O mutir\u00e3o para finalizar processos de CNH (Carteira Nacional de Habilita\u00e7\u00e3o) iniciados entre 2019 a 2022 e que expiram no dia 31 de dezembro de 2023, realizado pelo Detran-MS (Departamento Estadual de Tr\u00e2nsito de Mato Grosso do Sul), teve continuidade durante a semana com oferta de 2,1 mil vagas para realiza\u00e7\u00e3o do exame pr\u00e1tico. Entre [&hellip;]\" \/>\n<meta property=\"og:url\" content=\"https:\/\/msconectado.com.br\/?p=20545\" \/>\n<meta property=\"og:site_name\" content=\"MsConectado\" \/>\n<meta property=\"article:published_time\" content=\"2023-11-16T13:04:07+00:00\" \/>\n<meta property=\"article:modified_time\" content=\"2023-11-16T13:04:08+00:00\" \/>\n<meta property=\"og:image\" content=\"https:\/\/msconectado.com.br\/wp-content\/uploads\/2023\/11\/es.jpg\" \/>\n\t<meta property=\"og:image:width\" content=\"730\" \/>\n\t<meta property=\"og:image:height\" content=\"480\" \/>\n\t<meta property=\"og:image:type\" content=\"image\/jpeg\" \/>\n<meta name=\"author\" content=\"Jeferson\" \/>\n<meta name=\"twitter:card\" content=\"summary_large_image\" \/>\n<meta name=\"twitter:label1\" content=\"Escrito por\" \/>\n\t<meta name=\"twitter:data1\" content=\"Jeferson\" \/>\n\t<meta name=\"twitter:label2\" content=\"Est. tempo de leitura\" \/>\n\t<meta name=\"twitter:data2\" content=\"3 minutos\" \/>\n<script type=\"application\/ld+json\" class=\"yoast-schema-graph\">{\"@context\":\"https:\\\/\\\/schema.org\",\"@graph\":[{\"@type\":\"Article\",\"@id\":\"https:\\\/\\\/msconectado.com.br\\\/?p=20545#article\",\"isPartOf\":{\"@id\":\"https:\\\/\\\/msconectado.com.br\\\/?p=20545\"},\"author\":{\"name\":\"Jeferson\",\"@id\":\"https:\\\/\\\/msconectado.com.br\\\/#\\\/schema\\\/person\\\/feb123a95a93eebea36f0ed6a2e5ba48\"},\"headline\":\"Detran promove \u00faltimo mutir\u00e3o e convoca alunos com processos de CNH para exames\",\"datePublished\":\"2023-11-16T13:04:07+00:00\",\"dateModified\":\"2023-11-16T13:04:08+00:00\",\"mainEntityOfPage\":{\"@id\":\"https:\\\/\\\/msconectado.com.br\\\/?p=20545\"},\"wordCount\":537,\"commentCount\":0,\"publisher\":{\"@id\":\"https:\\\/\\\/msconectado.com.br\\\/#organization\"},\"image\":{\"@id\":\"https:\\\/\\\/msconectado.com.br\\\/?p=20545#primaryimage\"},\"thumbnailUrl\":\"https:\\\/\\\/msconectado.com.br\\\/wp-content\\\/uploads\\\/2023\\\/11\\\/es.jpg\",\"articleSection\":[\"Cidades\",\"Not\u00edcia\"],\"inLanguage\":\"pt-BR\",\"potentialAction\":[{\"@type\":\"CommentAction\",\"name\":\"Comment\",\"target\":[\"https:\\\/\\\/msconectado.com.br\\\/?p=20545#respond\"]}]},{\"@type\":\"WebPage\",\"@id\":\"https:\\\/\\\/msconectado.com.br\\\/?p=20545\",\"url\":\"https:\\\/\\\/msconectado.com.br\\\/?p=20545\",\"name\":\"Detran promove \u00faltimo mutir\u00e3o e convoca alunos com processos de CNH para exames - MsConectado\",\"isPartOf\":{\"@id\":\"https:\\\/\\\/msconectado.com.br\\\/#website\"},\"primaryImageOfPage\":{\"@id\":\"https:\\\/\\\/msconectado.com.br\\\/?p=20545#primaryimage\"},\"image\":{\"@id\":\"https:\\\/\\\/msconectado.com.br\\\/?p=20545#primaryimage\"},\"thumbnailUrl\":\"https:\\\/\\\/msconectado.com.br\\\/wp-content\\\/uploads\\\/2023\\\/11\\\/es.jpg\",\"datePublished\":\"2023-11-16T13:04:07+00:00\",\"dateModified\":\"2023-11-16T13:04:08+00:00\",\"breadcrumb\":{\"@id\":\"https:\\\/\\\/msconectado.com.br\\\/?p=20545#breadcrumb\"},\"inLanguage\":\"pt-BR\",\"potentialAction\":[{\"@type\":\"ReadAction\",\"target\":[\"https:\\\/\\\/msconectado.com.br\\\/?p=20545\"]}]},{\"@type\":\"ImageObject\",\"inLanguage\":\"pt-BR\",\"@id\":\"https:\\\/\\\/msconectado.com.br\\\/?p=20545#primaryimage\",\"url\":\"https:\\\/\\\/msconectado.com.br\\\/wp-content\\\/uploads\\\/2023\\\/11\\\/es.jpg\",\"contentUrl\":\"https:\\\/\\\/msconectado.com.br\\\/wp-content\\\/uploads\\\/2023\\\/11\\\/es.jpg\",\"width\":730,\"height\":480},{\"@type\":\"BreadcrumbList\",\"@id\":\"https:\\\/\\\/msconectado.com.br\\\/?p=20545#breadcrumb\",\"itemListElement\":[{\"@type\":\"ListItem\",\"position\":1,\"name\":\"In\u00edcio\",\"item\":\"https:\\\/\\\/msconectado.com.br\\\/\"},{\"@type\":\"ListItem\",\"position\":2,\"name\":\"Detran promove \u00faltimo mutir\u00e3o e convoca alunos com processos de CNH para exames\"}]},{\"@type\":\"WebSite\",\"@id\":\"https:\\\/\\\/msconectado.com.br\\\/#website\",\"url\":\"https:\\\/\\\/msconectado.com.br\\\/\",\"name\":\"MsConectado\",\"description\":\"Voc\u00ea Conectado com a Not\u00edcia!\",\"publisher\":{\"@id\":\"https:\\\/\\\/msconectado.com.br\\\/#organization\"},\"potentialAction\":[{\"@type\":\"SearchAction\",\"target\":{\"@type\":\"EntryPoint\",\"urlTemplate\":\"https:\\\/\\\/msconectado.com.br\\\/?s={search_term_string}\"},\"query-input\":{\"@type\":\"PropertyValueSpecification\",\"valueRequired\":true,\"valueName\":\"search_term_string\"}}],\"inLanguage\":\"pt-BR\"},{\"@type\":\"Organization\",\"@id\":\"https:\\\/\\\/msconectado.com.br\\\/#organization\",\"name\":\"MsConectado\",\"url\":\"https:\\\/\\\/msconectado.com.br\\\/\",\"logo\":{\"@type\":\"ImageObject\",\"inLanguage\":\"pt-BR\",\"@id\":\"https:\\\/\\\/msconectado.com.br\\\/#\\\/schema\\\/logo\\\/image\\\/\",\"url\":\"https:\\\/\\\/msconectado.com.br\\\/wp-content\\\/uploads\\\/2023\\\/01\\\/cropped-noticia-2.png\",\"contentUrl\":\"https:\\\/\\\/msconectado.com.br\\\/wp-content\\\/uploads\\\/2023\\\/01\\\/cropped-noticia-2.png\",\"width\":720,\"height\":157,\"caption\":\"MsConectado\"},\"image\":{\"@id\":\"https:\\\/\\\/msconectado.com.br\\\/#\\\/schema\\\/logo\\\/image\\\/\"}},{\"@type\":\"Person\",\"@id\":\"https:\\\/\\\/msconectado.com.br\\\/#\\\/schema\\\/person\\\/feb123a95a93eebea36f0ed6a2e5ba48\",\"name\":\"Jeferson\",\"image\":{\"@type\":\"ImageObject\",\"inLanguage\":\"pt-BR\",\"@id\":\"https:\\\/\\\/secure.gravatar.com\\\/avatar\\\/e23e8901c88f0cdc0ad479ef7a39bf3e4c806344549c087c00b721a65549a328?s=96&d=mm&r=g\",\"url\":\"https:\\\/\\\/secure.gravatar.com\\\/avatar\\\/e23e8901c88f0cdc0ad479ef7a39bf3e4c806344549c087c00b721a65549a328?s=96&d=mm&r=g\",\"contentUrl\":\"https:\\\/\\\/secure.gravatar.com\\\/avatar\\\/e23e8901c88f0cdc0ad479ef7a39bf3e4c806344549c087c00b721a65549a328?s=96&d=mm&r=g\",\"caption\":\"Jeferson\"},\"url\":\"https:\\\/\\\/msconectado.com.br\\\/?author=3\"}]}<\/script>\n<!-- \/ Yoast SEO plugin. -->","yoast_head_json":{"title":"Detran promove \u00faltimo mutir\u00e3o e convoca alunos com processos de CNH para exames - MsConectado","robots":{"index":"index","follow":"follow","max-snippet":"max-snippet:-1","max-image-preview":"max-image-preview:large","max-video-preview":"max-video-preview:-1"},"canonical":"https:\/\/msconectado.com.br\/?p=20545","og_locale":"pt_BR","og_type":"article","og_title":"Detran promove \u00faltimo mutir\u00e3o e convoca alunos com processos de CNH para exames - MsConectado","og_description":"O mutir\u00e3o para finalizar processos de CNH (Carteira Nacional de Habilita\u00e7\u00e3o) iniciados entre 2019 a 2022 e que expiram no dia 31 de dezembro de 2023, realizado pelo Detran-MS (Departamento Estadual de Tr\u00e2nsito de Mato Grosso do Sul), teve continuidade durante a semana com oferta de 2,1 mil vagas para realiza\u00e7\u00e3o do exame pr\u00e1tico. Entre [&hellip;]","og_url":"https:\/\/msconectado.com.br\/?p=20545","og_site_name":"MsConectado","article_published_time":"2023-11-16T13:04:07+00:00","article_modified_time":"2023-11-16T13:04:08+00:00","og_image":[{"width":730,"height":480,"url":"https:\/\/msconectado.com.br\/wp-content\/uploads\/2023\/11\/es.jpg","type":"image\/jpeg"}],"author":"Jeferson","twitter_card":"summary_large_image","twitter_misc":{"Escrito por":"Jeferson","Est. tempo de leitura":"3 minutos"},"schema":{"@context":"https:\/\/schema.org","@graph":[{"@type":"Article","@id":"https:\/\/msconectado.com.br\/?p=20545#article","isPartOf":{"@id":"https:\/\/msconectado.com.br\/?p=20545"},"author":{"name":"Jeferson","@id":"https:\/\/msconectado.com.br\/#\/schema\/person\/feb123a95a93eebea36f0ed6a2e5ba48"},"headline":"Detran promove \u00faltimo mutir\u00e3o e convoca alunos com processos de CNH para exames","datePublished":"2023-11-16T13:04:07+00:00","dateModified":"2023-11-16T13:04:08+00:00","mainEntityOfPage":{"@id":"https:\/\/msconectado.com.br\/?p=20545"},"wordCount":537,"commentCount":0,"publisher":{"@id":"https:\/\/msconectado.com.br\/#organization"},"image":{"@id":"https:\/\/msconectado.com.br\/?p=20545#primaryimage"},"thumbnailUrl":"https:\/\/msconectado.com.br\/wp-content\/uploads\/2023\/11\/es.jpg","articleSection":["Cidades","Not\u00edcia"],"inLanguage":"pt-BR","potentialAction":[{"@type":"CommentAction","name":"Comment","target":["https:\/\/msconectado.com.br\/?p=20545#respond"]}]},{"@type":"WebPage","@id":"https:\/\/msconectado.com.br\/?p=20545","url":"https:\/\/msconectado.com.br\/?p=20545","name":"Detran promove \u00faltimo mutir\u00e3o e convoca alunos com processos de CNH para exames - MsConectado","isPartOf":{"@id":"https:\/\/msconectado.com.br\/#website"},"primaryImageOfPage":{"@id":"https:\/\/msconectado.com.br\/?p=20545#primaryimage"},"image":{"@id":"https:\/\/msconectado.com.br\/?p=20545#primaryimage"},"thumbnailUrl":"https:\/\/msconectado.com.br\/wp-content\/uploads\/2023\/11\/es.jpg","datePublished":"2023-11-16T13:04:07+00:00","dateModified":"2023-11-16T13:04:08+00:00","breadcrumb":{"@id":"https:\/\/msconectado.com.br\/?p=20545#breadcrumb"},"inLanguage":"pt-BR","potentialAction":[{"@type":"ReadAction","target":["https:\/\/msconectado.com.br\/?p=20545"]}]},{"@type":"ImageObject","inLanguage":"pt-BR","@id":"https:\/\/msconectado.com.br\/?p=20545#primaryimage","url":"https:\/\/msconectado.com.br\/wp-content\/uploads\/2023\/11\/es.jpg","contentUrl":"https:\/\/msconectado.com.br\/wp-content\/uploads\/2023\/11\/es.jpg","width":730,"height":480},{"@type":"BreadcrumbList","@id":"https:\/\/msconectado.com.br\/?p=20545#breadcrumb","itemListElement":[{"@type":"ListItem","position":1,"name":"In\u00edcio","item":"https:\/\/msconectado.com.br\/"},{"@type":"ListItem","position":2,"name":"Detran promove \u00faltimo mutir\u00e3o e convoca alunos com processos de CNH para exames"}]},{"@type":"WebSite","@id":"https:\/\/msconectado.com.br\/#website","url":"https:\/\/msconectado.com.br\/","name":"MsConectado","description":"Voc\u00ea Conectado com a Not\u00edcia!","publisher":{"@id":"https:\/\/msconectado.com.br\/#organization"},"potentialAction":[{"@type":"SearchAction","target":{"@type":"EntryPoint","urlTemplate":"https:\/\/msconectado.com.br\/?s={search_term_string}"},"query-input":{"@type":"PropertyValueSpecification","valueRequired":true,"valueName":"search_term_string"}}],"inLanguage":"pt-BR"},{"@type":"Organization","@id":"https:\/\/msconectado.com.br\/#organization","name":"MsConectado","url":"https:\/\/msconectado.com.br\/","logo":{"@type":"ImageObject","inLanguage":"pt-BR","@id":"https:\/\/msconectado.com.br\/#\/schema\/logo\/image\/","url":"https:\/\/msconectado.com.br\/wp-content\/uploads\/2023\/01\/cropped-noticia-2.png","contentUrl":"https:\/\/msconectado.com.br\/wp-content\/uploads\/2023\/01\/cropped-noticia-2.png","width":720,"height":157,"caption":"MsConectado"},"image":{"@id":"https:\/\/msconectado.com.br\/#\/schema\/logo\/image\/"}},{"@type":"Person","@id":"https:\/\/msconectado.com.br\/#\/schema\/person\/feb123a95a93eebea36f0ed6a2e5ba48","name":"Jeferson","image":{"@type":"ImageObject","inLanguage":"pt-BR","@id":"https:\/\/secure.gravatar.com\/avatar\/e23e8901c88f0cdc0ad479ef7a39bf3e4c806344549c087c00b721a65549a328?s=96&d=mm&r=g","url":"https:\/\/secure.gravatar.com\/avatar\/e23e8901c88f0cdc0ad479ef7a39bf3e4c806344549c087c00b721a65549a328?s=96&d=mm&r=g","contentUrl":"https:\/\/secure.gravatar.com\/avatar\/e23e8901c88f0cdc0ad479ef7a39bf3e4c806344549c087c00b721a65549a328?s=96&d=mm&r=g","caption":"Jeferson"},"url":"https:\/\/msconectado.com.br\/?author=3"}]}},"_links":{"self":[{"href":"https:\/\/msconectado.com.br\/index.php?rest_route=\/wp\/v2\/posts\/20545","targetHints":{"allow":["GET"]}}],"collection":[{"href":"https:\/\/msconectado.com.br\/index.php?rest_route=\/wp\/v2\/posts"}],"about":[{"href":"https:\/\/msconectado.com.br\/index.php?rest_route=\/wp\/v2\/types\/post"}],"author":[{"embeddable":true,"href":"https:\/\/msconectado.com.br\/index.php?rest_route=\/wp\/v2\/users\/3"}],"replies":[{"embeddable":true,"href":"https:\/\/msconectado.com.br\/index.php?rest_route=%2Fwp%2Fv2%2Fcomments&post=20545"}],"version-history":[{"count":1,"href":"https:\/\/msconectado.com.br\/index.php?rest_route=\/wp\/v2\/posts\/20545\/revisions"}],"predecessor-version":[{"id":20547,"href":"https:\/\/msconectado.com.br\/index.php?rest_route=\/wp\/v2\/posts\/20545\/revisions\/20547"}],"wp:featuredmedia":[{"embeddable":true,"href":"https:\/\/msconectado.com.br\/index.php?rest_route=\/wp\/v2\/media\/20546"}],"wp:attachment":[{"href":"https:\/\/msconectado.com.br\/index.php?rest_route=%2Fwp%2Fv2%2Fmedia&parent=20545"}],"wp:term":[{"taxonomy":"category","embeddable":true,"href":"https:\/\/msconectado.com.br\/index.php?rest_route=%2Fwp%2Fv2%2Fcategories&post=20545"},{"taxonomy":"post_tag","embeddable":true,"href":"https:\/\/msconectado.com.br\/index.php?rest_route=%2Fwp%2Fv2%2Ftags&post=20545"}],"curies":[{"name":"wp","href":"https:\/\/api.w.org\/{rel}","templated":true}]}}