
{"id":20549,"date":"2023-11-17T17:44:26","date_gmt":"2023-11-17T17:44:26","guid":{"rendered":"https:\/\/msconectado.com.br\/?p=20549"},"modified":"2023-11-17T17:44:30","modified_gmt":"2023-11-17T17:44:30","slug":"prefeitura-de-maracaju-realiza-dia-d-de-combate-a-dengue","status":"publish","type":"post","link":"https:\/\/msconectado.com.br\/?p=20549","title":{"rendered":"Prefeitura de Maracaju realiza Dia \u201cD\u201d de combate \u00e0 dengue."},"content":{"rendered":"\n<p>As a\u00e7\u00f5es acontecem pela Secretaria de Sa\u00fade durante todo o m\u00eas de novembro.<\/p>\n\n\n\n<p>Nesta sexta-feira, 17-11, a Prefeitura de Maracaju por meio da Secretaria Municipal de Sa\u00fade est\u00e1 realizando \u201cDia D\u201d de combate \u00e0 Dengue com panfletagem e orienta\u00e7\u00e3o em tr\u00eas pontos de grande fluxo de pedestres, motociclistas e motoristas.<\/p>\n\n\n\n<p>As a\u00e7\u00f5es ocorrem nos sem\u00e1foros da Rua Ant\u00f4nio de Souza Marcondes com Jos\u00e9 Pereira da Rosa (Beef Nobre), Rua Franklin Ferreira Ribeiro com Av. Marechal Deodoro (Tape\u00e7aria Lobo) e Rua Major Carlos da Silva com Joaquim Ferreira de Azambuja (CAS).<\/p>\n\n\n\n<p>A medida visa mobilizar, conscientizar e sensibilizar a popula\u00e7\u00e3o sobre a preven\u00e7\u00e3o e o combate \u00e0 Dengue, Zika e Chikungunya.<\/p>\n\n\n\n<p>O estado de Mato Grosso do Sul j\u00e1 registrou 40 \u00f3bitos de Dengue, neste per\u00edodo do ano com aumento de temperatura e chuvas acarreta o crescimento dos casos de arboviroses durante estes per\u00edodos, pois possibilita ambientes prop\u00edcios para a reprodu\u00e7\u00e3o do mosquito transmissor.<\/p>\n\n\n\n<p>Neste m\u00eas a Secretaria Municipal de Sa\u00fade, atrav\u00e9s do Departamento de Endemias, intensificou as medidas preventivas com visitas dos Agentes de Endemias, orienta\u00e7\u00e3o e mobiliza\u00e7\u00e3o social em escolas e com\u00e9rcio em geral, bloqueio de novos casos com borrifamento de inseticida por meio de bomba Costal Motorizada, a\u00e7\u00f5es em parceria com a Cooperativa Recicla Maracaju, Corpo de Bombeiros, Secretaria de Obras, Secretaria de Educa\u00e7\u00e3o, Secretaria de Meio Ambiente e ainda notifica\u00e7\u00e3o dos locais cr\u00edticos para prolifera\u00e7\u00e3o do Aedes aegypti com a possibilidade de autua\u00e7\u00e3o (segundo a lei municipal n.\u00ba 1.811\/2015) quando necess\u00e1rio.<\/p>\n\n\n\n<p>A coopera\u00e7\u00e3o da comunidade \u00e9 fundamental, limpando quintais e resid\u00eancias, evitando o ac\u00famulo de \u00e1gua parada.<\/p>\n\n\n\n<p><em>A\u00c7\u00d5ES PARA PREVEN\u00c7\u00c3O E COMBATE AO AEDES AEGYPTI<\/em><\/p>\n\n\n\n<p>\u00b7&nbsp; N\u00e3o deixe \u00e1gua parada, destruindo os locais onde o mosquito nasce e se desenvolve, evita sua procria\u00e7\u00e3o.<\/p>\n\n\n\n<p>\u00b7&nbsp; Deixe sempre bem tampados e lave com bucha e sab\u00e3o as paredes internas de caixas d&#8217;\u00e1gua, po\u00e7os, cacimbas, tambores de \u00e1gua ou ton\u00e9is, cisternas, jarras e filtros<\/p>\n\n\n\n<p>\u00b7&nbsp; N\u00e3o deixe acumular \u00e1gua em pratos de vasos de plantas e xaxins. Coloque areia fina at\u00e9 a borda do pratinho.<\/p>\n\n\n\n<p>\u00b7&nbsp; Plantas que possam acumular \u00e1gua devem ser tratadas com \u00e1gua sanit\u00e1ria na propor\u00e7\u00e3o de uma colher de sopa para um litro de \u00e1gua, regando, no m\u00ednimo, duas vezes por semana. Tire sempre a \u00e1gua acumulada nas folhas.<\/p>\n\n\n\n<p>\u00b7&nbsp; N\u00e3o junte vasilhas e utens\u00edlios que possam acumular \u00e1gua (tampinha de garrafa, casca de ovo, latinha, saquinho pl\u00e1stico de cigarro, embalagem pl\u00e1stica e de vidro, copo descart\u00e1vel, etc.) e guarde garrafas vazias de cabe\u00e7a para baixo.<\/p>\n\n\n\n<p>\u00b7&nbsp; Entregue pneus velhos ao servi\u00e7o de limpeza urbana, caso precise mant\u00ea-los, guarde em local coberto.<\/p>\n\n\n\n<p>\u00b7&nbsp; Deixe a tampa do vaso sanit\u00e1rio sempre fechado. Em banheiros pouco usados, d\u00ea descarga pelo menos uma vez por semana.<\/p>\n\n\n\n<p>\u00b7&nbsp; Retire sempre a \u00e1gua acumulada da bandeja externa da geladeira e lave com \u00e1gua e sab\u00e3o.<\/p>\n\n\n\n<p>\u00b7&nbsp; Sempre que for trocar o garraf\u00e3o de \u00e1gua mineral, lave bem o suporte no qual a \u00e1gua fica acumulada.<\/p>\n\n\n\n<p>\u00b7&nbsp; Mantenha sempre limpo: lagos, cascatas e espelhos d&#8217;\u00e1gua decorativos. Crie peixes nesses locais, eles se alimentam das larvas dos mosquitos<\/p>\n\n\n\n<p>\u00b7&nbsp; Lave e troque a \u00e1gua dos bebedouros de aves e animais no m\u00ednimo uma vez por semana.<\/p>\n\n\n\n<p>\u00b7&nbsp; Limpe frequentemente as calhas e a laje das casas, coloque areia nos cacos de vidro no muro que possam acumular \u00e1gua.<\/p>\n\n\n\n<p>\u00b7&nbsp; Mantenha a \u00e1gua da piscina sempre tratada com cloro e limpe-a uma vez por semana. Se n\u00e3o for us\u00e1-la, evite cobrir com lonas ou pl\u00e1sticos.<\/p>\n\n\n\n<p>\u00b7&nbsp; Mantenha o quintal limpo, recolhendo o lixo e detritos em volta das casas, limpando os lat\u00f5es e mantendo as lixeiras tampadas. N\u00e3o jogue lixo em terrenos baldios, constru\u00e7\u00f5es e pra\u00e7as. Chame a limpeza urbana quando necess\u00e1rio.<\/p>\n\n\n\n<p>\u00b7\u00a0 Permita sempre o acesso do agente de controle de zoonoses em sua resid\u00eancia ou estabelecimento comercial.<\/p>\n\n\n\n<p>Assessoria<\/p>\n","protected":false},"excerpt":{"rendered":"<p>As a\u00e7\u00f5es acontecem pela Secretaria de Sa\u00fade durante todo o m\u00eas de novembro. Nesta sexta-feira, 17-11, a Prefeitura de Maracaju por meio da Secretaria Municipal de Sa\u00fade est\u00e1 realizando \u201cDia D\u201d de combate \u00e0 Dengue com panfletagem e orienta\u00e7\u00e3o em tr\u00eas pontos de grande fluxo de pedestres, motociclistas e motoristas. As a\u00e7\u00f5es ocorrem nos sem\u00e1foros [&hellip;]<\/p>\n","protected":false},"author":2,"featured_media":20550,"comment_status":"open","ping_status":"closed","sticky":false,"template":"","format":"standard","meta":{"footnotes":""},"categories":[35,1],"tags":[],"class_list":["post-20549","post","type-post","status-publish","format-standard","has-post-thumbnail","hentry","category-cidades","category-noticia"],"yoast_head":"<!-- This site is optimized with the Yoast SEO plugin v27.5 - https:\/\/yoast.com\/product\/yoast-seo-wordpress\/ -->\n<title>Prefeitura de Maracaju realiza Dia \u201cD\u201d de combate \u00e0 dengue. - MsConectado<\/title>\n<meta name=\"robots\" content=\"index, follow, max-snippet:-1, max-image-preview:large, max-video-preview:-1\" \/>\n<link rel=\"canonical\" href=\"https:\/\/msconectado.com.br\/?p=20549\" \/>\n<meta property=\"og:locale\" content=\"pt_BR\" \/>\n<meta property=\"og:type\" content=\"article\" \/>\n<meta property=\"og:title\" content=\"Prefeitura de Maracaju realiza Dia \u201cD\u201d de combate \u00e0 dengue. - MsConectado\" \/>\n<meta property=\"og:description\" content=\"As a\u00e7\u00f5es acontecem pela Secretaria de Sa\u00fade durante todo o m\u00eas de novembro. Nesta sexta-feira, 17-11, a Prefeitura de Maracaju por meio da Secretaria Municipal de Sa\u00fade est\u00e1 realizando \u201cDia D\u201d de combate \u00e0 Dengue com panfletagem e orienta\u00e7\u00e3o em tr\u00eas pontos de grande fluxo de pedestres, motociclistas e motoristas. As a\u00e7\u00f5es ocorrem nos sem\u00e1foros [&hellip;]\" \/>\n<meta property=\"og:url\" content=\"https:\/\/msconectado.com.br\/?p=20549\" \/>\n<meta property=\"og:site_name\" content=\"MsConectado\" \/>\n<meta property=\"article:published_time\" content=\"2023-11-17T17:44:26+00:00\" \/>\n<meta property=\"article:modified_time\" content=\"2023-11-17T17:44:30+00:00\" \/>\n<meta property=\"og:image\" content=\"https:\/\/msconectado.com.br\/wp-content\/uploads\/2023\/11\/705f25f553f471914996f0878af2271d.jpg\" \/>\n\t<meta property=\"og:image:width\" content=\"800\" \/>\n\t<meta property=\"og:image:height\" content=\"533\" \/>\n\t<meta property=\"og:image:type\" content=\"image\/jpeg\" \/>\n<meta name=\"author\" content=\"MsConectado\" \/>\n<meta name=\"twitter:card\" content=\"summary_large_image\" \/>\n<meta name=\"twitter:label1\" content=\"Escrito por\" \/>\n\t<meta name=\"twitter:data1\" content=\"MsConectado\" \/>\n\t<meta name=\"twitter:label2\" content=\"Est. tempo de leitura\" \/>\n\t<meta name=\"twitter:data2\" content=\"3 minutos\" \/>\n<script type=\"application\/ld+json\" class=\"yoast-schema-graph\">{\"@context\":\"https:\\\/\\\/schema.org\",\"@graph\":[{\"@type\":\"Article\",\"@id\":\"https:\\\/\\\/msconectado.com.br\\\/?p=20549#article\",\"isPartOf\":{\"@id\":\"https:\\\/\\\/msconectado.com.br\\\/?p=20549\"},\"author\":{\"name\":\"MsConectado\",\"@id\":\"https:\\\/\\\/msconectado.com.br\\\/#\\\/schema\\\/person\\\/e5585545b5687092f1041d350b6e2c16\"},\"headline\":\"Prefeitura de Maracaju realiza Dia \u201cD\u201d de combate \u00e0 dengue.\",\"datePublished\":\"2023-11-17T17:44:26+00:00\",\"dateModified\":\"2023-11-17T17:44:30+00:00\",\"mainEntityOfPage\":{\"@id\":\"https:\\\/\\\/msconectado.com.br\\\/?p=20549\"},\"wordCount\":695,\"commentCount\":0,\"publisher\":{\"@id\":\"https:\\\/\\\/msconectado.com.br\\\/#organization\"},\"image\":{\"@id\":\"https:\\\/\\\/msconectado.com.br\\\/?p=20549#primaryimage\"},\"thumbnailUrl\":\"https:\\\/\\\/msconectado.com.br\\\/wp-content\\\/uploads\\\/2023\\\/11\\\/705f25f553f471914996f0878af2271d.jpg\",\"articleSection\":[\"Cidades\",\"Not\u00edcia\"],\"inLanguage\":\"pt-BR\",\"potentialAction\":[{\"@type\":\"CommentAction\",\"name\":\"Comment\",\"target\":[\"https:\\\/\\\/msconectado.com.br\\\/?p=20549#respond\"]}]},{\"@type\":\"WebPage\",\"@id\":\"https:\\\/\\\/msconectado.com.br\\\/?p=20549\",\"url\":\"https:\\\/\\\/msconectado.com.br\\\/?p=20549\",\"name\":\"Prefeitura de Maracaju realiza Dia \u201cD\u201d de combate \u00e0 dengue. - MsConectado\",\"isPartOf\":{\"@id\":\"https:\\\/\\\/msconectado.com.br\\\/#website\"},\"primaryImageOfPage\":{\"@id\":\"https:\\\/\\\/msconectado.com.br\\\/?p=20549#primaryimage\"},\"image\":{\"@id\":\"https:\\\/\\\/msconectado.com.br\\\/?p=20549#primaryimage\"},\"thumbnailUrl\":\"https:\\\/\\\/msconectado.com.br\\\/wp-content\\\/uploads\\\/2023\\\/11\\\/705f25f553f471914996f0878af2271d.jpg\",\"datePublished\":\"2023-11-17T17:44:26+00:00\",\"dateModified\":\"2023-11-17T17:44:30+00:00\",\"breadcrumb\":{\"@id\":\"https:\\\/\\\/msconectado.com.br\\\/?p=20549#breadcrumb\"},\"inLanguage\":\"pt-BR\",\"potentialAction\":[{\"@type\":\"ReadAction\",\"target\":[\"https:\\\/\\\/msconectado.com.br\\\/?p=20549\"]}]},{\"@type\":\"ImageObject\",\"inLanguage\":\"pt-BR\",\"@id\":\"https:\\\/\\\/msconectado.com.br\\\/?p=20549#primaryimage\",\"url\":\"https:\\\/\\\/msconectado.com.br\\\/wp-content\\\/uploads\\\/2023\\\/11\\\/705f25f553f471914996f0878af2271d.jpg\",\"contentUrl\":\"https:\\\/\\\/msconectado.com.br\\\/wp-content\\\/uploads\\\/2023\\\/11\\\/705f25f553f471914996f0878af2271d.jpg\",\"width\":800,\"height\":533},{\"@type\":\"BreadcrumbList\",\"@id\":\"https:\\\/\\\/msconectado.com.br\\\/?p=20549#breadcrumb\",\"itemListElement\":[{\"@type\":\"ListItem\",\"position\":1,\"name\":\"In\u00edcio\",\"item\":\"https:\\\/\\\/msconectado.com.br\\\/\"},{\"@type\":\"ListItem\",\"position\":2,\"name\":\"Prefeitura de Maracaju realiza Dia \u201cD\u201d de combate \u00e0 dengue.\"}]},{\"@type\":\"WebSite\",\"@id\":\"https:\\\/\\\/msconectado.com.br\\\/#website\",\"url\":\"https:\\\/\\\/msconectado.com.br\\\/\",\"name\":\"MsConectado\",\"description\":\"Voc\u00ea Conectado com a Not\u00edcia!\",\"publisher\":{\"@id\":\"https:\\\/\\\/msconectado.com.br\\\/#organization\"},\"potentialAction\":[{\"@type\":\"SearchAction\",\"target\":{\"@type\":\"EntryPoint\",\"urlTemplate\":\"https:\\\/\\\/msconectado.com.br\\\/?s={search_term_string}\"},\"query-input\":{\"@type\":\"PropertyValueSpecification\",\"valueRequired\":true,\"valueName\":\"search_term_string\"}}],\"inLanguage\":\"pt-BR\"},{\"@type\":\"Organization\",\"@id\":\"https:\\\/\\\/msconectado.com.br\\\/#organization\",\"name\":\"MsConectado\",\"url\":\"https:\\\/\\\/msconectado.com.br\\\/\",\"logo\":{\"@type\":\"ImageObject\",\"inLanguage\":\"pt-BR\",\"@id\":\"https:\\\/\\\/msconectado.com.br\\\/#\\\/schema\\\/logo\\\/image\\\/\",\"url\":\"https:\\\/\\\/msconectado.com.br\\\/wp-content\\\/uploads\\\/2023\\\/01\\\/cropped-noticia-2.png\",\"contentUrl\":\"https:\\\/\\\/msconectado.com.br\\\/wp-content\\\/uploads\\\/2023\\\/01\\\/cropped-noticia-2.png\",\"width\":720,\"height\":157,\"caption\":\"MsConectado\"},\"image\":{\"@id\":\"https:\\\/\\\/msconectado.com.br\\\/#\\\/schema\\\/logo\\\/image\\\/\"}},{\"@type\":\"Person\",\"@id\":\"https:\\\/\\\/msconectado.com.br\\\/#\\\/schema\\\/person\\\/e5585545b5687092f1041d350b6e2c16\",\"name\":\"MsConectado\",\"image\":{\"@type\":\"ImageObject\",\"inLanguage\":\"pt-BR\",\"@id\":\"https:\\\/\\\/secure.gravatar.com\\\/avatar\\\/3b4f84a0a8a4380ac4431fa79981d073692380c5da00ae97596e794ab0db5c8c?s=96&d=mm&r=g\",\"url\":\"https:\\\/\\\/secure.gravatar.com\\\/avatar\\\/3b4f84a0a8a4380ac4431fa79981d073692380c5da00ae97596e794ab0db5c8c?s=96&d=mm&r=g\",\"contentUrl\":\"https:\\\/\\\/secure.gravatar.com\\\/avatar\\\/3b4f84a0a8a4380ac4431fa79981d073692380c5da00ae97596e794ab0db5c8c?s=96&d=mm&r=g\",\"caption\":\"MsConectado\"},\"url\":\"https:\\\/\\\/msconectado.com.br\\\/?author=2\"}]}<\/script>\n<!-- \/ Yoast SEO plugin. -->","yoast_head_json":{"title":"Prefeitura de Maracaju realiza Dia \u201cD\u201d de combate \u00e0 dengue. - MsConectado","robots":{"index":"index","follow":"follow","max-snippet":"max-snippet:-1","max-image-preview":"max-image-preview:large","max-video-preview":"max-video-preview:-1"},"canonical":"https:\/\/msconectado.com.br\/?p=20549","og_locale":"pt_BR","og_type":"article","og_title":"Prefeitura de Maracaju realiza Dia \u201cD\u201d de combate \u00e0 dengue. - MsConectado","og_description":"As a\u00e7\u00f5es acontecem pela Secretaria de Sa\u00fade durante todo o m\u00eas de novembro. Nesta sexta-feira, 17-11, a Prefeitura de Maracaju por meio da Secretaria Municipal de Sa\u00fade est\u00e1 realizando \u201cDia D\u201d de combate \u00e0 Dengue com panfletagem e orienta\u00e7\u00e3o em tr\u00eas pontos de grande fluxo de pedestres, motociclistas e motoristas. As a\u00e7\u00f5es ocorrem nos sem\u00e1foros [&hellip;]","og_url":"https:\/\/msconectado.com.br\/?p=20549","og_site_name":"MsConectado","article_published_time":"2023-11-17T17:44:26+00:00","article_modified_time":"2023-11-17T17:44:30+00:00","og_image":[{"width":800,"height":533,"url":"https:\/\/msconectado.com.br\/wp-content\/uploads\/2023\/11\/705f25f553f471914996f0878af2271d.jpg","type":"image\/jpeg"}],"author":"MsConectado","twitter_card":"summary_large_image","twitter_misc":{"Escrito por":"MsConectado","Est. tempo de leitura":"3 minutos"},"schema":{"@context":"https:\/\/schema.org","@graph":[{"@type":"Article","@id":"https:\/\/msconectado.com.br\/?p=20549#article","isPartOf":{"@id":"https:\/\/msconectado.com.br\/?p=20549"},"author":{"name":"MsConectado","@id":"https:\/\/msconectado.com.br\/#\/schema\/person\/e5585545b5687092f1041d350b6e2c16"},"headline":"Prefeitura de Maracaju realiza Dia \u201cD\u201d de combate \u00e0 dengue.","datePublished":"2023-11-17T17:44:26+00:00","dateModified":"2023-11-17T17:44:30+00:00","mainEntityOfPage":{"@id":"https:\/\/msconectado.com.br\/?p=20549"},"wordCount":695,"commentCount":0,"publisher":{"@id":"https:\/\/msconectado.com.br\/#organization"},"image":{"@id":"https:\/\/msconectado.com.br\/?p=20549#primaryimage"},"thumbnailUrl":"https:\/\/msconectado.com.br\/wp-content\/uploads\/2023\/11\/705f25f553f471914996f0878af2271d.jpg","articleSection":["Cidades","Not\u00edcia"],"inLanguage":"pt-BR","potentialAction":[{"@type":"CommentAction","name":"Comment","target":["https:\/\/msconectado.com.br\/?p=20549#respond"]}]},{"@type":"WebPage","@id":"https:\/\/msconectado.com.br\/?p=20549","url":"https:\/\/msconectado.com.br\/?p=20549","name":"Prefeitura de Maracaju realiza Dia \u201cD\u201d de combate \u00e0 dengue. - MsConectado","isPartOf":{"@id":"https:\/\/msconectado.com.br\/#website"},"primaryImageOfPage":{"@id":"https:\/\/msconectado.com.br\/?p=20549#primaryimage"},"image":{"@id":"https:\/\/msconectado.com.br\/?p=20549#primaryimage"},"thumbnailUrl":"https:\/\/msconectado.com.br\/wp-content\/uploads\/2023\/11\/705f25f553f471914996f0878af2271d.jpg","datePublished":"2023-11-17T17:44:26+00:00","dateModified":"2023-11-17T17:44:30+00:00","breadcrumb":{"@id":"https:\/\/msconectado.com.br\/?p=20549#breadcrumb"},"inLanguage":"pt-BR","potentialAction":[{"@type":"ReadAction","target":["https:\/\/msconectado.com.br\/?p=20549"]}]},{"@type":"ImageObject","inLanguage":"pt-BR","@id":"https:\/\/msconectado.com.br\/?p=20549#primaryimage","url":"https:\/\/msconectado.com.br\/wp-content\/uploads\/2023\/11\/705f25f553f471914996f0878af2271d.jpg","contentUrl":"https:\/\/msconectado.com.br\/wp-content\/uploads\/2023\/11\/705f25f553f471914996f0878af2271d.jpg","width":800,"height":533},{"@type":"BreadcrumbList","@id":"https:\/\/msconectado.com.br\/?p=20549#breadcrumb","itemListElement":[{"@type":"ListItem","position":1,"name":"In\u00edcio","item":"https:\/\/msconectado.com.br\/"},{"@type":"ListItem","position":2,"name":"Prefeitura de Maracaju realiza Dia \u201cD\u201d de combate \u00e0 dengue."}]},{"@type":"WebSite","@id":"https:\/\/msconectado.com.br\/#website","url":"https:\/\/msconectado.com.br\/","name":"MsConectado","description":"Voc\u00ea Conectado com a Not\u00edcia!","publisher":{"@id":"https:\/\/msconectado.com.br\/#organization"},"potentialAction":[{"@type":"SearchAction","target":{"@type":"EntryPoint","urlTemplate":"https:\/\/msconectado.com.br\/?s={search_term_string}"},"query-input":{"@type":"PropertyValueSpecification","valueRequired":true,"valueName":"search_term_string"}}],"inLanguage":"pt-BR"},{"@type":"Organization","@id":"https:\/\/msconectado.com.br\/#organization","name":"MsConectado","url":"https:\/\/msconectado.com.br\/","logo":{"@type":"ImageObject","inLanguage":"pt-BR","@id":"https:\/\/msconectado.com.br\/#\/schema\/logo\/image\/","url":"https:\/\/msconectado.com.br\/wp-content\/uploads\/2023\/01\/cropped-noticia-2.png","contentUrl":"https:\/\/msconectado.com.br\/wp-content\/uploads\/2023\/01\/cropped-noticia-2.png","width":720,"height":157,"caption":"MsConectado"},"image":{"@id":"https:\/\/msconectado.com.br\/#\/schema\/logo\/image\/"}},{"@type":"Person","@id":"https:\/\/msconectado.com.br\/#\/schema\/person\/e5585545b5687092f1041d350b6e2c16","name":"MsConectado","image":{"@type":"ImageObject","inLanguage":"pt-BR","@id":"https:\/\/secure.gravatar.com\/avatar\/3b4f84a0a8a4380ac4431fa79981d073692380c5da00ae97596e794ab0db5c8c?s=96&d=mm&r=g","url":"https:\/\/secure.gravatar.com\/avatar\/3b4f84a0a8a4380ac4431fa79981d073692380c5da00ae97596e794ab0db5c8c?s=96&d=mm&r=g","contentUrl":"https:\/\/secure.gravatar.com\/avatar\/3b4f84a0a8a4380ac4431fa79981d073692380c5da00ae97596e794ab0db5c8c?s=96&d=mm&r=g","caption":"MsConectado"},"url":"https:\/\/msconectado.com.br\/?author=2"}]}},"_links":{"self":[{"href":"https:\/\/msconectado.com.br\/index.php?rest_route=\/wp\/v2\/posts\/20549","targetHints":{"allow":["GET"]}}],"collection":[{"href":"https:\/\/msconectado.com.br\/index.php?rest_route=\/wp\/v2\/posts"}],"about":[{"href":"https:\/\/msconectado.com.br\/index.php?rest_route=\/wp\/v2\/types\/post"}],"author":[{"embeddable":true,"href":"https:\/\/msconectado.com.br\/index.php?rest_route=\/wp\/v2\/users\/2"}],"replies":[{"embeddable":true,"href":"https:\/\/msconectado.com.br\/index.php?rest_route=%2Fwp%2Fv2%2Fcomments&post=20549"}],"version-history":[{"count":1,"href":"https:\/\/msconectado.com.br\/index.php?rest_route=\/wp\/v2\/posts\/20549\/revisions"}],"predecessor-version":[{"id":20551,"href":"https:\/\/msconectado.com.br\/index.php?rest_route=\/wp\/v2\/posts\/20549\/revisions\/20551"}],"wp:featuredmedia":[{"embeddable":true,"href":"https:\/\/msconectado.com.br\/index.php?rest_route=\/wp\/v2\/media\/20550"}],"wp:attachment":[{"href":"https:\/\/msconectado.com.br\/index.php?rest_route=%2Fwp%2Fv2%2Fmedia&parent=20549"}],"wp:term":[{"taxonomy":"category","embeddable":true,"href":"https:\/\/msconectado.com.br\/index.php?rest_route=%2Fwp%2Fv2%2Fcategories&post=20549"},{"taxonomy":"post_tag","embeddable":true,"href":"https:\/\/msconectado.com.br\/index.php?rest_route=%2Fwp%2Fv2%2Ftags&post=20549"}],"curies":[{"name":"wp","href":"https:\/\/api.w.org\/{rel}","templated":true}]}}