
{"id":20552,"date":"2023-11-18T10:17:24","date_gmt":"2023-11-18T10:17:24","guid":{"rendered":"https:\/\/msconectado.com.br\/?p=20552"},"modified":"2023-11-18T10:17:26","modified_gmt":"2023-11-18T10:17:26","slug":"com-recursos-do-fundo-de-meio-ambiente-prefeitura-de-maracaju-realizara-reforma-e-ampliacao-da-estacao-de-transbordo-de-residuos-solidos","status":"publish","type":"post","link":"https:\/\/msconectado.com.br\/?p=20552","title":{"rendered":"Com recursos do Fundo de Meio Ambiente, Prefeitura de Maracaju realizar\u00e1 reforma e amplia\u00e7\u00e3o da Esta\u00e7\u00e3o de Transbordo de Res\u00edduos S\u00f3lidos."},"content":{"rendered":"\n<p>Cobertura evita peso extra no res\u00edduo transportado para Dourados, bem como, descarregamento de chorume no solo, tratando-se de uma quest\u00e3o ambiental.<\/p>\n\n\n\n<p>Na manh\u00e3 desta sexta-feira, 17-11, a Prefeitura de Maracaju por meio da Secretaria de Desenvolvimento Econ\u00f4mico e Meio Ambiente realizou a assinatura da ordem de servi\u00e7o de reforma e amplia\u00e7\u00e3o da Unidade de Transbordo de Res\u00edduos S\u00f3lidos.<\/p>\n\n\n\n<p>A obra ser\u00e1 realizada por meio de Recursos do Fundo do Meio Ambiente, fruto do pagamento do chamado ICMS Ecol\u00f3gico, conquistado gra\u00e7as ao empenho, organiza\u00e7\u00e3o e a\u00e7\u00f5es do munic\u00edpio na \u00e1rea ambiental. A obra ter\u00e1 um custo de R$ 1.068.084,75 (Um milh\u00e3o, sessenta e oito mil, oitenta e quatro reais e setenta e cinco centavos) e ser\u00e1 executada pela empresa Blessed Engenharia Ltda, ganhadora da licita\u00e7\u00e3o para execu\u00e7\u00e3o a obra.<\/p>\n\n\n\n<p>A Prefeitura de Maracaju segue fazendo investimentos no desenvolvimento do munic\u00edpio, e ser\u00e1 assinada hoje a ordem de servi\u00e7o para a reforma e amplia\u00e7\u00e3o da Esta\u00e7\u00e3o de Transbordo de Res\u00edduos S\u00f3lidos de Maracaju.<\/p>\n\n\n\n<p>Conforme o Secret\u00e1rio de Desenvolvimento Econ\u00f4mico e Meio Ambiente, Agadir Mossmann, trata-se de uma obra importante, que representa uma nova fase para o local, proporcionando uma \u00e1rea cobertura, protegendo n\u00e3o apenas o solo, contra o descarregamento irregular do chamado \u201cchorume\u201d, mas principalmente, servidores que atuam no local, salientou ainda que, toda essa obra est\u00e1 sendo feita com recursos conquistados gra\u00e7as as pol\u00edticas ambientais do munic\u00edpio, inclusive quanto a separa\u00e7\u00e3o dos res\u00edduos e incentivo a reciclagem.<\/p>\n\n\n\n<p>Para o Prefeito Marcos Calderan, trata-se de mais um investimento realizado em prol a economia do munic\u00edpio, afinal quanto mais eficaz for o descarte do res\u00edduo produzido, mais economia e menos custos o munic\u00edpio possui, aproveitou para conclamar a comunidade a atuar dentro de suas resid\u00eancias na separa\u00e7\u00e3o correta dos res\u00edduos.<\/p>\n\n\n\n<p><em>SOBRE A OBRA<\/em><\/p>\n\n\n\n<p>A cobertura de plataforma da unidade de transbordo desempenha um papel significativo na efici\u00eancia operacional, na seguran\u00e7a ambiental e na melhoria das condi\u00e7\u00f5es de trabalho. Destacando a Prote\u00e7\u00e3o contra Condi\u00e7\u00f5es Clim\u00e1ticas; Economia no custo de destina\u00e7\u00e3o final; Preven\u00e7\u00e3o de Contamina\u00e7\u00e3o; Prolongamento da Vida \u00datil das Instala\u00e7\u00f5es; e Conformidade Ambiental e Regulat\u00f3ria.<\/p>\n\n\n\n<p>A Prefeitura Municipal de Maracaju busca a constante melhoria da gest\u00e3o municipal dos res\u00edduos s\u00f3lidos. Ser\u00e3o feitos novos investimentos no local como a constru\u00e7\u00e3o de um Ecoponto de pneus e res\u00edduos de eletroeletr\u00f4nicos, \u00e1rea de viv\u00eancia para funcion\u00e1rios, barrac\u00e3o para triturador de entulho e barrac\u00e3o para processamento de madeira.<\/p>\n\n\n\n<p><em>SOBRE A UNIDADE DE TRANSBORDO<\/em><\/p>\n\n\n\n<p>A Unidade de Transbordo de Res\u00edduos S\u00f3lidos do munic\u00edpio iniciou sua opera\u00e7\u00e3o em 2018, ap\u00f3s o fechamento do antigo lix\u00e3o de Maracaju. A Unidade est\u00e1 localizada na Ch\u00e1cara Guarany, Zona Rural de Maracaju e \u00e9 respons\u00e1vel por receber e armazenar temporariamente os res\u00edduos s\u00f3lidos urbanos gerados pelo nosso munic\u00edpio, que diariamente s\u00e3o coletados, transportados e destinados de forma ambientalmente adequada ao aterro sanit\u00e1rio devidamente licenciado, localizado em Dourados\/MS.<\/p>\n\n\n\n<p>O local possui balan\u00e7a rodovi\u00e1ria para pesagem da entrada e sa\u00edda de res\u00edduos, guarita, e plataforma para descarregamento em ca\u00e7ambas estacion\u00e1rias de grande porte.<\/p>\n\n\n\n<p>A Unidade de Transbordo de Res\u00edduos desempenha papel essencial na cadeia de gerenciamento de res\u00edduos, melhorando a efici\u00eancia operacional, reduzindo impactos ambientais e facilitando pr\u00e1ticas mais sustent\u00e1veis na gest\u00e3o de res\u00edduos municipais.<\/p>\n\n\n\n<p><em>AUTORIDADES PRESENTES<\/em><\/p>\n\n\n\n<p>Participaram do evento o Prefeito de Maracaju, Marcos Calderan, Secret\u00e1rio de Desenvolvimento Econ\u00f4mico e Meio Ambiente, Agadir Mossmann, Secret\u00e1rio de Obras e Urbanismo, Joaquim Herrera, Secret\u00e1rio Municipal de Esportes, Erlei Pires Dias, Secret\u00e1ria de Assist\u00eancia Social, Leiza Karen Barbosa, Presidente do Rotary Club de Maracaju, Valdir Serafini J\u00fanior, Presidente da C\u00e2mara de Vereadores, Robert Ziemann, Vereadores Gustavo Veterin\u00e1rio, Vilmar do Era do Gelo, Nego do Povo, Jo\u00e3ozinho Rocha, Nen\u00ea da Vista Alegre, Gestora da Casa do Trabalhador, Maria Aparecida dos Santos, Presidente do Conselho do Meio Ambiente, Alex Sandro Richter Von M\u00fchlen, Gerente de Res\u00edduos S\u00f3lidos, Nobuyoshi Ogiwaram, Engenheiro Civil e Representante da Empresa Blessd Engenharia, Representante da 13\u00aa Subsec\u00e7\u00e3o Maracaju, Dr. Eus\u00e9bio Solano Veja, Lucas Lemos, Eus\u00e9bio Solano Veja, al\u00e9m de servidores p\u00fablicos, convidados e a comunidade em geral.<\/p>\n\n\n\n<p>Assessoria<\/p>\n","protected":false},"excerpt":{"rendered":"<p>Cobertura evita peso extra no res\u00edduo transportado para Dourados, bem como, descarregamento de chorume no solo, tratando-se de uma quest\u00e3o ambiental. Na manh\u00e3 desta sexta-feira, 17-11, a Prefeitura de Maracaju por meio da Secretaria de Desenvolvimento Econ\u00f4mico e Meio Ambiente realizou a assinatura da ordem de servi\u00e7o de reforma e amplia\u00e7\u00e3o da Unidade de Transbordo [&hellip;]<\/p>\n","protected":false},"author":2,"featured_media":20553,"comment_status":"open","ping_status":"closed","sticky":false,"template":"","format":"standard","meta":{"footnotes":""},"categories":[35,1],"tags":[],"class_list":["post-20552","post","type-post","status-publish","format-standard","has-post-thumbnail","hentry","category-cidades","category-noticia"],"yoast_head":"<!-- This site is optimized with the Yoast SEO plugin v27.5 - https:\/\/yoast.com\/product\/yoast-seo-wordpress\/ -->\n<title>Com recursos do Fundo de Meio Ambiente, Prefeitura de Maracaju realizar\u00e1 reforma e amplia\u00e7\u00e3o da Esta\u00e7\u00e3o de Transbordo de Res\u00edduos S\u00f3lidos. - MsConectado<\/title>\n<meta name=\"robots\" content=\"index, follow, max-snippet:-1, max-image-preview:large, max-video-preview:-1\" \/>\n<link rel=\"canonical\" href=\"https:\/\/msconectado.com.br\/?p=20552\" \/>\n<meta property=\"og:locale\" content=\"pt_BR\" \/>\n<meta property=\"og:type\" content=\"article\" \/>\n<meta property=\"og:title\" content=\"Com recursos do Fundo de Meio Ambiente, Prefeitura de Maracaju realizar\u00e1 reforma e amplia\u00e7\u00e3o da Esta\u00e7\u00e3o de Transbordo de Res\u00edduos S\u00f3lidos. - MsConectado\" \/>\n<meta property=\"og:description\" content=\"Cobertura evita peso extra no res\u00edduo transportado para Dourados, bem como, descarregamento de chorume no solo, tratando-se de uma quest\u00e3o ambiental. Na manh\u00e3 desta sexta-feira, 17-11, a Prefeitura de Maracaju por meio da Secretaria de Desenvolvimento Econ\u00f4mico e Meio Ambiente realizou a assinatura da ordem de servi\u00e7o de reforma e amplia\u00e7\u00e3o da Unidade de Transbordo [&hellip;]\" \/>\n<meta property=\"og:url\" content=\"https:\/\/msconectado.com.br\/?p=20552\" \/>\n<meta property=\"og:site_name\" content=\"MsConectado\" \/>\n<meta property=\"article:published_time\" content=\"2023-11-18T10:17:24+00:00\" \/>\n<meta property=\"article:modified_time\" content=\"2023-11-18T10:17:26+00:00\" \/>\n<meta property=\"og:image\" content=\"https:\/\/msconectado.com.br\/wp-content\/uploads\/2023\/11\/bb5a2c1468db9cd415343dd9e8e9eaff.jpg\" \/>\n\t<meta property=\"og:image:width\" content=\"800\" \/>\n\t<meta property=\"og:image:height\" content=\"533\" \/>\n\t<meta property=\"og:image:type\" content=\"image\/jpeg\" \/>\n<meta name=\"author\" content=\"MsConectado\" \/>\n<meta name=\"twitter:card\" content=\"summary_large_image\" \/>\n<meta name=\"twitter:label1\" content=\"Escrito por\" \/>\n\t<meta name=\"twitter:data1\" content=\"MsConectado\" \/>\n\t<meta name=\"twitter:label2\" content=\"Est. tempo de leitura\" \/>\n\t<meta name=\"twitter:data2\" content=\"4 minutos\" \/>\n<script type=\"application\/ld+json\" class=\"yoast-schema-graph\">{\"@context\":\"https:\\\/\\\/schema.org\",\"@graph\":[{\"@type\":\"Article\",\"@id\":\"https:\\\/\\\/msconectado.com.br\\\/?p=20552#article\",\"isPartOf\":{\"@id\":\"https:\\\/\\\/msconectado.com.br\\\/?p=20552\"},\"author\":{\"name\":\"MsConectado\",\"@id\":\"https:\\\/\\\/msconectado.com.br\\\/#\\\/schema\\\/person\\\/e5585545b5687092f1041d350b6e2c16\"},\"headline\":\"Com recursos do Fundo de Meio Ambiente, Prefeitura de Maracaju realizar\u00e1 reforma e amplia\u00e7\u00e3o da Esta\u00e7\u00e3o de Transbordo de Res\u00edduos S\u00f3lidos.\",\"datePublished\":\"2023-11-18T10:17:24+00:00\",\"dateModified\":\"2023-11-18T10:17:26+00:00\",\"mainEntityOfPage\":{\"@id\":\"https:\\\/\\\/msconectado.com.br\\\/?p=20552\"},\"wordCount\":775,\"commentCount\":0,\"publisher\":{\"@id\":\"https:\\\/\\\/msconectado.com.br\\\/#organization\"},\"image\":{\"@id\":\"https:\\\/\\\/msconectado.com.br\\\/?p=20552#primaryimage\"},\"thumbnailUrl\":\"https:\\\/\\\/msconectado.com.br\\\/wp-content\\\/uploads\\\/2023\\\/11\\\/bb5a2c1468db9cd415343dd9e8e9eaff.jpg\",\"articleSection\":[\"Cidades\",\"Not\u00edcia\"],\"inLanguage\":\"pt-BR\",\"potentialAction\":[{\"@type\":\"CommentAction\",\"name\":\"Comment\",\"target\":[\"https:\\\/\\\/msconectado.com.br\\\/?p=20552#respond\"]}]},{\"@type\":\"WebPage\",\"@id\":\"https:\\\/\\\/msconectado.com.br\\\/?p=20552\",\"url\":\"https:\\\/\\\/msconectado.com.br\\\/?p=20552\",\"name\":\"Com recursos do Fundo de Meio Ambiente, Prefeitura de Maracaju realizar\u00e1 reforma e amplia\u00e7\u00e3o da Esta\u00e7\u00e3o de Transbordo de Res\u00edduos S\u00f3lidos. - MsConectado\",\"isPartOf\":{\"@id\":\"https:\\\/\\\/msconectado.com.br\\\/#website\"},\"primaryImageOfPage\":{\"@id\":\"https:\\\/\\\/msconectado.com.br\\\/?p=20552#primaryimage\"},\"image\":{\"@id\":\"https:\\\/\\\/msconectado.com.br\\\/?p=20552#primaryimage\"},\"thumbnailUrl\":\"https:\\\/\\\/msconectado.com.br\\\/wp-content\\\/uploads\\\/2023\\\/11\\\/bb5a2c1468db9cd415343dd9e8e9eaff.jpg\",\"datePublished\":\"2023-11-18T10:17:24+00:00\",\"dateModified\":\"2023-11-18T10:17:26+00:00\",\"breadcrumb\":{\"@id\":\"https:\\\/\\\/msconectado.com.br\\\/?p=20552#breadcrumb\"},\"inLanguage\":\"pt-BR\",\"potentialAction\":[{\"@type\":\"ReadAction\",\"target\":[\"https:\\\/\\\/msconectado.com.br\\\/?p=20552\"]}]},{\"@type\":\"ImageObject\",\"inLanguage\":\"pt-BR\",\"@id\":\"https:\\\/\\\/msconectado.com.br\\\/?p=20552#primaryimage\",\"url\":\"https:\\\/\\\/msconectado.com.br\\\/wp-content\\\/uploads\\\/2023\\\/11\\\/bb5a2c1468db9cd415343dd9e8e9eaff.jpg\",\"contentUrl\":\"https:\\\/\\\/msconectado.com.br\\\/wp-content\\\/uploads\\\/2023\\\/11\\\/bb5a2c1468db9cd415343dd9e8e9eaff.jpg\",\"width\":800,\"height\":533},{\"@type\":\"BreadcrumbList\",\"@id\":\"https:\\\/\\\/msconectado.com.br\\\/?p=20552#breadcrumb\",\"itemListElement\":[{\"@type\":\"ListItem\",\"position\":1,\"name\":\"In\u00edcio\",\"item\":\"https:\\\/\\\/msconectado.com.br\\\/\"},{\"@type\":\"ListItem\",\"position\":2,\"name\":\"Com recursos do Fundo de Meio Ambiente, Prefeitura de Maracaju realizar\u00e1 reforma e amplia\u00e7\u00e3o da Esta\u00e7\u00e3o de Transbordo de Res\u00edduos S\u00f3lidos.\"}]},{\"@type\":\"WebSite\",\"@id\":\"https:\\\/\\\/msconectado.com.br\\\/#website\",\"url\":\"https:\\\/\\\/msconectado.com.br\\\/\",\"name\":\"MsConectado\",\"description\":\"Voc\u00ea Conectado com a Not\u00edcia!\",\"publisher\":{\"@id\":\"https:\\\/\\\/msconectado.com.br\\\/#organization\"},\"potentialAction\":[{\"@type\":\"SearchAction\",\"target\":{\"@type\":\"EntryPoint\",\"urlTemplate\":\"https:\\\/\\\/msconectado.com.br\\\/?s={search_term_string}\"},\"query-input\":{\"@type\":\"PropertyValueSpecification\",\"valueRequired\":true,\"valueName\":\"search_term_string\"}}],\"inLanguage\":\"pt-BR\"},{\"@type\":\"Organization\",\"@id\":\"https:\\\/\\\/msconectado.com.br\\\/#organization\",\"name\":\"MsConectado\",\"url\":\"https:\\\/\\\/msconectado.com.br\\\/\",\"logo\":{\"@type\":\"ImageObject\",\"inLanguage\":\"pt-BR\",\"@id\":\"https:\\\/\\\/msconectado.com.br\\\/#\\\/schema\\\/logo\\\/image\\\/\",\"url\":\"https:\\\/\\\/msconectado.com.br\\\/wp-content\\\/uploads\\\/2023\\\/01\\\/cropped-noticia-2.png\",\"contentUrl\":\"https:\\\/\\\/msconectado.com.br\\\/wp-content\\\/uploads\\\/2023\\\/01\\\/cropped-noticia-2.png\",\"width\":720,\"height\":157,\"caption\":\"MsConectado\"},\"image\":{\"@id\":\"https:\\\/\\\/msconectado.com.br\\\/#\\\/schema\\\/logo\\\/image\\\/\"}},{\"@type\":\"Person\",\"@id\":\"https:\\\/\\\/msconectado.com.br\\\/#\\\/schema\\\/person\\\/e5585545b5687092f1041d350b6e2c16\",\"name\":\"MsConectado\",\"image\":{\"@type\":\"ImageObject\",\"inLanguage\":\"pt-BR\",\"@id\":\"https:\\\/\\\/secure.gravatar.com\\\/avatar\\\/3b4f84a0a8a4380ac4431fa79981d073692380c5da00ae97596e794ab0db5c8c?s=96&d=mm&r=g\",\"url\":\"https:\\\/\\\/secure.gravatar.com\\\/avatar\\\/3b4f84a0a8a4380ac4431fa79981d073692380c5da00ae97596e794ab0db5c8c?s=96&d=mm&r=g\",\"contentUrl\":\"https:\\\/\\\/secure.gravatar.com\\\/avatar\\\/3b4f84a0a8a4380ac4431fa79981d073692380c5da00ae97596e794ab0db5c8c?s=96&d=mm&r=g\",\"caption\":\"MsConectado\"},\"url\":\"https:\\\/\\\/msconectado.com.br\\\/?author=2\"}]}<\/script>\n<!-- \/ Yoast SEO plugin. -->","yoast_head_json":{"title":"Com recursos do Fundo de Meio Ambiente, Prefeitura de Maracaju realizar\u00e1 reforma e amplia\u00e7\u00e3o da Esta\u00e7\u00e3o de Transbordo de Res\u00edduos S\u00f3lidos. - MsConectado","robots":{"index":"index","follow":"follow","max-snippet":"max-snippet:-1","max-image-preview":"max-image-preview:large","max-video-preview":"max-video-preview:-1"},"canonical":"https:\/\/msconectado.com.br\/?p=20552","og_locale":"pt_BR","og_type":"article","og_title":"Com recursos do Fundo de Meio Ambiente, Prefeitura de Maracaju realizar\u00e1 reforma e amplia\u00e7\u00e3o da Esta\u00e7\u00e3o de Transbordo de Res\u00edduos S\u00f3lidos. - MsConectado","og_description":"Cobertura evita peso extra no res\u00edduo transportado para Dourados, bem como, descarregamento de chorume no solo, tratando-se de uma quest\u00e3o ambiental. Na manh\u00e3 desta sexta-feira, 17-11, a Prefeitura de Maracaju por meio da Secretaria de Desenvolvimento Econ\u00f4mico e Meio Ambiente realizou a assinatura da ordem de servi\u00e7o de reforma e amplia\u00e7\u00e3o da Unidade de Transbordo [&hellip;]","og_url":"https:\/\/msconectado.com.br\/?p=20552","og_site_name":"MsConectado","article_published_time":"2023-11-18T10:17:24+00:00","article_modified_time":"2023-11-18T10:17:26+00:00","og_image":[{"width":800,"height":533,"url":"https:\/\/msconectado.com.br\/wp-content\/uploads\/2023\/11\/bb5a2c1468db9cd415343dd9e8e9eaff.jpg","type":"image\/jpeg"}],"author":"MsConectado","twitter_card":"summary_large_image","twitter_misc":{"Escrito por":"MsConectado","Est. tempo de leitura":"4 minutos"},"schema":{"@context":"https:\/\/schema.org","@graph":[{"@type":"Article","@id":"https:\/\/msconectado.com.br\/?p=20552#article","isPartOf":{"@id":"https:\/\/msconectado.com.br\/?p=20552"},"author":{"name":"MsConectado","@id":"https:\/\/msconectado.com.br\/#\/schema\/person\/e5585545b5687092f1041d350b6e2c16"},"headline":"Com recursos do Fundo de Meio Ambiente, Prefeitura de Maracaju realizar\u00e1 reforma e amplia\u00e7\u00e3o da Esta\u00e7\u00e3o de Transbordo de Res\u00edduos S\u00f3lidos.","datePublished":"2023-11-18T10:17:24+00:00","dateModified":"2023-11-18T10:17:26+00:00","mainEntityOfPage":{"@id":"https:\/\/msconectado.com.br\/?p=20552"},"wordCount":775,"commentCount":0,"publisher":{"@id":"https:\/\/msconectado.com.br\/#organization"},"image":{"@id":"https:\/\/msconectado.com.br\/?p=20552#primaryimage"},"thumbnailUrl":"https:\/\/msconectado.com.br\/wp-content\/uploads\/2023\/11\/bb5a2c1468db9cd415343dd9e8e9eaff.jpg","articleSection":["Cidades","Not\u00edcia"],"inLanguage":"pt-BR","potentialAction":[{"@type":"CommentAction","name":"Comment","target":["https:\/\/msconectado.com.br\/?p=20552#respond"]}]},{"@type":"WebPage","@id":"https:\/\/msconectado.com.br\/?p=20552","url":"https:\/\/msconectado.com.br\/?p=20552","name":"Com recursos do Fundo de Meio Ambiente, Prefeitura de Maracaju realizar\u00e1 reforma e amplia\u00e7\u00e3o da Esta\u00e7\u00e3o de Transbordo de Res\u00edduos S\u00f3lidos. - MsConectado","isPartOf":{"@id":"https:\/\/msconectado.com.br\/#website"},"primaryImageOfPage":{"@id":"https:\/\/msconectado.com.br\/?p=20552#primaryimage"},"image":{"@id":"https:\/\/msconectado.com.br\/?p=20552#primaryimage"},"thumbnailUrl":"https:\/\/msconectado.com.br\/wp-content\/uploads\/2023\/11\/bb5a2c1468db9cd415343dd9e8e9eaff.jpg","datePublished":"2023-11-18T10:17:24+00:00","dateModified":"2023-11-18T10:17:26+00:00","breadcrumb":{"@id":"https:\/\/msconectado.com.br\/?p=20552#breadcrumb"},"inLanguage":"pt-BR","potentialAction":[{"@type":"ReadAction","target":["https:\/\/msconectado.com.br\/?p=20552"]}]},{"@type":"ImageObject","inLanguage":"pt-BR","@id":"https:\/\/msconectado.com.br\/?p=20552#primaryimage","url":"https:\/\/msconectado.com.br\/wp-content\/uploads\/2023\/11\/bb5a2c1468db9cd415343dd9e8e9eaff.jpg","contentUrl":"https:\/\/msconectado.com.br\/wp-content\/uploads\/2023\/11\/bb5a2c1468db9cd415343dd9e8e9eaff.jpg","width":800,"height":533},{"@type":"BreadcrumbList","@id":"https:\/\/msconectado.com.br\/?p=20552#breadcrumb","itemListElement":[{"@type":"ListItem","position":1,"name":"In\u00edcio","item":"https:\/\/msconectado.com.br\/"},{"@type":"ListItem","position":2,"name":"Com recursos do Fundo de Meio Ambiente, Prefeitura de Maracaju realizar\u00e1 reforma e amplia\u00e7\u00e3o da Esta\u00e7\u00e3o de Transbordo de Res\u00edduos S\u00f3lidos."}]},{"@type":"WebSite","@id":"https:\/\/msconectado.com.br\/#website","url":"https:\/\/msconectado.com.br\/","name":"MsConectado","description":"Voc\u00ea Conectado com a Not\u00edcia!","publisher":{"@id":"https:\/\/msconectado.com.br\/#organization"},"potentialAction":[{"@type":"SearchAction","target":{"@type":"EntryPoint","urlTemplate":"https:\/\/msconectado.com.br\/?s={search_term_string}"},"query-input":{"@type":"PropertyValueSpecification","valueRequired":true,"valueName":"search_term_string"}}],"inLanguage":"pt-BR"},{"@type":"Organization","@id":"https:\/\/msconectado.com.br\/#organization","name":"MsConectado","url":"https:\/\/msconectado.com.br\/","logo":{"@type":"ImageObject","inLanguage":"pt-BR","@id":"https:\/\/msconectado.com.br\/#\/schema\/logo\/image\/","url":"https:\/\/msconectado.com.br\/wp-content\/uploads\/2023\/01\/cropped-noticia-2.png","contentUrl":"https:\/\/msconectado.com.br\/wp-content\/uploads\/2023\/01\/cropped-noticia-2.png","width":720,"height":157,"caption":"MsConectado"},"image":{"@id":"https:\/\/msconectado.com.br\/#\/schema\/logo\/image\/"}},{"@type":"Person","@id":"https:\/\/msconectado.com.br\/#\/schema\/person\/e5585545b5687092f1041d350b6e2c16","name":"MsConectado","image":{"@type":"ImageObject","inLanguage":"pt-BR","@id":"https:\/\/secure.gravatar.com\/avatar\/3b4f84a0a8a4380ac4431fa79981d073692380c5da00ae97596e794ab0db5c8c?s=96&d=mm&r=g","url":"https:\/\/secure.gravatar.com\/avatar\/3b4f84a0a8a4380ac4431fa79981d073692380c5da00ae97596e794ab0db5c8c?s=96&d=mm&r=g","contentUrl":"https:\/\/secure.gravatar.com\/avatar\/3b4f84a0a8a4380ac4431fa79981d073692380c5da00ae97596e794ab0db5c8c?s=96&d=mm&r=g","caption":"MsConectado"},"url":"https:\/\/msconectado.com.br\/?author=2"}]}},"_links":{"self":[{"href":"https:\/\/msconectado.com.br\/index.php?rest_route=\/wp\/v2\/posts\/20552","targetHints":{"allow":["GET"]}}],"collection":[{"href":"https:\/\/msconectado.com.br\/index.php?rest_route=\/wp\/v2\/posts"}],"about":[{"href":"https:\/\/msconectado.com.br\/index.php?rest_route=\/wp\/v2\/types\/post"}],"author":[{"embeddable":true,"href":"https:\/\/msconectado.com.br\/index.php?rest_route=\/wp\/v2\/users\/2"}],"replies":[{"embeddable":true,"href":"https:\/\/msconectado.com.br\/index.php?rest_route=%2Fwp%2Fv2%2Fcomments&post=20552"}],"version-history":[{"count":1,"href":"https:\/\/msconectado.com.br\/index.php?rest_route=\/wp\/v2\/posts\/20552\/revisions"}],"predecessor-version":[{"id":20554,"href":"https:\/\/msconectado.com.br\/index.php?rest_route=\/wp\/v2\/posts\/20552\/revisions\/20554"}],"wp:featuredmedia":[{"embeddable":true,"href":"https:\/\/msconectado.com.br\/index.php?rest_route=\/wp\/v2\/media\/20553"}],"wp:attachment":[{"href":"https:\/\/msconectado.com.br\/index.php?rest_route=%2Fwp%2Fv2%2Fmedia&parent=20552"}],"wp:term":[{"taxonomy":"category","embeddable":true,"href":"https:\/\/msconectado.com.br\/index.php?rest_route=%2Fwp%2Fv2%2Fcategories&post=20552"},{"taxonomy":"post_tag","embeddable":true,"href":"https:\/\/msconectado.com.br\/index.php?rest_route=%2Fwp%2Fv2%2Ftags&post=20552"}],"curies":[{"name":"wp","href":"https:\/\/api.w.org\/{rel}","templated":true}]}}