
{"id":20568,"date":"2023-11-21T12:28:48","date_gmt":"2023-11-21T12:28:48","guid":{"rendered":"https:\/\/msconectado.com.br\/?p=20568"},"modified":"2023-11-21T12:28:50","modified_gmt":"2023-11-21T12:28:50","slug":"prefeitura-de-maracaju-realiza-grande-acao-em-alusao-ao-dia-da-consciencia-negra","status":"publish","type":"post","link":"https:\/\/msconectado.com.br\/?p=20568","title":{"rendered":"Prefeitura de Maracaju realiza grande a\u00e7\u00e3o em alus\u00e3o ao Dia da Consci\u00eancia Negra."},"content":{"rendered":"\n<p>Evento ocorreu no Quilombo S\u00e3o Miguel, contando com diversas a\u00e7\u00f5es gratuitas e voltadas a sa\u00fade, estar e social dos moradores.<\/p>\n\n\n\n<p>No \u00faltimo s\u00e1bado, 18-11, a Prefeitura de Maracaju, por meio da Secretaria Municipal de Assist\u00eancia Social, em parceria com a Secretaria Municipal de Cultura, Secretaria Municipal de Sa\u00fade, Secretaria Municipal de Desenvolvimento&nbsp; Econ\u00f4mico e Meio Ambiente e Coordenadoria da Mulher, realizou uma grande a\u00e7\u00e3o no Quilombo S\u00e3o Miguel em alus\u00e3o ao Dia da Consci\u00eancia Negra.<\/p>\n\n\n\n<p>&nbsp;O evento contou com apresenta\u00e7\u00e3o cultural do Servi\u00e7o de Conviv\u00eancia de Fortalecimento de V\u00ednculos \u2013 A\u00e7\u00e3o Jovem,&nbsp; apresenta\u00e7\u00e3o do grupo de Percuss\u00e3o da Comunidade Quilombola Restaura\u00e7\u00e3o. N\u00f3s atendimentos, a equipe da sa\u00fade ofereceu atendimento cl\u00ednico, aferi\u00e7\u00e3o de press\u00e3o, teste glic\u00eamico, al\u00e9m de vacina\u00e7\u00e3o antirr\u00e1bica, entrega de gibis e orienta\u00e7\u00e3o de cuidados com os pets.<\/p>\n\n\n\n<p>Teve atendimento do Cadastro \u00danico, com cadastros e atualiza\u00e7\u00e3o cadastral.<\/p>\n\n\n\n<p>Al\u00e9m disso, teve, fruto de uma parceria com a Defensoria P\u00fablica, orienta\u00e7\u00e3o para ajuizamento de a\u00e7\u00f5es, esclarecimentos de d\u00favidas e consulta processual.<\/p>\n\n\n\n<p>Tamb\u00e9m foram levadas para a a\u00e7\u00e3o cortes de cabelo, doa\u00e7\u00e3o de roupas, exposi\u00e7\u00e3o e venda de artesanatos e doces, recrea\u00e7\u00e3o infantil, brincadeiras, pintura facial e alongamento para idosos.<\/p>\n\n\n\n<p>Por fim, tamb\u00e9m ocorreram palestras sobre o Novembro Azul e Sa\u00fade do Homem com o Coordenador de Sa\u00fade do Homem, Elson Barbosa, a m\u00e9dica Dra. Lidiane Beatriz Chiesa e a Enfermeira do Quilombo S\u00e3o Miguel, Let\u00edcia Valensuela, al\u00e9m de Palestra do Movimento Negro com o Presidente do Conselho Municipal da Pessoa Negra &#8211; Hermes Barbosa e Palestra sobre Consci\u00eancia Negra com a com Adriane da Silva Soares, Presidente do Instituto Social Cultural Dandara de MS.\u00a0<\/p>\n\n\n\n<p>Assessoria<\/p>\n","protected":false},"excerpt":{"rendered":"<p>Evento ocorreu no Quilombo S\u00e3o Miguel, contando com diversas a\u00e7\u00f5es gratuitas e voltadas a sa\u00fade, estar e social dos moradores. No \u00faltimo s\u00e1bado, 18-11, a Prefeitura de Maracaju, por meio da Secretaria Municipal de Assist\u00eancia Social, em parceria com a Secretaria Municipal de Cultura, Secretaria Municipal de Sa\u00fade, Secretaria Municipal de Desenvolvimento&nbsp; Econ\u00f4mico e Meio [&hellip;]<\/p>\n","protected":false},"author":3,"featured_media":20569,"comment_status":"open","ping_status":"closed","sticky":false,"template":"","format":"standard","meta":{"footnotes":""},"categories":[1],"tags":[],"class_list":["post-20568","post","type-post","status-publish","format-standard","has-post-thumbnail","hentry","category-noticia"],"yoast_head":"<!-- This site is optimized with the Yoast SEO plugin v27.5 - https:\/\/yoast.com\/product\/yoast-seo-wordpress\/ -->\n<title>Prefeitura de Maracaju realiza grande a\u00e7\u00e3o em alus\u00e3o ao Dia da Consci\u00eancia Negra. - MsConectado<\/title>\n<meta name=\"robots\" content=\"index, follow, max-snippet:-1, max-image-preview:large, max-video-preview:-1\" \/>\n<link rel=\"canonical\" href=\"https:\/\/msconectado.com.br\/?p=20568\" \/>\n<meta property=\"og:locale\" content=\"pt_BR\" \/>\n<meta property=\"og:type\" content=\"article\" \/>\n<meta property=\"og:title\" content=\"Prefeitura de Maracaju realiza grande a\u00e7\u00e3o em alus\u00e3o ao Dia da Consci\u00eancia Negra. - MsConectado\" \/>\n<meta property=\"og:description\" content=\"Evento ocorreu no Quilombo S\u00e3o Miguel, contando com diversas a\u00e7\u00f5es gratuitas e voltadas a sa\u00fade, estar e social dos moradores. No \u00faltimo s\u00e1bado, 18-11, a Prefeitura de Maracaju, por meio da Secretaria Municipal de Assist\u00eancia Social, em parceria com a Secretaria Municipal de Cultura, Secretaria Municipal de Sa\u00fade, Secretaria Municipal de Desenvolvimento&nbsp; Econ\u00f4mico e Meio [&hellip;]\" \/>\n<meta property=\"og:url\" content=\"https:\/\/msconectado.com.br\/?p=20568\" \/>\n<meta property=\"og:site_name\" content=\"MsConectado\" \/>\n<meta property=\"article:published_time\" content=\"2023-11-21T12:28:48+00:00\" \/>\n<meta property=\"article:modified_time\" content=\"2023-11-21T12:28:50+00:00\" \/>\n<meta property=\"og:image\" content=\"https:\/\/msconectado.com.br\/wp-content\/uploads\/2023\/11\/IMG_0110.jpg\" \/>\n\t<meta property=\"og:image:width\" content=\"800\" \/>\n\t<meta property=\"og:image:height\" content=\"533\" \/>\n\t<meta property=\"og:image:type\" content=\"image\/jpeg\" \/>\n<meta name=\"author\" content=\"Jeferson\" \/>\n<meta name=\"twitter:card\" content=\"summary_large_image\" \/>\n<meta name=\"twitter:label1\" content=\"Escrito por\" \/>\n\t<meta name=\"twitter:data1\" content=\"Jeferson\" \/>\n\t<meta name=\"twitter:label2\" content=\"Est. tempo de leitura\" \/>\n\t<meta name=\"twitter:data2\" content=\"2 minutos\" \/>\n<script type=\"application\/ld+json\" class=\"yoast-schema-graph\">{\"@context\":\"https:\\\/\\\/schema.org\",\"@graph\":[{\"@type\":\"Article\",\"@id\":\"https:\\\/\\\/msconectado.com.br\\\/?p=20568#article\",\"isPartOf\":{\"@id\":\"https:\\\/\\\/msconectado.com.br\\\/?p=20568\"},\"author\":{\"name\":\"Jeferson\",\"@id\":\"https:\\\/\\\/msconectado.com.br\\\/#\\\/schema\\\/person\\\/feb123a95a93eebea36f0ed6a2e5ba48\"},\"headline\":\"Prefeitura de Maracaju realiza grande a\u00e7\u00e3o em alus\u00e3o ao Dia da Consci\u00eancia Negra.\",\"datePublished\":\"2023-11-21T12:28:48+00:00\",\"dateModified\":\"2023-11-21T12:28:50+00:00\",\"mainEntityOfPage\":{\"@id\":\"https:\\\/\\\/msconectado.com.br\\\/?p=20568\"},\"wordCount\":331,\"commentCount\":0,\"publisher\":{\"@id\":\"https:\\\/\\\/msconectado.com.br\\\/#organization\"},\"image\":{\"@id\":\"https:\\\/\\\/msconectado.com.br\\\/?p=20568#primaryimage\"},\"thumbnailUrl\":\"https:\\\/\\\/msconectado.com.br\\\/wp-content\\\/uploads\\\/2023\\\/11\\\/IMG_0110.jpg\",\"articleSection\":[\"Not\u00edcia\"],\"inLanguage\":\"pt-BR\",\"potentialAction\":[{\"@type\":\"CommentAction\",\"name\":\"Comment\",\"target\":[\"https:\\\/\\\/msconectado.com.br\\\/?p=20568#respond\"]}]},{\"@type\":\"WebPage\",\"@id\":\"https:\\\/\\\/msconectado.com.br\\\/?p=20568\",\"url\":\"https:\\\/\\\/msconectado.com.br\\\/?p=20568\",\"name\":\"Prefeitura de Maracaju realiza grande a\u00e7\u00e3o em alus\u00e3o ao Dia da Consci\u00eancia Negra. - MsConectado\",\"isPartOf\":{\"@id\":\"https:\\\/\\\/msconectado.com.br\\\/#website\"},\"primaryImageOfPage\":{\"@id\":\"https:\\\/\\\/msconectado.com.br\\\/?p=20568#primaryimage\"},\"image\":{\"@id\":\"https:\\\/\\\/msconectado.com.br\\\/?p=20568#primaryimage\"},\"thumbnailUrl\":\"https:\\\/\\\/msconectado.com.br\\\/wp-content\\\/uploads\\\/2023\\\/11\\\/IMG_0110.jpg\",\"datePublished\":\"2023-11-21T12:28:48+00:00\",\"dateModified\":\"2023-11-21T12:28:50+00:00\",\"breadcrumb\":{\"@id\":\"https:\\\/\\\/msconectado.com.br\\\/?p=20568#breadcrumb\"},\"inLanguage\":\"pt-BR\",\"potentialAction\":[{\"@type\":\"ReadAction\",\"target\":[\"https:\\\/\\\/msconectado.com.br\\\/?p=20568\"]}]},{\"@type\":\"ImageObject\",\"inLanguage\":\"pt-BR\",\"@id\":\"https:\\\/\\\/msconectado.com.br\\\/?p=20568#primaryimage\",\"url\":\"https:\\\/\\\/msconectado.com.br\\\/wp-content\\\/uploads\\\/2023\\\/11\\\/IMG_0110.jpg\",\"contentUrl\":\"https:\\\/\\\/msconectado.com.br\\\/wp-content\\\/uploads\\\/2023\\\/11\\\/IMG_0110.jpg\",\"width\":800,\"height\":533},{\"@type\":\"BreadcrumbList\",\"@id\":\"https:\\\/\\\/msconectado.com.br\\\/?p=20568#breadcrumb\",\"itemListElement\":[{\"@type\":\"ListItem\",\"position\":1,\"name\":\"In\u00edcio\",\"item\":\"https:\\\/\\\/msconectado.com.br\\\/\"},{\"@type\":\"ListItem\",\"position\":2,\"name\":\"Prefeitura de Maracaju realiza grande a\u00e7\u00e3o em alus\u00e3o ao Dia da Consci\u00eancia Negra.\"}]},{\"@type\":\"WebSite\",\"@id\":\"https:\\\/\\\/msconectado.com.br\\\/#website\",\"url\":\"https:\\\/\\\/msconectado.com.br\\\/\",\"name\":\"MsConectado\",\"description\":\"Voc\u00ea Conectado com a Not\u00edcia!\",\"publisher\":{\"@id\":\"https:\\\/\\\/msconectado.com.br\\\/#organization\"},\"potentialAction\":[{\"@type\":\"SearchAction\",\"target\":{\"@type\":\"EntryPoint\",\"urlTemplate\":\"https:\\\/\\\/msconectado.com.br\\\/?s={search_term_string}\"},\"query-input\":{\"@type\":\"PropertyValueSpecification\",\"valueRequired\":true,\"valueName\":\"search_term_string\"}}],\"inLanguage\":\"pt-BR\"},{\"@type\":\"Organization\",\"@id\":\"https:\\\/\\\/msconectado.com.br\\\/#organization\",\"name\":\"MsConectado\",\"url\":\"https:\\\/\\\/msconectado.com.br\\\/\",\"logo\":{\"@type\":\"ImageObject\",\"inLanguage\":\"pt-BR\",\"@id\":\"https:\\\/\\\/msconectado.com.br\\\/#\\\/schema\\\/logo\\\/image\\\/\",\"url\":\"https:\\\/\\\/msconectado.com.br\\\/wp-content\\\/uploads\\\/2023\\\/01\\\/cropped-noticia-2.png\",\"contentUrl\":\"https:\\\/\\\/msconectado.com.br\\\/wp-content\\\/uploads\\\/2023\\\/01\\\/cropped-noticia-2.png\",\"width\":720,\"height\":157,\"caption\":\"MsConectado\"},\"image\":{\"@id\":\"https:\\\/\\\/msconectado.com.br\\\/#\\\/schema\\\/logo\\\/image\\\/\"}},{\"@type\":\"Person\",\"@id\":\"https:\\\/\\\/msconectado.com.br\\\/#\\\/schema\\\/person\\\/feb123a95a93eebea36f0ed6a2e5ba48\",\"name\":\"Jeferson\",\"image\":{\"@type\":\"ImageObject\",\"inLanguage\":\"pt-BR\",\"@id\":\"https:\\\/\\\/secure.gravatar.com\\\/avatar\\\/e23e8901c88f0cdc0ad479ef7a39bf3e4c806344549c087c00b721a65549a328?s=96&d=mm&r=g\",\"url\":\"https:\\\/\\\/secure.gravatar.com\\\/avatar\\\/e23e8901c88f0cdc0ad479ef7a39bf3e4c806344549c087c00b721a65549a328?s=96&d=mm&r=g\",\"contentUrl\":\"https:\\\/\\\/secure.gravatar.com\\\/avatar\\\/e23e8901c88f0cdc0ad479ef7a39bf3e4c806344549c087c00b721a65549a328?s=96&d=mm&r=g\",\"caption\":\"Jeferson\"},\"url\":\"https:\\\/\\\/msconectado.com.br\\\/?author=3\"}]}<\/script>\n<!-- \/ Yoast SEO plugin. -->","yoast_head_json":{"title":"Prefeitura de Maracaju realiza grande a\u00e7\u00e3o em alus\u00e3o ao Dia da Consci\u00eancia Negra. - MsConectado","robots":{"index":"index","follow":"follow","max-snippet":"max-snippet:-1","max-image-preview":"max-image-preview:large","max-video-preview":"max-video-preview:-1"},"canonical":"https:\/\/msconectado.com.br\/?p=20568","og_locale":"pt_BR","og_type":"article","og_title":"Prefeitura de Maracaju realiza grande a\u00e7\u00e3o em alus\u00e3o ao Dia da Consci\u00eancia Negra. - MsConectado","og_description":"Evento ocorreu no Quilombo S\u00e3o Miguel, contando com diversas a\u00e7\u00f5es gratuitas e voltadas a sa\u00fade, estar e social dos moradores. No \u00faltimo s\u00e1bado, 18-11, a Prefeitura de Maracaju, por meio da Secretaria Municipal de Assist\u00eancia Social, em parceria com a Secretaria Municipal de Cultura, Secretaria Municipal de Sa\u00fade, Secretaria Municipal de Desenvolvimento&nbsp; Econ\u00f4mico e Meio [&hellip;]","og_url":"https:\/\/msconectado.com.br\/?p=20568","og_site_name":"MsConectado","article_published_time":"2023-11-21T12:28:48+00:00","article_modified_time":"2023-11-21T12:28:50+00:00","og_image":[{"width":800,"height":533,"url":"https:\/\/msconectado.com.br\/wp-content\/uploads\/2023\/11\/IMG_0110.jpg","type":"image\/jpeg"}],"author":"Jeferson","twitter_card":"summary_large_image","twitter_misc":{"Escrito por":"Jeferson","Est. tempo de leitura":"2 minutos"},"schema":{"@context":"https:\/\/schema.org","@graph":[{"@type":"Article","@id":"https:\/\/msconectado.com.br\/?p=20568#article","isPartOf":{"@id":"https:\/\/msconectado.com.br\/?p=20568"},"author":{"name":"Jeferson","@id":"https:\/\/msconectado.com.br\/#\/schema\/person\/feb123a95a93eebea36f0ed6a2e5ba48"},"headline":"Prefeitura de Maracaju realiza grande a\u00e7\u00e3o em alus\u00e3o ao Dia da Consci\u00eancia Negra.","datePublished":"2023-11-21T12:28:48+00:00","dateModified":"2023-11-21T12:28:50+00:00","mainEntityOfPage":{"@id":"https:\/\/msconectado.com.br\/?p=20568"},"wordCount":331,"commentCount":0,"publisher":{"@id":"https:\/\/msconectado.com.br\/#organization"},"image":{"@id":"https:\/\/msconectado.com.br\/?p=20568#primaryimage"},"thumbnailUrl":"https:\/\/msconectado.com.br\/wp-content\/uploads\/2023\/11\/IMG_0110.jpg","articleSection":["Not\u00edcia"],"inLanguage":"pt-BR","potentialAction":[{"@type":"CommentAction","name":"Comment","target":["https:\/\/msconectado.com.br\/?p=20568#respond"]}]},{"@type":"WebPage","@id":"https:\/\/msconectado.com.br\/?p=20568","url":"https:\/\/msconectado.com.br\/?p=20568","name":"Prefeitura de Maracaju realiza grande a\u00e7\u00e3o em alus\u00e3o ao Dia da Consci\u00eancia Negra. - MsConectado","isPartOf":{"@id":"https:\/\/msconectado.com.br\/#website"},"primaryImageOfPage":{"@id":"https:\/\/msconectado.com.br\/?p=20568#primaryimage"},"image":{"@id":"https:\/\/msconectado.com.br\/?p=20568#primaryimage"},"thumbnailUrl":"https:\/\/msconectado.com.br\/wp-content\/uploads\/2023\/11\/IMG_0110.jpg","datePublished":"2023-11-21T12:28:48+00:00","dateModified":"2023-11-21T12:28:50+00:00","breadcrumb":{"@id":"https:\/\/msconectado.com.br\/?p=20568#breadcrumb"},"inLanguage":"pt-BR","potentialAction":[{"@type":"ReadAction","target":["https:\/\/msconectado.com.br\/?p=20568"]}]},{"@type":"ImageObject","inLanguage":"pt-BR","@id":"https:\/\/msconectado.com.br\/?p=20568#primaryimage","url":"https:\/\/msconectado.com.br\/wp-content\/uploads\/2023\/11\/IMG_0110.jpg","contentUrl":"https:\/\/msconectado.com.br\/wp-content\/uploads\/2023\/11\/IMG_0110.jpg","width":800,"height":533},{"@type":"BreadcrumbList","@id":"https:\/\/msconectado.com.br\/?p=20568#breadcrumb","itemListElement":[{"@type":"ListItem","position":1,"name":"In\u00edcio","item":"https:\/\/msconectado.com.br\/"},{"@type":"ListItem","position":2,"name":"Prefeitura de Maracaju realiza grande a\u00e7\u00e3o em alus\u00e3o ao Dia da Consci\u00eancia Negra."}]},{"@type":"WebSite","@id":"https:\/\/msconectado.com.br\/#website","url":"https:\/\/msconectado.com.br\/","name":"MsConectado","description":"Voc\u00ea Conectado com a Not\u00edcia!","publisher":{"@id":"https:\/\/msconectado.com.br\/#organization"},"potentialAction":[{"@type":"SearchAction","target":{"@type":"EntryPoint","urlTemplate":"https:\/\/msconectado.com.br\/?s={search_term_string}"},"query-input":{"@type":"PropertyValueSpecification","valueRequired":true,"valueName":"search_term_string"}}],"inLanguage":"pt-BR"},{"@type":"Organization","@id":"https:\/\/msconectado.com.br\/#organization","name":"MsConectado","url":"https:\/\/msconectado.com.br\/","logo":{"@type":"ImageObject","inLanguage":"pt-BR","@id":"https:\/\/msconectado.com.br\/#\/schema\/logo\/image\/","url":"https:\/\/msconectado.com.br\/wp-content\/uploads\/2023\/01\/cropped-noticia-2.png","contentUrl":"https:\/\/msconectado.com.br\/wp-content\/uploads\/2023\/01\/cropped-noticia-2.png","width":720,"height":157,"caption":"MsConectado"},"image":{"@id":"https:\/\/msconectado.com.br\/#\/schema\/logo\/image\/"}},{"@type":"Person","@id":"https:\/\/msconectado.com.br\/#\/schema\/person\/feb123a95a93eebea36f0ed6a2e5ba48","name":"Jeferson","image":{"@type":"ImageObject","inLanguage":"pt-BR","@id":"https:\/\/secure.gravatar.com\/avatar\/e23e8901c88f0cdc0ad479ef7a39bf3e4c806344549c087c00b721a65549a328?s=96&d=mm&r=g","url":"https:\/\/secure.gravatar.com\/avatar\/e23e8901c88f0cdc0ad479ef7a39bf3e4c806344549c087c00b721a65549a328?s=96&d=mm&r=g","contentUrl":"https:\/\/secure.gravatar.com\/avatar\/e23e8901c88f0cdc0ad479ef7a39bf3e4c806344549c087c00b721a65549a328?s=96&d=mm&r=g","caption":"Jeferson"},"url":"https:\/\/msconectado.com.br\/?author=3"}]}},"_links":{"self":[{"href":"https:\/\/msconectado.com.br\/index.php?rest_route=\/wp\/v2\/posts\/20568","targetHints":{"allow":["GET"]}}],"collection":[{"href":"https:\/\/msconectado.com.br\/index.php?rest_route=\/wp\/v2\/posts"}],"about":[{"href":"https:\/\/msconectado.com.br\/index.php?rest_route=\/wp\/v2\/types\/post"}],"author":[{"embeddable":true,"href":"https:\/\/msconectado.com.br\/index.php?rest_route=\/wp\/v2\/users\/3"}],"replies":[{"embeddable":true,"href":"https:\/\/msconectado.com.br\/index.php?rest_route=%2Fwp%2Fv2%2Fcomments&post=20568"}],"version-history":[{"count":1,"href":"https:\/\/msconectado.com.br\/index.php?rest_route=\/wp\/v2\/posts\/20568\/revisions"}],"predecessor-version":[{"id":20570,"href":"https:\/\/msconectado.com.br\/index.php?rest_route=\/wp\/v2\/posts\/20568\/revisions\/20570"}],"wp:featuredmedia":[{"embeddable":true,"href":"https:\/\/msconectado.com.br\/index.php?rest_route=\/wp\/v2\/media\/20569"}],"wp:attachment":[{"href":"https:\/\/msconectado.com.br\/index.php?rest_route=%2Fwp%2Fv2%2Fmedia&parent=20568"}],"wp:term":[{"taxonomy":"category","embeddable":true,"href":"https:\/\/msconectado.com.br\/index.php?rest_route=%2Fwp%2Fv2%2Fcategories&post=20568"},{"taxonomy":"post_tag","embeddable":true,"href":"https:\/\/msconectado.com.br\/index.php?rest_route=%2Fwp%2Fv2%2Ftags&post=20568"}],"curies":[{"name":"wp","href":"https:\/\/api.w.org\/{rel}","templated":true}]}}