
{"id":20577,"date":"2023-11-23T00:19:43","date_gmt":"2023-11-23T00:19:43","guid":{"rendered":"https:\/\/msconectado.com.br\/?p=20577"},"modified":"2023-11-23T00:19:44","modified_gmt":"2023-11-23T00:19:44","slug":"caminhao-de-cargas-que-inaugura-rota-bioceanica-leva-carne-de-ms-ate-o-norte-do-chile","status":"publish","type":"post","link":"https:\/\/msconectado.com.br\/?p=20577","title":{"rendered":"Caminh\u00e3o de cargas que \u2018inaugura\u2019 Rota Bioce\u00e2nica leva carne de MS at\u00e9 o norte do Chile"},"content":{"rendered":"\n<p>O primeiro embarque oficial de mercadorias que ser\u00e3o transportadas pela Rota Bioce\u00e2nica aconteceu hoje (22) em Campo Grande. A a\u00e7\u00e3o in\u00e9dita e que inaugura o transporte pelo Corredor Bioce\u00e2nico, que vai ligar o Brasil aos portos do norte do Chile, foi feita pelo frigor\u00edfico da Friboi, empresa da JBS. O grupo est\u00e1 enviando 12 toneladas de carne congelada e desossada bovina em um caminh\u00e3o refrigerado.<\/p>\n\n\n\n<p>O embarque aconteceu na manh\u00e3 de hoje na unidade da f\u00e1brica na sa\u00edda para Sidrol\u00e2ndia e foi acompanhado pelo assessor de log\u00edstica da Semadesc (Secretaria de Estado de Meio Ambiente, Desenvolvimento, Ci\u00eancia, Tecnologia e Inova\u00e7\u00e3o) L\u00facio Lagemann, pelo gerente da JBS Campo Grande, Aloisio Mastelaro, e funcion\u00e1rios.<\/p>\n\n\n\n<p>\u201cTrata-se de um momento hist\u00f3rico com o primeiro embarque oficial de produtos pela Rota Bioce\u00e2nica. Estamos inaugurando hoje, oficialmente, o transporte de mercadorias pela Rota, enviando uma das principais comoditties da pauta de exporta\u00e7\u00f5es brasileira e sul-mato-grossense e com o selo de qualidade que \u00e9 a carne bovina produzida em Mato Grosso do Sul\u201d, comemorou o secret\u00e1rio Jaime Verruck, da Semadesc.<\/p>\n\n\n\n<p>A Friboi foi escolhida para representar in\u00fameras companhias brasileiras que ser\u00e3o beneficiadas pelo novo trajeto que ligar\u00e1 o Brasil ao Chile, passando por Paraguai e Argentina. O transporte acontece durante a terceira edi\u00e7\u00e3o da expedi\u00e7\u00e3o organizada pelo Setlog-MS (Sindicato das Empresas de Transporte) para promover a Rota.<\/p>\n\n\n\n<p>Na ocasi\u00e3o, ser\u00e3o verificadas as condi\u00e7\u00f5es para a imediata utiliza\u00e7\u00e3o da via e os avan\u00e7os na \u00e1rea de Aduanas e Autoridades Intervenientes de com\u00e9rcio exterior.<\/p>\n\n\n<div class=\"wp-block-image\">\n<figure class=\"aligncenter\"><a href=\"https:\/\/agenciadenoticias.ms.gov.br\/wp-content\/uploads\/2023\/11\/WhatsApp-Image-2023-11-22-at-15.45.54.jpeg\"><img decoding=\"async\" src=\"https:\/\/agenciadenoticias.ms.gov.br\/wp-content\/uploads\/2023\/11\/WhatsApp-Image-2023-11-22-at-15.45.54-1024x682.jpeg\" alt=\"\"\/><\/a><\/figure>\n<\/div>\n\n\n<p><\/p>\n\n\n\n<p>A carreta com carne bovina oriunda de Mato Grosso do Sul a far\u00e1 travessia de balsa pelo Rio Paraguai e passar\u00e1 por v\u00e1rias cidades argentinas at\u00e9 completar seu destino na cidade de Iquique, no norte do Chile.<\/p>\n\n\n\n<p>&#8220;Essa nova op\u00e7\u00e3o de rota pode diminuir o tempo de entrega aos nossos clientes chilenos, por exemplo, em at\u00e9 5 dias, agilizando o fluxo no transporte dos produtos&#8221;, diz Bruno Correa, da equipe de exporta\u00e7\u00e3o da Friboi. A previs\u00e3o de chegada a cidade de Iquique \u00e9 no dia 29 de novembro.<\/p>\n\n\n\n<p>Para o secret\u00e1rio estadual Jaime Verruck trata-se de um momento hist\u00f3rico com o primeiro embarque oficial de produtos pela Rota. &#8220;Estamos inaugurando hoje o transporte pela Rota, enviando uma das principais commodities da pauta de exporta\u00e7\u00f5es brasileira, e com o selo de qualidade que \u00e9 a carne bovina de Mato Grosso do Sul&#8221;, salienta.<\/p>\n\n\n\n<p><strong>Expedi\u00e7\u00e3o<\/strong><\/p>\n\n\n\n<p>Na sexta-feira (24), a III Expedi\u00e7\u00e3o da Rota Bioce\u00e2nica ou RILA (Rota de Integra\u00e7\u00e3o Latino-Americana) sair\u00e1 de Campo Grande com mais de 100 participantes, entre eles o titular da Semadesc, Jaime Verruck, autoridades, empres\u00e1rios e parceiros do megaprojeto.<\/p>\n\n\n\n<p>A sa\u00edda do comboio composto por 35 ve\u00edculos est\u00e1 prevista para ocorrer em frente ao Monumento Rila. A meta da comitiva \u00e9 atestar a viabilidade econ\u00f4mica da Rota Bioce\u00e2nica indicando aos participantes todo o processo aduaneiro, alfandeg\u00e1rio e de desembara\u00e7o que passam os produtos exportados.<\/p>\n\n\n<div class=\"wp-block-image\">\n<figure class=\"aligncenter\"><a href=\"https:\/\/agenciadenoticias.ms.gov.br\/wp-content\/uploads\/2023\/11\/WhatsApp-Image-2023-11-22-at-15.43.58.jpeg\"><img decoding=\"async\" src=\"https:\/\/agenciadenoticias.ms.gov.br\/wp-content\/uploads\/2023\/11\/WhatsApp-Image-2023-11-22-at-15.43.58-1024x682.jpeg\" alt=\"\"\/><\/a><\/figure>\n<\/div>\n\n\n<p>A Rota Bioce\u00e2nica criar\u00e1 importante conex\u00e3o vi\u00e1ria entre o Centro-Oeste brasileiro e o oceano Pac\u00edfico, tendo in\u00edcio em Mato Grosso do Sul e desembocando em Porto Murtinho. Dali, o trojeto cruza o territ\u00f3rio paraguaio por Carmelo Peralta, Mariscal Estigarribia e Pozo Hondo.<\/p>\n\n\n\n<p>Depois, a rota atravessa o territ\u00f3rio argentino passando pelas cidades de Misi\u00f3n La Paz, Tartagal, Jujuy e Salta, ingressando no Chile pelo Passo de Jama, at\u00e9 alcan\u00e7ar os portos de Antofagasta, Mejillones e Iquique.<\/p>\n\n\n\n<p>A nova rota percorrer\u00e1 os quatro pa\u00edses por um tra\u00e7ado de 3.320 quil\u00f4metros, encurtando a dist\u00e2ncia entre o Brasil e a \u00c1sia em 8 mil km (o equivalente a 15 dias). Atualmente, as rotas mar\u00edtimas passam pelo sul e leste africano e sudeste asi\u00e1tico, pelo Canal de Panam\u00e1 e pelo extremo sul da Am\u00e9rica do Sul, na chamada Terra do Fogo.<\/p>\n\n\n\n<p><em>Rosana Siqueira, Comunica\u00e7\u00e3o Semadesc<br><\/em><em>Fotos: Mairinco de Paula<\/em><\/p>\n","protected":false},"excerpt":{"rendered":"<p>O primeiro embarque oficial de mercadorias que ser\u00e3o transportadas pela Rota Bioce\u00e2nica aconteceu hoje (22) em Campo Grande. A a\u00e7\u00e3o in\u00e9dita e que inaugura o transporte pelo Corredor Bioce\u00e2nico, que vai ligar o Brasil aos portos do norte do Chile, foi feita pelo frigor\u00edfico da Friboi, empresa da JBS. O grupo est\u00e1 enviando 12 toneladas [&hellip;]<\/p>\n","protected":false},"author":2,"featured_media":20578,"comment_status":"open","ping_status":"closed","sticky":false,"template":"","format":"standard","meta":{"footnotes":""},"categories":[35,1],"tags":[],"class_list":["post-20577","post","type-post","status-publish","format-standard","has-post-thumbnail","hentry","category-cidades","category-noticia"],"yoast_head":"<!-- This site is optimized with the Yoast SEO plugin v27.5 - https:\/\/yoast.com\/product\/yoast-seo-wordpress\/ -->\n<title>Caminh\u00e3o de cargas que \u2018inaugura\u2019 Rota Bioce\u00e2nica leva carne de MS at\u00e9 o norte do Chile - MsConectado<\/title>\n<meta name=\"robots\" content=\"index, follow, max-snippet:-1, max-image-preview:large, max-video-preview:-1\" \/>\n<link rel=\"canonical\" href=\"https:\/\/msconectado.com.br\/?p=20577\" \/>\n<meta property=\"og:locale\" content=\"pt_BR\" \/>\n<meta property=\"og:type\" content=\"article\" \/>\n<meta property=\"og:title\" content=\"Caminh\u00e3o de cargas que \u2018inaugura\u2019 Rota Bioce\u00e2nica leva carne de MS at\u00e9 o norte do Chile - MsConectado\" \/>\n<meta property=\"og:description\" content=\"O primeiro embarque oficial de mercadorias que ser\u00e3o transportadas pela Rota Bioce\u00e2nica aconteceu hoje (22) em Campo Grande. A a\u00e7\u00e3o in\u00e9dita e que inaugura o transporte pelo Corredor Bioce\u00e2nico, que vai ligar o Brasil aos portos do norte do Chile, foi feita pelo frigor\u00edfico da Friboi, empresa da JBS. O grupo est\u00e1 enviando 12 toneladas [&hellip;]\" \/>\n<meta property=\"og:url\" content=\"https:\/\/msconectado.com.br\/?p=20577\" \/>\n<meta property=\"og:site_name\" content=\"MsConectado\" \/>\n<meta property=\"article:published_time\" content=\"2023-11-23T00:19:43+00:00\" \/>\n<meta property=\"article:modified_time\" content=\"2023-11-23T00:19:44+00:00\" \/>\n<meta property=\"og:image\" content=\"https:\/\/msconectado.com.br\/wp-content\/uploads\/2023\/11\/WhatsApp-Image-2023-11-22-at-15.46.11-730x480-1.jpeg\" \/>\n\t<meta property=\"og:image:width\" content=\"730\" \/>\n\t<meta property=\"og:image:height\" content=\"480\" \/>\n\t<meta property=\"og:image:type\" content=\"image\/jpeg\" \/>\n<meta name=\"author\" content=\"MsConectado\" \/>\n<meta name=\"twitter:card\" content=\"summary_large_image\" \/>\n<meta name=\"twitter:label1\" content=\"Escrito por\" \/>\n\t<meta name=\"twitter:data1\" content=\"MsConectado\" \/>\n\t<meta name=\"twitter:label2\" content=\"Est. tempo de leitura\" \/>\n\t<meta name=\"twitter:data2\" content=\"3 minutos\" \/>\n<script type=\"application\/ld+json\" class=\"yoast-schema-graph\">{\"@context\":\"https:\\\/\\\/schema.org\",\"@graph\":[{\"@type\":\"Article\",\"@id\":\"https:\\\/\\\/msconectado.com.br\\\/?p=20577#article\",\"isPartOf\":{\"@id\":\"https:\\\/\\\/msconectado.com.br\\\/?p=20577\"},\"author\":{\"name\":\"MsConectado\",\"@id\":\"https:\\\/\\\/msconectado.com.br\\\/#\\\/schema\\\/person\\\/e5585545b5687092f1041d350b6e2c16\"},\"headline\":\"Caminh\u00e3o de cargas que \u2018inaugura\u2019 Rota Bioce\u00e2nica leva carne de MS at\u00e9 o norte do Chile\",\"datePublished\":\"2023-11-23T00:19:43+00:00\",\"dateModified\":\"2023-11-23T00:19:44+00:00\",\"mainEntityOfPage\":{\"@id\":\"https:\\\/\\\/msconectado.com.br\\\/?p=20577\"},\"wordCount\":684,\"commentCount\":0,\"publisher\":{\"@id\":\"https:\\\/\\\/msconectado.com.br\\\/#organization\"},\"image\":{\"@id\":\"https:\\\/\\\/msconectado.com.br\\\/?p=20577#primaryimage\"},\"thumbnailUrl\":\"https:\\\/\\\/msconectado.com.br\\\/wp-content\\\/uploads\\\/2023\\\/11\\\/WhatsApp-Image-2023-11-22-at-15.46.11-730x480-1.jpeg\",\"articleSection\":[\"Cidades\",\"Not\u00edcia\"],\"inLanguage\":\"pt-BR\",\"potentialAction\":[{\"@type\":\"CommentAction\",\"name\":\"Comment\",\"target\":[\"https:\\\/\\\/msconectado.com.br\\\/?p=20577#respond\"]}]},{\"@type\":\"WebPage\",\"@id\":\"https:\\\/\\\/msconectado.com.br\\\/?p=20577\",\"url\":\"https:\\\/\\\/msconectado.com.br\\\/?p=20577\",\"name\":\"Caminh\u00e3o de cargas que \u2018inaugura\u2019 Rota Bioce\u00e2nica leva carne de MS at\u00e9 o norte do Chile - MsConectado\",\"isPartOf\":{\"@id\":\"https:\\\/\\\/msconectado.com.br\\\/#website\"},\"primaryImageOfPage\":{\"@id\":\"https:\\\/\\\/msconectado.com.br\\\/?p=20577#primaryimage\"},\"image\":{\"@id\":\"https:\\\/\\\/msconectado.com.br\\\/?p=20577#primaryimage\"},\"thumbnailUrl\":\"https:\\\/\\\/msconectado.com.br\\\/wp-content\\\/uploads\\\/2023\\\/11\\\/WhatsApp-Image-2023-11-22-at-15.46.11-730x480-1.jpeg\",\"datePublished\":\"2023-11-23T00:19:43+00:00\",\"dateModified\":\"2023-11-23T00:19:44+00:00\",\"breadcrumb\":{\"@id\":\"https:\\\/\\\/msconectado.com.br\\\/?p=20577#breadcrumb\"},\"inLanguage\":\"pt-BR\",\"potentialAction\":[{\"@type\":\"ReadAction\",\"target\":[\"https:\\\/\\\/msconectado.com.br\\\/?p=20577\"]}]},{\"@type\":\"ImageObject\",\"inLanguage\":\"pt-BR\",\"@id\":\"https:\\\/\\\/msconectado.com.br\\\/?p=20577#primaryimage\",\"url\":\"https:\\\/\\\/msconectado.com.br\\\/wp-content\\\/uploads\\\/2023\\\/11\\\/WhatsApp-Image-2023-11-22-at-15.46.11-730x480-1.jpeg\",\"contentUrl\":\"https:\\\/\\\/msconectado.com.br\\\/wp-content\\\/uploads\\\/2023\\\/11\\\/WhatsApp-Image-2023-11-22-at-15.46.11-730x480-1.jpeg\",\"width\":730,\"height\":480},{\"@type\":\"BreadcrumbList\",\"@id\":\"https:\\\/\\\/msconectado.com.br\\\/?p=20577#breadcrumb\",\"itemListElement\":[{\"@type\":\"ListItem\",\"position\":1,\"name\":\"In\u00edcio\",\"item\":\"https:\\\/\\\/msconectado.com.br\\\/\"},{\"@type\":\"ListItem\",\"position\":2,\"name\":\"Caminh\u00e3o de cargas que \u2018inaugura\u2019 Rota Bioce\u00e2nica leva carne de MS at\u00e9 o norte do Chile\"}]},{\"@type\":\"WebSite\",\"@id\":\"https:\\\/\\\/msconectado.com.br\\\/#website\",\"url\":\"https:\\\/\\\/msconectado.com.br\\\/\",\"name\":\"MsConectado\",\"description\":\"Voc\u00ea Conectado com a Not\u00edcia!\",\"publisher\":{\"@id\":\"https:\\\/\\\/msconectado.com.br\\\/#organization\"},\"potentialAction\":[{\"@type\":\"SearchAction\",\"target\":{\"@type\":\"EntryPoint\",\"urlTemplate\":\"https:\\\/\\\/msconectado.com.br\\\/?s={search_term_string}\"},\"query-input\":{\"@type\":\"PropertyValueSpecification\",\"valueRequired\":true,\"valueName\":\"search_term_string\"}}],\"inLanguage\":\"pt-BR\"},{\"@type\":\"Organization\",\"@id\":\"https:\\\/\\\/msconectado.com.br\\\/#organization\",\"name\":\"MsConectado\",\"url\":\"https:\\\/\\\/msconectado.com.br\\\/\",\"logo\":{\"@type\":\"ImageObject\",\"inLanguage\":\"pt-BR\",\"@id\":\"https:\\\/\\\/msconectado.com.br\\\/#\\\/schema\\\/logo\\\/image\\\/\",\"url\":\"https:\\\/\\\/msconectado.com.br\\\/wp-content\\\/uploads\\\/2023\\\/01\\\/cropped-noticia-2.png\",\"contentUrl\":\"https:\\\/\\\/msconectado.com.br\\\/wp-content\\\/uploads\\\/2023\\\/01\\\/cropped-noticia-2.png\",\"width\":720,\"height\":157,\"caption\":\"MsConectado\"},\"image\":{\"@id\":\"https:\\\/\\\/msconectado.com.br\\\/#\\\/schema\\\/logo\\\/image\\\/\"}},{\"@type\":\"Person\",\"@id\":\"https:\\\/\\\/msconectado.com.br\\\/#\\\/schema\\\/person\\\/e5585545b5687092f1041d350b6e2c16\",\"name\":\"MsConectado\",\"image\":{\"@type\":\"ImageObject\",\"inLanguage\":\"pt-BR\",\"@id\":\"https:\\\/\\\/secure.gravatar.com\\\/avatar\\\/3b4f84a0a8a4380ac4431fa79981d073692380c5da00ae97596e794ab0db5c8c?s=96&d=mm&r=g\",\"url\":\"https:\\\/\\\/secure.gravatar.com\\\/avatar\\\/3b4f84a0a8a4380ac4431fa79981d073692380c5da00ae97596e794ab0db5c8c?s=96&d=mm&r=g\",\"contentUrl\":\"https:\\\/\\\/secure.gravatar.com\\\/avatar\\\/3b4f84a0a8a4380ac4431fa79981d073692380c5da00ae97596e794ab0db5c8c?s=96&d=mm&r=g\",\"caption\":\"MsConectado\"},\"url\":\"https:\\\/\\\/msconectado.com.br\\\/?author=2\"}]}<\/script>\n<!-- \/ Yoast SEO plugin. -->","yoast_head_json":{"title":"Caminh\u00e3o de cargas que \u2018inaugura\u2019 Rota Bioce\u00e2nica leva carne de MS at\u00e9 o norte do Chile - MsConectado","robots":{"index":"index","follow":"follow","max-snippet":"max-snippet:-1","max-image-preview":"max-image-preview:large","max-video-preview":"max-video-preview:-1"},"canonical":"https:\/\/msconectado.com.br\/?p=20577","og_locale":"pt_BR","og_type":"article","og_title":"Caminh\u00e3o de cargas que \u2018inaugura\u2019 Rota Bioce\u00e2nica leva carne de MS at\u00e9 o norte do Chile - MsConectado","og_description":"O primeiro embarque oficial de mercadorias que ser\u00e3o transportadas pela Rota Bioce\u00e2nica aconteceu hoje (22) em Campo Grande. A a\u00e7\u00e3o in\u00e9dita e que inaugura o transporte pelo Corredor Bioce\u00e2nico, que vai ligar o Brasil aos portos do norte do Chile, foi feita pelo frigor\u00edfico da Friboi, empresa da JBS. O grupo est\u00e1 enviando 12 toneladas [&hellip;]","og_url":"https:\/\/msconectado.com.br\/?p=20577","og_site_name":"MsConectado","article_published_time":"2023-11-23T00:19:43+00:00","article_modified_time":"2023-11-23T00:19:44+00:00","og_image":[{"width":730,"height":480,"url":"https:\/\/msconectado.com.br\/wp-content\/uploads\/2023\/11\/WhatsApp-Image-2023-11-22-at-15.46.11-730x480-1.jpeg","type":"image\/jpeg"}],"author":"MsConectado","twitter_card":"summary_large_image","twitter_misc":{"Escrito por":"MsConectado","Est. tempo de leitura":"3 minutos"},"schema":{"@context":"https:\/\/schema.org","@graph":[{"@type":"Article","@id":"https:\/\/msconectado.com.br\/?p=20577#article","isPartOf":{"@id":"https:\/\/msconectado.com.br\/?p=20577"},"author":{"name":"MsConectado","@id":"https:\/\/msconectado.com.br\/#\/schema\/person\/e5585545b5687092f1041d350b6e2c16"},"headline":"Caminh\u00e3o de cargas que \u2018inaugura\u2019 Rota Bioce\u00e2nica leva carne de MS at\u00e9 o norte do Chile","datePublished":"2023-11-23T00:19:43+00:00","dateModified":"2023-11-23T00:19:44+00:00","mainEntityOfPage":{"@id":"https:\/\/msconectado.com.br\/?p=20577"},"wordCount":684,"commentCount":0,"publisher":{"@id":"https:\/\/msconectado.com.br\/#organization"},"image":{"@id":"https:\/\/msconectado.com.br\/?p=20577#primaryimage"},"thumbnailUrl":"https:\/\/msconectado.com.br\/wp-content\/uploads\/2023\/11\/WhatsApp-Image-2023-11-22-at-15.46.11-730x480-1.jpeg","articleSection":["Cidades","Not\u00edcia"],"inLanguage":"pt-BR","potentialAction":[{"@type":"CommentAction","name":"Comment","target":["https:\/\/msconectado.com.br\/?p=20577#respond"]}]},{"@type":"WebPage","@id":"https:\/\/msconectado.com.br\/?p=20577","url":"https:\/\/msconectado.com.br\/?p=20577","name":"Caminh\u00e3o de cargas que \u2018inaugura\u2019 Rota Bioce\u00e2nica leva carne de MS at\u00e9 o norte do Chile - MsConectado","isPartOf":{"@id":"https:\/\/msconectado.com.br\/#website"},"primaryImageOfPage":{"@id":"https:\/\/msconectado.com.br\/?p=20577#primaryimage"},"image":{"@id":"https:\/\/msconectado.com.br\/?p=20577#primaryimage"},"thumbnailUrl":"https:\/\/msconectado.com.br\/wp-content\/uploads\/2023\/11\/WhatsApp-Image-2023-11-22-at-15.46.11-730x480-1.jpeg","datePublished":"2023-11-23T00:19:43+00:00","dateModified":"2023-11-23T00:19:44+00:00","breadcrumb":{"@id":"https:\/\/msconectado.com.br\/?p=20577#breadcrumb"},"inLanguage":"pt-BR","potentialAction":[{"@type":"ReadAction","target":["https:\/\/msconectado.com.br\/?p=20577"]}]},{"@type":"ImageObject","inLanguage":"pt-BR","@id":"https:\/\/msconectado.com.br\/?p=20577#primaryimage","url":"https:\/\/msconectado.com.br\/wp-content\/uploads\/2023\/11\/WhatsApp-Image-2023-11-22-at-15.46.11-730x480-1.jpeg","contentUrl":"https:\/\/msconectado.com.br\/wp-content\/uploads\/2023\/11\/WhatsApp-Image-2023-11-22-at-15.46.11-730x480-1.jpeg","width":730,"height":480},{"@type":"BreadcrumbList","@id":"https:\/\/msconectado.com.br\/?p=20577#breadcrumb","itemListElement":[{"@type":"ListItem","position":1,"name":"In\u00edcio","item":"https:\/\/msconectado.com.br\/"},{"@type":"ListItem","position":2,"name":"Caminh\u00e3o de cargas que \u2018inaugura\u2019 Rota Bioce\u00e2nica leva carne de MS at\u00e9 o norte do Chile"}]},{"@type":"WebSite","@id":"https:\/\/msconectado.com.br\/#website","url":"https:\/\/msconectado.com.br\/","name":"MsConectado","description":"Voc\u00ea Conectado com a Not\u00edcia!","publisher":{"@id":"https:\/\/msconectado.com.br\/#organization"},"potentialAction":[{"@type":"SearchAction","target":{"@type":"EntryPoint","urlTemplate":"https:\/\/msconectado.com.br\/?s={search_term_string}"},"query-input":{"@type":"PropertyValueSpecification","valueRequired":true,"valueName":"search_term_string"}}],"inLanguage":"pt-BR"},{"@type":"Organization","@id":"https:\/\/msconectado.com.br\/#organization","name":"MsConectado","url":"https:\/\/msconectado.com.br\/","logo":{"@type":"ImageObject","inLanguage":"pt-BR","@id":"https:\/\/msconectado.com.br\/#\/schema\/logo\/image\/","url":"https:\/\/msconectado.com.br\/wp-content\/uploads\/2023\/01\/cropped-noticia-2.png","contentUrl":"https:\/\/msconectado.com.br\/wp-content\/uploads\/2023\/01\/cropped-noticia-2.png","width":720,"height":157,"caption":"MsConectado"},"image":{"@id":"https:\/\/msconectado.com.br\/#\/schema\/logo\/image\/"}},{"@type":"Person","@id":"https:\/\/msconectado.com.br\/#\/schema\/person\/e5585545b5687092f1041d350b6e2c16","name":"MsConectado","image":{"@type":"ImageObject","inLanguage":"pt-BR","@id":"https:\/\/secure.gravatar.com\/avatar\/3b4f84a0a8a4380ac4431fa79981d073692380c5da00ae97596e794ab0db5c8c?s=96&d=mm&r=g","url":"https:\/\/secure.gravatar.com\/avatar\/3b4f84a0a8a4380ac4431fa79981d073692380c5da00ae97596e794ab0db5c8c?s=96&d=mm&r=g","contentUrl":"https:\/\/secure.gravatar.com\/avatar\/3b4f84a0a8a4380ac4431fa79981d073692380c5da00ae97596e794ab0db5c8c?s=96&d=mm&r=g","caption":"MsConectado"},"url":"https:\/\/msconectado.com.br\/?author=2"}]}},"_links":{"self":[{"href":"https:\/\/msconectado.com.br\/index.php?rest_route=\/wp\/v2\/posts\/20577","targetHints":{"allow":["GET"]}}],"collection":[{"href":"https:\/\/msconectado.com.br\/index.php?rest_route=\/wp\/v2\/posts"}],"about":[{"href":"https:\/\/msconectado.com.br\/index.php?rest_route=\/wp\/v2\/types\/post"}],"author":[{"embeddable":true,"href":"https:\/\/msconectado.com.br\/index.php?rest_route=\/wp\/v2\/users\/2"}],"replies":[{"embeddable":true,"href":"https:\/\/msconectado.com.br\/index.php?rest_route=%2Fwp%2Fv2%2Fcomments&post=20577"}],"version-history":[{"count":1,"href":"https:\/\/msconectado.com.br\/index.php?rest_route=\/wp\/v2\/posts\/20577\/revisions"}],"predecessor-version":[{"id":20579,"href":"https:\/\/msconectado.com.br\/index.php?rest_route=\/wp\/v2\/posts\/20577\/revisions\/20579"}],"wp:featuredmedia":[{"embeddable":true,"href":"https:\/\/msconectado.com.br\/index.php?rest_route=\/wp\/v2\/media\/20578"}],"wp:attachment":[{"href":"https:\/\/msconectado.com.br\/index.php?rest_route=%2Fwp%2Fv2%2Fmedia&parent=20577"}],"wp:term":[{"taxonomy":"category","embeddable":true,"href":"https:\/\/msconectado.com.br\/index.php?rest_route=%2Fwp%2Fv2%2Fcategories&post=20577"},{"taxonomy":"post_tag","embeddable":true,"href":"https:\/\/msconectado.com.br\/index.php?rest_route=%2Fwp%2Fv2%2Ftags&post=20577"}],"curies":[{"name":"wp","href":"https:\/\/api.w.org\/{rel}","templated":true}]}}