
{"id":20580,"date":"2023-11-24T10:53:31","date_gmt":"2023-11-24T10:53:31","guid":{"rendered":"https:\/\/msconectado.com.br\/?p=20580"},"modified":"2023-11-24T10:53:33","modified_gmt":"2023-11-24T10:53:33","slug":"live-promovida-pelo-vereador-robert-ziemann-destaca-a-importancia-do-novembro-azul-na-conscientizacao-sobre-a-saude-do-homem","status":"publish","type":"post","link":"https:\/\/msconectado.com.br\/?p=20580","title":{"rendered":"Live promovida pelo Vereador Robert Ziemann destaca a import\u00e2ncia do Novembro Azul na conscientiza\u00e7\u00e3o sobre a sa\u00fade do homem"},"content":{"rendered":"\n<p>Nesta manh\u00e3, o vereador Robert Ziemann promoveu uma live enriquecedora sobre o Novembro Azul, m\u00eas dedicado \u00e0 conscientiza\u00e7\u00e3o sobre a sa\u00fade masculina. O evento virtual contou com a participa\u00e7\u00e3o do renomado urologista Dr. Milton Garcia Leal e do Enfermeiro Elson Barbosa, respons\u00e1vel pela sa\u00fade do homem em Maracaju.<br>O principal objetivo da live foi abordar quest\u00f5es relevantes que contribuem para a quebra de tabus e preconceitos relacionados \u00e0 sa\u00fade masculina. Durante a transmiss\u00e3o, os palestrantes discutiram diversos temas, enfatizando a import\u00e2ncia da preven\u00e7\u00e3o e dos cuidados espec\u00edficos que os homens devem ter em rela\u00e7\u00e3o \u00e0 sua sa\u00fade.<br>O vereador Ziemann destacou a relev\u00e2ncia de promover debates que incentivem a conscientiza\u00e7\u00e3o sobre a sa\u00fade do homem. \u201cO Novembro Azul \u00e9 uma oportunidade para destacarmos a import\u00e2ncia dos cuidados preventivos e para quebrarmos estigmas que muitas vezes impedem os homens de procurarem ajuda m\u00e9dica\u201d, afirmou.<br>O Dr. Milton, urologista conceituado na regi\u00e3o, compartilhou informa\u00e7\u00f5es valiosas sobre as principais doen\u00e7as que afetam a sa\u00fade masculina, como o c\u00e2ncer de pr\u00f3stata, alertando para a import\u00e2ncia do diagn\u00f3stico precoce. O enfermeiro Elso complementou a discuss\u00e3o, enfocando a necessidade de um acompanhamento regular da sa\u00fade do homem e ressaltando a import\u00e2ncia do autocuidado.<\/p>\n\n\n<div class=\"wp-block-image\">\n<figure class=\"aligncenter\"><img decoding=\"async\" src=\"https:\/\/robertziemann.com.br\/wp-content\/uploads\/2023\/11\/751a3760-6c6c-4d8e-9fcb-21f876a77780-450x338.jpg\" alt=\"\" class=\"wp-image-11190\"\/><\/figure>\n<\/div>\n\n\n<p><br>A live tamb\u00e9m proporcionou um espa\u00e7o interativo, permitindo que os espectadores enviassem perguntas e participassem ativamente da discuss\u00e3o. Esse formato din\u00e2mico contribuiu para a dissemina\u00e7\u00e3o de informa\u00e7\u00f5es e esclarecimento de d\u00favidas, fortalecendo o prop\u00f3sito da iniciativa.<br>O evento encerrou-se com uma mensagem de incentivo \u00e0 ado\u00e7\u00e3o de h\u00e1bitos saud\u00e1veis e \u00e0 conscientiza\u00e7\u00e3o sobre a import\u00e2ncia de se manter atento \u00e0 pr\u00f3pria sa\u00fade. A iniciativa do vereador Robert Ziemann, em parceria com profissionais de destaque na \u00e1rea da sa\u00fade, refor\u00e7a o compromisso em promover a\u00e7\u00f5es que impactem positivamente a comunidade, especialmente no que diz respeito \u00e0 sa\u00fade preventiva do p\u00fablico masculino.<\/p>\n\n\n\n<p>Assista na integra no link abaixo:<\/p>\n\n\n\n<figure class=\"wp-block-embed is-type-video is-provider-youtube wp-block-embed-youtube wp-embed-aspect-16-9 wp-has-aspect-ratio\"><div class=\"wp-block-embed__wrapper\">\n<iframe title=\"Live - Novembro Azul\" width=\"640\" height=\"360\" src=\"https:\/\/www.youtube.com\/embed\/RcaPnw_XV8M?start=490&#038;feature=oembed\" frameborder=\"0\" allow=\"accelerometer; autoplay; clipboard-write; encrypted-media; gyroscope; picture-in-picture; web-share\" referrerpolicy=\"strict-origin-when-cross-origin\" allowfullscreen><\/iframe>\n<\/div><\/figure>\n","protected":false},"excerpt":{"rendered":"<p>Nesta manh\u00e3, o vereador Robert Ziemann promoveu uma live enriquecedora sobre o Novembro Azul, m\u00eas dedicado \u00e0 conscientiza\u00e7\u00e3o sobre a sa\u00fade masculina. O evento virtual contou com a participa\u00e7\u00e3o do renomado urologista Dr. Milton Garcia Leal e do Enfermeiro Elson Barbosa, respons\u00e1vel pela sa\u00fade do homem em Maracaju.O principal objetivo da live foi abordar quest\u00f5es [&hellip;]<\/p>\n","protected":false},"author":2,"featured_media":20581,"comment_status":"open","ping_status":"closed","sticky":false,"template":"","format":"standard","meta":{"footnotes":""},"categories":[35,1],"tags":[],"class_list":["post-20580","post","type-post","status-publish","format-standard","has-post-thumbnail","hentry","category-cidades","category-noticia"],"yoast_head":"<!-- This site is optimized with the Yoast SEO plugin v27.5 - https:\/\/yoast.com\/product\/yoast-seo-wordpress\/ -->\n<title>Live promovida pelo Vereador Robert Ziemann destaca a import\u00e2ncia do Novembro Azul na conscientiza\u00e7\u00e3o sobre a sa\u00fade do homem - MsConectado<\/title>\n<meta name=\"robots\" content=\"index, follow, max-snippet:-1, max-image-preview:large, max-video-preview:-1\" \/>\n<link rel=\"canonical\" href=\"https:\/\/msconectado.com.br\/?p=20580\" \/>\n<meta property=\"og:locale\" content=\"pt_BR\" \/>\n<meta property=\"og:type\" content=\"article\" \/>\n<meta property=\"og:title\" content=\"Live promovida pelo Vereador Robert Ziemann destaca a import\u00e2ncia do Novembro Azul na conscientiza\u00e7\u00e3o sobre a sa\u00fade do homem - MsConectado\" \/>\n<meta property=\"og:description\" content=\"Nesta manh\u00e3, o vereador Robert Ziemann promoveu uma live enriquecedora sobre o Novembro Azul, m\u00eas dedicado \u00e0 conscientiza\u00e7\u00e3o sobre a sa\u00fade masculina. O evento virtual contou com a participa\u00e7\u00e3o do renomado urologista Dr. Milton Garcia Leal e do Enfermeiro Elson Barbosa, respons\u00e1vel pela sa\u00fade do homem em Maracaju.O principal objetivo da live foi abordar quest\u00f5es [&hellip;]\" \/>\n<meta property=\"og:url\" content=\"https:\/\/msconectado.com.br\/?p=20580\" \/>\n<meta property=\"og:site_name\" content=\"MsConectado\" \/>\n<meta property=\"article:published_time\" content=\"2023-11-24T10:53:31+00:00\" \/>\n<meta property=\"article:modified_time\" content=\"2023-11-24T10:53:33+00:00\" \/>\n<meta property=\"og:image\" content=\"https:\/\/msconectado.com.br\/wp-content\/uploads\/2023\/11\/pod.jpg\" \/>\n\t<meta property=\"og:image:width\" content=\"1080\" \/>\n\t<meta property=\"og:image:height\" content=\"810\" \/>\n\t<meta property=\"og:image:type\" content=\"image\/jpeg\" \/>\n<meta name=\"author\" content=\"MsConectado\" \/>\n<meta name=\"twitter:card\" content=\"summary_large_image\" \/>\n<meta name=\"twitter:label1\" content=\"Escrito por\" \/>\n\t<meta name=\"twitter:data1\" content=\"MsConectado\" \/>\n\t<meta name=\"twitter:label2\" content=\"Est. tempo de leitura\" \/>\n\t<meta name=\"twitter:data2\" content=\"2 minutos\" \/>\n<script type=\"application\/ld+json\" class=\"yoast-schema-graph\">{\"@context\":\"https:\\\/\\\/schema.org\",\"@graph\":[{\"@type\":\"Article\",\"@id\":\"https:\\\/\\\/msconectado.com.br\\\/?p=20580#article\",\"isPartOf\":{\"@id\":\"https:\\\/\\\/msconectado.com.br\\\/?p=20580\"},\"author\":{\"name\":\"MsConectado\",\"@id\":\"https:\\\/\\\/msconectado.com.br\\\/#\\\/schema\\\/person\\\/e5585545b5687092f1041d350b6e2c16\"},\"headline\":\"Live promovida pelo Vereador Robert Ziemann destaca a import\u00e2ncia do Novembro Azul na conscientiza\u00e7\u00e3o sobre a sa\u00fade do homem\",\"datePublished\":\"2023-11-24T10:53:31+00:00\",\"dateModified\":\"2023-11-24T10:53:33+00:00\",\"mainEntityOfPage\":{\"@id\":\"https:\\\/\\\/msconectado.com.br\\\/?p=20580\"},\"wordCount\":379,\"commentCount\":0,\"publisher\":{\"@id\":\"https:\\\/\\\/msconectado.com.br\\\/#organization\"},\"image\":{\"@id\":\"https:\\\/\\\/msconectado.com.br\\\/?p=20580#primaryimage\"},\"thumbnailUrl\":\"https:\\\/\\\/msconectado.com.br\\\/wp-content\\\/uploads\\\/2023\\\/11\\\/pod.jpg\",\"articleSection\":[\"Cidades\",\"Not\u00edcia\"],\"inLanguage\":\"pt-BR\",\"potentialAction\":[{\"@type\":\"CommentAction\",\"name\":\"Comment\",\"target\":[\"https:\\\/\\\/msconectado.com.br\\\/?p=20580#respond\"]}]},{\"@type\":\"WebPage\",\"@id\":\"https:\\\/\\\/msconectado.com.br\\\/?p=20580\",\"url\":\"https:\\\/\\\/msconectado.com.br\\\/?p=20580\",\"name\":\"Live promovida pelo Vereador Robert Ziemann destaca a import\u00e2ncia do Novembro Azul na conscientiza\u00e7\u00e3o sobre a sa\u00fade do homem - MsConectado\",\"isPartOf\":{\"@id\":\"https:\\\/\\\/msconectado.com.br\\\/#website\"},\"primaryImageOfPage\":{\"@id\":\"https:\\\/\\\/msconectado.com.br\\\/?p=20580#primaryimage\"},\"image\":{\"@id\":\"https:\\\/\\\/msconectado.com.br\\\/?p=20580#primaryimage\"},\"thumbnailUrl\":\"https:\\\/\\\/msconectado.com.br\\\/wp-content\\\/uploads\\\/2023\\\/11\\\/pod.jpg\",\"datePublished\":\"2023-11-24T10:53:31+00:00\",\"dateModified\":\"2023-11-24T10:53:33+00:00\",\"breadcrumb\":{\"@id\":\"https:\\\/\\\/msconectado.com.br\\\/?p=20580#breadcrumb\"},\"inLanguage\":\"pt-BR\",\"potentialAction\":[{\"@type\":\"ReadAction\",\"target\":[\"https:\\\/\\\/msconectado.com.br\\\/?p=20580\"]}]},{\"@type\":\"ImageObject\",\"inLanguage\":\"pt-BR\",\"@id\":\"https:\\\/\\\/msconectado.com.br\\\/?p=20580#primaryimage\",\"url\":\"https:\\\/\\\/msconectado.com.br\\\/wp-content\\\/uploads\\\/2023\\\/11\\\/pod.jpg\",\"contentUrl\":\"https:\\\/\\\/msconectado.com.br\\\/wp-content\\\/uploads\\\/2023\\\/11\\\/pod.jpg\",\"width\":1080,\"height\":810},{\"@type\":\"BreadcrumbList\",\"@id\":\"https:\\\/\\\/msconectado.com.br\\\/?p=20580#breadcrumb\",\"itemListElement\":[{\"@type\":\"ListItem\",\"position\":1,\"name\":\"In\u00edcio\",\"item\":\"https:\\\/\\\/msconectado.com.br\\\/\"},{\"@type\":\"ListItem\",\"position\":2,\"name\":\"Live promovida pelo Vereador Robert Ziemann destaca a import\u00e2ncia do Novembro Azul na conscientiza\u00e7\u00e3o sobre a sa\u00fade do homem\"}]},{\"@type\":\"WebSite\",\"@id\":\"https:\\\/\\\/msconectado.com.br\\\/#website\",\"url\":\"https:\\\/\\\/msconectado.com.br\\\/\",\"name\":\"MsConectado\",\"description\":\"Voc\u00ea Conectado com a Not\u00edcia!\",\"publisher\":{\"@id\":\"https:\\\/\\\/msconectado.com.br\\\/#organization\"},\"potentialAction\":[{\"@type\":\"SearchAction\",\"target\":{\"@type\":\"EntryPoint\",\"urlTemplate\":\"https:\\\/\\\/msconectado.com.br\\\/?s={search_term_string}\"},\"query-input\":{\"@type\":\"PropertyValueSpecification\",\"valueRequired\":true,\"valueName\":\"search_term_string\"}}],\"inLanguage\":\"pt-BR\"},{\"@type\":\"Organization\",\"@id\":\"https:\\\/\\\/msconectado.com.br\\\/#organization\",\"name\":\"MsConectado\",\"url\":\"https:\\\/\\\/msconectado.com.br\\\/\",\"logo\":{\"@type\":\"ImageObject\",\"inLanguage\":\"pt-BR\",\"@id\":\"https:\\\/\\\/msconectado.com.br\\\/#\\\/schema\\\/logo\\\/image\\\/\",\"url\":\"https:\\\/\\\/msconectado.com.br\\\/wp-content\\\/uploads\\\/2023\\\/01\\\/cropped-noticia-2.png\",\"contentUrl\":\"https:\\\/\\\/msconectado.com.br\\\/wp-content\\\/uploads\\\/2023\\\/01\\\/cropped-noticia-2.png\",\"width\":720,\"height\":157,\"caption\":\"MsConectado\"},\"image\":{\"@id\":\"https:\\\/\\\/msconectado.com.br\\\/#\\\/schema\\\/logo\\\/image\\\/\"}},{\"@type\":\"Person\",\"@id\":\"https:\\\/\\\/msconectado.com.br\\\/#\\\/schema\\\/person\\\/e5585545b5687092f1041d350b6e2c16\",\"name\":\"MsConectado\",\"image\":{\"@type\":\"ImageObject\",\"inLanguage\":\"pt-BR\",\"@id\":\"https:\\\/\\\/secure.gravatar.com\\\/avatar\\\/3b4f84a0a8a4380ac4431fa79981d073692380c5da00ae97596e794ab0db5c8c?s=96&d=mm&r=g\",\"url\":\"https:\\\/\\\/secure.gravatar.com\\\/avatar\\\/3b4f84a0a8a4380ac4431fa79981d073692380c5da00ae97596e794ab0db5c8c?s=96&d=mm&r=g\",\"contentUrl\":\"https:\\\/\\\/secure.gravatar.com\\\/avatar\\\/3b4f84a0a8a4380ac4431fa79981d073692380c5da00ae97596e794ab0db5c8c?s=96&d=mm&r=g\",\"caption\":\"MsConectado\"},\"url\":\"https:\\\/\\\/msconectado.com.br\\\/?author=2\"}]}<\/script>\n<!-- \/ Yoast SEO plugin. -->","yoast_head_json":{"title":"Live promovida pelo Vereador Robert Ziemann destaca a import\u00e2ncia do Novembro Azul na conscientiza\u00e7\u00e3o sobre a sa\u00fade do homem - MsConectado","robots":{"index":"index","follow":"follow","max-snippet":"max-snippet:-1","max-image-preview":"max-image-preview:large","max-video-preview":"max-video-preview:-1"},"canonical":"https:\/\/msconectado.com.br\/?p=20580","og_locale":"pt_BR","og_type":"article","og_title":"Live promovida pelo Vereador Robert Ziemann destaca a import\u00e2ncia do Novembro Azul na conscientiza\u00e7\u00e3o sobre a sa\u00fade do homem - MsConectado","og_description":"Nesta manh\u00e3, o vereador Robert Ziemann promoveu uma live enriquecedora sobre o Novembro Azul, m\u00eas dedicado \u00e0 conscientiza\u00e7\u00e3o sobre a sa\u00fade masculina. O evento virtual contou com a participa\u00e7\u00e3o do renomado urologista Dr. Milton Garcia Leal e do Enfermeiro Elson Barbosa, respons\u00e1vel pela sa\u00fade do homem em Maracaju.O principal objetivo da live foi abordar quest\u00f5es [&hellip;]","og_url":"https:\/\/msconectado.com.br\/?p=20580","og_site_name":"MsConectado","article_published_time":"2023-11-24T10:53:31+00:00","article_modified_time":"2023-11-24T10:53:33+00:00","og_image":[{"width":1080,"height":810,"url":"https:\/\/msconectado.com.br\/wp-content\/uploads\/2023\/11\/pod.jpg","type":"image\/jpeg"}],"author":"MsConectado","twitter_card":"summary_large_image","twitter_misc":{"Escrito por":"MsConectado","Est. tempo de leitura":"2 minutos"},"schema":{"@context":"https:\/\/schema.org","@graph":[{"@type":"Article","@id":"https:\/\/msconectado.com.br\/?p=20580#article","isPartOf":{"@id":"https:\/\/msconectado.com.br\/?p=20580"},"author":{"name":"MsConectado","@id":"https:\/\/msconectado.com.br\/#\/schema\/person\/e5585545b5687092f1041d350b6e2c16"},"headline":"Live promovida pelo Vereador Robert Ziemann destaca a import\u00e2ncia do Novembro Azul na conscientiza\u00e7\u00e3o sobre a sa\u00fade do homem","datePublished":"2023-11-24T10:53:31+00:00","dateModified":"2023-11-24T10:53:33+00:00","mainEntityOfPage":{"@id":"https:\/\/msconectado.com.br\/?p=20580"},"wordCount":379,"commentCount":0,"publisher":{"@id":"https:\/\/msconectado.com.br\/#organization"},"image":{"@id":"https:\/\/msconectado.com.br\/?p=20580#primaryimage"},"thumbnailUrl":"https:\/\/msconectado.com.br\/wp-content\/uploads\/2023\/11\/pod.jpg","articleSection":["Cidades","Not\u00edcia"],"inLanguage":"pt-BR","potentialAction":[{"@type":"CommentAction","name":"Comment","target":["https:\/\/msconectado.com.br\/?p=20580#respond"]}]},{"@type":"WebPage","@id":"https:\/\/msconectado.com.br\/?p=20580","url":"https:\/\/msconectado.com.br\/?p=20580","name":"Live promovida pelo Vereador Robert Ziemann destaca a import\u00e2ncia do Novembro Azul na conscientiza\u00e7\u00e3o sobre a sa\u00fade do homem - MsConectado","isPartOf":{"@id":"https:\/\/msconectado.com.br\/#website"},"primaryImageOfPage":{"@id":"https:\/\/msconectado.com.br\/?p=20580#primaryimage"},"image":{"@id":"https:\/\/msconectado.com.br\/?p=20580#primaryimage"},"thumbnailUrl":"https:\/\/msconectado.com.br\/wp-content\/uploads\/2023\/11\/pod.jpg","datePublished":"2023-11-24T10:53:31+00:00","dateModified":"2023-11-24T10:53:33+00:00","breadcrumb":{"@id":"https:\/\/msconectado.com.br\/?p=20580#breadcrumb"},"inLanguage":"pt-BR","potentialAction":[{"@type":"ReadAction","target":["https:\/\/msconectado.com.br\/?p=20580"]}]},{"@type":"ImageObject","inLanguage":"pt-BR","@id":"https:\/\/msconectado.com.br\/?p=20580#primaryimage","url":"https:\/\/msconectado.com.br\/wp-content\/uploads\/2023\/11\/pod.jpg","contentUrl":"https:\/\/msconectado.com.br\/wp-content\/uploads\/2023\/11\/pod.jpg","width":1080,"height":810},{"@type":"BreadcrumbList","@id":"https:\/\/msconectado.com.br\/?p=20580#breadcrumb","itemListElement":[{"@type":"ListItem","position":1,"name":"In\u00edcio","item":"https:\/\/msconectado.com.br\/"},{"@type":"ListItem","position":2,"name":"Live promovida pelo Vereador Robert Ziemann destaca a import\u00e2ncia do Novembro Azul na conscientiza\u00e7\u00e3o sobre a sa\u00fade do homem"}]},{"@type":"WebSite","@id":"https:\/\/msconectado.com.br\/#website","url":"https:\/\/msconectado.com.br\/","name":"MsConectado","description":"Voc\u00ea Conectado com a Not\u00edcia!","publisher":{"@id":"https:\/\/msconectado.com.br\/#organization"},"potentialAction":[{"@type":"SearchAction","target":{"@type":"EntryPoint","urlTemplate":"https:\/\/msconectado.com.br\/?s={search_term_string}"},"query-input":{"@type":"PropertyValueSpecification","valueRequired":true,"valueName":"search_term_string"}}],"inLanguage":"pt-BR"},{"@type":"Organization","@id":"https:\/\/msconectado.com.br\/#organization","name":"MsConectado","url":"https:\/\/msconectado.com.br\/","logo":{"@type":"ImageObject","inLanguage":"pt-BR","@id":"https:\/\/msconectado.com.br\/#\/schema\/logo\/image\/","url":"https:\/\/msconectado.com.br\/wp-content\/uploads\/2023\/01\/cropped-noticia-2.png","contentUrl":"https:\/\/msconectado.com.br\/wp-content\/uploads\/2023\/01\/cropped-noticia-2.png","width":720,"height":157,"caption":"MsConectado"},"image":{"@id":"https:\/\/msconectado.com.br\/#\/schema\/logo\/image\/"}},{"@type":"Person","@id":"https:\/\/msconectado.com.br\/#\/schema\/person\/e5585545b5687092f1041d350b6e2c16","name":"MsConectado","image":{"@type":"ImageObject","inLanguage":"pt-BR","@id":"https:\/\/secure.gravatar.com\/avatar\/3b4f84a0a8a4380ac4431fa79981d073692380c5da00ae97596e794ab0db5c8c?s=96&d=mm&r=g","url":"https:\/\/secure.gravatar.com\/avatar\/3b4f84a0a8a4380ac4431fa79981d073692380c5da00ae97596e794ab0db5c8c?s=96&d=mm&r=g","contentUrl":"https:\/\/secure.gravatar.com\/avatar\/3b4f84a0a8a4380ac4431fa79981d073692380c5da00ae97596e794ab0db5c8c?s=96&d=mm&r=g","caption":"MsConectado"},"url":"https:\/\/msconectado.com.br\/?author=2"}]}},"_links":{"self":[{"href":"https:\/\/msconectado.com.br\/index.php?rest_route=\/wp\/v2\/posts\/20580","targetHints":{"allow":["GET"]}}],"collection":[{"href":"https:\/\/msconectado.com.br\/index.php?rest_route=\/wp\/v2\/posts"}],"about":[{"href":"https:\/\/msconectado.com.br\/index.php?rest_route=\/wp\/v2\/types\/post"}],"author":[{"embeddable":true,"href":"https:\/\/msconectado.com.br\/index.php?rest_route=\/wp\/v2\/users\/2"}],"replies":[{"embeddable":true,"href":"https:\/\/msconectado.com.br\/index.php?rest_route=%2Fwp%2Fv2%2Fcomments&post=20580"}],"version-history":[{"count":1,"href":"https:\/\/msconectado.com.br\/index.php?rest_route=\/wp\/v2\/posts\/20580\/revisions"}],"predecessor-version":[{"id":20582,"href":"https:\/\/msconectado.com.br\/index.php?rest_route=\/wp\/v2\/posts\/20580\/revisions\/20582"}],"wp:featuredmedia":[{"embeddable":true,"href":"https:\/\/msconectado.com.br\/index.php?rest_route=\/wp\/v2\/media\/20581"}],"wp:attachment":[{"href":"https:\/\/msconectado.com.br\/index.php?rest_route=%2Fwp%2Fv2%2Fmedia&parent=20580"}],"wp:term":[{"taxonomy":"category","embeddable":true,"href":"https:\/\/msconectado.com.br\/index.php?rest_route=%2Fwp%2Fv2%2Fcategories&post=20580"},{"taxonomy":"post_tag","embeddable":true,"href":"https:\/\/msconectado.com.br\/index.php?rest_route=%2Fwp%2Fv2%2Ftags&post=20580"}],"curies":[{"name":"wp","href":"https:\/\/api.w.org\/{rel}","templated":true}]}}