
{"id":20583,"date":"2023-11-24T11:12:21","date_gmt":"2023-11-24T11:12:21","guid":{"rendered":"https:\/\/msconectado.com.br\/?p=20583"},"modified":"2023-11-24T11:12:23","modified_gmt":"2023-11-24T11:12:23","slug":"presidente-da-camara-municipal-de-rio-brilhante-e-agraciado-com-o-premio-gold-em-reconhecimento-a-sua-atuacao","status":"publish","type":"post","link":"https:\/\/msconectado.com.br\/?p=20583","title":{"rendered":"Presidente da C\u00e2mara Municipal de Rio Brilhante \u00e9 agraciado com o Pr\u00eamio Gold em reconhecimento \u00e0 sua atua\u00e7\u00e3o."},"content":{"rendered":"\n<p><em>Paulo Cesar Alves recebe homenagem durante o Semin\u00e1rio Estadual de Vereadores e Servidores 2023<\/em><\/p>\n\n\n\n<p>No \u00faltimo Semin\u00e1rio Estadual de Vereadores e Servidores, realizado na \u00faltima quinta-feira (23), com o tema &#8220;A import\u00e2ncia cont\u00ednua da independ\u00eancia dos poderes na governan\u00e7a democr\u00e1tica&#8221;, o presidente da C\u00e2mara Municipal de Rio Brilhante, Paulo Cesar Alves PC, foi agraciado com o prestigioso Pr\u00eamio Gold 2023. A honraria foi entregue pela Uni\u00e3o das C\u00e2maras e contou com a presen\u00e7a ilustre do Presidente do Tribunal de Contas, Gerson Domingos.<\/p>\n\n\n\n<p>O Pr\u00eamio Gold destaca personalidades que se destacam pelo comprometimento e efici\u00eancia em suas respectivas fun\u00e7\u00f5es no \u00e2mbito legislativo. No caso de Paulo Cesar Alves, o reconhecimento veio como resultado de sua dedica\u00e7\u00e3o na condu\u00e7\u00e3o dos trabalhos legislativos em Rio Brilhante.<\/p>\n\n\n\n<p>Durante a cerim\u00f4nia de entrega, o Presidente do Tribunal de Contas, Gerson Domingos, enalteceu a postura e a contribui\u00e7\u00e3o significativa de Paulo Cesar Alves para o fortalecimento da governan\u00e7a democr\u00e1tica. Domingos ressaltou a import\u00e2ncia da independ\u00eancia dos poderes e como o presidente da C\u00e2mara tem desempenhado um papel fundamental nesse contexto.<\/p>\n\n\n\n<p>Em sua fala de agradecimento, Paulo Cesar Alves expressou sua gratid\u00e3o pela honra recebida e reafirmou seu compromisso com a transpar\u00eancia, \u00e9tica e efici\u00eancia na gest\u00e3o p\u00fablica. Ele destacou a import\u00e2ncia do trabalho conjunto entre os poderes para o desenvolvimento e bem-estar da comunidade.<\/p>\n\n\n\n<p>O Pr\u00eamio Gold, al\u00e9m de reconhecer a dedica\u00e7\u00e3o individual, destaca a import\u00e2ncia do papel das c\u00e2maras municipais na constru\u00e7\u00e3o de uma sociedade mais justa e democr\u00e1tica. A premia\u00e7\u00e3o tamb\u00e9m serve como est\u00edmulo para que outros gestores p\u00fablicos sigam o exemplo de comprometimento e efici\u00eancia no exerc\u00edcio de suas fun\u00e7\u00f5es.<\/p>\n\n\n\n<p>O evento foi marcado n\u00e3o apenas pela celebra\u00e7\u00e3o das conquistas individuais, mas tamb\u00e9m pela reflex\u00e3o sobre o papel fundamental das institui\u00e7\u00f5es democr\u00e1ticas na constru\u00e7\u00e3o de um ambiente pol\u00edtico saud\u00e1vel e participativo.<\/p>\n\n\n\n<p>O reconhecimento conferido a Paulo Cesar Alves refor\u00e7a a relev\u00e2ncia do trabalho realizado na C\u00e2mara Municipal de Rio Brilhante e destaca o munic\u00edpio como um exemplo de boas pr\u00e1ticas na gest\u00e3o legislativa.<\/p>\n\n\n\n<p>Reda\u00e7\u00e3o<\/p>\n","protected":false},"excerpt":{"rendered":"<p>Paulo Cesar Alves recebe homenagem durante o Semin\u00e1rio Estadual de Vereadores e Servidores 2023 No \u00faltimo Semin\u00e1rio Estadual de Vereadores e Servidores, realizado na \u00faltima quinta-feira (23), com o tema &#8220;A import\u00e2ncia cont\u00ednua da independ\u00eancia dos poderes na governan\u00e7a democr\u00e1tica&#8221;, o presidente da C\u00e2mara Municipal de Rio Brilhante, Paulo Cesar Alves PC, foi agraciado com [&hellip;]<\/p>\n","protected":false},"author":3,"featured_media":20584,"comment_status":"open","ping_status":"closed","sticky":false,"template":"","format":"standard","meta":{"footnotes":""},"categories":[35,1,33],"tags":[],"class_list":["post-20583","post","type-post","status-publish","format-standard","has-post-thumbnail","hentry","category-cidades","category-noticia","category-politica"],"yoast_head":"<!-- This site is optimized with the Yoast SEO plugin v27.5 - https:\/\/yoast.com\/product\/yoast-seo-wordpress\/ -->\n<title>Presidente da C\u00e2mara Municipal de Rio Brilhante \u00e9 agraciado com o Pr\u00eamio Gold em reconhecimento \u00e0 sua atua\u00e7\u00e3o. - MsConectado<\/title>\n<meta name=\"robots\" content=\"index, follow, max-snippet:-1, max-image-preview:large, max-video-preview:-1\" \/>\n<link rel=\"canonical\" href=\"https:\/\/msconectado.com.br\/?p=20583\" \/>\n<meta property=\"og:locale\" content=\"pt_BR\" \/>\n<meta property=\"og:type\" content=\"article\" \/>\n<meta property=\"og:title\" content=\"Presidente da C\u00e2mara Municipal de Rio Brilhante \u00e9 agraciado com o Pr\u00eamio Gold em reconhecimento \u00e0 sua atua\u00e7\u00e3o. - MsConectado\" \/>\n<meta property=\"og:description\" content=\"Paulo Cesar Alves recebe homenagem durante o Semin\u00e1rio Estadual de Vereadores e Servidores 2023 No \u00faltimo Semin\u00e1rio Estadual de Vereadores e Servidores, realizado na \u00faltima quinta-feira (23), com o tema &#8220;A import\u00e2ncia cont\u00ednua da independ\u00eancia dos poderes na governan\u00e7a democr\u00e1tica&#8221;, o presidente da C\u00e2mara Municipal de Rio Brilhante, Paulo Cesar Alves PC, foi agraciado com [&hellip;]\" \/>\n<meta property=\"og:url\" content=\"https:\/\/msconectado.com.br\/?p=20583\" \/>\n<meta property=\"og:site_name\" content=\"MsConectado\" \/>\n<meta property=\"article:published_time\" content=\"2023-11-24T11:12:21+00:00\" \/>\n<meta property=\"article:modified_time\" content=\"2023-11-24T11:12:23+00:00\" \/>\n<meta property=\"og:image\" content=\"https:\/\/msconectado.com.br\/wp-content\/uploads\/2023\/11\/dcc07f91-b700-4e6a-a367-5f059a96a06f.jpg\" \/>\n\t<meta property=\"og:image:width\" content=\"1280\" \/>\n\t<meta property=\"og:image:height\" content=\"854\" \/>\n\t<meta property=\"og:image:type\" content=\"image\/jpeg\" \/>\n<meta name=\"author\" content=\"Jeferson\" \/>\n<meta name=\"twitter:card\" content=\"summary_large_image\" \/>\n<meta name=\"twitter:label1\" content=\"Escrito por\" \/>\n\t<meta name=\"twitter:data1\" content=\"Jeferson\" \/>\n\t<meta name=\"twitter:label2\" content=\"Est. tempo de leitura\" \/>\n\t<meta name=\"twitter:data2\" content=\"2 minutos\" \/>\n<script type=\"application\/ld+json\" class=\"yoast-schema-graph\">{\"@context\":\"https:\\\/\\\/schema.org\",\"@graph\":[{\"@type\":\"Article\",\"@id\":\"https:\\\/\\\/msconectado.com.br\\\/?p=20583#article\",\"isPartOf\":{\"@id\":\"https:\\\/\\\/msconectado.com.br\\\/?p=20583\"},\"author\":{\"name\":\"Jeferson\",\"@id\":\"https:\\\/\\\/msconectado.com.br\\\/#\\\/schema\\\/person\\\/feb123a95a93eebea36f0ed6a2e5ba48\"},\"headline\":\"Presidente da C\u00e2mara Municipal de Rio Brilhante \u00e9 agraciado com o Pr\u00eamio Gold em reconhecimento \u00e0 sua atua\u00e7\u00e3o.\",\"datePublished\":\"2023-11-24T11:12:21+00:00\",\"dateModified\":\"2023-11-24T11:12:23+00:00\",\"mainEntityOfPage\":{\"@id\":\"https:\\\/\\\/msconectado.com.br\\\/?p=20583\"},\"wordCount\":407,\"commentCount\":0,\"publisher\":{\"@id\":\"https:\\\/\\\/msconectado.com.br\\\/#organization\"},\"image\":{\"@id\":\"https:\\\/\\\/msconectado.com.br\\\/?p=20583#primaryimage\"},\"thumbnailUrl\":\"https:\\\/\\\/msconectado.com.br\\\/wp-content\\\/uploads\\\/2023\\\/11\\\/dcc07f91-b700-4e6a-a367-5f059a96a06f.jpg\",\"articleSection\":[\"Cidades\",\"Not\u00edcia\",\"Pol\u00edtica\"],\"inLanguage\":\"pt-BR\",\"potentialAction\":[{\"@type\":\"CommentAction\",\"name\":\"Comment\",\"target\":[\"https:\\\/\\\/msconectado.com.br\\\/?p=20583#respond\"]}]},{\"@type\":\"WebPage\",\"@id\":\"https:\\\/\\\/msconectado.com.br\\\/?p=20583\",\"url\":\"https:\\\/\\\/msconectado.com.br\\\/?p=20583\",\"name\":\"Presidente da C\u00e2mara Municipal de Rio Brilhante \u00e9 agraciado com o Pr\u00eamio Gold em reconhecimento \u00e0 sua atua\u00e7\u00e3o. - MsConectado\",\"isPartOf\":{\"@id\":\"https:\\\/\\\/msconectado.com.br\\\/#website\"},\"primaryImageOfPage\":{\"@id\":\"https:\\\/\\\/msconectado.com.br\\\/?p=20583#primaryimage\"},\"image\":{\"@id\":\"https:\\\/\\\/msconectado.com.br\\\/?p=20583#primaryimage\"},\"thumbnailUrl\":\"https:\\\/\\\/msconectado.com.br\\\/wp-content\\\/uploads\\\/2023\\\/11\\\/dcc07f91-b700-4e6a-a367-5f059a96a06f.jpg\",\"datePublished\":\"2023-11-24T11:12:21+00:00\",\"dateModified\":\"2023-11-24T11:12:23+00:00\",\"breadcrumb\":{\"@id\":\"https:\\\/\\\/msconectado.com.br\\\/?p=20583#breadcrumb\"},\"inLanguage\":\"pt-BR\",\"potentialAction\":[{\"@type\":\"ReadAction\",\"target\":[\"https:\\\/\\\/msconectado.com.br\\\/?p=20583\"]}]},{\"@type\":\"ImageObject\",\"inLanguage\":\"pt-BR\",\"@id\":\"https:\\\/\\\/msconectado.com.br\\\/?p=20583#primaryimage\",\"url\":\"https:\\\/\\\/msconectado.com.br\\\/wp-content\\\/uploads\\\/2023\\\/11\\\/dcc07f91-b700-4e6a-a367-5f059a96a06f.jpg\",\"contentUrl\":\"https:\\\/\\\/msconectado.com.br\\\/wp-content\\\/uploads\\\/2023\\\/11\\\/dcc07f91-b700-4e6a-a367-5f059a96a06f.jpg\",\"width\":1280,\"height\":854},{\"@type\":\"BreadcrumbList\",\"@id\":\"https:\\\/\\\/msconectado.com.br\\\/?p=20583#breadcrumb\",\"itemListElement\":[{\"@type\":\"ListItem\",\"position\":1,\"name\":\"In\u00edcio\",\"item\":\"https:\\\/\\\/msconectado.com.br\\\/\"},{\"@type\":\"ListItem\",\"position\":2,\"name\":\"Presidente da C\u00e2mara Municipal de Rio Brilhante \u00e9 agraciado com o Pr\u00eamio Gold em reconhecimento \u00e0 sua atua\u00e7\u00e3o.\"}]},{\"@type\":\"WebSite\",\"@id\":\"https:\\\/\\\/msconectado.com.br\\\/#website\",\"url\":\"https:\\\/\\\/msconectado.com.br\\\/\",\"name\":\"MsConectado\",\"description\":\"Voc\u00ea Conectado com a Not\u00edcia!\",\"publisher\":{\"@id\":\"https:\\\/\\\/msconectado.com.br\\\/#organization\"},\"potentialAction\":[{\"@type\":\"SearchAction\",\"target\":{\"@type\":\"EntryPoint\",\"urlTemplate\":\"https:\\\/\\\/msconectado.com.br\\\/?s={search_term_string}\"},\"query-input\":{\"@type\":\"PropertyValueSpecification\",\"valueRequired\":true,\"valueName\":\"search_term_string\"}}],\"inLanguage\":\"pt-BR\"},{\"@type\":\"Organization\",\"@id\":\"https:\\\/\\\/msconectado.com.br\\\/#organization\",\"name\":\"MsConectado\",\"url\":\"https:\\\/\\\/msconectado.com.br\\\/\",\"logo\":{\"@type\":\"ImageObject\",\"inLanguage\":\"pt-BR\",\"@id\":\"https:\\\/\\\/msconectado.com.br\\\/#\\\/schema\\\/logo\\\/image\\\/\",\"url\":\"https:\\\/\\\/msconectado.com.br\\\/wp-content\\\/uploads\\\/2023\\\/01\\\/cropped-noticia-2.png\",\"contentUrl\":\"https:\\\/\\\/msconectado.com.br\\\/wp-content\\\/uploads\\\/2023\\\/01\\\/cropped-noticia-2.png\",\"width\":720,\"height\":157,\"caption\":\"MsConectado\"},\"image\":{\"@id\":\"https:\\\/\\\/msconectado.com.br\\\/#\\\/schema\\\/logo\\\/image\\\/\"}},{\"@type\":\"Person\",\"@id\":\"https:\\\/\\\/msconectado.com.br\\\/#\\\/schema\\\/person\\\/feb123a95a93eebea36f0ed6a2e5ba48\",\"name\":\"Jeferson\",\"image\":{\"@type\":\"ImageObject\",\"inLanguage\":\"pt-BR\",\"@id\":\"https:\\\/\\\/secure.gravatar.com\\\/avatar\\\/e23e8901c88f0cdc0ad479ef7a39bf3e4c806344549c087c00b721a65549a328?s=96&d=mm&r=g\",\"url\":\"https:\\\/\\\/secure.gravatar.com\\\/avatar\\\/e23e8901c88f0cdc0ad479ef7a39bf3e4c806344549c087c00b721a65549a328?s=96&d=mm&r=g\",\"contentUrl\":\"https:\\\/\\\/secure.gravatar.com\\\/avatar\\\/e23e8901c88f0cdc0ad479ef7a39bf3e4c806344549c087c00b721a65549a328?s=96&d=mm&r=g\",\"caption\":\"Jeferson\"},\"url\":\"https:\\\/\\\/msconectado.com.br\\\/?author=3\"}]}<\/script>\n<!-- \/ Yoast SEO plugin. -->","yoast_head_json":{"title":"Presidente da C\u00e2mara Municipal de Rio Brilhante \u00e9 agraciado com o Pr\u00eamio Gold em reconhecimento \u00e0 sua atua\u00e7\u00e3o. - MsConectado","robots":{"index":"index","follow":"follow","max-snippet":"max-snippet:-1","max-image-preview":"max-image-preview:large","max-video-preview":"max-video-preview:-1"},"canonical":"https:\/\/msconectado.com.br\/?p=20583","og_locale":"pt_BR","og_type":"article","og_title":"Presidente da C\u00e2mara Municipal de Rio Brilhante \u00e9 agraciado com o Pr\u00eamio Gold em reconhecimento \u00e0 sua atua\u00e7\u00e3o. - MsConectado","og_description":"Paulo Cesar Alves recebe homenagem durante o Semin\u00e1rio Estadual de Vereadores e Servidores 2023 No \u00faltimo Semin\u00e1rio Estadual de Vereadores e Servidores, realizado na \u00faltima quinta-feira (23), com o tema &#8220;A import\u00e2ncia cont\u00ednua da independ\u00eancia dos poderes na governan\u00e7a democr\u00e1tica&#8221;, o presidente da C\u00e2mara Municipal de Rio Brilhante, Paulo Cesar Alves PC, foi agraciado com [&hellip;]","og_url":"https:\/\/msconectado.com.br\/?p=20583","og_site_name":"MsConectado","article_published_time":"2023-11-24T11:12:21+00:00","article_modified_time":"2023-11-24T11:12:23+00:00","og_image":[{"width":1280,"height":854,"url":"https:\/\/msconectado.com.br\/wp-content\/uploads\/2023\/11\/dcc07f91-b700-4e6a-a367-5f059a96a06f.jpg","type":"image\/jpeg"}],"author":"Jeferson","twitter_card":"summary_large_image","twitter_misc":{"Escrito por":"Jeferson","Est. tempo de leitura":"2 minutos"},"schema":{"@context":"https:\/\/schema.org","@graph":[{"@type":"Article","@id":"https:\/\/msconectado.com.br\/?p=20583#article","isPartOf":{"@id":"https:\/\/msconectado.com.br\/?p=20583"},"author":{"name":"Jeferson","@id":"https:\/\/msconectado.com.br\/#\/schema\/person\/feb123a95a93eebea36f0ed6a2e5ba48"},"headline":"Presidente da C\u00e2mara Municipal de Rio Brilhante \u00e9 agraciado com o Pr\u00eamio Gold em reconhecimento \u00e0 sua atua\u00e7\u00e3o.","datePublished":"2023-11-24T11:12:21+00:00","dateModified":"2023-11-24T11:12:23+00:00","mainEntityOfPage":{"@id":"https:\/\/msconectado.com.br\/?p=20583"},"wordCount":407,"commentCount":0,"publisher":{"@id":"https:\/\/msconectado.com.br\/#organization"},"image":{"@id":"https:\/\/msconectado.com.br\/?p=20583#primaryimage"},"thumbnailUrl":"https:\/\/msconectado.com.br\/wp-content\/uploads\/2023\/11\/dcc07f91-b700-4e6a-a367-5f059a96a06f.jpg","articleSection":["Cidades","Not\u00edcia","Pol\u00edtica"],"inLanguage":"pt-BR","potentialAction":[{"@type":"CommentAction","name":"Comment","target":["https:\/\/msconectado.com.br\/?p=20583#respond"]}]},{"@type":"WebPage","@id":"https:\/\/msconectado.com.br\/?p=20583","url":"https:\/\/msconectado.com.br\/?p=20583","name":"Presidente da C\u00e2mara Municipal de Rio Brilhante \u00e9 agraciado com o Pr\u00eamio Gold em reconhecimento \u00e0 sua atua\u00e7\u00e3o. - MsConectado","isPartOf":{"@id":"https:\/\/msconectado.com.br\/#website"},"primaryImageOfPage":{"@id":"https:\/\/msconectado.com.br\/?p=20583#primaryimage"},"image":{"@id":"https:\/\/msconectado.com.br\/?p=20583#primaryimage"},"thumbnailUrl":"https:\/\/msconectado.com.br\/wp-content\/uploads\/2023\/11\/dcc07f91-b700-4e6a-a367-5f059a96a06f.jpg","datePublished":"2023-11-24T11:12:21+00:00","dateModified":"2023-11-24T11:12:23+00:00","breadcrumb":{"@id":"https:\/\/msconectado.com.br\/?p=20583#breadcrumb"},"inLanguage":"pt-BR","potentialAction":[{"@type":"ReadAction","target":["https:\/\/msconectado.com.br\/?p=20583"]}]},{"@type":"ImageObject","inLanguage":"pt-BR","@id":"https:\/\/msconectado.com.br\/?p=20583#primaryimage","url":"https:\/\/msconectado.com.br\/wp-content\/uploads\/2023\/11\/dcc07f91-b700-4e6a-a367-5f059a96a06f.jpg","contentUrl":"https:\/\/msconectado.com.br\/wp-content\/uploads\/2023\/11\/dcc07f91-b700-4e6a-a367-5f059a96a06f.jpg","width":1280,"height":854},{"@type":"BreadcrumbList","@id":"https:\/\/msconectado.com.br\/?p=20583#breadcrumb","itemListElement":[{"@type":"ListItem","position":1,"name":"In\u00edcio","item":"https:\/\/msconectado.com.br\/"},{"@type":"ListItem","position":2,"name":"Presidente da C\u00e2mara Municipal de Rio Brilhante \u00e9 agraciado com o Pr\u00eamio Gold em reconhecimento \u00e0 sua atua\u00e7\u00e3o."}]},{"@type":"WebSite","@id":"https:\/\/msconectado.com.br\/#website","url":"https:\/\/msconectado.com.br\/","name":"MsConectado","description":"Voc\u00ea Conectado com a Not\u00edcia!","publisher":{"@id":"https:\/\/msconectado.com.br\/#organization"},"potentialAction":[{"@type":"SearchAction","target":{"@type":"EntryPoint","urlTemplate":"https:\/\/msconectado.com.br\/?s={search_term_string}"},"query-input":{"@type":"PropertyValueSpecification","valueRequired":true,"valueName":"search_term_string"}}],"inLanguage":"pt-BR"},{"@type":"Organization","@id":"https:\/\/msconectado.com.br\/#organization","name":"MsConectado","url":"https:\/\/msconectado.com.br\/","logo":{"@type":"ImageObject","inLanguage":"pt-BR","@id":"https:\/\/msconectado.com.br\/#\/schema\/logo\/image\/","url":"https:\/\/msconectado.com.br\/wp-content\/uploads\/2023\/01\/cropped-noticia-2.png","contentUrl":"https:\/\/msconectado.com.br\/wp-content\/uploads\/2023\/01\/cropped-noticia-2.png","width":720,"height":157,"caption":"MsConectado"},"image":{"@id":"https:\/\/msconectado.com.br\/#\/schema\/logo\/image\/"}},{"@type":"Person","@id":"https:\/\/msconectado.com.br\/#\/schema\/person\/feb123a95a93eebea36f0ed6a2e5ba48","name":"Jeferson","image":{"@type":"ImageObject","inLanguage":"pt-BR","@id":"https:\/\/secure.gravatar.com\/avatar\/e23e8901c88f0cdc0ad479ef7a39bf3e4c806344549c087c00b721a65549a328?s=96&d=mm&r=g","url":"https:\/\/secure.gravatar.com\/avatar\/e23e8901c88f0cdc0ad479ef7a39bf3e4c806344549c087c00b721a65549a328?s=96&d=mm&r=g","contentUrl":"https:\/\/secure.gravatar.com\/avatar\/e23e8901c88f0cdc0ad479ef7a39bf3e4c806344549c087c00b721a65549a328?s=96&d=mm&r=g","caption":"Jeferson"},"url":"https:\/\/msconectado.com.br\/?author=3"}]}},"_links":{"self":[{"href":"https:\/\/msconectado.com.br\/index.php?rest_route=\/wp\/v2\/posts\/20583","targetHints":{"allow":["GET"]}}],"collection":[{"href":"https:\/\/msconectado.com.br\/index.php?rest_route=\/wp\/v2\/posts"}],"about":[{"href":"https:\/\/msconectado.com.br\/index.php?rest_route=\/wp\/v2\/types\/post"}],"author":[{"embeddable":true,"href":"https:\/\/msconectado.com.br\/index.php?rest_route=\/wp\/v2\/users\/3"}],"replies":[{"embeddable":true,"href":"https:\/\/msconectado.com.br\/index.php?rest_route=%2Fwp%2Fv2%2Fcomments&post=20583"}],"version-history":[{"count":1,"href":"https:\/\/msconectado.com.br\/index.php?rest_route=\/wp\/v2\/posts\/20583\/revisions"}],"predecessor-version":[{"id":20585,"href":"https:\/\/msconectado.com.br\/index.php?rest_route=\/wp\/v2\/posts\/20583\/revisions\/20585"}],"wp:featuredmedia":[{"embeddable":true,"href":"https:\/\/msconectado.com.br\/index.php?rest_route=\/wp\/v2\/media\/20584"}],"wp:attachment":[{"href":"https:\/\/msconectado.com.br\/index.php?rest_route=%2Fwp%2Fv2%2Fmedia&parent=20583"}],"wp:term":[{"taxonomy":"category","embeddable":true,"href":"https:\/\/msconectado.com.br\/index.php?rest_route=%2Fwp%2Fv2%2Fcategories&post=20583"},{"taxonomy":"post_tag","embeddable":true,"href":"https:\/\/msconectado.com.br\/index.php?rest_route=%2Fwp%2Fv2%2Ftags&post=20583"}],"curies":[{"name":"wp","href":"https:\/\/api.w.org\/{rel}","templated":true}]}}