
{"id":20593,"date":"2023-11-26T17:21:36","date_gmt":"2023-11-26T17:21:36","guid":{"rendered":"https:\/\/msconectado.com.br\/?p=20593"},"modified":"2023-11-26T17:21:37","modified_gmt":"2023-11-26T17:21:37","slug":"com-apoio-do-governo-jornada-estadual-da-juventude-reune-milhares-de-jovens-na-capital","status":"publish","type":"post","link":"https:\/\/msconectado.com.br\/?p=20593","title":{"rendered":"Com apoio do Governo, Jornada Estadual da Juventude re\u00fane milhares de jovens na Capital"},"content":{"rendered":"\n<p>Reflex\u00e3o, f\u00e9 e confraterniza\u00e7\u00e3o. Nesta comunh\u00e3o milhares de jovens se reuniram neste domingo (26) na primeira edi\u00e7\u00e3o da Jornada Estadual da Juventude, em Campo Grande. O evento acontece durante o todo o dia no Gin\u00e1sio Guanandiz\u00e3o. O governador Eduardo Riedel foi ao local participar da abertura. Ele destacou a import\u00e2ncia deste acontecimento para o Estado.<\/p>\n\n\n<div class=\"wp-block-image\">\n<figure class=\"aligncenter\" id=\"attachment_457853\"><a href=\"https:\/\/agenciadenoticias.ms.gov.br\/wp-content\/uploads\/2023\/11\/jornada-da-juventude-5.jpg\"><img decoding=\"async\" src=\"https:\/\/agenciadenoticias.ms.gov.br\/wp-content\/uploads\/2023\/11\/jornada-da-juventude-5-300x171.jpg\" alt=\"\" class=\"wp-image-457853\"\/><\/a><figcaption class=\"wp-element-caption\"><em>Governador participou da abertura do evento no Guanandiz\u00e3o<\/em><\/figcaption><\/figure>\n<\/div>\n\n\n<p>\u201cA primeira palavra que vem na minha cabe\u00e7a \u00e9 esperan\u00e7a. Jovens de todo Estado reunidos aqui, em uma energia maravilhosa, clima bom, pessoas animadas que mostram uma juventude presente, com um prop\u00f3sito de f\u00e9, reflex\u00e3o, afirma\u00e7\u00e3o. S\u00e3o jovens que s\u00e3o o futuro do nosso Estado\u201d, destacou o governador.<\/p>\n\n\n\n<p>Riedel disse estar feliz em testemunhar e participar de um evento desta magnitude. \u201cTemos que parabenizar a organiza\u00e7\u00e3o. Encontros como este mostram que o nosso Estado est\u00e1 no caminho certo, cheio de oportunidades n\u00e3o apenas para o futuro, mas agora no presente\u201d.<\/p>\n\n\n\n<p>O evento re\u00fane jovens das sete dioceses do Estado, com expectativa de dispor de at\u00e9 15 mil pessoas durante todo o dia. Logo ap\u00f3s a abertura, foi realizada uma grande missa dentro do Gin\u00e1sio Guanandiz\u00e3o. O evento conta com espa\u00e7o para alimenta\u00e7\u00e3o e vai contar com prega\u00e7\u00f5es, confiss\u00f5es, stands vocacionais e profissionais, atividades, adora\u00e7\u00e3o eucar\u00edstica, oficinas e apresenta\u00e7\u00f5es musicais, entre elas da banda Rosa de Saron.<\/p>\n\n\n<div class=\"wp-block-image\">\n<figure class=\"aligncenter\" id=\"attachment_457854\"><a href=\"https:\/\/agenciadenoticias.ms.gov.br\/wp-content\/uploads\/2023\/11\/jornada-da-juventude-2.jpg\"><img decoding=\"async\" src=\"https:\/\/agenciadenoticias.ms.gov.br\/wp-content\/uploads\/2023\/11\/jornada-da-juventude-2-1024x547.jpg\" alt=\"\" class=\"wp-image-457854\"\/><\/a><figcaption class=\"wp-element-caption\"><em>Evento re\u00fane milhares de jovens cat\u00f3licos na Capital<\/em><\/figcaption><\/figure>\n<\/div>\n\n\n<p>A Jornada da Juventude tem o apoio do Governo do Estado, que contribuiu com a estrutura e apresenta\u00e7\u00f5es musicais. O evento re\u00fane jovens cat\u00f3licos de todo o Estado, que vieram em caravanas de \u00f4nibus para participarem das atividades.<\/p>\n\n\n<div class=\"wp-block-image\">\n<figure class=\"aligncenter\" id=\"attachment_457855\"><a href=\"https:\/\/agenciadenoticias.ms.gov.br\/wp-content\/uploads\/2023\/11\/Padre-liniker-jornada-da-juventude.jpg\"><img decoding=\"async\" src=\"https:\/\/agenciadenoticias.ms.gov.br\/wp-content\/uploads\/2023\/11\/Padre-liniker-jornada-da-juventude-300x184.jpg\" alt=\"\" class=\"wp-image-457855\"\/><\/a><figcaption class=\"wp-element-caption\"><em>Padre Liiker agradeceu apoio do Estado para realiza\u00e7\u00e3o do evento<\/em><\/figcaption><\/figure>\n<\/div>\n\n\n<p>\u201cA Arquidiocese todos os anos realiza a jornada da juventude nos munic\u00edpios, mas desta vez est\u00e1 fazendo esta experi\u00eancia nova, com a realiza\u00e7\u00e3o de uma jornada estadual. Todas as dioceses do Estado foram convidadas e vieram participar. \u00d4nibus de todas as regi\u00f5es do Estado\u201d, descreveu o arcebispo de Campo Grande, Dom Dimas Lara Barbosa.<\/p>\n\n\n\n<p>Ele ressaltou que o encontro ser\u00e1 uma oportunidade e experi\u00eancia \u00fanica aos jovens. \u201cV\u00e3o ouvir e louvar o amor a Cristo. Temos que agradecer ao governador por possibilitar grande parte do nosso evento. Todos s\u00e3o bem-vindos e ser\u00e1 um grande dia\u201d.<\/p>\n\n\n\n<p>O padre Linniker Matheus, da Pastoral Juvenil\/MS, tamb\u00e9m destacou o apoio do Estado ao evento. \u201cEsta parceria mostra que o Governo de Mato Grosso do Sul acredita na sua juventude e vamos orar e aben\u00e7oar esta gest\u00e3o estadual\u201d.<\/p>\n\n\n\n<p>Al\u00e9m do governador, participaram da abertura do evento a primeira-dama, M\u00f4nica Riedel, o secret\u00e1rio Marcelo Miranda (Setescc) e \u00c2ngelo Motti, secret\u00e1rio-executivo do Procon.<\/p>\n\n\n<div class=\"wp-block-image\">\n<figure class=\"aligncenter\"><a href=\"https:\/\/agenciadenoticias.ms.gov.br\/com-apoio-do-governo-jornada-estadual-da-juventude-reune-milhares-de-jovens-na-capital\/riedel-jornada-da-juventude-2\/\"><img decoding=\"async\" src=\"https:\/\/agenciadenoticias.ms.gov.br\/wp-content\/uploads\/2023\/11\/Riedel-jornada-da-juventude-2-1024x601.jpg\" alt=\"\"\/><\/a><\/figure>\n<\/div>\n\n<div class=\"wp-block-image\">\n<figure class=\"aligncenter\"><a href=\"https:\/\/agenciadenoticias.ms.gov.br\/com-apoio-do-governo-jornada-estadual-da-juventude-reune-milhares-de-jovens-na-capital\/jornada-da-juventude-3\/\"><img decoding=\"async\" src=\"https:\/\/agenciadenoticias.ms.gov.br\/wp-content\/uploads\/2023\/11\/jornada-da-juventude-3-1024x553.jpg\" alt=\"\"\/><\/a><\/figure>\n<\/div>\n\n\n<p><em>Leonardo Rocha, Comunica\u00e7\u00e3o do Governo de MS<\/em><br><em>Fotos: Saul Schramm<\/em><\/p>\n","protected":false},"excerpt":{"rendered":"<p>Reflex\u00e3o, f\u00e9 e confraterniza\u00e7\u00e3o. Nesta comunh\u00e3o milhares de jovens se reuniram neste domingo (26) na primeira edi\u00e7\u00e3o da Jornada Estadual da Juventude, em Campo Grande. O evento acontece durante o todo o dia no Gin\u00e1sio Guanandiz\u00e3o. O governador Eduardo Riedel foi ao local participar da abertura. Ele destacou a import\u00e2ncia deste acontecimento para o Estado. [&hellip;]<\/p>\n","protected":false},"author":3,"featured_media":20594,"comment_status":"open","ping_status":"closed","sticky":false,"template":"","format":"standard","meta":{"footnotes":""},"categories":[35,1],"tags":[],"class_list":["post-20593","post","type-post","status-publish","format-standard","has-post-thumbnail","hentry","category-cidades","category-noticia"],"yoast_head":"<!-- This site is optimized with the Yoast SEO plugin v27.5 - https:\/\/yoast.com\/product\/yoast-seo-wordpress\/ -->\n<title>Com apoio do Governo, Jornada Estadual da Juventude re\u00fane milhares de jovens na Capital - MsConectado<\/title>\n<meta name=\"robots\" content=\"index, follow, max-snippet:-1, max-image-preview:large, max-video-preview:-1\" \/>\n<link rel=\"canonical\" href=\"https:\/\/msconectado.com.br\/?p=20593\" \/>\n<meta property=\"og:locale\" content=\"pt_BR\" \/>\n<meta property=\"og:type\" content=\"article\" \/>\n<meta property=\"og:title\" content=\"Com apoio do Governo, Jornada Estadual da Juventude re\u00fane milhares de jovens na Capital - MsConectado\" \/>\n<meta property=\"og:description\" content=\"Reflex\u00e3o, f\u00e9 e confraterniza\u00e7\u00e3o. Nesta comunh\u00e3o milhares de jovens se reuniram neste domingo (26) na primeira edi\u00e7\u00e3o da Jornada Estadual da Juventude, em Campo Grande. O evento acontece durante o todo o dia no Gin\u00e1sio Guanandiz\u00e3o. O governador Eduardo Riedel foi ao local participar da abertura. Ele destacou a import\u00e2ncia deste acontecimento para o Estado. [&hellip;]\" \/>\n<meta property=\"og:url\" content=\"https:\/\/msconectado.com.br\/?p=20593\" \/>\n<meta property=\"og:site_name\" content=\"MsConectado\" \/>\n<meta property=\"article:published_time\" content=\"2023-11-26T17:21:36+00:00\" \/>\n<meta property=\"article:modified_time\" content=\"2023-11-26T17:21:37+00:00\" \/>\n<meta property=\"og:image\" content=\"https:\/\/msconectado.com.br\/wp-content\/uploads\/2023\/11\/calderan.jpg\" \/>\n\t<meta property=\"og:image:width\" content=\"730\" \/>\n\t<meta property=\"og:image:height\" content=\"480\" \/>\n\t<meta property=\"og:image:type\" content=\"image\/jpeg\" \/>\n<meta name=\"author\" content=\"Jeferson\" \/>\n<meta name=\"twitter:card\" content=\"summary_large_image\" \/>\n<meta name=\"twitter:label1\" content=\"Escrito por\" \/>\n\t<meta name=\"twitter:data1\" content=\"Jeferson\" \/>\n\t<meta name=\"twitter:label2\" content=\"Est. tempo de leitura\" \/>\n\t<meta name=\"twitter:data2\" content=\"2 minutos\" \/>\n<script type=\"application\/ld+json\" class=\"yoast-schema-graph\">{\"@context\":\"https:\\\/\\\/schema.org\",\"@graph\":[{\"@type\":\"Article\",\"@id\":\"https:\\\/\\\/msconectado.com.br\\\/?p=20593#article\",\"isPartOf\":{\"@id\":\"https:\\\/\\\/msconectado.com.br\\\/?p=20593\"},\"author\":{\"name\":\"Jeferson\",\"@id\":\"https:\\\/\\\/msconectado.com.br\\\/#\\\/schema\\\/person\\\/feb123a95a93eebea36f0ed6a2e5ba48\"},\"headline\":\"Com apoio do Governo, Jornada Estadual da Juventude re\u00fane milhares de jovens na Capital\",\"datePublished\":\"2023-11-26T17:21:36+00:00\",\"dateModified\":\"2023-11-26T17:21:37+00:00\",\"mainEntityOfPage\":{\"@id\":\"https:\\\/\\\/msconectado.com.br\\\/?p=20593\"},\"wordCount\":503,\"commentCount\":0,\"publisher\":{\"@id\":\"https:\\\/\\\/msconectado.com.br\\\/#organization\"},\"image\":{\"@id\":\"https:\\\/\\\/msconectado.com.br\\\/?p=20593#primaryimage\"},\"thumbnailUrl\":\"https:\\\/\\\/msconectado.com.br\\\/wp-content\\\/uploads\\\/2023\\\/11\\\/calderan.jpg\",\"articleSection\":[\"Cidades\",\"Not\u00edcia\"],\"inLanguage\":\"pt-BR\",\"potentialAction\":[{\"@type\":\"CommentAction\",\"name\":\"Comment\",\"target\":[\"https:\\\/\\\/msconectado.com.br\\\/?p=20593#respond\"]}]},{\"@type\":\"WebPage\",\"@id\":\"https:\\\/\\\/msconectado.com.br\\\/?p=20593\",\"url\":\"https:\\\/\\\/msconectado.com.br\\\/?p=20593\",\"name\":\"Com apoio do Governo, Jornada Estadual da Juventude re\u00fane milhares de jovens na Capital - MsConectado\",\"isPartOf\":{\"@id\":\"https:\\\/\\\/msconectado.com.br\\\/#website\"},\"primaryImageOfPage\":{\"@id\":\"https:\\\/\\\/msconectado.com.br\\\/?p=20593#primaryimage\"},\"image\":{\"@id\":\"https:\\\/\\\/msconectado.com.br\\\/?p=20593#primaryimage\"},\"thumbnailUrl\":\"https:\\\/\\\/msconectado.com.br\\\/wp-content\\\/uploads\\\/2023\\\/11\\\/calderan.jpg\",\"datePublished\":\"2023-11-26T17:21:36+00:00\",\"dateModified\":\"2023-11-26T17:21:37+00:00\",\"breadcrumb\":{\"@id\":\"https:\\\/\\\/msconectado.com.br\\\/?p=20593#breadcrumb\"},\"inLanguage\":\"pt-BR\",\"potentialAction\":[{\"@type\":\"ReadAction\",\"target\":[\"https:\\\/\\\/msconectado.com.br\\\/?p=20593\"]}]},{\"@type\":\"ImageObject\",\"inLanguage\":\"pt-BR\",\"@id\":\"https:\\\/\\\/msconectado.com.br\\\/?p=20593#primaryimage\",\"url\":\"https:\\\/\\\/msconectado.com.br\\\/wp-content\\\/uploads\\\/2023\\\/11\\\/calderan.jpg\",\"contentUrl\":\"https:\\\/\\\/msconectado.com.br\\\/wp-content\\\/uploads\\\/2023\\\/11\\\/calderan.jpg\",\"width\":730,\"height\":480},{\"@type\":\"BreadcrumbList\",\"@id\":\"https:\\\/\\\/msconectado.com.br\\\/?p=20593#breadcrumb\",\"itemListElement\":[{\"@type\":\"ListItem\",\"position\":1,\"name\":\"In\u00edcio\",\"item\":\"https:\\\/\\\/msconectado.com.br\\\/\"},{\"@type\":\"ListItem\",\"position\":2,\"name\":\"Com apoio do Governo, Jornada Estadual da Juventude re\u00fane milhares de jovens na Capital\"}]},{\"@type\":\"WebSite\",\"@id\":\"https:\\\/\\\/msconectado.com.br\\\/#website\",\"url\":\"https:\\\/\\\/msconectado.com.br\\\/\",\"name\":\"MsConectado\",\"description\":\"Voc\u00ea Conectado com a Not\u00edcia!\",\"publisher\":{\"@id\":\"https:\\\/\\\/msconectado.com.br\\\/#organization\"},\"potentialAction\":[{\"@type\":\"SearchAction\",\"target\":{\"@type\":\"EntryPoint\",\"urlTemplate\":\"https:\\\/\\\/msconectado.com.br\\\/?s={search_term_string}\"},\"query-input\":{\"@type\":\"PropertyValueSpecification\",\"valueRequired\":true,\"valueName\":\"search_term_string\"}}],\"inLanguage\":\"pt-BR\"},{\"@type\":\"Organization\",\"@id\":\"https:\\\/\\\/msconectado.com.br\\\/#organization\",\"name\":\"MsConectado\",\"url\":\"https:\\\/\\\/msconectado.com.br\\\/\",\"logo\":{\"@type\":\"ImageObject\",\"inLanguage\":\"pt-BR\",\"@id\":\"https:\\\/\\\/msconectado.com.br\\\/#\\\/schema\\\/logo\\\/image\\\/\",\"url\":\"https:\\\/\\\/msconectado.com.br\\\/wp-content\\\/uploads\\\/2023\\\/01\\\/cropped-noticia-2.png\",\"contentUrl\":\"https:\\\/\\\/msconectado.com.br\\\/wp-content\\\/uploads\\\/2023\\\/01\\\/cropped-noticia-2.png\",\"width\":720,\"height\":157,\"caption\":\"MsConectado\"},\"image\":{\"@id\":\"https:\\\/\\\/msconectado.com.br\\\/#\\\/schema\\\/logo\\\/image\\\/\"}},{\"@type\":\"Person\",\"@id\":\"https:\\\/\\\/msconectado.com.br\\\/#\\\/schema\\\/person\\\/feb123a95a93eebea36f0ed6a2e5ba48\",\"name\":\"Jeferson\",\"image\":{\"@type\":\"ImageObject\",\"inLanguage\":\"pt-BR\",\"@id\":\"https:\\\/\\\/secure.gravatar.com\\\/avatar\\\/e23e8901c88f0cdc0ad479ef7a39bf3e4c806344549c087c00b721a65549a328?s=96&d=mm&r=g\",\"url\":\"https:\\\/\\\/secure.gravatar.com\\\/avatar\\\/e23e8901c88f0cdc0ad479ef7a39bf3e4c806344549c087c00b721a65549a328?s=96&d=mm&r=g\",\"contentUrl\":\"https:\\\/\\\/secure.gravatar.com\\\/avatar\\\/e23e8901c88f0cdc0ad479ef7a39bf3e4c806344549c087c00b721a65549a328?s=96&d=mm&r=g\",\"caption\":\"Jeferson\"},\"url\":\"https:\\\/\\\/msconectado.com.br\\\/?author=3\"}]}<\/script>\n<!-- \/ Yoast SEO plugin. -->","yoast_head_json":{"title":"Com apoio do Governo, Jornada Estadual da Juventude re\u00fane milhares de jovens na Capital - MsConectado","robots":{"index":"index","follow":"follow","max-snippet":"max-snippet:-1","max-image-preview":"max-image-preview:large","max-video-preview":"max-video-preview:-1"},"canonical":"https:\/\/msconectado.com.br\/?p=20593","og_locale":"pt_BR","og_type":"article","og_title":"Com apoio do Governo, Jornada Estadual da Juventude re\u00fane milhares de jovens na Capital - MsConectado","og_description":"Reflex\u00e3o, f\u00e9 e confraterniza\u00e7\u00e3o. Nesta comunh\u00e3o milhares de jovens se reuniram neste domingo (26) na primeira edi\u00e7\u00e3o da Jornada Estadual da Juventude, em Campo Grande. O evento acontece durante o todo o dia no Gin\u00e1sio Guanandiz\u00e3o. O governador Eduardo Riedel foi ao local participar da abertura. Ele destacou a import\u00e2ncia deste acontecimento para o Estado. [&hellip;]","og_url":"https:\/\/msconectado.com.br\/?p=20593","og_site_name":"MsConectado","article_published_time":"2023-11-26T17:21:36+00:00","article_modified_time":"2023-11-26T17:21:37+00:00","og_image":[{"width":730,"height":480,"url":"https:\/\/msconectado.com.br\/wp-content\/uploads\/2023\/11\/calderan.jpg","type":"image\/jpeg"}],"author":"Jeferson","twitter_card":"summary_large_image","twitter_misc":{"Escrito por":"Jeferson","Est. tempo de leitura":"2 minutos"},"schema":{"@context":"https:\/\/schema.org","@graph":[{"@type":"Article","@id":"https:\/\/msconectado.com.br\/?p=20593#article","isPartOf":{"@id":"https:\/\/msconectado.com.br\/?p=20593"},"author":{"name":"Jeferson","@id":"https:\/\/msconectado.com.br\/#\/schema\/person\/feb123a95a93eebea36f0ed6a2e5ba48"},"headline":"Com apoio do Governo, Jornada Estadual da Juventude re\u00fane milhares de jovens na Capital","datePublished":"2023-11-26T17:21:36+00:00","dateModified":"2023-11-26T17:21:37+00:00","mainEntityOfPage":{"@id":"https:\/\/msconectado.com.br\/?p=20593"},"wordCount":503,"commentCount":0,"publisher":{"@id":"https:\/\/msconectado.com.br\/#organization"},"image":{"@id":"https:\/\/msconectado.com.br\/?p=20593#primaryimage"},"thumbnailUrl":"https:\/\/msconectado.com.br\/wp-content\/uploads\/2023\/11\/calderan.jpg","articleSection":["Cidades","Not\u00edcia"],"inLanguage":"pt-BR","potentialAction":[{"@type":"CommentAction","name":"Comment","target":["https:\/\/msconectado.com.br\/?p=20593#respond"]}]},{"@type":"WebPage","@id":"https:\/\/msconectado.com.br\/?p=20593","url":"https:\/\/msconectado.com.br\/?p=20593","name":"Com apoio do Governo, Jornada Estadual da Juventude re\u00fane milhares de jovens na Capital - MsConectado","isPartOf":{"@id":"https:\/\/msconectado.com.br\/#website"},"primaryImageOfPage":{"@id":"https:\/\/msconectado.com.br\/?p=20593#primaryimage"},"image":{"@id":"https:\/\/msconectado.com.br\/?p=20593#primaryimage"},"thumbnailUrl":"https:\/\/msconectado.com.br\/wp-content\/uploads\/2023\/11\/calderan.jpg","datePublished":"2023-11-26T17:21:36+00:00","dateModified":"2023-11-26T17:21:37+00:00","breadcrumb":{"@id":"https:\/\/msconectado.com.br\/?p=20593#breadcrumb"},"inLanguage":"pt-BR","potentialAction":[{"@type":"ReadAction","target":["https:\/\/msconectado.com.br\/?p=20593"]}]},{"@type":"ImageObject","inLanguage":"pt-BR","@id":"https:\/\/msconectado.com.br\/?p=20593#primaryimage","url":"https:\/\/msconectado.com.br\/wp-content\/uploads\/2023\/11\/calderan.jpg","contentUrl":"https:\/\/msconectado.com.br\/wp-content\/uploads\/2023\/11\/calderan.jpg","width":730,"height":480},{"@type":"BreadcrumbList","@id":"https:\/\/msconectado.com.br\/?p=20593#breadcrumb","itemListElement":[{"@type":"ListItem","position":1,"name":"In\u00edcio","item":"https:\/\/msconectado.com.br\/"},{"@type":"ListItem","position":2,"name":"Com apoio do Governo, Jornada Estadual da Juventude re\u00fane milhares de jovens na Capital"}]},{"@type":"WebSite","@id":"https:\/\/msconectado.com.br\/#website","url":"https:\/\/msconectado.com.br\/","name":"MsConectado","description":"Voc\u00ea Conectado com a Not\u00edcia!","publisher":{"@id":"https:\/\/msconectado.com.br\/#organization"},"potentialAction":[{"@type":"SearchAction","target":{"@type":"EntryPoint","urlTemplate":"https:\/\/msconectado.com.br\/?s={search_term_string}"},"query-input":{"@type":"PropertyValueSpecification","valueRequired":true,"valueName":"search_term_string"}}],"inLanguage":"pt-BR"},{"@type":"Organization","@id":"https:\/\/msconectado.com.br\/#organization","name":"MsConectado","url":"https:\/\/msconectado.com.br\/","logo":{"@type":"ImageObject","inLanguage":"pt-BR","@id":"https:\/\/msconectado.com.br\/#\/schema\/logo\/image\/","url":"https:\/\/msconectado.com.br\/wp-content\/uploads\/2023\/01\/cropped-noticia-2.png","contentUrl":"https:\/\/msconectado.com.br\/wp-content\/uploads\/2023\/01\/cropped-noticia-2.png","width":720,"height":157,"caption":"MsConectado"},"image":{"@id":"https:\/\/msconectado.com.br\/#\/schema\/logo\/image\/"}},{"@type":"Person","@id":"https:\/\/msconectado.com.br\/#\/schema\/person\/feb123a95a93eebea36f0ed6a2e5ba48","name":"Jeferson","image":{"@type":"ImageObject","inLanguage":"pt-BR","@id":"https:\/\/secure.gravatar.com\/avatar\/e23e8901c88f0cdc0ad479ef7a39bf3e4c806344549c087c00b721a65549a328?s=96&d=mm&r=g","url":"https:\/\/secure.gravatar.com\/avatar\/e23e8901c88f0cdc0ad479ef7a39bf3e4c806344549c087c00b721a65549a328?s=96&d=mm&r=g","contentUrl":"https:\/\/secure.gravatar.com\/avatar\/e23e8901c88f0cdc0ad479ef7a39bf3e4c806344549c087c00b721a65549a328?s=96&d=mm&r=g","caption":"Jeferson"},"url":"https:\/\/msconectado.com.br\/?author=3"}]}},"_links":{"self":[{"href":"https:\/\/msconectado.com.br\/index.php?rest_route=\/wp\/v2\/posts\/20593","targetHints":{"allow":["GET"]}}],"collection":[{"href":"https:\/\/msconectado.com.br\/index.php?rest_route=\/wp\/v2\/posts"}],"about":[{"href":"https:\/\/msconectado.com.br\/index.php?rest_route=\/wp\/v2\/types\/post"}],"author":[{"embeddable":true,"href":"https:\/\/msconectado.com.br\/index.php?rest_route=\/wp\/v2\/users\/3"}],"replies":[{"embeddable":true,"href":"https:\/\/msconectado.com.br\/index.php?rest_route=%2Fwp%2Fv2%2Fcomments&post=20593"}],"version-history":[{"count":1,"href":"https:\/\/msconectado.com.br\/index.php?rest_route=\/wp\/v2\/posts\/20593\/revisions"}],"predecessor-version":[{"id":20595,"href":"https:\/\/msconectado.com.br\/index.php?rest_route=\/wp\/v2\/posts\/20593\/revisions\/20595"}],"wp:featuredmedia":[{"embeddable":true,"href":"https:\/\/msconectado.com.br\/index.php?rest_route=\/wp\/v2\/media\/20594"}],"wp:attachment":[{"href":"https:\/\/msconectado.com.br\/index.php?rest_route=%2Fwp%2Fv2%2Fmedia&parent=20593"}],"wp:term":[{"taxonomy":"category","embeddable":true,"href":"https:\/\/msconectado.com.br\/index.php?rest_route=%2Fwp%2Fv2%2Fcategories&post=20593"},{"taxonomy":"post_tag","embeddable":true,"href":"https:\/\/msconectado.com.br\/index.php?rest_route=%2Fwp%2Fv2%2Ftags&post=20593"}],"curies":[{"name":"wp","href":"https:\/\/api.w.org\/{rel}","templated":true}]}}