
{"id":20603,"date":"2023-11-28T03:28:37","date_gmt":"2023-11-28T03:28:37","guid":{"rendered":"https:\/\/msconectado.com.br\/?p=20603"},"modified":"2023-11-28T03:28:52","modified_gmt":"2023-11-28T03:28:52","slug":"vereador-pc-destaca-prioridade-na-pavimentacao-asfaltica-da-ms-465-durante-ultima-sessao-na-camara-municipal","status":"publish","type":"post","link":"https:\/\/msconectado.com.br\/?p=20603","title":{"rendered":"Vereador PC destaca prioridade na pavimenta\u00e7\u00e3o asf\u00e1ltica da MS 465 durante \u00faltima sess\u00e3o na C\u00e2mara Municipal."},"content":{"rendered":"\n<p>Durante a \u00faltima sess\u00e3o da C\u00e2mara Municipal, o vereador PC enfatizou a significativa import\u00e2ncia da obra de pavimenta\u00e7\u00e3o asf\u00e1ltica da MS 465 para a comunidade de Rio Brilhante. O compromisso, firmado pelo governador Eduardo Riedel, refor\u00e7a a prioridade na execu\u00e7\u00e3o desse projeto que visa melhorar a infraestrutura vi\u00e1ria na regi\u00e3o.<\/p>\n\n\n\n<p>A pavimenta\u00e7\u00e3o asf\u00e1ltica da MS 465 n\u00e3o apenas representa um avan\u00e7o em termos de mobilidade e acessibilidade para os residentes locais, mas tamb\u00e9m \u00e9 fundamental para o desenvolvimento econ\u00f4mico da regi\u00e3o. O vereador PC ressaltou a relev\u00e2ncia dessa obra para a qualidade de vida dos cidad\u00e3os de Rio Brilhante, destacando a expectativa positiva gerada pela confirma\u00e7\u00e3o do compromisso pelo governador.<\/p>\n\n\n\n<p>Pc salientou que a pavimenta\u00e7\u00e3o da rodovia \u00e9 uma demanda antiga da comunidade, e a confirma\u00e7\u00e3o da prioridade por parte do governo estadual \u00e9 um passo crucial para a concretiza\u00e7\u00e3o desse anseio. O vereador PC expressou sua gratid\u00e3o ao governador Eduardo Riedel por atender \u00e0s necessidades da popula\u00e7\u00e3o e refor\u00e7ou seu compromisso em acompanhar de perto a execu\u00e7\u00e3o da obra para garantir que seja conclu\u00edda de maneira eficiente e dentro do prazo estabelecido.<\/p>\n\n\n\n<p>A obra da MS 465 representa n\u00e3o apenas uma melhoria na infraestrutura vi\u00e1ria, mas tamb\u00e9m um investimento no desenvolvimento socioecon\u00f4mico da regi\u00e3o, promovendo um impacto positivo na vida dos cidad\u00e3os de Rio Brilhante.<\/p>\n\n\n\n<p>Reda\u00e7\u00e3o<\/p>\n","protected":false},"excerpt":{"rendered":"<p>Durante a \u00faltima sess\u00e3o da C\u00e2mara Municipal, o vereador PC enfatizou a significativa import\u00e2ncia da obra de pavimenta\u00e7\u00e3o asf\u00e1ltica da MS 465 para a comunidade de Rio Brilhante. O compromisso, firmado pelo governador Eduardo Riedel, refor\u00e7a a prioridade na execu\u00e7\u00e3o desse projeto que visa melhorar a infraestrutura vi\u00e1ria na regi\u00e3o. A pavimenta\u00e7\u00e3o asf\u00e1ltica da MS [&hellip;]<\/p>\n","protected":false},"author":3,"featured_media":20604,"comment_status":"open","ping_status":"closed","sticky":false,"template":"","format":"standard","meta":{"footnotes":""},"categories":[35,1,33],"tags":[],"class_list":["post-20603","post","type-post","status-publish","format-standard","has-post-thumbnail","hentry","category-cidades","category-noticia","category-politica"],"yoast_head":"<!-- This site is optimized with the Yoast SEO plugin v27.5 - https:\/\/yoast.com\/product\/yoast-seo-wordpress\/ -->\n<title>Vereador PC destaca prioridade na pavimenta\u00e7\u00e3o asf\u00e1ltica da MS 465 durante \u00faltima sess\u00e3o na C\u00e2mara Municipal. - MsConectado<\/title>\n<meta name=\"robots\" content=\"index, follow, max-snippet:-1, max-image-preview:large, max-video-preview:-1\" \/>\n<link rel=\"canonical\" href=\"https:\/\/msconectado.com.br\/?p=20603\" \/>\n<meta property=\"og:locale\" content=\"pt_BR\" \/>\n<meta property=\"og:type\" content=\"article\" \/>\n<meta property=\"og:title\" content=\"Vereador PC destaca prioridade na pavimenta\u00e7\u00e3o asf\u00e1ltica da MS 465 durante \u00faltima sess\u00e3o na C\u00e2mara Municipal. - MsConectado\" \/>\n<meta property=\"og:description\" content=\"Durante a \u00faltima sess\u00e3o da C\u00e2mara Municipal, o vereador PC enfatizou a significativa import\u00e2ncia da obra de pavimenta\u00e7\u00e3o asf\u00e1ltica da MS 465 para a comunidade de Rio Brilhante. O compromisso, firmado pelo governador Eduardo Riedel, refor\u00e7a a prioridade na execu\u00e7\u00e3o desse projeto que visa melhorar a infraestrutura vi\u00e1ria na regi\u00e3o. A pavimenta\u00e7\u00e3o asf\u00e1ltica da MS [&hellip;]\" \/>\n<meta property=\"og:url\" content=\"https:\/\/msconectado.com.br\/?p=20603\" \/>\n<meta property=\"og:site_name\" content=\"MsConectado\" \/>\n<meta property=\"article:published_time\" content=\"2023-11-28T03:28:37+00:00\" \/>\n<meta property=\"article:modified_time\" content=\"2023-11-28T03:28:52+00:00\" \/>\n<meta property=\"og:image\" content=\"https:\/\/msconectado.com.br\/wp-content\/uploads\/2023\/11\/92293205-cb5a-4706-9f1b-d7afe292b518.jpg\" \/>\n\t<meta property=\"og:image:width\" content=\"1387\" \/>\n\t<meta property=\"og:image:height\" content=\"935\" \/>\n\t<meta property=\"og:image:type\" content=\"image\/jpeg\" \/>\n<meta name=\"author\" content=\"Jeferson\" \/>\n<meta name=\"twitter:card\" content=\"summary_large_image\" \/>\n<meta name=\"twitter:label1\" content=\"Escrito por\" \/>\n\t<meta name=\"twitter:data1\" content=\"Jeferson\" \/>\n\t<meta name=\"twitter:label2\" content=\"Est. tempo de leitura\" \/>\n\t<meta name=\"twitter:data2\" content=\"1 minuto\" \/>\n<script type=\"application\/ld+json\" class=\"yoast-schema-graph\">{\"@context\":\"https:\\\/\\\/schema.org\",\"@graph\":[{\"@type\":\"Article\",\"@id\":\"https:\\\/\\\/msconectado.com.br\\\/?p=20603#article\",\"isPartOf\":{\"@id\":\"https:\\\/\\\/msconectado.com.br\\\/?p=20603\"},\"author\":{\"name\":\"Jeferson\",\"@id\":\"https:\\\/\\\/msconectado.com.br\\\/#\\\/schema\\\/person\\\/feb123a95a93eebea36f0ed6a2e5ba48\"},\"headline\":\"Vereador PC destaca prioridade na pavimenta\u00e7\u00e3o asf\u00e1ltica da MS 465 durante \u00faltima sess\u00e3o na C\u00e2mara Municipal.\",\"datePublished\":\"2023-11-28T03:28:37+00:00\",\"dateModified\":\"2023-11-28T03:28:52+00:00\",\"mainEntityOfPage\":{\"@id\":\"https:\\\/\\\/msconectado.com.br\\\/?p=20603\"},\"wordCount\":264,\"commentCount\":0,\"publisher\":{\"@id\":\"https:\\\/\\\/msconectado.com.br\\\/#organization\"},\"image\":{\"@id\":\"https:\\\/\\\/msconectado.com.br\\\/?p=20603#primaryimage\"},\"thumbnailUrl\":\"https:\\\/\\\/msconectado.com.br\\\/wp-content\\\/uploads\\\/2023\\\/11\\\/92293205-cb5a-4706-9f1b-d7afe292b518.jpg\",\"articleSection\":[\"Cidades\",\"Not\u00edcia\",\"Pol\u00edtica\"],\"inLanguage\":\"pt-BR\",\"potentialAction\":[{\"@type\":\"CommentAction\",\"name\":\"Comment\",\"target\":[\"https:\\\/\\\/msconectado.com.br\\\/?p=20603#respond\"]}]},{\"@type\":\"WebPage\",\"@id\":\"https:\\\/\\\/msconectado.com.br\\\/?p=20603\",\"url\":\"https:\\\/\\\/msconectado.com.br\\\/?p=20603\",\"name\":\"Vereador PC destaca prioridade na pavimenta\u00e7\u00e3o asf\u00e1ltica da MS 465 durante \u00faltima sess\u00e3o na C\u00e2mara Municipal. - MsConectado\",\"isPartOf\":{\"@id\":\"https:\\\/\\\/msconectado.com.br\\\/#website\"},\"primaryImageOfPage\":{\"@id\":\"https:\\\/\\\/msconectado.com.br\\\/?p=20603#primaryimage\"},\"image\":{\"@id\":\"https:\\\/\\\/msconectado.com.br\\\/?p=20603#primaryimage\"},\"thumbnailUrl\":\"https:\\\/\\\/msconectado.com.br\\\/wp-content\\\/uploads\\\/2023\\\/11\\\/92293205-cb5a-4706-9f1b-d7afe292b518.jpg\",\"datePublished\":\"2023-11-28T03:28:37+00:00\",\"dateModified\":\"2023-11-28T03:28:52+00:00\",\"breadcrumb\":{\"@id\":\"https:\\\/\\\/msconectado.com.br\\\/?p=20603#breadcrumb\"},\"inLanguage\":\"pt-BR\",\"potentialAction\":[{\"@type\":\"ReadAction\",\"target\":[\"https:\\\/\\\/msconectado.com.br\\\/?p=20603\"]}]},{\"@type\":\"ImageObject\",\"inLanguage\":\"pt-BR\",\"@id\":\"https:\\\/\\\/msconectado.com.br\\\/?p=20603#primaryimage\",\"url\":\"https:\\\/\\\/msconectado.com.br\\\/wp-content\\\/uploads\\\/2023\\\/11\\\/92293205-cb5a-4706-9f1b-d7afe292b518.jpg\",\"contentUrl\":\"https:\\\/\\\/msconectado.com.br\\\/wp-content\\\/uploads\\\/2023\\\/11\\\/92293205-cb5a-4706-9f1b-d7afe292b518.jpg\",\"width\":1387,\"height\":935},{\"@type\":\"BreadcrumbList\",\"@id\":\"https:\\\/\\\/msconectado.com.br\\\/?p=20603#breadcrumb\",\"itemListElement\":[{\"@type\":\"ListItem\",\"position\":1,\"name\":\"In\u00edcio\",\"item\":\"https:\\\/\\\/msconectado.com.br\\\/\"},{\"@type\":\"ListItem\",\"position\":2,\"name\":\"Vereador PC destaca prioridade na pavimenta\u00e7\u00e3o asf\u00e1ltica da MS 465 durante \u00faltima sess\u00e3o na C\u00e2mara Municipal.\"}]},{\"@type\":\"WebSite\",\"@id\":\"https:\\\/\\\/msconectado.com.br\\\/#website\",\"url\":\"https:\\\/\\\/msconectado.com.br\\\/\",\"name\":\"MsConectado\",\"description\":\"Voc\u00ea Conectado com a Not\u00edcia!\",\"publisher\":{\"@id\":\"https:\\\/\\\/msconectado.com.br\\\/#organization\"},\"potentialAction\":[{\"@type\":\"SearchAction\",\"target\":{\"@type\":\"EntryPoint\",\"urlTemplate\":\"https:\\\/\\\/msconectado.com.br\\\/?s={search_term_string}\"},\"query-input\":{\"@type\":\"PropertyValueSpecification\",\"valueRequired\":true,\"valueName\":\"search_term_string\"}}],\"inLanguage\":\"pt-BR\"},{\"@type\":\"Organization\",\"@id\":\"https:\\\/\\\/msconectado.com.br\\\/#organization\",\"name\":\"MsConectado\",\"url\":\"https:\\\/\\\/msconectado.com.br\\\/\",\"logo\":{\"@type\":\"ImageObject\",\"inLanguage\":\"pt-BR\",\"@id\":\"https:\\\/\\\/msconectado.com.br\\\/#\\\/schema\\\/logo\\\/image\\\/\",\"url\":\"https:\\\/\\\/msconectado.com.br\\\/wp-content\\\/uploads\\\/2023\\\/01\\\/cropped-noticia-2.png\",\"contentUrl\":\"https:\\\/\\\/msconectado.com.br\\\/wp-content\\\/uploads\\\/2023\\\/01\\\/cropped-noticia-2.png\",\"width\":720,\"height\":157,\"caption\":\"MsConectado\"},\"image\":{\"@id\":\"https:\\\/\\\/msconectado.com.br\\\/#\\\/schema\\\/logo\\\/image\\\/\"}},{\"@type\":\"Person\",\"@id\":\"https:\\\/\\\/msconectado.com.br\\\/#\\\/schema\\\/person\\\/feb123a95a93eebea36f0ed6a2e5ba48\",\"name\":\"Jeferson\",\"image\":{\"@type\":\"ImageObject\",\"inLanguage\":\"pt-BR\",\"@id\":\"https:\\\/\\\/secure.gravatar.com\\\/avatar\\\/e23e8901c88f0cdc0ad479ef7a39bf3e4c806344549c087c00b721a65549a328?s=96&d=mm&r=g\",\"url\":\"https:\\\/\\\/secure.gravatar.com\\\/avatar\\\/e23e8901c88f0cdc0ad479ef7a39bf3e4c806344549c087c00b721a65549a328?s=96&d=mm&r=g\",\"contentUrl\":\"https:\\\/\\\/secure.gravatar.com\\\/avatar\\\/e23e8901c88f0cdc0ad479ef7a39bf3e4c806344549c087c00b721a65549a328?s=96&d=mm&r=g\",\"caption\":\"Jeferson\"},\"url\":\"https:\\\/\\\/msconectado.com.br\\\/?author=3\"}]}<\/script>\n<!-- \/ Yoast SEO plugin. -->","yoast_head_json":{"title":"Vereador PC destaca prioridade na pavimenta\u00e7\u00e3o asf\u00e1ltica da MS 465 durante \u00faltima sess\u00e3o na C\u00e2mara Municipal. - MsConectado","robots":{"index":"index","follow":"follow","max-snippet":"max-snippet:-1","max-image-preview":"max-image-preview:large","max-video-preview":"max-video-preview:-1"},"canonical":"https:\/\/msconectado.com.br\/?p=20603","og_locale":"pt_BR","og_type":"article","og_title":"Vereador PC destaca prioridade na pavimenta\u00e7\u00e3o asf\u00e1ltica da MS 465 durante \u00faltima sess\u00e3o na C\u00e2mara Municipal. - MsConectado","og_description":"Durante a \u00faltima sess\u00e3o da C\u00e2mara Municipal, o vereador PC enfatizou a significativa import\u00e2ncia da obra de pavimenta\u00e7\u00e3o asf\u00e1ltica da MS 465 para a comunidade de Rio Brilhante. O compromisso, firmado pelo governador Eduardo Riedel, refor\u00e7a a prioridade na execu\u00e7\u00e3o desse projeto que visa melhorar a infraestrutura vi\u00e1ria na regi\u00e3o. A pavimenta\u00e7\u00e3o asf\u00e1ltica da MS [&hellip;]","og_url":"https:\/\/msconectado.com.br\/?p=20603","og_site_name":"MsConectado","article_published_time":"2023-11-28T03:28:37+00:00","article_modified_time":"2023-11-28T03:28:52+00:00","og_image":[{"width":1387,"height":935,"url":"https:\/\/msconectado.com.br\/wp-content\/uploads\/2023\/11\/92293205-cb5a-4706-9f1b-d7afe292b518.jpg","type":"image\/jpeg"}],"author":"Jeferson","twitter_card":"summary_large_image","twitter_misc":{"Escrito por":"Jeferson","Est. tempo de leitura":"1 minuto"},"schema":{"@context":"https:\/\/schema.org","@graph":[{"@type":"Article","@id":"https:\/\/msconectado.com.br\/?p=20603#article","isPartOf":{"@id":"https:\/\/msconectado.com.br\/?p=20603"},"author":{"name":"Jeferson","@id":"https:\/\/msconectado.com.br\/#\/schema\/person\/feb123a95a93eebea36f0ed6a2e5ba48"},"headline":"Vereador PC destaca prioridade na pavimenta\u00e7\u00e3o asf\u00e1ltica da MS 465 durante \u00faltima sess\u00e3o na C\u00e2mara Municipal.","datePublished":"2023-11-28T03:28:37+00:00","dateModified":"2023-11-28T03:28:52+00:00","mainEntityOfPage":{"@id":"https:\/\/msconectado.com.br\/?p=20603"},"wordCount":264,"commentCount":0,"publisher":{"@id":"https:\/\/msconectado.com.br\/#organization"},"image":{"@id":"https:\/\/msconectado.com.br\/?p=20603#primaryimage"},"thumbnailUrl":"https:\/\/msconectado.com.br\/wp-content\/uploads\/2023\/11\/92293205-cb5a-4706-9f1b-d7afe292b518.jpg","articleSection":["Cidades","Not\u00edcia","Pol\u00edtica"],"inLanguage":"pt-BR","potentialAction":[{"@type":"CommentAction","name":"Comment","target":["https:\/\/msconectado.com.br\/?p=20603#respond"]}]},{"@type":"WebPage","@id":"https:\/\/msconectado.com.br\/?p=20603","url":"https:\/\/msconectado.com.br\/?p=20603","name":"Vereador PC destaca prioridade na pavimenta\u00e7\u00e3o asf\u00e1ltica da MS 465 durante \u00faltima sess\u00e3o na C\u00e2mara Municipal. - MsConectado","isPartOf":{"@id":"https:\/\/msconectado.com.br\/#website"},"primaryImageOfPage":{"@id":"https:\/\/msconectado.com.br\/?p=20603#primaryimage"},"image":{"@id":"https:\/\/msconectado.com.br\/?p=20603#primaryimage"},"thumbnailUrl":"https:\/\/msconectado.com.br\/wp-content\/uploads\/2023\/11\/92293205-cb5a-4706-9f1b-d7afe292b518.jpg","datePublished":"2023-11-28T03:28:37+00:00","dateModified":"2023-11-28T03:28:52+00:00","breadcrumb":{"@id":"https:\/\/msconectado.com.br\/?p=20603#breadcrumb"},"inLanguage":"pt-BR","potentialAction":[{"@type":"ReadAction","target":["https:\/\/msconectado.com.br\/?p=20603"]}]},{"@type":"ImageObject","inLanguage":"pt-BR","@id":"https:\/\/msconectado.com.br\/?p=20603#primaryimage","url":"https:\/\/msconectado.com.br\/wp-content\/uploads\/2023\/11\/92293205-cb5a-4706-9f1b-d7afe292b518.jpg","contentUrl":"https:\/\/msconectado.com.br\/wp-content\/uploads\/2023\/11\/92293205-cb5a-4706-9f1b-d7afe292b518.jpg","width":1387,"height":935},{"@type":"BreadcrumbList","@id":"https:\/\/msconectado.com.br\/?p=20603#breadcrumb","itemListElement":[{"@type":"ListItem","position":1,"name":"In\u00edcio","item":"https:\/\/msconectado.com.br\/"},{"@type":"ListItem","position":2,"name":"Vereador PC destaca prioridade na pavimenta\u00e7\u00e3o asf\u00e1ltica da MS 465 durante \u00faltima sess\u00e3o na C\u00e2mara Municipal."}]},{"@type":"WebSite","@id":"https:\/\/msconectado.com.br\/#website","url":"https:\/\/msconectado.com.br\/","name":"MsConectado","description":"Voc\u00ea Conectado com a Not\u00edcia!","publisher":{"@id":"https:\/\/msconectado.com.br\/#organization"},"potentialAction":[{"@type":"SearchAction","target":{"@type":"EntryPoint","urlTemplate":"https:\/\/msconectado.com.br\/?s={search_term_string}"},"query-input":{"@type":"PropertyValueSpecification","valueRequired":true,"valueName":"search_term_string"}}],"inLanguage":"pt-BR"},{"@type":"Organization","@id":"https:\/\/msconectado.com.br\/#organization","name":"MsConectado","url":"https:\/\/msconectado.com.br\/","logo":{"@type":"ImageObject","inLanguage":"pt-BR","@id":"https:\/\/msconectado.com.br\/#\/schema\/logo\/image\/","url":"https:\/\/msconectado.com.br\/wp-content\/uploads\/2023\/01\/cropped-noticia-2.png","contentUrl":"https:\/\/msconectado.com.br\/wp-content\/uploads\/2023\/01\/cropped-noticia-2.png","width":720,"height":157,"caption":"MsConectado"},"image":{"@id":"https:\/\/msconectado.com.br\/#\/schema\/logo\/image\/"}},{"@type":"Person","@id":"https:\/\/msconectado.com.br\/#\/schema\/person\/feb123a95a93eebea36f0ed6a2e5ba48","name":"Jeferson","image":{"@type":"ImageObject","inLanguage":"pt-BR","@id":"https:\/\/secure.gravatar.com\/avatar\/e23e8901c88f0cdc0ad479ef7a39bf3e4c806344549c087c00b721a65549a328?s=96&d=mm&r=g","url":"https:\/\/secure.gravatar.com\/avatar\/e23e8901c88f0cdc0ad479ef7a39bf3e4c806344549c087c00b721a65549a328?s=96&d=mm&r=g","contentUrl":"https:\/\/secure.gravatar.com\/avatar\/e23e8901c88f0cdc0ad479ef7a39bf3e4c806344549c087c00b721a65549a328?s=96&d=mm&r=g","caption":"Jeferson"},"url":"https:\/\/msconectado.com.br\/?author=3"}]}},"_links":{"self":[{"href":"https:\/\/msconectado.com.br\/index.php?rest_route=\/wp\/v2\/posts\/20603","targetHints":{"allow":["GET"]}}],"collection":[{"href":"https:\/\/msconectado.com.br\/index.php?rest_route=\/wp\/v2\/posts"}],"about":[{"href":"https:\/\/msconectado.com.br\/index.php?rest_route=\/wp\/v2\/types\/post"}],"author":[{"embeddable":true,"href":"https:\/\/msconectado.com.br\/index.php?rest_route=\/wp\/v2\/users\/3"}],"replies":[{"embeddable":true,"href":"https:\/\/msconectado.com.br\/index.php?rest_route=%2Fwp%2Fv2%2Fcomments&post=20603"}],"version-history":[{"count":2,"href":"https:\/\/msconectado.com.br\/index.php?rest_route=\/wp\/v2\/posts\/20603\/revisions"}],"predecessor-version":[{"id":20606,"href":"https:\/\/msconectado.com.br\/index.php?rest_route=\/wp\/v2\/posts\/20603\/revisions\/20606"}],"wp:featuredmedia":[{"embeddable":true,"href":"https:\/\/msconectado.com.br\/index.php?rest_route=\/wp\/v2\/media\/20604"}],"wp:attachment":[{"href":"https:\/\/msconectado.com.br\/index.php?rest_route=%2Fwp%2Fv2%2Fmedia&parent=20603"}],"wp:term":[{"taxonomy":"category","embeddable":true,"href":"https:\/\/msconectado.com.br\/index.php?rest_route=%2Fwp%2Fv2%2Fcategories&post=20603"},{"taxonomy":"post_tag","embeddable":true,"href":"https:\/\/msconectado.com.br\/index.php?rest_route=%2Fwp%2Fv2%2Ftags&post=20603"}],"curies":[{"name":"wp","href":"https:\/\/api.w.org\/{rel}","templated":true}]}}