
{"id":20607,"date":"2023-11-28T03:33:05","date_gmt":"2023-11-28T03:33:05","guid":{"rendered":"https:\/\/msconectado.com.br\/?p=20607"},"modified":"2023-11-28T03:33:07","modified_gmt":"2023-11-28T03:33:07","slug":"governo-se-prepara-para-receber-candidatos-no-feirao-da-empregabilidade","status":"publish","type":"post","link":"https:\/\/msconectado.com.br\/?p=20607","title":{"rendered":"Governo se prepara para receber candidatos no Feir\u00e3o da Empregabilidade"},"content":{"rendered":"\n<p>Com uma das menores taxas de desemprego do Pa\u00eds, Mato Grosso do Sul vive uma realidade de plena empregabilidade, com oportunidades de trabalho na maioria de seus munic\u00edpios. O Estado tem promovido uma pol\u00edtica de atra\u00e7\u00e3o de empresas para gerar emprego e renda \u00e0 popula\u00e7\u00e3o. E neste intuito de promover ainda mais o cen\u00e1rio de desenvolvimento econ\u00f4mico e inclus\u00e3o social, o governador Eduardo Riedel se reuniu na manh\u00e3 desta segunda-feira (27) com o diretor-presidente da Funtrab (Funda\u00e7\u00e3o do Trabalho de Mato Grosso do Sul), Ademar Silva Junior, que detalhou os preparativos para o Feir\u00e3o da Empregabilidade, que acontecer\u00e1 amanh\u00e3 (28) na sede da entidade, no centro da capital.<\/p>\n\n\n\n<p>Na oportunidade, Riedel conversou com a equipe de t\u00e9cnicos da Funtrab e percorreu os setores da Funda\u00e7\u00e3o, desde a recep\u00e7\u00e3o onde os candidatos s\u00e3o atendidos. O governador ouviu que o evento visa dar celeridade aos processos seletivos e aproximar empresas contratantes e trabalhadores que est\u00e3o em busca por uma coloca\u00e7\u00e3o no mercado de trabalho.<\/p>\n\n\n<div class=\"wp-block-image\">\n<figure class=\"aligncenter\"><a href=\"https:\/\/agenciadenoticias.ms.gov.br\/wp-content\/uploads\/2023\/11\/FUNTRAB-Foto-Saul-Schramm-21-scaled.jpg\"><img decoding=\"async\" src=\"https:\/\/agenciadenoticias.ms.gov.br\/wp-content\/uploads\/2023\/11\/FUNTRAB-Foto-Saul-Schramm-21-1024x640.jpg\" alt=\"Governados visita a FUNTRAB Foto Saul Schramm\"\/><\/a><\/figure>\n<\/div>\n\n<div class=\"wp-block-image\">\n<figure class=\"aligncenter\"><a href=\"https:\/\/agenciadenoticias.ms.gov.br\/wp-content\/uploads\/2023\/11\/FUNTRAB-Foto-Saul-Schramm-17-scaled.jpg\"><img decoding=\"async\" src=\"https:\/\/agenciadenoticias.ms.gov.br\/wp-content\/uploads\/2023\/11\/FUNTRAB-Foto-Saul-Schramm-17-1024x674.jpg\" alt=\"Governados visita a FUNTRAB Foto Saul Schramm\"\/><\/a><\/figure>\n<\/div>\n\n<div class=\"wp-block-image\">\n<figure class=\"aligncenter\"><a href=\"https:\/\/agenciadenoticias.ms.gov.br\/wp-content\/uploads\/2023\/11\/FUNTRAB-Foto-Saul-Schramm-10-scaled.jpg\"><img decoding=\"async\" src=\"https:\/\/agenciadenoticias.ms.gov.br\/wp-content\/uploads\/2023\/11\/FUNTRAB-Foto-Saul-Schramm-10-1024x697.jpg\" alt=\"Governados visita a FUNTRAB Foto Saul Schramm\"\/><\/a><\/figure>\n<\/div>\n\n\n<p>O chefe do executivo estadual aproveitou para refor\u00e7ar o convite para que as pessoas se apresentem nesta ter\u00e7a-feira (28), na sede da Funtrab (rua 13 de maio, 2.773 \u2013 Centro). &#8220;Quem est\u00e1 procurando uma oportunidade de emprego compare\u00e7a amanh\u00e3 aqui na Funtrab. Estar\u00e3o presentes recrutadores de diversos segmentos&#8221;, completou.&nbsp; A secret\u00e1ria de Assist\u00eancia Social e Direitos Humanos, Patr\u00edcia Cozolino, esteve presente na reuni\u00e3o.&nbsp;<\/p>\n\n\n\n<p>O Feir\u00e3o da Empregabilidade, organizado pela Funtrab em parceria com a ACICG (Associa\u00e7\u00e3o Comercial e Industrial de Campo Grande), ser\u00e1 realizado das 8h \u00e0s 12h e das 13h \u00e0s 16h. Os interessados devem estar munidos de RG, CPF e Carteira de Trabalho e as PcDs (Pessoas com Defici\u00eancia), com o laudo m\u00e9dico atualizado.<\/p>\n\n\n\n<p><em>Alexandre Gonzaga, Comunica\u00e7\u00e3o do Governo de MS<\/em><br><em>Fotos: Saul Shramm<\/em><\/p>\n","protected":false},"excerpt":{"rendered":"<p>Com uma das menores taxas de desemprego do Pa\u00eds, Mato Grosso do Sul vive uma realidade de plena empregabilidade, com oportunidades de trabalho na maioria de seus munic\u00edpios. O Estado tem promovido uma pol\u00edtica de atra\u00e7\u00e3o de empresas para gerar emprego e renda \u00e0 popula\u00e7\u00e3o. E neste intuito de promover ainda mais o cen\u00e1rio de [&hellip;]<\/p>\n","protected":false},"author":3,"featured_media":20608,"comment_status":"open","ping_status":"closed","sticky":false,"template":"","format":"standard","meta":{"footnotes":""},"categories":[35,1,33],"tags":[],"class_list":["post-20607","post","type-post","status-publish","format-standard","has-post-thumbnail","hentry","category-cidades","category-noticia","category-politica"],"yoast_head":"<!-- This site is optimized with the Yoast SEO plugin v27.5 - https:\/\/yoast.com\/product\/yoast-seo-wordpress\/ -->\n<title>Governo se prepara para receber candidatos no Feir\u00e3o da Empregabilidade - MsConectado<\/title>\n<meta name=\"robots\" content=\"index, follow, max-snippet:-1, max-image-preview:large, max-video-preview:-1\" \/>\n<link rel=\"canonical\" href=\"https:\/\/msconectado.com.br\/?p=20607\" \/>\n<meta property=\"og:locale\" content=\"pt_BR\" \/>\n<meta property=\"og:type\" content=\"article\" \/>\n<meta property=\"og:title\" content=\"Governo se prepara para receber candidatos no Feir\u00e3o da Empregabilidade - MsConectado\" \/>\n<meta property=\"og:description\" content=\"Com uma das menores taxas de desemprego do Pa\u00eds, Mato Grosso do Sul vive uma realidade de plena empregabilidade, com oportunidades de trabalho na maioria de seus munic\u00edpios. O Estado tem promovido uma pol\u00edtica de atra\u00e7\u00e3o de empresas para gerar emprego e renda \u00e0 popula\u00e7\u00e3o. E neste intuito de promover ainda mais o cen\u00e1rio de [&hellip;]\" \/>\n<meta property=\"og:url\" content=\"https:\/\/msconectado.com.br\/?p=20607\" \/>\n<meta property=\"og:site_name\" content=\"MsConectado\" \/>\n<meta property=\"article:published_time\" content=\"2023-11-28T03:33:05+00:00\" \/>\n<meta property=\"article:modified_time\" content=\"2023-11-28T03:33:07+00:00\" \/>\n<meta property=\"og:image\" content=\"https:\/\/msconectado.com.br\/wp-content\/uploads\/2023\/11\/reurb-3.jpg\" \/>\n\t<meta property=\"og:image:width\" content=\"730\" \/>\n\t<meta property=\"og:image:height\" content=\"480\" \/>\n\t<meta property=\"og:image:type\" content=\"image\/jpeg\" \/>\n<meta name=\"author\" content=\"Jeferson\" \/>\n<meta name=\"twitter:card\" content=\"summary_large_image\" \/>\n<meta name=\"twitter:label1\" content=\"Escrito por\" \/>\n\t<meta name=\"twitter:data1\" content=\"Jeferson\" \/>\n\t<meta name=\"twitter:label2\" content=\"Est. tempo de leitura\" \/>\n\t<meta name=\"twitter:data2\" content=\"2 minutos\" \/>\n<script type=\"application\/ld+json\" class=\"yoast-schema-graph\">{\"@context\":\"https:\\\/\\\/schema.org\",\"@graph\":[{\"@type\":\"Article\",\"@id\":\"https:\\\/\\\/msconectado.com.br\\\/?p=20607#article\",\"isPartOf\":{\"@id\":\"https:\\\/\\\/msconectado.com.br\\\/?p=20607\"},\"author\":{\"name\":\"Jeferson\",\"@id\":\"https:\\\/\\\/msconectado.com.br\\\/#\\\/schema\\\/person\\\/feb123a95a93eebea36f0ed6a2e5ba48\"},\"headline\":\"Governo se prepara para receber candidatos no Feir\u00e3o da Empregabilidade\",\"datePublished\":\"2023-11-28T03:33:05+00:00\",\"dateModified\":\"2023-11-28T03:33:07+00:00\",\"mainEntityOfPage\":{\"@id\":\"https:\\\/\\\/msconectado.com.br\\\/?p=20607\"},\"wordCount\":323,\"commentCount\":0,\"publisher\":{\"@id\":\"https:\\\/\\\/msconectado.com.br\\\/#organization\"},\"image\":{\"@id\":\"https:\\\/\\\/msconectado.com.br\\\/?p=20607#primaryimage\"},\"thumbnailUrl\":\"https:\\\/\\\/msconectado.com.br\\\/wp-content\\\/uploads\\\/2023\\\/11\\\/reurb-3.jpg\",\"articleSection\":[\"Cidades\",\"Not\u00edcia\",\"Pol\u00edtica\"],\"inLanguage\":\"pt-BR\",\"potentialAction\":[{\"@type\":\"CommentAction\",\"name\":\"Comment\",\"target\":[\"https:\\\/\\\/msconectado.com.br\\\/?p=20607#respond\"]}]},{\"@type\":\"WebPage\",\"@id\":\"https:\\\/\\\/msconectado.com.br\\\/?p=20607\",\"url\":\"https:\\\/\\\/msconectado.com.br\\\/?p=20607\",\"name\":\"Governo se prepara para receber candidatos no Feir\u00e3o da Empregabilidade - MsConectado\",\"isPartOf\":{\"@id\":\"https:\\\/\\\/msconectado.com.br\\\/#website\"},\"primaryImageOfPage\":{\"@id\":\"https:\\\/\\\/msconectado.com.br\\\/?p=20607#primaryimage\"},\"image\":{\"@id\":\"https:\\\/\\\/msconectado.com.br\\\/?p=20607#primaryimage\"},\"thumbnailUrl\":\"https:\\\/\\\/msconectado.com.br\\\/wp-content\\\/uploads\\\/2023\\\/11\\\/reurb-3.jpg\",\"datePublished\":\"2023-11-28T03:33:05+00:00\",\"dateModified\":\"2023-11-28T03:33:07+00:00\",\"breadcrumb\":{\"@id\":\"https:\\\/\\\/msconectado.com.br\\\/?p=20607#breadcrumb\"},\"inLanguage\":\"pt-BR\",\"potentialAction\":[{\"@type\":\"ReadAction\",\"target\":[\"https:\\\/\\\/msconectado.com.br\\\/?p=20607\"]}]},{\"@type\":\"ImageObject\",\"inLanguage\":\"pt-BR\",\"@id\":\"https:\\\/\\\/msconectado.com.br\\\/?p=20607#primaryimage\",\"url\":\"https:\\\/\\\/msconectado.com.br\\\/wp-content\\\/uploads\\\/2023\\\/11\\\/reurb-3.jpg\",\"contentUrl\":\"https:\\\/\\\/msconectado.com.br\\\/wp-content\\\/uploads\\\/2023\\\/11\\\/reurb-3.jpg\",\"width\":730,\"height\":480},{\"@type\":\"BreadcrumbList\",\"@id\":\"https:\\\/\\\/msconectado.com.br\\\/?p=20607#breadcrumb\",\"itemListElement\":[{\"@type\":\"ListItem\",\"position\":1,\"name\":\"In\u00edcio\",\"item\":\"https:\\\/\\\/msconectado.com.br\\\/\"},{\"@type\":\"ListItem\",\"position\":2,\"name\":\"Governo se prepara para receber candidatos no Feir\u00e3o da Empregabilidade\"}]},{\"@type\":\"WebSite\",\"@id\":\"https:\\\/\\\/msconectado.com.br\\\/#website\",\"url\":\"https:\\\/\\\/msconectado.com.br\\\/\",\"name\":\"MsConectado\",\"description\":\"Voc\u00ea Conectado com a Not\u00edcia!\",\"publisher\":{\"@id\":\"https:\\\/\\\/msconectado.com.br\\\/#organization\"},\"potentialAction\":[{\"@type\":\"SearchAction\",\"target\":{\"@type\":\"EntryPoint\",\"urlTemplate\":\"https:\\\/\\\/msconectado.com.br\\\/?s={search_term_string}\"},\"query-input\":{\"@type\":\"PropertyValueSpecification\",\"valueRequired\":true,\"valueName\":\"search_term_string\"}}],\"inLanguage\":\"pt-BR\"},{\"@type\":\"Organization\",\"@id\":\"https:\\\/\\\/msconectado.com.br\\\/#organization\",\"name\":\"MsConectado\",\"url\":\"https:\\\/\\\/msconectado.com.br\\\/\",\"logo\":{\"@type\":\"ImageObject\",\"inLanguage\":\"pt-BR\",\"@id\":\"https:\\\/\\\/msconectado.com.br\\\/#\\\/schema\\\/logo\\\/image\\\/\",\"url\":\"https:\\\/\\\/msconectado.com.br\\\/wp-content\\\/uploads\\\/2023\\\/01\\\/cropped-noticia-2.png\",\"contentUrl\":\"https:\\\/\\\/msconectado.com.br\\\/wp-content\\\/uploads\\\/2023\\\/01\\\/cropped-noticia-2.png\",\"width\":720,\"height\":157,\"caption\":\"MsConectado\"},\"image\":{\"@id\":\"https:\\\/\\\/msconectado.com.br\\\/#\\\/schema\\\/logo\\\/image\\\/\"}},{\"@type\":\"Person\",\"@id\":\"https:\\\/\\\/msconectado.com.br\\\/#\\\/schema\\\/person\\\/feb123a95a93eebea36f0ed6a2e5ba48\",\"name\":\"Jeferson\",\"image\":{\"@type\":\"ImageObject\",\"inLanguage\":\"pt-BR\",\"@id\":\"https:\\\/\\\/secure.gravatar.com\\\/avatar\\\/e23e8901c88f0cdc0ad479ef7a39bf3e4c806344549c087c00b721a65549a328?s=96&d=mm&r=g\",\"url\":\"https:\\\/\\\/secure.gravatar.com\\\/avatar\\\/e23e8901c88f0cdc0ad479ef7a39bf3e4c806344549c087c00b721a65549a328?s=96&d=mm&r=g\",\"contentUrl\":\"https:\\\/\\\/secure.gravatar.com\\\/avatar\\\/e23e8901c88f0cdc0ad479ef7a39bf3e4c806344549c087c00b721a65549a328?s=96&d=mm&r=g\",\"caption\":\"Jeferson\"},\"url\":\"https:\\\/\\\/msconectado.com.br\\\/?author=3\"}]}<\/script>\n<!-- \/ Yoast SEO plugin. -->","yoast_head_json":{"title":"Governo se prepara para receber candidatos no Feir\u00e3o da Empregabilidade - MsConectado","robots":{"index":"index","follow":"follow","max-snippet":"max-snippet:-1","max-image-preview":"max-image-preview:large","max-video-preview":"max-video-preview:-1"},"canonical":"https:\/\/msconectado.com.br\/?p=20607","og_locale":"pt_BR","og_type":"article","og_title":"Governo se prepara para receber candidatos no Feir\u00e3o da Empregabilidade - MsConectado","og_description":"Com uma das menores taxas de desemprego do Pa\u00eds, Mato Grosso do Sul vive uma realidade de plena empregabilidade, com oportunidades de trabalho na maioria de seus munic\u00edpios. O Estado tem promovido uma pol\u00edtica de atra\u00e7\u00e3o de empresas para gerar emprego e renda \u00e0 popula\u00e7\u00e3o. E neste intuito de promover ainda mais o cen\u00e1rio de [&hellip;]","og_url":"https:\/\/msconectado.com.br\/?p=20607","og_site_name":"MsConectado","article_published_time":"2023-11-28T03:33:05+00:00","article_modified_time":"2023-11-28T03:33:07+00:00","og_image":[{"width":730,"height":480,"url":"https:\/\/msconectado.com.br\/wp-content\/uploads\/2023\/11\/reurb-3.jpg","type":"image\/jpeg"}],"author":"Jeferson","twitter_card":"summary_large_image","twitter_misc":{"Escrito por":"Jeferson","Est. tempo de leitura":"2 minutos"},"schema":{"@context":"https:\/\/schema.org","@graph":[{"@type":"Article","@id":"https:\/\/msconectado.com.br\/?p=20607#article","isPartOf":{"@id":"https:\/\/msconectado.com.br\/?p=20607"},"author":{"name":"Jeferson","@id":"https:\/\/msconectado.com.br\/#\/schema\/person\/feb123a95a93eebea36f0ed6a2e5ba48"},"headline":"Governo se prepara para receber candidatos no Feir\u00e3o da Empregabilidade","datePublished":"2023-11-28T03:33:05+00:00","dateModified":"2023-11-28T03:33:07+00:00","mainEntityOfPage":{"@id":"https:\/\/msconectado.com.br\/?p=20607"},"wordCount":323,"commentCount":0,"publisher":{"@id":"https:\/\/msconectado.com.br\/#organization"},"image":{"@id":"https:\/\/msconectado.com.br\/?p=20607#primaryimage"},"thumbnailUrl":"https:\/\/msconectado.com.br\/wp-content\/uploads\/2023\/11\/reurb-3.jpg","articleSection":["Cidades","Not\u00edcia","Pol\u00edtica"],"inLanguage":"pt-BR","potentialAction":[{"@type":"CommentAction","name":"Comment","target":["https:\/\/msconectado.com.br\/?p=20607#respond"]}]},{"@type":"WebPage","@id":"https:\/\/msconectado.com.br\/?p=20607","url":"https:\/\/msconectado.com.br\/?p=20607","name":"Governo se prepara para receber candidatos no Feir\u00e3o da Empregabilidade - MsConectado","isPartOf":{"@id":"https:\/\/msconectado.com.br\/#website"},"primaryImageOfPage":{"@id":"https:\/\/msconectado.com.br\/?p=20607#primaryimage"},"image":{"@id":"https:\/\/msconectado.com.br\/?p=20607#primaryimage"},"thumbnailUrl":"https:\/\/msconectado.com.br\/wp-content\/uploads\/2023\/11\/reurb-3.jpg","datePublished":"2023-11-28T03:33:05+00:00","dateModified":"2023-11-28T03:33:07+00:00","breadcrumb":{"@id":"https:\/\/msconectado.com.br\/?p=20607#breadcrumb"},"inLanguage":"pt-BR","potentialAction":[{"@type":"ReadAction","target":["https:\/\/msconectado.com.br\/?p=20607"]}]},{"@type":"ImageObject","inLanguage":"pt-BR","@id":"https:\/\/msconectado.com.br\/?p=20607#primaryimage","url":"https:\/\/msconectado.com.br\/wp-content\/uploads\/2023\/11\/reurb-3.jpg","contentUrl":"https:\/\/msconectado.com.br\/wp-content\/uploads\/2023\/11\/reurb-3.jpg","width":730,"height":480},{"@type":"BreadcrumbList","@id":"https:\/\/msconectado.com.br\/?p=20607#breadcrumb","itemListElement":[{"@type":"ListItem","position":1,"name":"In\u00edcio","item":"https:\/\/msconectado.com.br\/"},{"@type":"ListItem","position":2,"name":"Governo se prepara para receber candidatos no Feir\u00e3o da Empregabilidade"}]},{"@type":"WebSite","@id":"https:\/\/msconectado.com.br\/#website","url":"https:\/\/msconectado.com.br\/","name":"MsConectado","description":"Voc\u00ea Conectado com a Not\u00edcia!","publisher":{"@id":"https:\/\/msconectado.com.br\/#organization"},"potentialAction":[{"@type":"SearchAction","target":{"@type":"EntryPoint","urlTemplate":"https:\/\/msconectado.com.br\/?s={search_term_string}"},"query-input":{"@type":"PropertyValueSpecification","valueRequired":true,"valueName":"search_term_string"}}],"inLanguage":"pt-BR"},{"@type":"Organization","@id":"https:\/\/msconectado.com.br\/#organization","name":"MsConectado","url":"https:\/\/msconectado.com.br\/","logo":{"@type":"ImageObject","inLanguage":"pt-BR","@id":"https:\/\/msconectado.com.br\/#\/schema\/logo\/image\/","url":"https:\/\/msconectado.com.br\/wp-content\/uploads\/2023\/01\/cropped-noticia-2.png","contentUrl":"https:\/\/msconectado.com.br\/wp-content\/uploads\/2023\/01\/cropped-noticia-2.png","width":720,"height":157,"caption":"MsConectado"},"image":{"@id":"https:\/\/msconectado.com.br\/#\/schema\/logo\/image\/"}},{"@type":"Person","@id":"https:\/\/msconectado.com.br\/#\/schema\/person\/feb123a95a93eebea36f0ed6a2e5ba48","name":"Jeferson","image":{"@type":"ImageObject","inLanguage":"pt-BR","@id":"https:\/\/secure.gravatar.com\/avatar\/e23e8901c88f0cdc0ad479ef7a39bf3e4c806344549c087c00b721a65549a328?s=96&d=mm&r=g","url":"https:\/\/secure.gravatar.com\/avatar\/e23e8901c88f0cdc0ad479ef7a39bf3e4c806344549c087c00b721a65549a328?s=96&d=mm&r=g","contentUrl":"https:\/\/secure.gravatar.com\/avatar\/e23e8901c88f0cdc0ad479ef7a39bf3e4c806344549c087c00b721a65549a328?s=96&d=mm&r=g","caption":"Jeferson"},"url":"https:\/\/msconectado.com.br\/?author=3"}]}},"_links":{"self":[{"href":"https:\/\/msconectado.com.br\/index.php?rest_route=\/wp\/v2\/posts\/20607","targetHints":{"allow":["GET"]}}],"collection":[{"href":"https:\/\/msconectado.com.br\/index.php?rest_route=\/wp\/v2\/posts"}],"about":[{"href":"https:\/\/msconectado.com.br\/index.php?rest_route=\/wp\/v2\/types\/post"}],"author":[{"embeddable":true,"href":"https:\/\/msconectado.com.br\/index.php?rest_route=\/wp\/v2\/users\/3"}],"replies":[{"embeddable":true,"href":"https:\/\/msconectado.com.br\/index.php?rest_route=%2Fwp%2Fv2%2Fcomments&post=20607"}],"version-history":[{"count":1,"href":"https:\/\/msconectado.com.br\/index.php?rest_route=\/wp\/v2\/posts\/20607\/revisions"}],"predecessor-version":[{"id":20609,"href":"https:\/\/msconectado.com.br\/index.php?rest_route=\/wp\/v2\/posts\/20607\/revisions\/20609"}],"wp:featuredmedia":[{"embeddable":true,"href":"https:\/\/msconectado.com.br\/index.php?rest_route=\/wp\/v2\/media\/20608"}],"wp:attachment":[{"href":"https:\/\/msconectado.com.br\/index.php?rest_route=%2Fwp%2Fv2%2Fmedia&parent=20607"}],"wp:term":[{"taxonomy":"category","embeddable":true,"href":"https:\/\/msconectado.com.br\/index.php?rest_route=%2Fwp%2Fv2%2Fcategories&post=20607"},{"taxonomy":"post_tag","embeddable":true,"href":"https:\/\/msconectado.com.br\/index.php?rest_route=%2Fwp%2Fv2%2Ftags&post=20607"}],"curies":[{"name":"wp","href":"https:\/\/api.w.org\/{rel}","templated":true}]}}