
{"id":20610,"date":"2023-11-29T09:25:35","date_gmt":"2023-11-29T09:25:35","guid":{"rendered":"https:\/\/msconectado.com.br\/?p=20610"},"modified":"2023-11-29T09:39:20","modified_gmt":"2023-11-29T09:39:20","slug":"cleber-reforca-dialogo-com-liderancas-politicas-em-reuniao-promissora","status":"publish","type":"post","link":"https:\/\/msconectado.com.br\/?p=20610","title":{"rendered":"Cleber refor\u00e7a di\u00e1logo com lideran\u00e7as pol\u00edticas em reuni\u00e3o promissora"},"content":{"rendered":"\n<p>Em uma iniciativa voltada para o desenvolvimento e progresso da cidade de Vicentina, Cleber esteve reunido no \u00faltimo dia 28 de novembro em Campo Grande com o deputado Lucas de Lima, representante do PDT, e a deputada Mara Caseiro, do PSDB.<\/p>\n\n\n\n<p>O encontro foi marcado por discuss\u00f5es construtivas e busca por parcerias que possam contribuir para o aprimoramento da qualidade de vida e o desenvolvimento socioecon\u00f4mico local. Cleber, ao lado das lideran\u00e7as Maria do Socorro e Daniel Il\u00e1rio, destacou a import\u00e2ncia de estabelecer la\u00e7os s\u00f3lidos com os representantes pol\u00edticos da regi\u00e3o.<\/p>\n\n\n\n<p>A reuni\u00e3o teve como foco principal a identifica\u00e7\u00e3o de projetos e a\u00e7\u00f5es que possam ser implementados em conjunto para promover melhorias significativas no futuro da cidade. Cleber ressaltou a necessidade de parcerias entre lideran\u00e7as locais e os representantes no Legislativo, a fim de potencializar esfor\u00e7os em prol do bem-estar da comunidade.<\/p>\n\n\n<div class=\"wp-block-image\">\n<figure class=\"aligncenter size-full\"><img fetchpriority=\"high\" decoding=\"async\" width=\"1024\" height=\"683\" src=\"https:\/\/msconectado.com.br\/wp-content\/uploads\/2023\/11\/mara.jpg\" alt=\"\" class=\"wp-image-20611\" srcset=\"https:\/\/msconectado.com.br\/wp-content\/uploads\/2023\/11\/mara.jpg 1024w, https:\/\/msconectado.com.br\/wp-content\/uploads\/2023\/11\/mara-300x200.jpg 300w, https:\/\/msconectado.com.br\/wp-content\/uploads\/2023\/11\/mara-768x512.jpg 768w, https:\/\/msconectado.com.br\/wp-content\/uploads\/2023\/11\/mara-360x240.jpg 360w\" sizes=\"(max-width: 1024px) 100vw, 1024px\" \/><\/figure>\n<\/div>\n\n\n<p>Maria do Socorro e Daniel Il\u00e1rio, l\u00edderes influentes na cidade, manifestaram apoio \u00e0s iniciativas propostas durante a reuni\u00e3o e destacaram a import\u00e2ncia de unir esfor\u00e7os para superar desafios e impulsionar o progresso de Vicentina. A troca de ideias e o alinhamento de objetivos fortaleceram os la\u00e7os entre os presentes, sinalizando uma colabora\u00e7\u00e3o cont\u00ednua em futuras a\u00e7\u00f5es em benef\u00edcio da comunidade.<\/p>\n\n\n\n<p>Ao final do encontro, Cleber expressou otimismo em rela\u00e7\u00e3o \u00e0s poss\u00edveis parcerias e a\u00e7\u00f5es que podem resultar desse di\u00e1logo construtivo. A expectativa \u00e9 de que as propostas discutidas durante a reuni\u00e3o se transformem em medidas concretas, contribuindo para o avan\u00e7o e aprimoramento da cidade de Vicentina.<\/p>\n\n\n<div class=\"wp-block-image\">\n<figure class=\"aligncenter size-full\"><img decoding=\"async\" width=\"1024\" height=\"683\" src=\"https:\/\/msconectado.com.br\/wp-content\/uploads\/2023\/11\/6dd6dd0b-7437-442c-a335-a9ecc11b24e3.jpg\" alt=\"\" class=\"wp-image-20612\" srcset=\"https:\/\/msconectado.com.br\/wp-content\/uploads\/2023\/11\/6dd6dd0b-7437-442c-a335-a9ecc11b24e3.jpg 1024w, https:\/\/msconectado.com.br\/wp-content\/uploads\/2023\/11\/6dd6dd0b-7437-442c-a335-a9ecc11b24e3-300x200.jpg 300w, https:\/\/msconectado.com.br\/wp-content\/uploads\/2023\/11\/6dd6dd0b-7437-442c-a335-a9ecc11b24e3-768x512.jpg 768w, https:\/\/msconectado.com.br\/wp-content\/uploads\/2023\/11\/6dd6dd0b-7437-442c-a335-a9ecc11b24e3-360x240.jpg 360w\" sizes=\"(max-width: 1024px) 100vw, 1024px\" \/><\/figure>\n<\/div>\n\n\n<p>Reda\u00e7\u00e3o<\/p>\n","protected":false},"excerpt":{"rendered":"<p>Em uma iniciativa voltada para o desenvolvimento e progresso da cidade de Vicentina, Cleber esteve reunido no \u00faltimo dia 28 de novembro em Campo Grande com o deputado Lucas de Lima, representante do PDT, e a deputada Mara Caseiro, do PSDB. O encontro foi marcado por discuss\u00f5es construtivas e busca por parcerias que possam contribuir [&hellip;]<\/p>\n","protected":false},"author":2,"featured_media":20615,"comment_status":"open","ping_status":"closed","sticky":false,"template":"","format":"standard","meta":{"footnotes":""},"categories":[35,1],"tags":[],"class_list":["post-20610","post","type-post","status-publish","format-standard","has-post-thumbnail","hentry","category-cidades","category-noticia"],"yoast_head":"<!-- This site is optimized with the Yoast SEO plugin v27.5 - https:\/\/yoast.com\/product\/yoast-seo-wordpress\/ -->\n<title>Cleber refor\u00e7a di\u00e1logo com lideran\u00e7as pol\u00edticas em reuni\u00e3o promissora - MsConectado<\/title>\n<meta name=\"robots\" content=\"index, follow, max-snippet:-1, max-image-preview:large, max-video-preview:-1\" \/>\n<link rel=\"canonical\" href=\"https:\/\/msconectado.com.br\/?p=20610\" \/>\n<meta property=\"og:locale\" content=\"pt_BR\" \/>\n<meta property=\"og:type\" content=\"article\" \/>\n<meta property=\"og:title\" content=\"Cleber refor\u00e7a di\u00e1logo com lideran\u00e7as pol\u00edticas em reuni\u00e3o promissora - MsConectado\" \/>\n<meta property=\"og:description\" content=\"Em uma iniciativa voltada para o desenvolvimento e progresso da cidade de Vicentina, Cleber esteve reunido no \u00faltimo dia 28 de novembro em Campo Grande com o deputado Lucas de Lima, representante do PDT, e a deputada Mara Caseiro, do PSDB. O encontro foi marcado por discuss\u00f5es construtivas e busca por parcerias que possam contribuir [&hellip;]\" \/>\n<meta property=\"og:url\" content=\"https:\/\/msconectado.com.br\/?p=20610\" \/>\n<meta property=\"og:site_name\" content=\"MsConectado\" \/>\n<meta property=\"article:published_time\" content=\"2023-11-29T09:25:35+00:00\" \/>\n<meta property=\"article:modified_time\" content=\"2023-11-29T09:39:20+00:00\" \/>\n<meta property=\"og:image\" content=\"https:\/\/msconectado.com.br\/wp-content\/uploads\/2023\/11\/lucas-1.jpg\" \/>\n\t<meta property=\"og:image:width\" content=\"1197\" \/>\n\t<meta property=\"og:image:height\" content=\"614\" \/>\n\t<meta property=\"og:image:type\" content=\"image\/jpeg\" \/>\n<meta name=\"author\" content=\"MsConectado\" \/>\n<meta name=\"twitter:card\" content=\"summary_large_image\" \/>\n<meta name=\"twitter:label1\" content=\"Escrito por\" \/>\n\t<meta name=\"twitter:data1\" content=\"MsConectado\" \/>\n\t<meta name=\"twitter:label2\" content=\"Est. tempo de leitura\" \/>\n\t<meta name=\"twitter:data2\" content=\"1 minuto\" \/>\n<script type=\"application\/ld+json\" class=\"yoast-schema-graph\">{\"@context\":\"https:\\\/\\\/schema.org\",\"@graph\":[{\"@type\":\"Article\",\"@id\":\"https:\\\/\\\/msconectado.com.br\\\/?p=20610#article\",\"isPartOf\":{\"@id\":\"https:\\\/\\\/msconectado.com.br\\\/?p=20610\"},\"author\":{\"name\":\"MsConectado\",\"@id\":\"https:\\\/\\\/msconectado.com.br\\\/#\\\/schema\\\/person\\\/e5585545b5687092f1041d350b6e2c16\"},\"headline\":\"Cleber refor\u00e7a di\u00e1logo com lideran\u00e7as pol\u00edticas em reuni\u00e3o promissora\",\"datePublished\":\"2023-11-29T09:25:35+00:00\",\"dateModified\":\"2023-11-29T09:39:20+00:00\",\"mainEntityOfPage\":{\"@id\":\"https:\\\/\\\/msconectado.com.br\\\/?p=20610\"},\"wordCount\":292,\"commentCount\":0,\"publisher\":{\"@id\":\"https:\\\/\\\/msconectado.com.br\\\/#organization\"},\"image\":{\"@id\":\"https:\\\/\\\/msconectado.com.br\\\/?p=20610#primaryimage\"},\"thumbnailUrl\":\"https:\\\/\\\/msconectado.com.br\\\/wp-content\\\/uploads\\\/2023\\\/11\\\/lucas-1.jpg\",\"articleSection\":[\"Cidades\",\"Not\u00edcia\"],\"inLanguage\":\"pt-BR\",\"potentialAction\":[{\"@type\":\"CommentAction\",\"name\":\"Comment\",\"target\":[\"https:\\\/\\\/msconectado.com.br\\\/?p=20610#respond\"]}]},{\"@type\":\"WebPage\",\"@id\":\"https:\\\/\\\/msconectado.com.br\\\/?p=20610\",\"url\":\"https:\\\/\\\/msconectado.com.br\\\/?p=20610\",\"name\":\"Cleber refor\u00e7a di\u00e1logo com lideran\u00e7as pol\u00edticas em reuni\u00e3o promissora - MsConectado\",\"isPartOf\":{\"@id\":\"https:\\\/\\\/msconectado.com.br\\\/#website\"},\"primaryImageOfPage\":{\"@id\":\"https:\\\/\\\/msconectado.com.br\\\/?p=20610#primaryimage\"},\"image\":{\"@id\":\"https:\\\/\\\/msconectado.com.br\\\/?p=20610#primaryimage\"},\"thumbnailUrl\":\"https:\\\/\\\/msconectado.com.br\\\/wp-content\\\/uploads\\\/2023\\\/11\\\/lucas-1.jpg\",\"datePublished\":\"2023-11-29T09:25:35+00:00\",\"dateModified\":\"2023-11-29T09:39:20+00:00\",\"breadcrumb\":{\"@id\":\"https:\\\/\\\/msconectado.com.br\\\/?p=20610#breadcrumb\"},\"inLanguage\":\"pt-BR\",\"potentialAction\":[{\"@type\":\"ReadAction\",\"target\":[\"https:\\\/\\\/msconectado.com.br\\\/?p=20610\"]}]},{\"@type\":\"ImageObject\",\"inLanguage\":\"pt-BR\",\"@id\":\"https:\\\/\\\/msconectado.com.br\\\/?p=20610#primaryimage\",\"url\":\"https:\\\/\\\/msconectado.com.br\\\/wp-content\\\/uploads\\\/2023\\\/11\\\/lucas-1.jpg\",\"contentUrl\":\"https:\\\/\\\/msconectado.com.br\\\/wp-content\\\/uploads\\\/2023\\\/11\\\/lucas-1.jpg\",\"width\":1197,\"height\":614},{\"@type\":\"BreadcrumbList\",\"@id\":\"https:\\\/\\\/msconectado.com.br\\\/?p=20610#breadcrumb\",\"itemListElement\":[{\"@type\":\"ListItem\",\"position\":1,\"name\":\"In\u00edcio\",\"item\":\"https:\\\/\\\/msconectado.com.br\\\/\"},{\"@type\":\"ListItem\",\"position\":2,\"name\":\"Cleber refor\u00e7a di\u00e1logo com lideran\u00e7as pol\u00edticas em reuni\u00e3o promissora\"}]},{\"@type\":\"WebSite\",\"@id\":\"https:\\\/\\\/msconectado.com.br\\\/#website\",\"url\":\"https:\\\/\\\/msconectado.com.br\\\/\",\"name\":\"MsConectado\",\"description\":\"Voc\u00ea Conectado com a Not\u00edcia!\",\"publisher\":{\"@id\":\"https:\\\/\\\/msconectado.com.br\\\/#organization\"},\"potentialAction\":[{\"@type\":\"SearchAction\",\"target\":{\"@type\":\"EntryPoint\",\"urlTemplate\":\"https:\\\/\\\/msconectado.com.br\\\/?s={search_term_string}\"},\"query-input\":{\"@type\":\"PropertyValueSpecification\",\"valueRequired\":true,\"valueName\":\"search_term_string\"}}],\"inLanguage\":\"pt-BR\"},{\"@type\":\"Organization\",\"@id\":\"https:\\\/\\\/msconectado.com.br\\\/#organization\",\"name\":\"MsConectado\",\"url\":\"https:\\\/\\\/msconectado.com.br\\\/\",\"logo\":{\"@type\":\"ImageObject\",\"inLanguage\":\"pt-BR\",\"@id\":\"https:\\\/\\\/msconectado.com.br\\\/#\\\/schema\\\/logo\\\/image\\\/\",\"url\":\"https:\\\/\\\/msconectado.com.br\\\/wp-content\\\/uploads\\\/2023\\\/01\\\/cropped-noticia-2.png\",\"contentUrl\":\"https:\\\/\\\/msconectado.com.br\\\/wp-content\\\/uploads\\\/2023\\\/01\\\/cropped-noticia-2.png\",\"width\":720,\"height\":157,\"caption\":\"MsConectado\"},\"image\":{\"@id\":\"https:\\\/\\\/msconectado.com.br\\\/#\\\/schema\\\/logo\\\/image\\\/\"}},{\"@type\":\"Person\",\"@id\":\"https:\\\/\\\/msconectado.com.br\\\/#\\\/schema\\\/person\\\/e5585545b5687092f1041d350b6e2c16\",\"name\":\"MsConectado\",\"image\":{\"@type\":\"ImageObject\",\"inLanguage\":\"pt-BR\",\"@id\":\"https:\\\/\\\/secure.gravatar.com\\\/avatar\\\/3b4f84a0a8a4380ac4431fa79981d073692380c5da00ae97596e794ab0db5c8c?s=96&d=mm&r=g\",\"url\":\"https:\\\/\\\/secure.gravatar.com\\\/avatar\\\/3b4f84a0a8a4380ac4431fa79981d073692380c5da00ae97596e794ab0db5c8c?s=96&d=mm&r=g\",\"contentUrl\":\"https:\\\/\\\/secure.gravatar.com\\\/avatar\\\/3b4f84a0a8a4380ac4431fa79981d073692380c5da00ae97596e794ab0db5c8c?s=96&d=mm&r=g\",\"caption\":\"MsConectado\"},\"url\":\"https:\\\/\\\/msconectado.com.br\\\/?author=2\"}]}<\/script>\n<!-- \/ Yoast SEO plugin. -->","yoast_head_json":{"title":"Cleber refor\u00e7a di\u00e1logo com lideran\u00e7as pol\u00edticas em reuni\u00e3o promissora - MsConectado","robots":{"index":"index","follow":"follow","max-snippet":"max-snippet:-1","max-image-preview":"max-image-preview:large","max-video-preview":"max-video-preview:-1"},"canonical":"https:\/\/msconectado.com.br\/?p=20610","og_locale":"pt_BR","og_type":"article","og_title":"Cleber refor\u00e7a di\u00e1logo com lideran\u00e7as pol\u00edticas em reuni\u00e3o promissora - MsConectado","og_description":"Em uma iniciativa voltada para o desenvolvimento e progresso da cidade de Vicentina, Cleber esteve reunido no \u00faltimo dia 28 de novembro em Campo Grande com o deputado Lucas de Lima, representante do PDT, e a deputada Mara Caseiro, do PSDB. O encontro foi marcado por discuss\u00f5es construtivas e busca por parcerias que possam contribuir [&hellip;]","og_url":"https:\/\/msconectado.com.br\/?p=20610","og_site_name":"MsConectado","article_published_time":"2023-11-29T09:25:35+00:00","article_modified_time":"2023-11-29T09:39:20+00:00","og_image":[{"width":1197,"height":614,"url":"https:\/\/msconectado.com.br\/wp-content\/uploads\/2023\/11\/lucas-1.jpg","type":"image\/jpeg"}],"author":"MsConectado","twitter_card":"summary_large_image","twitter_misc":{"Escrito por":"MsConectado","Est. tempo de leitura":"1 minuto"},"schema":{"@context":"https:\/\/schema.org","@graph":[{"@type":"Article","@id":"https:\/\/msconectado.com.br\/?p=20610#article","isPartOf":{"@id":"https:\/\/msconectado.com.br\/?p=20610"},"author":{"name":"MsConectado","@id":"https:\/\/msconectado.com.br\/#\/schema\/person\/e5585545b5687092f1041d350b6e2c16"},"headline":"Cleber refor\u00e7a di\u00e1logo com lideran\u00e7as pol\u00edticas em reuni\u00e3o promissora","datePublished":"2023-11-29T09:25:35+00:00","dateModified":"2023-11-29T09:39:20+00:00","mainEntityOfPage":{"@id":"https:\/\/msconectado.com.br\/?p=20610"},"wordCount":292,"commentCount":0,"publisher":{"@id":"https:\/\/msconectado.com.br\/#organization"},"image":{"@id":"https:\/\/msconectado.com.br\/?p=20610#primaryimage"},"thumbnailUrl":"https:\/\/msconectado.com.br\/wp-content\/uploads\/2023\/11\/lucas-1.jpg","articleSection":["Cidades","Not\u00edcia"],"inLanguage":"pt-BR","potentialAction":[{"@type":"CommentAction","name":"Comment","target":["https:\/\/msconectado.com.br\/?p=20610#respond"]}]},{"@type":"WebPage","@id":"https:\/\/msconectado.com.br\/?p=20610","url":"https:\/\/msconectado.com.br\/?p=20610","name":"Cleber refor\u00e7a di\u00e1logo com lideran\u00e7as pol\u00edticas em reuni\u00e3o promissora - MsConectado","isPartOf":{"@id":"https:\/\/msconectado.com.br\/#website"},"primaryImageOfPage":{"@id":"https:\/\/msconectado.com.br\/?p=20610#primaryimage"},"image":{"@id":"https:\/\/msconectado.com.br\/?p=20610#primaryimage"},"thumbnailUrl":"https:\/\/msconectado.com.br\/wp-content\/uploads\/2023\/11\/lucas-1.jpg","datePublished":"2023-11-29T09:25:35+00:00","dateModified":"2023-11-29T09:39:20+00:00","breadcrumb":{"@id":"https:\/\/msconectado.com.br\/?p=20610#breadcrumb"},"inLanguage":"pt-BR","potentialAction":[{"@type":"ReadAction","target":["https:\/\/msconectado.com.br\/?p=20610"]}]},{"@type":"ImageObject","inLanguage":"pt-BR","@id":"https:\/\/msconectado.com.br\/?p=20610#primaryimage","url":"https:\/\/msconectado.com.br\/wp-content\/uploads\/2023\/11\/lucas-1.jpg","contentUrl":"https:\/\/msconectado.com.br\/wp-content\/uploads\/2023\/11\/lucas-1.jpg","width":1197,"height":614},{"@type":"BreadcrumbList","@id":"https:\/\/msconectado.com.br\/?p=20610#breadcrumb","itemListElement":[{"@type":"ListItem","position":1,"name":"In\u00edcio","item":"https:\/\/msconectado.com.br\/"},{"@type":"ListItem","position":2,"name":"Cleber refor\u00e7a di\u00e1logo com lideran\u00e7as pol\u00edticas em reuni\u00e3o promissora"}]},{"@type":"WebSite","@id":"https:\/\/msconectado.com.br\/#website","url":"https:\/\/msconectado.com.br\/","name":"MsConectado","description":"Voc\u00ea Conectado com a Not\u00edcia!","publisher":{"@id":"https:\/\/msconectado.com.br\/#organization"},"potentialAction":[{"@type":"SearchAction","target":{"@type":"EntryPoint","urlTemplate":"https:\/\/msconectado.com.br\/?s={search_term_string}"},"query-input":{"@type":"PropertyValueSpecification","valueRequired":true,"valueName":"search_term_string"}}],"inLanguage":"pt-BR"},{"@type":"Organization","@id":"https:\/\/msconectado.com.br\/#organization","name":"MsConectado","url":"https:\/\/msconectado.com.br\/","logo":{"@type":"ImageObject","inLanguage":"pt-BR","@id":"https:\/\/msconectado.com.br\/#\/schema\/logo\/image\/","url":"https:\/\/msconectado.com.br\/wp-content\/uploads\/2023\/01\/cropped-noticia-2.png","contentUrl":"https:\/\/msconectado.com.br\/wp-content\/uploads\/2023\/01\/cropped-noticia-2.png","width":720,"height":157,"caption":"MsConectado"},"image":{"@id":"https:\/\/msconectado.com.br\/#\/schema\/logo\/image\/"}},{"@type":"Person","@id":"https:\/\/msconectado.com.br\/#\/schema\/person\/e5585545b5687092f1041d350b6e2c16","name":"MsConectado","image":{"@type":"ImageObject","inLanguage":"pt-BR","@id":"https:\/\/secure.gravatar.com\/avatar\/3b4f84a0a8a4380ac4431fa79981d073692380c5da00ae97596e794ab0db5c8c?s=96&d=mm&r=g","url":"https:\/\/secure.gravatar.com\/avatar\/3b4f84a0a8a4380ac4431fa79981d073692380c5da00ae97596e794ab0db5c8c?s=96&d=mm&r=g","contentUrl":"https:\/\/secure.gravatar.com\/avatar\/3b4f84a0a8a4380ac4431fa79981d073692380c5da00ae97596e794ab0db5c8c?s=96&d=mm&r=g","caption":"MsConectado"},"url":"https:\/\/msconectado.com.br\/?author=2"}]}},"_links":{"self":[{"href":"https:\/\/msconectado.com.br\/index.php?rest_route=\/wp\/v2\/posts\/20610","targetHints":{"allow":["GET"]}}],"collection":[{"href":"https:\/\/msconectado.com.br\/index.php?rest_route=\/wp\/v2\/posts"}],"about":[{"href":"https:\/\/msconectado.com.br\/index.php?rest_route=\/wp\/v2\/types\/post"}],"author":[{"embeddable":true,"href":"https:\/\/msconectado.com.br\/index.php?rest_route=\/wp\/v2\/users\/2"}],"replies":[{"embeddable":true,"href":"https:\/\/msconectado.com.br\/index.php?rest_route=%2Fwp%2Fv2%2Fcomments&post=20610"}],"version-history":[{"count":1,"href":"https:\/\/msconectado.com.br\/index.php?rest_route=\/wp\/v2\/posts\/20610\/revisions"}],"predecessor-version":[{"id":20614,"href":"https:\/\/msconectado.com.br\/index.php?rest_route=\/wp\/v2\/posts\/20610\/revisions\/20614"}],"wp:featuredmedia":[{"embeddable":true,"href":"https:\/\/msconectado.com.br\/index.php?rest_route=\/wp\/v2\/media\/20615"}],"wp:attachment":[{"href":"https:\/\/msconectado.com.br\/index.php?rest_route=%2Fwp%2Fv2%2Fmedia&parent=20610"}],"wp:term":[{"taxonomy":"category","embeddable":true,"href":"https:\/\/msconectado.com.br\/index.php?rest_route=%2Fwp%2Fv2%2Fcategories&post=20610"},{"taxonomy":"post_tag","embeddable":true,"href":"https:\/\/msconectado.com.br\/index.php?rest_route=%2Fwp%2Fv2%2Ftags&post=20610"}],"curies":[{"name":"wp","href":"https:\/\/api.w.org\/{rel}","templated":true}]}}