
{"id":20629,"date":"2023-12-02T17:49:12","date_gmt":"2023-12-02T17:49:12","guid":{"rendered":"https:\/\/msconectado.com.br\/?p=20629"},"modified":"2023-12-02T17:49:14","modified_gmt":"2023-12-02T17:49:14","slug":"magia-natalina-ilumina-rio-brilhante-abertura-oficial-do-3o-natal-brilhante-e-um-espetaculo-para-toda-a-familia","status":"publish","type":"post","link":"https:\/\/msconectado.com.br\/?p=20629","title":{"rendered":"Magia Natalina Ilumina Rio Brilhante: Abertura Oficial do 3\u00ba Natal Brilhante \u00e9 um Espet\u00e1culo para Toda a Fam\u00edlia."},"content":{"rendered":"\n<p>A noite de sexta-feira em Rio Brilhante transformou-se em um cen\u00e1rio encantado com a abertura do 3\u00ba Natal Brilhante. A partir das 19h, a Av. Benjamin Constant foi o palco de um desfile emocionante protagonizado pelo Papai Noel, que contou com a ilustre companhia do Prefeito Lucas, da Primeira Dama Isabela, do Presidente da C\u00e2mara Paulo Cesar, vereadores, e dedicados servidores p\u00fablicos.<\/p>\n\n\n\n<p>O desfile, abrilhantado pela presen\u00e7a da Companhia Misancene Produ\u00e7\u00f5es e pela talentosa Banda Municipal Frei Euc\u00e1rio Schmitt, formada por jovens de 06 a 16 anos, culminou na pra\u00e7a Central Doutor Boaventura. Ali, uma multid\u00e3o aguardava ansiosamente o Papai Noel e o espet\u00e1culo do acender das luzes, marcando oficialmente o in\u00edcio das festividades natalinas na cidade.<\/p>\n\n\n\n<p>No palco, a madrinha do Natal Brilhante, Silvana Centenaro, foi homenageada com emo\u00e7\u00e3o pela Primeira Dama Isabela, Secret\u00e1rios Municipais e demais autoridades presentes. Diante de uma plateia numerosa, o Prefeito Lucas expressou seu agradecimento pela presen\u00e7a calorosa de todos, especialmente das crian\u00e7as, ressaltando o papel fundamental delas em tornar o Natal verdadeiramente m\u00e1gico.<\/p>\n\n\n\n<p>O Prefeito enfatizou o compromisso da administra\u00e7\u00e3o em proporcionar um Natal especial para a comunidade, ao mesmo tempo em que destacou os significativos investimentos em \u00e1reas essenciais como Sa\u00fade e Educa\u00e7\u00e3o. Essa iniciativa, segundo ele, reflete o comprometimento em oferecer servi\u00e7os p\u00fablicos de qualidade.<\/p>\n\n\n\n<p>A contagem regressiva liderada pelo Prefeito Lucas culminou no espetacular acendimento das luzes, oficializando a abertura do 3\u00ba Natal Brilhante. O evento, que se estende at\u00e9 o dia 23 de dezembro, promete entretenimento para toda a fam\u00edlia, com uma programa\u00e7\u00e3o diversificada que inclui apresenta\u00e7\u00f5es culturais e grandes shows nacionais. Para acompanhar todas as novidades, basta seguir as redes sociais do Natal Brilhante no Instagram @natalbrilhante_oficial.<\/p>\n\n\n\n<p>Assessoria<\/p>\n","protected":false},"excerpt":{"rendered":"<p>A noite de sexta-feira em Rio Brilhante transformou-se em um cen\u00e1rio encantado com a abertura do 3\u00ba Natal Brilhante. A partir das 19h, a Av. Benjamin Constant foi o palco de um desfile emocionante protagonizado pelo Papai Noel, que contou com a ilustre companhia do Prefeito Lucas, da Primeira Dama Isabela, do Presidente da C\u00e2mara [&hellip;]<\/p>\n","protected":false},"author":2,"featured_media":20630,"comment_status":"open","ping_status":"closed","sticky":false,"template":"","format":"standard","meta":{"footnotes":""},"categories":[35,1],"tags":[],"class_list":["post-20629","post","type-post","status-publish","format-standard","has-post-thumbnail","hentry","category-cidades","category-noticia"],"yoast_head":"<!-- This site is optimized with the Yoast SEO plugin v27.5 - https:\/\/yoast.com\/product\/yoast-seo-wordpress\/ -->\n<title>Magia Natalina Ilumina Rio Brilhante: Abertura Oficial do 3\u00ba Natal Brilhante \u00e9 um Espet\u00e1culo para Toda a Fam\u00edlia. - MsConectado<\/title>\n<meta name=\"robots\" content=\"index, follow, max-snippet:-1, max-image-preview:large, max-video-preview:-1\" \/>\n<link rel=\"canonical\" href=\"https:\/\/msconectado.com.br\/?p=20629\" \/>\n<meta property=\"og:locale\" content=\"pt_BR\" \/>\n<meta property=\"og:type\" content=\"article\" \/>\n<meta property=\"og:title\" content=\"Magia Natalina Ilumina Rio Brilhante: Abertura Oficial do 3\u00ba Natal Brilhante \u00e9 um Espet\u00e1culo para Toda a Fam\u00edlia. - MsConectado\" \/>\n<meta property=\"og:description\" content=\"A noite de sexta-feira em Rio Brilhante transformou-se em um cen\u00e1rio encantado com a abertura do 3\u00ba Natal Brilhante. A partir das 19h, a Av. Benjamin Constant foi o palco de um desfile emocionante protagonizado pelo Papai Noel, que contou com a ilustre companhia do Prefeito Lucas, da Primeira Dama Isabela, do Presidente da C\u00e2mara [&hellip;]\" \/>\n<meta property=\"og:url\" content=\"https:\/\/msconectado.com.br\/?p=20629\" \/>\n<meta property=\"og:site_name\" content=\"MsConectado\" \/>\n<meta property=\"article:published_time\" content=\"2023-12-02T17:49:12+00:00\" \/>\n<meta property=\"article:modified_time\" content=\"2023-12-02T17:49:14+00:00\" \/>\n<meta property=\"og:image\" content=\"https:\/\/msconectado.com.br\/wp-content\/uploads\/2023\/12\/6d611a04-b3fd-4593-81e9-32a0b9ed3a59.jpg\" \/>\n\t<meta property=\"og:image:width\" content=\"1600\" \/>\n\t<meta property=\"og:image:height\" content=\"1066\" \/>\n\t<meta property=\"og:image:type\" content=\"image\/jpeg\" \/>\n<meta name=\"author\" content=\"MsConectado\" \/>\n<meta name=\"twitter:card\" content=\"summary_large_image\" \/>\n<meta name=\"twitter:label1\" content=\"Escrito por\" \/>\n\t<meta name=\"twitter:data1\" content=\"MsConectado\" \/>\n\t<meta name=\"twitter:label2\" content=\"Est. tempo de leitura\" \/>\n\t<meta name=\"twitter:data2\" content=\"1 minuto\" \/>\n<script type=\"application\/ld+json\" class=\"yoast-schema-graph\">{\"@context\":\"https:\\\/\\\/schema.org\",\"@graph\":[{\"@type\":\"Article\",\"@id\":\"https:\\\/\\\/msconectado.com.br\\\/?p=20629#article\",\"isPartOf\":{\"@id\":\"https:\\\/\\\/msconectado.com.br\\\/?p=20629\"},\"author\":{\"name\":\"MsConectado\",\"@id\":\"https:\\\/\\\/msconectado.com.br\\\/#\\\/schema\\\/person\\\/e5585545b5687092f1041d350b6e2c16\"},\"headline\":\"Magia Natalina Ilumina Rio Brilhante: Abertura Oficial do 3\u00ba Natal Brilhante \u00e9 um Espet\u00e1culo para Toda a Fam\u00edlia.\",\"datePublished\":\"2023-12-02T17:49:12+00:00\",\"dateModified\":\"2023-12-02T17:49:14+00:00\",\"mainEntityOfPage\":{\"@id\":\"https:\\\/\\\/msconectado.com.br\\\/?p=20629\"},\"wordCount\":317,\"commentCount\":0,\"publisher\":{\"@id\":\"https:\\\/\\\/msconectado.com.br\\\/#organization\"},\"image\":{\"@id\":\"https:\\\/\\\/msconectado.com.br\\\/?p=20629#primaryimage\"},\"thumbnailUrl\":\"https:\\\/\\\/msconectado.com.br\\\/wp-content\\\/uploads\\\/2023\\\/12\\\/6d611a04-b3fd-4593-81e9-32a0b9ed3a59.jpg\",\"articleSection\":[\"Cidades\",\"Not\u00edcia\"],\"inLanguage\":\"pt-BR\",\"potentialAction\":[{\"@type\":\"CommentAction\",\"name\":\"Comment\",\"target\":[\"https:\\\/\\\/msconectado.com.br\\\/?p=20629#respond\"]}]},{\"@type\":\"WebPage\",\"@id\":\"https:\\\/\\\/msconectado.com.br\\\/?p=20629\",\"url\":\"https:\\\/\\\/msconectado.com.br\\\/?p=20629\",\"name\":\"Magia Natalina Ilumina Rio Brilhante: Abertura Oficial do 3\u00ba Natal Brilhante \u00e9 um Espet\u00e1culo para Toda a Fam\u00edlia. - MsConectado\",\"isPartOf\":{\"@id\":\"https:\\\/\\\/msconectado.com.br\\\/#website\"},\"primaryImageOfPage\":{\"@id\":\"https:\\\/\\\/msconectado.com.br\\\/?p=20629#primaryimage\"},\"image\":{\"@id\":\"https:\\\/\\\/msconectado.com.br\\\/?p=20629#primaryimage\"},\"thumbnailUrl\":\"https:\\\/\\\/msconectado.com.br\\\/wp-content\\\/uploads\\\/2023\\\/12\\\/6d611a04-b3fd-4593-81e9-32a0b9ed3a59.jpg\",\"datePublished\":\"2023-12-02T17:49:12+00:00\",\"dateModified\":\"2023-12-02T17:49:14+00:00\",\"breadcrumb\":{\"@id\":\"https:\\\/\\\/msconectado.com.br\\\/?p=20629#breadcrumb\"},\"inLanguage\":\"pt-BR\",\"potentialAction\":[{\"@type\":\"ReadAction\",\"target\":[\"https:\\\/\\\/msconectado.com.br\\\/?p=20629\"]}]},{\"@type\":\"ImageObject\",\"inLanguage\":\"pt-BR\",\"@id\":\"https:\\\/\\\/msconectado.com.br\\\/?p=20629#primaryimage\",\"url\":\"https:\\\/\\\/msconectado.com.br\\\/wp-content\\\/uploads\\\/2023\\\/12\\\/6d611a04-b3fd-4593-81e9-32a0b9ed3a59.jpg\",\"contentUrl\":\"https:\\\/\\\/msconectado.com.br\\\/wp-content\\\/uploads\\\/2023\\\/12\\\/6d611a04-b3fd-4593-81e9-32a0b9ed3a59.jpg\",\"width\":1600,\"height\":1066},{\"@type\":\"BreadcrumbList\",\"@id\":\"https:\\\/\\\/msconectado.com.br\\\/?p=20629#breadcrumb\",\"itemListElement\":[{\"@type\":\"ListItem\",\"position\":1,\"name\":\"In\u00edcio\",\"item\":\"https:\\\/\\\/msconectado.com.br\\\/\"},{\"@type\":\"ListItem\",\"position\":2,\"name\":\"Magia Natalina Ilumina Rio Brilhante: Abertura Oficial do 3\u00ba Natal Brilhante \u00e9 um Espet\u00e1culo para Toda a Fam\u00edlia.\"}]},{\"@type\":\"WebSite\",\"@id\":\"https:\\\/\\\/msconectado.com.br\\\/#website\",\"url\":\"https:\\\/\\\/msconectado.com.br\\\/\",\"name\":\"MsConectado\",\"description\":\"Voc\u00ea Conectado com a Not\u00edcia!\",\"publisher\":{\"@id\":\"https:\\\/\\\/msconectado.com.br\\\/#organization\"},\"potentialAction\":[{\"@type\":\"SearchAction\",\"target\":{\"@type\":\"EntryPoint\",\"urlTemplate\":\"https:\\\/\\\/msconectado.com.br\\\/?s={search_term_string}\"},\"query-input\":{\"@type\":\"PropertyValueSpecification\",\"valueRequired\":true,\"valueName\":\"search_term_string\"}}],\"inLanguage\":\"pt-BR\"},{\"@type\":\"Organization\",\"@id\":\"https:\\\/\\\/msconectado.com.br\\\/#organization\",\"name\":\"MsConectado\",\"url\":\"https:\\\/\\\/msconectado.com.br\\\/\",\"logo\":{\"@type\":\"ImageObject\",\"inLanguage\":\"pt-BR\",\"@id\":\"https:\\\/\\\/msconectado.com.br\\\/#\\\/schema\\\/logo\\\/image\\\/\",\"url\":\"https:\\\/\\\/msconectado.com.br\\\/wp-content\\\/uploads\\\/2023\\\/01\\\/cropped-noticia-2.png\",\"contentUrl\":\"https:\\\/\\\/msconectado.com.br\\\/wp-content\\\/uploads\\\/2023\\\/01\\\/cropped-noticia-2.png\",\"width\":720,\"height\":157,\"caption\":\"MsConectado\"},\"image\":{\"@id\":\"https:\\\/\\\/msconectado.com.br\\\/#\\\/schema\\\/logo\\\/image\\\/\"}},{\"@type\":\"Person\",\"@id\":\"https:\\\/\\\/msconectado.com.br\\\/#\\\/schema\\\/person\\\/e5585545b5687092f1041d350b6e2c16\",\"name\":\"MsConectado\",\"image\":{\"@type\":\"ImageObject\",\"inLanguage\":\"pt-BR\",\"@id\":\"https:\\\/\\\/secure.gravatar.com\\\/avatar\\\/3b4f84a0a8a4380ac4431fa79981d073692380c5da00ae97596e794ab0db5c8c?s=96&d=mm&r=g\",\"url\":\"https:\\\/\\\/secure.gravatar.com\\\/avatar\\\/3b4f84a0a8a4380ac4431fa79981d073692380c5da00ae97596e794ab0db5c8c?s=96&d=mm&r=g\",\"contentUrl\":\"https:\\\/\\\/secure.gravatar.com\\\/avatar\\\/3b4f84a0a8a4380ac4431fa79981d073692380c5da00ae97596e794ab0db5c8c?s=96&d=mm&r=g\",\"caption\":\"MsConectado\"},\"url\":\"https:\\\/\\\/msconectado.com.br\\\/?author=2\"}]}<\/script>\n<!-- \/ Yoast SEO plugin. -->","yoast_head_json":{"title":"Magia Natalina Ilumina Rio Brilhante: Abertura Oficial do 3\u00ba Natal Brilhante \u00e9 um Espet\u00e1culo para Toda a Fam\u00edlia. - MsConectado","robots":{"index":"index","follow":"follow","max-snippet":"max-snippet:-1","max-image-preview":"max-image-preview:large","max-video-preview":"max-video-preview:-1"},"canonical":"https:\/\/msconectado.com.br\/?p=20629","og_locale":"pt_BR","og_type":"article","og_title":"Magia Natalina Ilumina Rio Brilhante: Abertura Oficial do 3\u00ba Natal Brilhante \u00e9 um Espet\u00e1culo para Toda a Fam\u00edlia. - MsConectado","og_description":"A noite de sexta-feira em Rio Brilhante transformou-se em um cen\u00e1rio encantado com a abertura do 3\u00ba Natal Brilhante. A partir das 19h, a Av. Benjamin Constant foi o palco de um desfile emocionante protagonizado pelo Papai Noel, que contou com a ilustre companhia do Prefeito Lucas, da Primeira Dama Isabela, do Presidente da C\u00e2mara [&hellip;]","og_url":"https:\/\/msconectado.com.br\/?p=20629","og_site_name":"MsConectado","article_published_time":"2023-12-02T17:49:12+00:00","article_modified_time":"2023-12-02T17:49:14+00:00","og_image":[{"width":1600,"height":1066,"url":"https:\/\/msconectado.com.br\/wp-content\/uploads\/2023\/12\/6d611a04-b3fd-4593-81e9-32a0b9ed3a59.jpg","type":"image\/jpeg"}],"author":"MsConectado","twitter_card":"summary_large_image","twitter_misc":{"Escrito por":"MsConectado","Est. tempo de leitura":"1 minuto"},"schema":{"@context":"https:\/\/schema.org","@graph":[{"@type":"Article","@id":"https:\/\/msconectado.com.br\/?p=20629#article","isPartOf":{"@id":"https:\/\/msconectado.com.br\/?p=20629"},"author":{"name":"MsConectado","@id":"https:\/\/msconectado.com.br\/#\/schema\/person\/e5585545b5687092f1041d350b6e2c16"},"headline":"Magia Natalina Ilumina Rio Brilhante: Abertura Oficial do 3\u00ba Natal Brilhante \u00e9 um Espet\u00e1culo para Toda a Fam\u00edlia.","datePublished":"2023-12-02T17:49:12+00:00","dateModified":"2023-12-02T17:49:14+00:00","mainEntityOfPage":{"@id":"https:\/\/msconectado.com.br\/?p=20629"},"wordCount":317,"commentCount":0,"publisher":{"@id":"https:\/\/msconectado.com.br\/#organization"},"image":{"@id":"https:\/\/msconectado.com.br\/?p=20629#primaryimage"},"thumbnailUrl":"https:\/\/msconectado.com.br\/wp-content\/uploads\/2023\/12\/6d611a04-b3fd-4593-81e9-32a0b9ed3a59.jpg","articleSection":["Cidades","Not\u00edcia"],"inLanguage":"pt-BR","potentialAction":[{"@type":"CommentAction","name":"Comment","target":["https:\/\/msconectado.com.br\/?p=20629#respond"]}]},{"@type":"WebPage","@id":"https:\/\/msconectado.com.br\/?p=20629","url":"https:\/\/msconectado.com.br\/?p=20629","name":"Magia Natalina Ilumina Rio Brilhante: Abertura Oficial do 3\u00ba Natal Brilhante \u00e9 um Espet\u00e1culo para Toda a Fam\u00edlia. - MsConectado","isPartOf":{"@id":"https:\/\/msconectado.com.br\/#website"},"primaryImageOfPage":{"@id":"https:\/\/msconectado.com.br\/?p=20629#primaryimage"},"image":{"@id":"https:\/\/msconectado.com.br\/?p=20629#primaryimage"},"thumbnailUrl":"https:\/\/msconectado.com.br\/wp-content\/uploads\/2023\/12\/6d611a04-b3fd-4593-81e9-32a0b9ed3a59.jpg","datePublished":"2023-12-02T17:49:12+00:00","dateModified":"2023-12-02T17:49:14+00:00","breadcrumb":{"@id":"https:\/\/msconectado.com.br\/?p=20629#breadcrumb"},"inLanguage":"pt-BR","potentialAction":[{"@type":"ReadAction","target":["https:\/\/msconectado.com.br\/?p=20629"]}]},{"@type":"ImageObject","inLanguage":"pt-BR","@id":"https:\/\/msconectado.com.br\/?p=20629#primaryimage","url":"https:\/\/msconectado.com.br\/wp-content\/uploads\/2023\/12\/6d611a04-b3fd-4593-81e9-32a0b9ed3a59.jpg","contentUrl":"https:\/\/msconectado.com.br\/wp-content\/uploads\/2023\/12\/6d611a04-b3fd-4593-81e9-32a0b9ed3a59.jpg","width":1600,"height":1066},{"@type":"BreadcrumbList","@id":"https:\/\/msconectado.com.br\/?p=20629#breadcrumb","itemListElement":[{"@type":"ListItem","position":1,"name":"In\u00edcio","item":"https:\/\/msconectado.com.br\/"},{"@type":"ListItem","position":2,"name":"Magia Natalina Ilumina Rio Brilhante: Abertura Oficial do 3\u00ba Natal Brilhante \u00e9 um Espet\u00e1culo para Toda a Fam\u00edlia."}]},{"@type":"WebSite","@id":"https:\/\/msconectado.com.br\/#website","url":"https:\/\/msconectado.com.br\/","name":"MsConectado","description":"Voc\u00ea Conectado com a Not\u00edcia!","publisher":{"@id":"https:\/\/msconectado.com.br\/#organization"},"potentialAction":[{"@type":"SearchAction","target":{"@type":"EntryPoint","urlTemplate":"https:\/\/msconectado.com.br\/?s={search_term_string}"},"query-input":{"@type":"PropertyValueSpecification","valueRequired":true,"valueName":"search_term_string"}}],"inLanguage":"pt-BR"},{"@type":"Organization","@id":"https:\/\/msconectado.com.br\/#organization","name":"MsConectado","url":"https:\/\/msconectado.com.br\/","logo":{"@type":"ImageObject","inLanguage":"pt-BR","@id":"https:\/\/msconectado.com.br\/#\/schema\/logo\/image\/","url":"https:\/\/msconectado.com.br\/wp-content\/uploads\/2023\/01\/cropped-noticia-2.png","contentUrl":"https:\/\/msconectado.com.br\/wp-content\/uploads\/2023\/01\/cropped-noticia-2.png","width":720,"height":157,"caption":"MsConectado"},"image":{"@id":"https:\/\/msconectado.com.br\/#\/schema\/logo\/image\/"}},{"@type":"Person","@id":"https:\/\/msconectado.com.br\/#\/schema\/person\/e5585545b5687092f1041d350b6e2c16","name":"MsConectado","image":{"@type":"ImageObject","inLanguage":"pt-BR","@id":"https:\/\/secure.gravatar.com\/avatar\/3b4f84a0a8a4380ac4431fa79981d073692380c5da00ae97596e794ab0db5c8c?s=96&d=mm&r=g","url":"https:\/\/secure.gravatar.com\/avatar\/3b4f84a0a8a4380ac4431fa79981d073692380c5da00ae97596e794ab0db5c8c?s=96&d=mm&r=g","contentUrl":"https:\/\/secure.gravatar.com\/avatar\/3b4f84a0a8a4380ac4431fa79981d073692380c5da00ae97596e794ab0db5c8c?s=96&d=mm&r=g","caption":"MsConectado"},"url":"https:\/\/msconectado.com.br\/?author=2"}]}},"_links":{"self":[{"href":"https:\/\/msconectado.com.br\/index.php?rest_route=\/wp\/v2\/posts\/20629","targetHints":{"allow":["GET"]}}],"collection":[{"href":"https:\/\/msconectado.com.br\/index.php?rest_route=\/wp\/v2\/posts"}],"about":[{"href":"https:\/\/msconectado.com.br\/index.php?rest_route=\/wp\/v2\/types\/post"}],"author":[{"embeddable":true,"href":"https:\/\/msconectado.com.br\/index.php?rest_route=\/wp\/v2\/users\/2"}],"replies":[{"embeddable":true,"href":"https:\/\/msconectado.com.br\/index.php?rest_route=%2Fwp%2Fv2%2Fcomments&post=20629"}],"version-history":[{"count":1,"href":"https:\/\/msconectado.com.br\/index.php?rest_route=\/wp\/v2\/posts\/20629\/revisions"}],"predecessor-version":[{"id":20631,"href":"https:\/\/msconectado.com.br\/index.php?rest_route=\/wp\/v2\/posts\/20629\/revisions\/20631"}],"wp:featuredmedia":[{"embeddable":true,"href":"https:\/\/msconectado.com.br\/index.php?rest_route=\/wp\/v2\/media\/20630"}],"wp:attachment":[{"href":"https:\/\/msconectado.com.br\/index.php?rest_route=%2Fwp%2Fv2%2Fmedia&parent=20629"}],"wp:term":[{"taxonomy":"category","embeddable":true,"href":"https:\/\/msconectado.com.br\/index.php?rest_route=%2Fwp%2Fv2%2Fcategories&post=20629"},{"taxonomy":"post_tag","embeddable":true,"href":"https:\/\/msconectado.com.br\/index.php?rest_route=%2Fwp%2Fv2%2Ftags&post=20629"}],"curies":[{"name":"wp","href":"https:\/\/api.w.org\/{rel}","templated":true}]}}