
{"id":20648,"date":"2023-12-05T01:15:47","date_gmt":"2023-12-05T01:15:47","guid":{"rendered":"https:\/\/msconectado.com.br\/?p=20648"},"modified":"2023-12-05T01:15:50","modified_gmt":"2023-12-05T01:15:50","slug":"vereador-pc-destaca-acoes-positivas-do-legislativo-municipal-em-prol-da-comunidade-e-celebra-o-acender-das-luzes-de-natal-da-casa-de-leis","status":"publish","type":"post","link":"https:\/\/msconectado.com.br\/?p=20648","title":{"rendered":"Vereador PC destaca a\u00e7\u00f5es positivas do Legislativo Municipal em prol da comunidade e celebra o acender das Luzes de Natal da Casa de Leis."},"content":{"rendered":"\n<hr class=\"wp-block-separator has-alpha-channel-opacity\"\/>\n\n\n\n<p>Na noite desta segunda-feira (04), o vereador Paulo Cesar Alves PC, reuniu a imprensa para destacar as a\u00e7\u00f5es positivas realizadas pelo Legislativo Municipal em benef\u00edcio da comunidade. Al\u00e9m disso, Pc celebrou junto com os demais vereadores o in\u00edcio das festividades natalinas com o acender das Luzes de Natal na sede da Casa de Leis.<\/p>\n\n\n\n<p>O vereador PC, que tem se destacado por sua atua\u00e7\u00e3o proativa em quest\u00f5es sociais e comunit\u00e1rias, enfatizou a import\u00e2ncia do papel do Legislativo na promo\u00e7\u00e3o de melhorias para a popula\u00e7\u00e3o local. Durante a coletiva de imprensa, ele destacou algumas das principais a\u00e7\u00f5es realizadas nos \u00faltimos meses, incluindo projetos de lei voltados para a educa\u00e7\u00e3o, sa\u00fade e infraestrutura.<\/p>\n\n\n<div class=\"wp-block-image\">\n<figure class=\"aligncenter size-large\"><img fetchpriority=\"high\" decoding=\"async\" width=\"1024\" height=\"620\" src=\"https:\/\/msconectado.com.br\/wp-content\/uploads\/2023\/12\/1b19c0d0-0ea8-4600-a8f8-1a6ad58603aa-1024x620.jpg\" alt=\"\" class=\"wp-image-20649\" srcset=\"https:\/\/msconectado.com.br\/wp-content\/uploads\/2023\/12\/1b19c0d0-0ea8-4600-a8f8-1a6ad58603aa-1024x620.jpg 1024w, https:\/\/msconectado.com.br\/wp-content\/uploads\/2023\/12\/1b19c0d0-0ea8-4600-a8f8-1a6ad58603aa-300x182.jpg 300w, https:\/\/msconectado.com.br\/wp-content\/uploads\/2023\/12\/1b19c0d0-0ea8-4600-a8f8-1a6ad58603aa-768x465.jpg 768w, https:\/\/msconectado.com.br\/wp-content\/uploads\/2023\/12\/1b19c0d0-0ea8-4600-a8f8-1a6ad58603aa-1536x929.jpg 1536w, https:\/\/msconectado.com.br\/wp-content\/uploads\/2023\/12\/1b19c0d0-0ea8-4600-a8f8-1a6ad58603aa.jpg 1600w\" sizes=\"(max-width: 1024px) 100vw, 1024px\" \/><\/figure>\n<\/div>\n\n\n<p>&#8220;\u00c9 fundamental reconhecer o esfor\u00e7o conjunto da C\u00e2mara Municipal em buscar solu\u00e7\u00f5es que impactem positivamente a vida dos cidad\u00e3os. Estamos empenhados em propor e aprovar medidas que promovam o desenvolvimento sustent\u00e1vel e o bem-estar de todos&#8221;, ressaltou o vereador.<\/p>\n\n\n\n<p>Al\u00e9m das a\u00e7\u00f5es legislativas, PC tamb\u00e9m compartilhou sua satisfa\u00e7\u00e3o em participar da cerim\u00f4nia de acendimento das Luzes de Natal na sede da Casa de Leis. A iniciativa visa n\u00e3o apenas celebrar as festividades natalinas, mas tamb\u00e9m criar um ambiente acolhedor e festivo para a comunidade.<\/p>\n\n\n\n<p>O acender das Luzes de Natal na Casa de Leis marca o in\u00edcio das decora\u00e7\u00f5es natalinas na cidade, proporcionando aos moradores um ambiente festivo e inspirador. A ilumina\u00e7\u00e3o especial se tornou uma tradi\u00e7\u00e3o aguardada pelos cidad\u00e3os, simbolizando a uni\u00e3o e a esperan\u00e7a em tempos festivos.<\/p>\n\n\n\n<p>Reda\u00e7\u00e3o<\/p>\n","protected":false},"excerpt":{"rendered":"<p>Na noite desta segunda-feira (04), o vereador Paulo Cesar Alves PC, reuniu a imprensa para destacar as a\u00e7\u00f5es positivas realizadas pelo Legislativo Municipal em benef\u00edcio da comunidade. Al\u00e9m disso, Pc celebrou junto com os demais vereadores o in\u00edcio das festividades natalinas com o acender das Luzes de Natal na sede da Casa de Leis. O [&hellip;]<\/p>\n","protected":false},"author":3,"featured_media":20650,"comment_status":"open","ping_status":"closed","sticky":false,"template":"","format":"standard","meta":{"footnotes":""},"categories":[35,1,33],"tags":[],"class_list":["post-20648","post","type-post","status-publish","format-standard","has-post-thumbnail","hentry","category-cidades","category-noticia","category-politica"],"yoast_head":"<!-- This site is optimized with the Yoast SEO plugin v27.5 - https:\/\/yoast.com\/product\/yoast-seo-wordpress\/ -->\n<title>Vereador PC destaca a\u00e7\u00f5es positivas do Legislativo Municipal em prol da comunidade e celebra o acender das Luzes de Natal da Casa de Leis. - MsConectado<\/title>\n<meta name=\"robots\" content=\"index, follow, max-snippet:-1, max-image-preview:large, max-video-preview:-1\" \/>\n<link rel=\"canonical\" href=\"https:\/\/msconectado.com.br\/?p=20648\" \/>\n<meta property=\"og:locale\" content=\"pt_BR\" \/>\n<meta property=\"og:type\" content=\"article\" \/>\n<meta property=\"og:title\" content=\"Vereador PC destaca a\u00e7\u00f5es positivas do Legislativo Municipal em prol da comunidade e celebra o acender das Luzes de Natal da Casa de Leis. - MsConectado\" \/>\n<meta property=\"og:description\" content=\"Na noite desta segunda-feira (04), o vereador Paulo Cesar Alves PC, reuniu a imprensa para destacar as a\u00e7\u00f5es positivas realizadas pelo Legislativo Municipal em benef\u00edcio da comunidade. Al\u00e9m disso, Pc celebrou junto com os demais vereadores o in\u00edcio das festividades natalinas com o acender das Luzes de Natal na sede da Casa de Leis. O [&hellip;]\" \/>\n<meta property=\"og:url\" content=\"https:\/\/msconectado.com.br\/?p=20648\" \/>\n<meta property=\"og:site_name\" content=\"MsConectado\" \/>\n<meta property=\"article:published_time\" content=\"2023-12-05T01:15:47+00:00\" \/>\n<meta property=\"article:modified_time\" content=\"2023-12-05T01:15:50+00:00\" \/>\n<meta property=\"og:image\" content=\"https:\/\/msconectado.com.br\/wp-content\/uploads\/2023\/12\/0708b172-f4e2-408c-bc6c-d2ca3c36f763.jpg\" \/>\n\t<meta property=\"og:image:width\" content=\"1600\" \/>\n\t<meta property=\"og:image:height\" content=\"906\" \/>\n\t<meta property=\"og:image:type\" content=\"image\/jpeg\" \/>\n<meta name=\"author\" content=\"Jeferson\" \/>\n<meta name=\"twitter:card\" content=\"summary_large_image\" \/>\n<meta name=\"twitter:label1\" content=\"Escrito por\" \/>\n\t<meta name=\"twitter:data1\" content=\"Jeferson\" \/>\n\t<meta name=\"twitter:label2\" content=\"Est. tempo de leitura\" \/>\n\t<meta name=\"twitter:data2\" content=\"1 minuto\" \/>\n<script type=\"application\/ld+json\" class=\"yoast-schema-graph\">{\"@context\":\"https:\\\/\\\/schema.org\",\"@graph\":[{\"@type\":\"Article\",\"@id\":\"https:\\\/\\\/msconectado.com.br\\\/?p=20648#article\",\"isPartOf\":{\"@id\":\"https:\\\/\\\/msconectado.com.br\\\/?p=20648\"},\"author\":{\"name\":\"Jeferson\",\"@id\":\"https:\\\/\\\/msconectado.com.br\\\/#\\\/schema\\\/person\\\/feb123a95a93eebea36f0ed6a2e5ba48\"},\"headline\":\"Vereador PC destaca a\u00e7\u00f5es positivas do Legislativo Municipal em prol da comunidade e celebra o acender das Luzes de Natal da Casa de Leis.\",\"datePublished\":\"2023-12-05T01:15:47+00:00\",\"dateModified\":\"2023-12-05T01:15:50+00:00\",\"mainEntityOfPage\":{\"@id\":\"https:\\\/\\\/msconectado.com.br\\\/?p=20648\"},\"wordCount\":297,\"commentCount\":0,\"publisher\":{\"@id\":\"https:\\\/\\\/msconectado.com.br\\\/#organization\"},\"image\":{\"@id\":\"https:\\\/\\\/msconectado.com.br\\\/?p=20648#primaryimage\"},\"thumbnailUrl\":\"https:\\\/\\\/msconectado.com.br\\\/wp-content\\\/uploads\\\/2023\\\/12\\\/0708b172-f4e2-408c-bc6c-d2ca3c36f763.jpg\",\"articleSection\":[\"Cidades\",\"Not\u00edcia\",\"Pol\u00edtica\"],\"inLanguage\":\"pt-BR\",\"potentialAction\":[{\"@type\":\"CommentAction\",\"name\":\"Comment\",\"target\":[\"https:\\\/\\\/msconectado.com.br\\\/?p=20648#respond\"]}]},{\"@type\":\"WebPage\",\"@id\":\"https:\\\/\\\/msconectado.com.br\\\/?p=20648\",\"url\":\"https:\\\/\\\/msconectado.com.br\\\/?p=20648\",\"name\":\"Vereador PC destaca a\u00e7\u00f5es positivas do Legislativo Municipal em prol da comunidade e celebra o acender das Luzes de Natal da Casa de Leis. - MsConectado\",\"isPartOf\":{\"@id\":\"https:\\\/\\\/msconectado.com.br\\\/#website\"},\"primaryImageOfPage\":{\"@id\":\"https:\\\/\\\/msconectado.com.br\\\/?p=20648#primaryimage\"},\"image\":{\"@id\":\"https:\\\/\\\/msconectado.com.br\\\/?p=20648#primaryimage\"},\"thumbnailUrl\":\"https:\\\/\\\/msconectado.com.br\\\/wp-content\\\/uploads\\\/2023\\\/12\\\/0708b172-f4e2-408c-bc6c-d2ca3c36f763.jpg\",\"datePublished\":\"2023-12-05T01:15:47+00:00\",\"dateModified\":\"2023-12-05T01:15:50+00:00\",\"breadcrumb\":{\"@id\":\"https:\\\/\\\/msconectado.com.br\\\/?p=20648#breadcrumb\"},\"inLanguage\":\"pt-BR\",\"potentialAction\":[{\"@type\":\"ReadAction\",\"target\":[\"https:\\\/\\\/msconectado.com.br\\\/?p=20648\"]}]},{\"@type\":\"ImageObject\",\"inLanguage\":\"pt-BR\",\"@id\":\"https:\\\/\\\/msconectado.com.br\\\/?p=20648#primaryimage\",\"url\":\"https:\\\/\\\/msconectado.com.br\\\/wp-content\\\/uploads\\\/2023\\\/12\\\/0708b172-f4e2-408c-bc6c-d2ca3c36f763.jpg\",\"contentUrl\":\"https:\\\/\\\/msconectado.com.br\\\/wp-content\\\/uploads\\\/2023\\\/12\\\/0708b172-f4e2-408c-bc6c-d2ca3c36f763.jpg\",\"width\":1600,\"height\":906},{\"@type\":\"BreadcrumbList\",\"@id\":\"https:\\\/\\\/msconectado.com.br\\\/?p=20648#breadcrumb\",\"itemListElement\":[{\"@type\":\"ListItem\",\"position\":1,\"name\":\"In\u00edcio\",\"item\":\"https:\\\/\\\/msconectado.com.br\\\/\"},{\"@type\":\"ListItem\",\"position\":2,\"name\":\"Vereador PC destaca a\u00e7\u00f5es positivas do Legislativo Municipal em prol da comunidade e celebra o acender das Luzes de Natal da Casa de Leis.\"}]},{\"@type\":\"WebSite\",\"@id\":\"https:\\\/\\\/msconectado.com.br\\\/#website\",\"url\":\"https:\\\/\\\/msconectado.com.br\\\/\",\"name\":\"MsConectado\",\"description\":\"Voc\u00ea Conectado com a Not\u00edcia!\",\"publisher\":{\"@id\":\"https:\\\/\\\/msconectado.com.br\\\/#organization\"},\"potentialAction\":[{\"@type\":\"SearchAction\",\"target\":{\"@type\":\"EntryPoint\",\"urlTemplate\":\"https:\\\/\\\/msconectado.com.br\\\/?s={search_term_string}\"},\"query-input\":{\"@type\":\"PropertyValueSpecification\",\"valueRequired\":true,\"valueName\":\"search_term_string\"}}],\"inLanguage\":\"pt-BR\"},{\"@type\":\"Organization\",\"@id\":\"https:\\\/\\\/msconectado.com.br\\\/#organization\",\"name\":\"MsConectado\",\"url\":\"https:\\\/\\\/msconectado.com.br\\\/\",\"logo\":{\"@type\":\"ImageObject\",\"inLanguage\":\"pt-BR\",\"@id\":\"https:\\\/\\\/msconectado.com.br\\\/#\\\/schema\\\/logo\\\/image\\\/\",\"url\":\"https:\\\/\\\/msconectado.com.br\\\/wp-content\\\/uploads\\\/2023\\\/01\\\/cropped-noticia-2.png\",\"contentUrl\":\"https:\\\/\\\/msconectado.com.br\\\/wp-content\\\/uploads\\\/2023\\\/01\\\/cropped-noticia-2.png\",\"width\":720,\"height\":157,\"caption\":\"MsConectado\"},\"image\":{\"@id\":\"https:\\\/\\\/msconectado.com.br\\\/#\\\/schema\\\/logo\\\/image\\\/\"}},{\"@type\":\"Person\",\"@id\":\"https:\\\/\\\/msconectado.com.br\\\/#\\\/schema\\\/person\\\/feb123a95a93eebea36f0ed6a2e5ba48\",\"name\":\"Jeferson\",\"image\":{\"@type\":\"ImageObject\",\"inLanguage\":\"pt-BR\",\"@id\":\"https:\\\/\\\/secure.gravatar.com\\\/avatar\\\/e23e8901c88f0cdc0ad479ef7a39bf3e4c806344549c087c00b721a65549a328?s=96&d=mm&r=g\",\"url\":\"https:\\\/\\\/secure.gravatar.com\\\/avatar\\\/e23e8901c88f0cdc0ad479ef7a39bf3e4c806344549c087c00b721a65549a328?s=96&d=mm&r=g\",\"contentUrl\":\"https:\\\/\\\/secure.gravatar.com\\\/avatar\\\/e23e8901c88f0cdc0ad479ef7a39bf3e4c806344549c087c00b721a65549a328?s=96&d=mm&r=g\",\"caption\":\"Jeferson\"},\"url\":\"https:\\\/\\\/msconectado.com.br\\\/?author=3\"}]}<\/script>\n<!-- \/ Yoast SEO plugin. -->","yoast_head_json":{"title":"Vereador PC destaca a\u00e7\u00f5es positivas do Legislativo Municipal em prol da comunidade e celebra o acender das Luzes de Natal da Casa de Leis. - MsConectado","robots":{"index":"index","follow":"follow","max-snippet":"max-snippet:-1","max-image-preview":"max-image-preview:large","max-video-preview":"max-video-preview:-1"},"canonical":"https:\/\/msconectado.com.br\/?p=20648","og_locale":"pt_BR","og_type":"article","og_title":"Vereador PC destaca a\u00e7\u00f5es positivas do Legislativo Municipal em prol da comunidade e celebra o acender das Luzes de Natal da Casa de Leis. - MsConectado","og_description":"Na noite desta segunda-feira (04), o vereador Paulo Cesar Alves PC, reuniu a imprensa para destacar as a\u00e7\u00f5es positivas realizadas pelo Legislativo Municipal em benef\u00edcio da comunidade. Al\u00e9m disso, Pc celebrou junto com os demais vereadores o in\u00edcio das festividades natalinas com o acender das Luzes de Natal na sede da Casa de Leis. O [&hellip;]","og_url":"https:\/\/msconectado.com.br\/?p=20648","og_site_name":"MsConectado","article_published_time":"2023-12-05T01:15:47+00:00","article_modified_time":"2023-12-05T01:15:50+00:00","og_image":[{"width":1600,"height":906,"url":"https:\/\/msconectado.com.br\/wp-content\/uploads\/2023\/12\/0708b172-f4e2-408c-bc6c-d2ca3c36f763.jpg","type":"image\/jpeg"}],"author":"Jeferson","twitter_card":"summary_large_image","twitter_misc":{"Escrito por":"Jeferson","Est. tempo de leitura":"1 minuto"},"schema":{"@context":"https:\/\/schema.org","@graph":[{"@type":"Article","@id":"https:\/\/msconectado.com.br\/?p=20648#article","isPartOf":{"@id":"https:\/\/msconectado.com.br\/?p=20648"},"author":{"name":"Jeferson","@id":"https:\/\/msconectado.com.br\/#\/schema\/person\/feb123a95a93eebea36f0ed6a2e5ba48"},"headline":"Vereador PC destaca a\u00e7\u00f5es positivas do Legislativo Municipal em prol da comunidade e celebra o acender das Luzes de Natal da Casa de Leis.","datePublished":"2023-12-05T01:15:47+00:00","dateModified":"2023-12-05T01:15:50+00:00","mainEntityOfPage":{"@id":"https:\/\/msconectado.com.br\/?p=20648"},"wordCount":297,"commentCount":0,"publisher":{"@id":"https:\/\/msconectado.com.br\/#organization"},"image":{"@id":"https:\/\/msconectado.com.br\/?p=20648#primaryimage"},"thumbnailUrl":"https:\/\/msconectado.com.br\/wp-content\/uploads\/2023\/12\/0708b172-f4e2-408c-bc6c-d2ca3c36f763.jpg","articleSection":["Cidades","Not\u00edcia","Pol\u00edtica"],"inLanguage":"pt-BR","potentialAction":[{"@type":"CommentAction","name":"Comment","target":["https:\/\/msconectado.com.br\/?p=20648#respond"]}]},{"@type":"WebPage","@id":"https:\/\/msconectado.com.br\/?p=20648","url":"https:\/\/msconectado.com.br\/?p=20648","name":"Vereador PC destaca a\u00e7\u00f5es positivas do Legislativo Municipal em prol da comunidade e celebra o acender das Luzes de Natal da Casa de Leis. - MsConectado","isPartOf":{"@id":"https:\/\/msconectado.com.br\/#website"},"primaryImageOfPage":{"@id":"https:\/\/msconectado.com.br\/?p=20648#primaryimage"},"image":{"@id":"https:\/\/msconectado.com.br\/?p=20648#primaryimage"},"thumbnailUrl":"https:\/\/msconectado.com.br\/wp-content\/uploads\/2023\/12\/0708b172-f4e2-408c-bc6c-d2ca3c36f763.jpg","datePublished":"2023-12-05T01:15:47+00:00","dateModified":"2023-12-05T01:15:50+00:00","breadcrumb":{"@id":"https:\/\/msconectado.com.br\/?p=20648#breadcrumb"},"inLanguage":"pt-BR","potentialAction":[{"@type":"ReadAction","target":["https:\/\/msconectado.com.br\/?p=20648"]}]},{"@type":"ImageObject","inLanguage":"pt-BR","@id":"https:\/\/msconectado.com.br\/?p=20648#primaryimage","url":"https:\/\/msconectado.com.br\/wp-content\/uploads\/2023\/12\/0708b172-f4e2-408c-bc6c-d2ca3c36f763.jpg","contentUrl":"https:\/\/msconectado.com.br\/wp-content\/uploads\/2023\/12\/0708b172-f4e2-408c-bc6c-d2ca3c36f763.jpg","width":1600,"height":906},{"@type":"BreadcrumbList","@id":"https:\/\/msconectado.com.br\/?p=20648#breadcrumb","itemListElement":[{"@type":"ListItem","position":1,"name":"In\u00edcio","item":"https:\/\/msconectado.com.br\/"},{"@type":"ListItem","position":2,"name":"Vereador PC destaca a\u00e7\u00f5es positivas do Legislativo Municipal em prol da comunidade e celebra o acender das Luzes de Natal da Casa de Leis."}]},{"@type":"WebSite","@id":"https:\/\/msconectado.com.br\/#website","url":"https:\/\/msconectado.com.br\/","name":"MsConectado","description":"Voc\u00ea Conectado com a Not\u00edcia!","publisher":{"@id":"https:\/\/msconectado.com.br\/#organization"},"potentialAction":[{"@type":"SearchAction","target":{"@type":"EntryPoint","urlTemplate":"https:\/\/msconectado.com.br\/?s={search_term_string}"},"query-input":{"@type":"PropertyValueSpecification","valueRequired":true,"valueName":"search_term_string"}}],"inLanguage":"pt-BR"},{"@type":"Organization","@id":"https:\/\/msconectado.com.br\/#organization","name":"MsConectado","url":"https:\/\/msconectado.com.br\/","logo":{"@type":"ImageObject","inLanguage":"pt-BR","@id":"https:\/\/msconectado.com.br\/#\/schema\/logo\/image\/","url":"https:\/\/msconectado.com.br\/wp-content\/uploads\/2023\/01\/cropped-noticia-2.png","contentUrl":"https:\/\/msconectado.com.br\/wp-content\/uploads\/2023\/01\/cropped-noticia-2.png","width":720,"height":157,"caption":"MsConectado"},"image":{"@id":"https:\/\/msconectado.com.br\/#\/schema\/logo\/image\/"}},{"@type":"Person","@id":"https:\/\/msconectado.com.br\/#\/schema\/person\/feb123a95a93eebea36f0ed6a2e5ba48","name":"Jeferson","image":{"@type":"ImageObject","inLanguage":"pt-BR","@id":"https:\/\/secure.gravatar.com\/avatar\/e23e8901c88f0cdc0ad479ef7a39bf3e4c806344549c087c00b721a65549a328?s=96&d=mm&r=g","url":"https:\/\/secure.gravatar.com\/avatar\/e23e8901c88f0cdc0ad479ef7a39bf3e4c806344549c087c00b721a65549a328?s=96&d=mm&r=g","contentUrl":"https:\/\/secure.gravatar.com\/avatar\/e23e8901c88f0cdc0ad479ef7a39bf3e4c806344549c087c00b721a65549a328?s=96&d=mm&r=g","caption":"Jeferson"},"url":"https:\/\/msconectado.com.br\/?author=3"}]}},"_links":{"self":[{"href":"https:\/\/msconectado.com.br\/index.php?rest_route=\/wp\/v2\/posts\/20648","targetHints":{"allow":["GET"]}}],"collection":[{"href":"https:\/\/msconectado.com.br\/index.php?rest_route=\/wp\/v2\/posts"}],"about":[{"href":"https:\/\/msconectado.com.br\/index.php?rest_route=\/wp\/v2\/types\/post"}],"author":[{"embeddable":true,"href":"https:\/\/msconectado.com.br\/index.php?rest_route=\/wp\/v2\/users\/3"}],"replies":[{"embeddable":true,"href":"https:\/\/msconectado.com.br\/index.php?rest_route=%2Fwp%2Fv2%2Fcomments&post=20648"}],"version-history":[{"count":1,"href":"https:\/\/msconectado.com.br\/index.php?rest_route=\/wp\/v2\/posts\/20648\/revisions"}],"predecessor-version":[{"id":20651,"href":"https:\/\/msconectado.com.br\/index.php?rest_route=\/wp\/v2\/posts\/20648\/revisions\/20651"}],"wp:featuredmedia":[{"embeddable":true,"href":"https:\/\/msconectado.com.br\/index.php?rest_route=\/wp\/v2\/media\/20650"}],"wp:attachment":[{"href":"https:\/\/msconectado.com.br\/index.php?rest_route=%2Fwp%2Fv2%2Fmedia&parent=20648"}],"wp:term":[{"taxonomy":"category","embeddable":true,"href":"https:\/\/msconectado.com.br\/index.php?rest_route=%2Fwp%2Fv2%2Fcategories&post=20648"},{"taxonomy":"post_tag","embeddable":true,"href":"https:\/\/msconectado.com.br\/index.php?rest_route=%2Fwp%2Fv2%2Ftags&post=20648"}],"curies":[{"name":"wp","href":"https:\/\/api.w.org\/{rel}","templated":true}]}}