
{"id":20655,"date":"2023-12-05T19:58:27","date_gmt":"2023-12-05T19:58:27","guid":{"rendered":"https:\/\/msconectado.com.br\/?p=20655"},"modified":"2023-12-05T19:58:50","modified_gmt":"2023-12-05T19:58:50","slug":"projeto-veda-exigencia-de-regularidade-fiscal-para-participar-de-editais-de-cultura","status":"publish","type":"post","link":"https:\/\/msconectado.com.br\/?p=20655","title":{"rendered":"Projeto veda exig\u00eancia de regularidade fiscal para participar de editais de Cultura"},"content":{"rendered":"\n<p>A deputada Mara Caseiro (PSDB), 3\u00aa vice-presidente da Assembleia Legislativa de Mato Grosso do Sul (ALEMS), apresentou nesta manh\u00e3 (5) Projeto de Lei que trata da dispensa da exig\u00eancia de comprova\u00e7\u00e3o de regularidade fiscal para participa\u00e7\u00e3o de interessados nos editais que visem o cumprimento da Lei Federal 14.017\/2020, Lei emergencial de Cultura Aldir Blanc, e da Lei Complementar Federal 195\/2022, Lei emergencial Paulo Gustavo, no \u00e2mbito do Estado de Mato Grosso do Sul.<\/p>\n\n\n\n<p>A mat\u00e9ria tem a coautoria do deputado Jo\u00e3o C\u00e9sar Mattogrosso (PSDB) e segue para an\u00e1lise da Comiss\u00e3o de Constitui\u00e7\u00e3o, Justi\u00e7a e Reda\u00e7\u00e3o (CCJR). Fica ent\u00e3o vedada a exig\u00eancia de apresenta\u00e7\u00e3o de certid\u00f5es negativas de d\u00e9bitos, seja de natureza tribut\u00e1ria, d\u00edvida ativa da Uni\u00e3o, d\u00e9bitos estaduais, municipais e trabalhistas, pelos gestores estaduais nos editais que visem o cumprimento das Leis emergenciais de Cultura \u201cAldir Blanc\u201d e \u201cLei Paulo Gustavo\u201d<\/p>\n\n\n\n<p>Tamb\u00e9m ser\u00e1\u00a0proibida a reten\u00e7\u00e3o ou desconto de verbas que decorram da premia\u00e7\u00e3o para o pagamento destes d\u00e9bitos. \u201cAtendemos uma reivindica\u00e7\u00e3o do segmento art\u00edstico de nosso Estado para que possam participar de ambos editais sem essas exig\u00eancias, que n\u00e3o existiam quando foram criadas as leis federais\u201d, justifica a parlamentar.<\/p>\n\n\n\n<p>Fonte: ALEMS <\/p>\n","protected":false},"excerpt":{"rendered":"<p>A deputada Mara Caseiro (PSDB), 3\u00aa vice-presidente da Assembleia Legislativa de Mato Grosso do Sul (ALEMS), apresentou nesta manh\u00e3 (5) Projeto de Lei que trata da dispensa da exig\u00eancia de comprova\u00e7\u00e3o de regularidade fiscal para participa\u00e7\u00e3o de interessados nos editais que visem o cumprimento da Lei Federal 14.017\/2020, Lei emergencial de Cultura Aldir Blanc, e [&hellip;]<\/p>\n","protected":false},"author":3,"featured_media":20656,"comment_status":"open","ping_status":"closed","sticky":false,"template":"","format":"standard","meta":{"footnotes":""},"categories":[35,1],"tags":[],"class_list":["post-20655","post","type-post","status-publish","format-standard","has-post-thumbnail","hentry","category-cidades","category-noticia"],"yoast_head":"<!-- This site is optimized with the Yoast SEO plugin v27.5 - https:\/\/yoast.com\/product\/yoast-seo-wordpress\/ -->\n<title>Projeto veda exig\u00eancia de regularidade fiscal para participar de editais de Cultura - MsConectado<\/title>\n<meta name=\"robots\" content=\"index, follow, max-snippet:-1, max-image-preview:large, max-video-preview:-1\" \/>\n<link rel=\"canonical\" href=\"https:\/\/msconectado.com.br\/?p=20655\" \/>\n<meta property=\"og:locale\" content=\"pt_BR\" \/>\n<meta property=\"og:type\" content=\"article\" \/>\n<meta property=\"og:title\" content=\"Projeto veda exig\u00eancia de regularidade fiscal para participar de editais de Cultura - MsConectado\" \/>\n<meta property=\"og:description\" content=\"A deputada Mara Caseiro (PSDB), 3\u00aa vice-presidente da Assembleia Legislativa de Mato Grosso do Sul (ALEMS), apresentou nesta manh\u00e3 (5) Projeto de Lei que trata da dispensa da exig\u00eancia de comprova\u00e7\u00e3o de regularidade fiscal para participa\u00e7\u00e3o de interessados nos editais que visem o cumprimento da Lei Federal 14.017\/2020, Lei emergencial de Cultura Aldir Blanc, e [&hellip;]\" \/>\n<meta property=\"og:url\" content=\"https:\/\/msconectado.com.br\/?p=20655\" \/>\n<meta property=\"og:site_name\" content=\"MsConectado\" \/>\n<meta property=\"article:published_time\" content=\"2023-12-05T19:58:27+00:00\" \/>\n<meta property=\"article:modified_time\" content=\"2023-12-05T19:58:50+00:00\" \/>\n<meta property=\"og:image\" content=\"https:\/\/msconectado.com.br\/wp-content\/uploads\/2023\/12\/f367ee05-9935-4d95-acc3-7193000ca519-1.jpg\" \/>\n\t<meta property=\"og:image:width\" content=\"740\" \/>\n\t<meta property=\"og:image:height\" content=\"493\" \/>\n\t<meta property=\"og:image:type\" content=\"image\/jpeg\" \/>\n<meta name=\"author\" content=\"Jeferson\" \/>\n<meta name=\"twitter:card\" content=\"summary_large_image\" \/>\n<meta name=\"twitter:label1\" content=\"Escrito por\" \/>\n\t<meta name=\"twitter:data1\" content=\"Jeferson\" \/>\n\t<meta name=\"twitter:label2\" content=\"Est. tempo de leitura\" \/>\n\t<meta name=\"twitter:data2\" content=\"1 minuto\" \/>\n<script type=\"application\/ld+json\" class=\"yoast-schema-graph\">{\"@context\":\"https:\\\/\\\/schema.org\",\"@graph\":[{\"@type\":\"Article\",\"@id\":\"https:\\\/\\\/msconectado.com.br\\\/?p=20655#article\",\"isPartOf\":{\"@id\":\"https:\\\/\\\/msconectado.com.br\\\/?p=20655\"},\"author\":{\"name\":\"Jeferson\",\"@id\":\"https:\\\/\\\/msconectado.com.br\\\/#\\\/schema\\\/person\\\/feb123a95a93eebea36f0ed6a2e5ba48\"},\"headline\":\"Projeto veda exig\u00eancia de regularidade fiscal para participar de editais de Cultura\",\"datePublished\":\"2023-12-05T19:58:27+00:00\",\"dateModified\":\"2023-12-05T19:58:50+00:00\",\"mainEntityOfPage\":{\"@id\":\"https:\\\/\\\/msconectado.com.br\\\/?p=20655\"},\"wordCount\":229,\"commentCount\":0,\"publisher\":{\"@id\":\"https:\\\/\\\/msconectado.com.br\\\/#organization\"},\"image\":{\"@id\":\"https:\\\/\\\/msconectado.com.br\\\/?p=20655#primaryimage\"},\"thumbnailUrl\":\"https:\\\/\\\/msconectado.com.br\\\/wp-content\\\/uploads\\\/2023\\\/12\\\/f367ee05-9935-4d95-acc3-7193000ca519-1.jpg\",\"articleSection\":[\"Cidades\",\"Not\u00edcia\"],\"inLanguage\":\"pt-BR\",\"potentialAction\":[{\"@type\":\"CommentAction\",\"name\":\"Comment\",\"target\":[\"https:\\\/\\\/msconectado.com.br\\\/?p=20655#respond\"]}]},{\"@type\":\"WebPage\",\"@id\":\"https:\\\/\\\/msconectado.com.br\\\/?p=20655\",\"url\":\"https:\\\/\\\/msconectado.com.br\\\/?p=20655\",\"name\":\"Projeto veda exig\u00eancia de regularidade fiscal para participar de editais de Cultura - MsConectado\",\"isPartOf\":{\"@id\":\"https:\\\/\\\/msconectado.com.br\\\/#website\"},\"primaryImageOfPage\":{\"@id\":\"https:\\\/\\\/msconectado.com.br\\\/?p=20655#primaryimage\"},\"image\":{\"@id\":\"https:\\\/\\\/msconectado.com.br\\\/?p=20655#primaryimage\"},\"thumbnailUrl\":\"https:\\\/\\\/msconectado.com.br\\\/wp-content\\\/uploads\\\/2023\\\/12\\\/f367ee05-9935-4d95-acc3-7193000ca519-1.jpg\",\"datePublished\":\"2023-12-05T19:58:27+00:00\",\"dateModified\":\"2023-12-05T19:58:50+00:00\",\"breadcrumb\":{\"@id\":\"https:\\\/\\\/msconectado.com.br\\\/?p=20655#breadcrumb\"},\"inLanguage\":\"pt-BR\",\"potentialAction\":[{\"@type\":\"ReadAction\",\"target\":[\"https:\\\/\\\/msconectado.com.br\\\/?p=20655\"]}]},{\"@type\":\"ImageObject\",\"inLanguage\":\"pt-BR\",\"@id\":\"https:\\\/\\\/msconectado.com.br\\\/?p=20655#primaryimage\",\"url\":\"https:\\\/\\\/msconectado.com.br\\\/wp-content\\\/uploads\\\/2023\\\/12\\\/f367ee05-9935-4d95-acc3-7193000ca519-1.jpg\",\"contentUrl\":\"https:\\\/\\\/msconectado.com.br\\\/wp-content\\\/uploads\\\/2023\\\/12\\\/f367ee05-9935-4d95-acc3-7193000ca519-1.jpg\",\"width\":740,\"height\":493},{\"@type\":\"BreadcrumbList\",\"@id\":\"https:\\\/\\\/msconectado.com.br\\\/?p=20655#breadcrumb\",\"itemListElement\":[{\"@type\":\"ListItem\",\"position\":1,\"name\":\"In\u00edcio\",\"item\":\"https:\\\/\\\/msconectado.com.br\\\/?page_id=105\"},{\"@type\":\"ListItem\",\"position\":2,\"name\":\"Projeto veda exig\u00eancia de regularidade fiscal para participar de editais de Cultura\"}]},{\"@type\":\"WebSite\",\"@id\":\"https:\\\/\\\/msconectado.com.br\\\/#website\",\"url\":\"https:\\\/\\\/msconectado.com.br\\\/\",\"name\":\"MsConectado\",\"description\":\"Voc\u00ea Conectado com a Not\u00edcia!\",\"publisher\":{\"@id\":\"https:\\\/\\\/msconectado.com.br\\\/#organization\"},\"potentialAction\":[{\"@type\":\"SearchAction\",\"target\":{\"@type\":\"EntryPoint\",\"urlTemplate\":\"https:\\\/\\\/msconectado.com.br\\\/?s={search_term_string}\"},\"query-input\":{\"@type\":\"PropertyValueSpecification\",\"valueRequired\":true,\"valueName\":\"search_term_string\"}}],\"inLanguage\":\"pt-BR\"},{\"@type\":\"Organization\",\"@id\":\"https:\\\/\\\/msconectado.com.br\\\/#organization\",\"name\":\"MsConectado\",\"url\":\"https:\\\/\\\/msconectado.com.br\\\/\",\"logo\":{\"@type\":\"ImageObject\",\"inLanguage\":\"pt-BR\",\"@id\":\"https:\\\/\\\/msconectado.com.br\\\/#\\\/schema\\\/logo\\\/image\\\/\",\"url\":\"https:\\\/\\\/msconectado.com.br\\\/wp-content\\\/uploads\\\/2023\\\/01\\\/cropped-noticia-2.png\",\"contentUrl\":\"https:\\\/\\\/msconectado.com.br\\\/wp-content\\\/uploads\\\/2023\\\/01\\\/cropped-noticia-2.png\",\"width\":720,\"height\":157,\"caption\":\"MsConectado\"},\"image\":{\"@id\":\"https:\\\/\\\/msconectado.com.br\\\/#\\\/schema\\\/logo\\\/image\\\/\"}},{\"@type\":\"Person\",\"@id\":\"https:\\\/\\\/msconectado.com.br\\\/#\\\/schema\\\/person\\\/feb123a95a93eebea36f0ed6a2e5ba48\",\"name\":\"Jeferson\",\"image\":{\"@type\":\"ImageObject\",\"inLanguage\":\"pt-BR\",\"@id\":\"https:\\\/\\\/secure.gravatar.com\\\/avatar\\\/e23e8901c88f0cdc0ad479ef7a39bf3e4c806344549c087c00b721a65549a328?s=96&d=mm&r=g\",\"url\":\"https:\\\/\\\/secure.gravatar.com\\\/avatar\\\/e23e8901c88f0cdc0ad479ef7a39bf3e4c806344549c087c00b721a65549a328?s=96&d=mm&r=g\",\"contentUrl\":\"https:\\\/\\\/secure.gravatar.com\\\/avatar\\\/e23e8901c88f0cdc0ad479ef7a39bf3e4c806344549c087c00b721a65549a328?s=96&d=mm&r=g\",\"caption\":\"Jeferson\"},\"url\":\"https:\\\/\\\/msconectado.com.br\\\/?author=3\"}]}<\/script>\n<!-- \/ Yoast SEO plugin. -->","yoast_head_json":{"title":"Projeto veda exig\u00eancia de regularidade fiscal para participar de editais de Cultura - MsConectado","robots":{"index":"index","follow":"follow","max-snippet":"max-snippet:-1","max-image-preview":"max-image-preview:large","max-video-preview":"max-video-preview:-1"},"canonical":"https:\/\/msconectado.com.br\/?p=20655","og_locale":"pt_BR","og_type":"article","og_title":"Projeto veda exig\u00eancia de regularidade fiscal para participar de editais de Cultura - MsConectado","og_description":"A deputada Mara Caseiro (PSDB), 3\u00aa vice-presidente da Assembleia Legislativa de Mato Grosso do Sul (ALEMS), apresentou nesta manh\u00e3 (5) Projeto de Lei que trata da dispensa da exig\u00eancia de comprova\u00e7\u00e3o de regularidade fiscal para participa\u00e7\u00e3o de interessados nos editais que visem o cumprimento da Lei Federal 14.017\/2020, Lei emergencial de Cultura Aldir Blanc, e [&hellip;]","og_url":"https:\/\/msconectado.com.br\/?p=20655","og_site_name":"MsConectado","article_published_time":"2023-12-05T19:58:27+00:00","article_modified_time":"2023-12-05T19:58:50+00:00","og_image":[{"width":740,"height":493,"url":"https:\/\/msconectado.com.br\/wp-content\/uploads\/2023\/12\/f367ee05-9935-4d95-acc3-7193000ca519-1.jpg","type":"image\/jpeg"}],"author":"Jeferson","twitter_card":"summary_large_image","twitter_misc":{"Escrito por":"Jeferson","Est. tempo de leitura":"1 minuto"},"schema":{"@context":"https:\/\/schema.org","@graph":[{"@type":"Article","@id":"https:\/\/msconectado.com.br\/?p=20655#article","isPartOf":{"@id":"https:\/\/msconectado.com.br\/?p=20655"},"author":{"name":"Jeferson","@id":"https:\/\/msconectado.com.br\/#\/schema\/person\/feb123a95a93eebea36f0ed6a2e5ba48"},"headline":"Projeto veda exig\u00eancia de regularidade fiscal para participar de editais de Cultura","datePublished":"2023-12-05T19:58:27+00:00","dateModified":"2023-12-05T19:58:50+00:00","mainEntityOfPage":{"@id":"https:\/\/msconectado.com.br\/?p=20655"},"wordCount":229,"commentCount":0,"publisher":{"@id":"https:\/\/msconectado.com.br\/#organization"},"image":{"@id":"https:\/\/msconectado.com.br\/?p=20655#primaryimage"},"thumbnailUrl":"https:\/\/msconectado.com.br\/wp-content\/uploads\/2023\/12\/f367ee05-9935-4d95-acc3-7193000ca519-1.jpg","articleSection":["Cidades","Not\u00edcia"],"inLanguage":"pt-BR","potentialAction":[{"@type":"CommentAction","name":"Comment","target":["https:\/\/msconectado.com.br\/?p=20655#respond"]}]},{"@type":"WebPage","@id":"https:\/\/msconectado.com.br\/?p=20655","url":"https:\/\/msconectado.com.br\/?p=20655","name":"Projeto veda exig\u00eancia de regularidade fiscal para participar de editais de Cultura - MsConectado","isPartOf":{"@id":"https:\/\/msconectado.com.br\/#website"},"primaryImageOfPage":{"@id":"https:\/\/msconectado.com.br\/?p=20655#primaryimage"},"image":{"@id":"https:\/\/msconectado.com.br\/?p=20655#primaryimage"},"thumbnailUrl":"https:\/\/msconectado.com.br\/wp-content\/uploads\/2023\/12\/f367ee05-9935-4d95-acc3-7193000ca519-1.jpg","datePublished":"2023-12-05T19:58:27+00:00","dateModified":"2023-12-05T19:58:50+00:00","breadcrumb":{"@id":"https:\/\/msconectado.com.br\/?p=20655#breadcrumb"},"inLanguage":"pt-BR","potentialAction":[{"@type":"ReadAction","target":["https:\/\/msconectado.com.br\/?p=20655"]}]},{"@type":"ImageObject","inLanguage":"pt-BR","@id":"https:\/\/msconectado.com.br\/?p=20655#primaryimage","url":"https:\/\/msconectado.com.br\/wp-content\/uploads\/2023\/12\/f367ee05-9935-4d95-acc3-7193000ca519-1.jpg","contentUrl":"https:\/\/msconectado.com.br\/wp-content\/uploads\/2023\/12\/f367ee05-9935-4d95-acc3-7193000ca519-1.jpg","width":740,"height":493},{"@type":"BreadcrumbList","@id":"https:\/\/msconectado.com.br\/?p=20655#breadcrumb","itemListElement":[{"@type":"ListItem","position":1,"name":"In\u00edcio","item":"https:\/\/msconectado.com.br\/?page_id=105"},{"@type":"ListItem","position":2,"name":"Projeto veda exig\u00eancia de regularidade fiscal para participar de editais de Cultura"}]},{"@type":"WebSite","@id":"https:\/\/msconectado.com.br\/#website","url":"https:\/\/msconectado.com.br\/","name":"MsConectado","description":"Voc\u00ea Conectado com a Not\u00edcia!","publisher":{"@id":"https:\/\/msconectado.com.br\/#organization"},"potentialAction":[{"@type":"SearchAction","target":{"@type":"EntryPoint","urlTemplate":"https:\/\/msconectado.com.br\/?s={search_term_string}"},"query-input":{"@type":"PropertyValueSpecification","valueRequired":true,"valueName":"search_term_string"}}],"inLanguage":"pt-BR"},{"@type":"Organization","@id":"https:\/\/msconectado.com.br\/#organization","name":"MsConectado","url":"https:\/\/msconectado.com.br\/","logo":{"@type":"ImageObject","inLanguage":"pt-BR","@id":"https:\/\/msconectado.com.br\/#\/schema\/logo\/image\/","url":"https:\/\/msconectado.com.br\/wp-content\/uploads\/2023\/01\/cropped-noticia-2.png","contentUrl":"https:\/\/msconectado.com.br\/wp-content\/uploads\/2023\/01\/cropped-noticia-2.png","width":720,"height":157,"caption":"MsConectado"},"image":{"@id":"https:\/\/msconectado.com.br\/#\/schema\/logo\/image\/"}},{"@type":"Person","@id":"https:\/\/msconectado.com.br\/#\/schema\/person\/feb123a95a93eebea36f0ed6a2e5ba48","name":"Jeferson","image":{"@type":"ImageObject","inLanguage":"pt-BR","@id":"https:\/\/secure.gravatar.com\/avatar\/e23e8901c88f0cdc0ad479ef7a39bf3e4c806344549c087c00b721a65549a328?s=96&d=mm&r=g","url":"https:\/\/secure.gravatar.com\/avatar\/e23e8901c88f0cdc0ad479ef7a39bf3e4c806344549c087c00b721a65549a328?s=96&d=mm&r=g","contentUrl":"https:\/\/secure.gravatar.com\/avatar\/e23e8901c88f0cdc0ad479ef7a39bf3e4c806344549c087c00b721a65549a328?s=96&d=mm&r=g","caption":"Jeferson"},"url":"https:\/\/msconectado.com.br\/?author=3"}]}},"_links":{"self":[{"href":"https:\/\/msconectado.com.br\/index.php?rest_route=\/wp\/v2\/posts\/20655","targetHints":{"allow":["GET"]}}],"collection":[{"href":"https:\/\/msconectado.com.br\/index.php?rest_route=\/wp\/v2\/posts"}],"about":[{"href":"https:\/\/msconectado.com.br\/index.php?rest_route=\/wp\/v2\/types\/post"}],"author":[{"embeddable":true,"href":"https:\/\/msconectado.com.br\/index.php?rest_route=\/wp\/v2\/users\/3"}],"replies":[{"embeddable":true,"href":"https:\/\/msconectado.com.br\/index.php?rest_route=%2Fwp%2Fv2%2Fcomments&post=20655"}],"version-history":[{"count":2,"href":"https:\/\/msconectado.com.br\/index.php?rest_route=\/wp\/v2\/posts\/20655\/revisions"}],"predecessor-version":[{"id":20659,"href":"https:\/\/msconectado.com.br\/index.php?rest_route=\/wp\/v2\/posts\/20655\/revisions\/20659"}],"wp:featuredmedia":[{"embeddable":true,"href":"https:\/\/msconectado.com.br\/index.php?rest_route=\/wp\/v2\/media\/20656"}],"wp:attachment":[{"href":"https:\/\/msconectado.com.br\/index.php?rest_route=%2Fwp%2Fv2%2Fmedia&parent=20655"}],"wp:term":[{"taxonomy":"category","embeddable":true,"href":"https:\/\/msconectado.com.br\/index.php?rest_route=%2Fwp%2Fv2%2Fcategories&post=20655"},{"taxonomy":"post_tag","embeddable":true,"href":"https:\/\/msconectado.com.br\/index.php?rest_route=%2Fwp%2Fv2%2Ftags&post=20655"}],"curies":[{"name":"wp","href":"https:\/\/api.w.org\/{rel}","templated":true}]}}