
{"id":20687,"date":"2023-12-08T18:37:58","date_gmt":"2023-12-08T18:37:58","guid":{"rendered":"https:\/\/msconectado.com.br\/?p=20687"},"modified":"2023-12-08T18:38:00","modified_gmt":"2023-12-08T18:38:00","slug":"com-recursos-proprios-e-emendas-prefeitura-de-maracaju-realiza-a-entrega-de-pa-carregadeira-retroescavadeira-e-trator-agricola","status":"publish","type":"post","link":"https:\/\/msconectado.com.br\/?p=20687","title":{"rendered":"Com recursos pr\u00f3prios e emendas, Prefeitura de Maracaju realiza a entrega de P\u00e1 Carregadeira, Retroescavadeira e Trator Agr\u00edcola."},"content":{"rendered":"\n<p>Equipamentos ser\u00e3o para atender demandas dos mun\u00edcipes e tamb\u00e9m dos assentamentos.<\/p>\n\n\n\n<p>Na manh\u00e3 da \u00faltima quinta-feira, 07-12, a Prefeitura de Maracaju por meio da Secretaria Municipal de Obras realizou a entrega de novos equipamentos para atender as demandas da pasta, tanto no per\u00edmetro urbano, quanto no campo, especialmente em assentamentos.<\/p>\n\n\n\n<p>Os equipamentos foram adquiridos com recursos pr\u00f3prios, conv\u00eanio e tamb\u00e9m emenda parlamentar da Senadora Tereza Cristina, tratando-se de 01 (uma) P\u00e1 Carregadeira de Rodas no valor de R$ 496.900,00 (Quatrocentos e noventa e seis mil e novecentos reais) e 01 (uma) Retroescavadeira no valor de R$ 459.800,00 (Quatrocentos e cinquenta e nove mil e oitocentos reais) &#8211; Recurso oriundo do conv\u00eanio 924573\/2021 &#8211; Aquisi\u00e7\u00e3o de Patrulha Mecanizada para o Munic\u00edpio de Maracaju. O valor total do conv\u00eanio \u00e9 de R$ 2.110.233,33 (Dois milh\u00f5es, cento e dez mil, duzentos e trinta e tr\u00eas reais e trinta e tr\u00eas centavos), sendo R$ 1.155.233,33 (Um milh\u00e3o, cento e cinquenta e cinco mil, duzentos e trinta e tr\u00eas reais e trinta e tr\u00eas centavos) de contrapartida e R$ 955.000,00 (Novecentos e cinquenta e cinco mil reais) de repasse por interm\u00e9dio da parlamentar Tereza Cristina.<\/p>\n\n\n\n<p>Al\u00e9m disso, tamb\u00e9m foi entregue 01 (um) Trator Agr\u00edcola no valor de R$ 212.900,00 (Duzentos e doze mil e novecentos reais) \u2013 Recurso oriundo do conv\u00eanio 923946\/2021 &#8211; Aquisi\u00e7\u00e3o de Patrulha Mecanizada para o Munic\u00edpio de Maracaju. O valor total do conv\u00eanio \u00e9 de R$ 757.400,00 (Setecentos e cinquenta e sete mil e quatrocentos reais), sendo R$ 127.100,00 (Cento e vinte e sete mil e cem reais) de contrapartida e R$ 630.300,00 (Seiscentos e trinta mil e trezentos reais) de repasse por interm\u00e9dio da parlamentar Tereza Cristina.<\/p>\n\n\n\n<p>Este \u00e9 um dos primeiros tratores da categoria a chegar ao Mato Grosso do Sul, tratando-se de um dos mais potentes e equilibrados equipamentos de seu segmento, contando com amplo espa\u00e7o interno, traz o conforto da cabine com ar condicionado e da visibilidade de 360\u00b0durante toda a opera\u00e7\u00e3o, isso gera mais seguran\u00e7a ao condutor.<\/p>\n\n\n\n<p>Outro diferencial, para quem precisa trabalhar com alto torque, mesmo em baixas rota\u00e7\u00f5es, \u00e9 que o XT804-4D oferece uma reserva de torque do motor acima de 30%, uma das maiores da categoria, garantindo muito mais estabilidade e for\u00e7a.<\/p>\n\n\n\n<p>Conforme o vice-prefeito, Mauro Christianini, esta entrega representa mais um esfor\u00e7o da atual administra\u00e7\u00e3o no atendimento ao homem do campo, salientando ainda a import\u00e2ncia da agricultura familiar para a merenda escolar, feirantes e a comunidade como um todo.<br><br>AUTORIDADES PRESENTES<\/p>\n\n\n\n<p>Participaram da entrega, representando o Prefeito Marcos Calderan que est\u00e1 em viagem, Vice-Prefeito de Maracaju, Mauro Christianini, Vereadores Rener Barbosa, Oseias Enfermeiro, Gustavo Veterin\u00e1rio e Vilmar Oliveira, Secret\u00e1rio de Obras e Urbanismo, Joaquim Herrera, Procurador Jur\u00eddico, Dr. Robson Coradini, Gerente do Sindicato Rural, Cl\u00e1udia Nogueira, al\u00e9m de integrantes da SEDEMA, servidores p\u00fablicos e convidados.<\/p>\n\n\n\n<p>Assessoria<\/p>\n","protected":false},"excerpt":{"rendered":"<p>Equipamentos ser\u00e3o para atender demandas dos mun\u00edcipes e tamb\u00e9m dos assentamentos. Na manh\u00e3 da \u00faltima quinta-feira, 07-12, a Prefeitura de Maracaju por meio da Secretaria Municipal de Obras realizou a entrega de novos equipamentos para atender as demandas da pasta, tanto no per\u00edmetro urbano, quanto no campo, especialmente em assentamentos. Os equipamentos foram adquiridos com [&hellip;]<\/p>\n","protected":false},"author":2,"featured_media":20688,"comment_status":"open","ping_status":"closed","sticky":false,"template":"","format":"standard","meta":{"footnotes":""},"categories":[35,1,33],"tags":[],"class_list":["post-20687","post","type-post","status-publish","format-standard","has-post-thumbnail","hentry","category-cidades","category-noticia","category-politica"],"yoast_head":"<!-- This site is optimized with the Yoast SEO plugin v27.5 - https:\/\/yoast.com\/product\/yoast-seo-wordpress\/ -->\n<title>Com recursos pr\u00f3prios e emendas, Prefeitura de Maracaju realiza a entrega de P\u00e1 Carregadeira, Retroescavadeira e Trator Agr\u00edcola. - MsConectado<\/title>\n<meta name=\"robots\" content=\"index, follow, max-snippet:-1, max-image-preview:large, max-video-preview:-1\" \/>\n<link rel=\"canonical\" href=\"https:\/\/msconectado.com.br\/?p=20687\" \/>\n<meta property=\"og:locale\" content=\"pt_BR\" \/>\n<meta property=\"og:type\" content=\"article\" \/>\n<meta property=\"og:title\" content=\"Com recursos pr\u00f3prios e emendas, Prefeitura de Maracaju realiza a entrega de P\u00e1 Carregadeira, Retroescavadeira e Trator Agr\u00edcola. - MsConectado\" \/>\n<meta property=\"og:description\" content=\"Equipamentos ser\u00e3o para atender demandas dos mun\u00edcipes e tamb\u00e9m dos assentamentos. Na manh\u00e3 da \u00faltima quinta-feira, 07-12, a Prefeitura de Maracaju por meio da Secretaria Municipal de Obras realizou a entrega de novos equipamentos para atender as demandas da pasta, tanto no per\u00edmetro urbano, quanto no campo, especialmente em assentamentos. Os equipamentos foram adquiridos com [&hellip;]\" \/>\n<meta property=\"og:url\" content=\"https:\/\/msconectado.com.br\/?p=20687\" \/>\n<meta property=\"og:site_name\" content=\"MsConectado\" \/>\n<meta property=\"article:published_time\" content=\"2023-12-08T18:37:58+00:00\" \/>\n<meta property=\"article:modified_time\" content=\"2023-12-08T18:38:00+00:00\" \/>\n<meta property=\"og:image\" content=\"https:\/\/msconectado.com.br\/wp-content\/uploads\/2023\/12\/f367ee05-9935-4d95-acc3-7193000ca519-2.jpg\" \/>\n\t<meta property=\"og:image:width\" content=\"1600\" \/>\n\t<meta property=\"og:image:height\" content=\"1066\" \/>\n\t<meta property=\"og:image:type\" content=\"image\/jpeg\" \/>\n<meta name=\"author\" content=\"MsConectado\" \/>\n<meta name=\"twitter:card\" content=\"summary_large_image\" \/>\n<meta name=\"twitter:label1\" content=\"Escrito por\" \/>\n\t<meta name=\"twitter:data1\" content=\"MsConectado\" \/>\n\t<meta name=\"twitter:label2\" content=\"Est. tempo de leitura\" \/>\n\t<meta name=\"twitter:data2\" content=\"2 minutos\" \/>\n<script type=\"application\/ld+json\" class=\"yoast-schema-graph\">{\"@context\":\"https:\\\/\\\/schema.org\",\"@graph\":[{\"@type\":\"Article\",\"@id\":\"https:\\\/\\\/msconectado.com.br\\\/?p=20687#article\",\"isPartOf\":{\"@id\":\"https:\\\/\\\/msconectado.com.br\\\/?p=20687\"},\"author\":{\"name\":\"MsConectado\",\"@id\":\"https:\\\/\\\/msconectado.com.br\\\/#\\\/schema\\\/person\\\/e5585545b5687092f1041d350b6e2c16\"},\"headline\":\"Com recursos pr\u00f3prios e emendas, Prefeitura de Maracaju realiza a entrega de P\u00e1 Carregadeira, Retroescavadeira e Trator Agr\u00edcola.\",\"datePublished\":\"2023-12-08T18:37:58+00:00\",\"dateModified\":\"2023-12-08T18:38:00+00:00\",\"mainEntityOfPage\":{\"@id\":\"https:\\\/\\\/msconectado.com.br\\\/?p=20687\"},\"wordCount\":506,\"commentCount\":0,\"publisher\":{\"@id\":\"https:\\\/\\\/msconectado.com.br\\\/#organization\"},\"image\":{\"@id\":\"https:\\\/\\\/msconectado.com.br\\\/?p=20687#primaryimage\"},\"thumbnailUrl\":\"https:\\\/\\\/msconectado.com.br\\\/wp-content\\\/uploads\\\/2023\\\/12\\\/f367ee05-9935-4d95-acc3-7193000ca519-2.jpg\",\"articleSection\":[\"Cidades\",\"Not\u00edcia\",\"Pol\u00edtica\"],\"inLanguage\":\"pt-BR\",\"potentialAction\":[{\"@type\":\"CommentAction\",\"name\":\"Comment\",\"target\":[\"https:\\\/\\\/msconectado.com.br\\\/?p=20687#respond\"]}]},{\"@type\":\"WebPage\",\"@id\":\"https:\\\/\\\/msconectado.com.br\\\/?p=20687\",\"url\":\"https:\\\/\\\/msconectado.com.br\\\/?p=20687\",\"name\":\"Com recursos pr\u00f3prios e emendas, Prefeitura de Maracaju realiza a entrega de P\u00e1 Carregadeira, Retroescavadeira e Trator Agr\u00edcola. - MsConectado\",\"isPartOf\":{\"@id\":\"https:\\\/\\\/msconectado.com.br\\\/#website\"},\"primaryImageOfPage\":{\"@id\":\"https:\\\/\\\/msconectado.com.br\\\/?p=20687#primaryimage\"},\"image\":{\"@id\":\"https:\\\/\\\/msconectado.com.br\\\/?p=20687#primaryimage\"},\"thumbnailUrl\":\"https:\\\/\\\/msconectado.com.br\\\/wp-content\\\/uploads\\\/2023\\\/12\\\/f367ee05-9935-4d95-acc3-7193000ca519-2.jpg\",\"datePublished\":\"2023-12-08T18:37:58+00:00\",\"dateModified\":\"2023-12-08T18:38:00+00:00\",\"breadcrumb\":{\"@id\":\"https:\\\/\\\/msconectado.com.br\\\/?p=20687#breadcrumb\"},\"inLanguage\":\"pt-BR\",\"potentialAction\":[{\"@type\":\"ReadAction\",\"target\":[\"https:\\\/\\\/msconectado.com.br\\\/?p=20687\"]}]},{\"@type\":\"ImageObject\",\"inLanguage\":\"pt-BR\",\"@id\":\"https:\\\/\\\/msconectado.com.br\\\/?p=20687#primaryimage\",\"url\":\"https:\\\/\\\/msconectado.com.br\\\/wp-content\\\/uploads\\\/2023\\\/12\\\/f367ee05-9935-4d95-acc3-7193000ca519-2.jpg\",\"contentUrl\":\"https:\\\/\\\/msconectado.com.br\\\/wp-content\\\/uploads\\\/2023\\\/12\\\/f367ee05-9935-4d95-acc3-7193000ca519-2.jpg\",\"width\":1600,\"height\":1066},{\"@type\":\"BreadcrumbList\",\"@id\":\"https:\\\/\\\/msconectado.com.br\\\/?p=20687#breadcrumb\",\"itemListElement\":[{\"@type\":\"ListItem\",\"position\":1,\"name\":\"In\u00edcio\",\"item\":\"https:\\\/\\\/msconectado.com.br\\\/?page_id=105\"},{\"@type\":\"ListItem\",\"position\":2,\"name\":\"Com recursos pr\u00f3prios e emendas, Prefeitura de Maracaju realiza a entrega de P\u00e1 Carregadeira, Retroescavadeira e Trator Agr\u00edcola.\"}]},{\"@type\":\"WebSite\",\"@id\":\"https:\\\/\\\/msconectado.com.br\\\/#website\",\"url\":\"https:\\\/\\\/msconectado.com.br\\\/\",\"name\":\"MsConectado\",\"description\":\"Voc\u00ea Conectado com a Not\u00edcia!\",\"publisher\":{\"@id\":\"https:\\\/\\\/msconectado.com.br\\\/#organization\"},\"potentialAction\":[{\"@type\":\"SearchAction\",\"target\":{\"@type\":\"EntryPoint\",\"urlTemplate\":\"https:\\\/\\\/msconectado.com.br\\\/?s={search_term_string}\"},\"query-input\":{\"@type\":\"PropertyValueSpecification\",\"valueRequired\":true,\"valueName\":\"search_term_string\"}}],\"inLanguage\":\"pt-BR\"},{\"@type\":\"Organization\",\"@id\":\"https:\\\/\\\/msconectado.com.br\\\/#organization\",\"name\":\"MsConectado\",\"url\":\"https:\\\/\\\/msconectado.com.br\\\/\",\"logo\":{\"@type\":\"ImageObject\",\"inLanguage\":\"pt-BR\",\"@id\":\"https:\\\/\\\/msconectado.com.br\\\/#\\\/schema\\\/logo\\\/image\\\/\",\"url\":\"https:\\\/\\\/msconectado.com.br\\\/wp-content\\\/uploads\\\/2023\\\/01\\\/cropped-noticia-2.png\",\"contentUrl\":\"https:\\\/\\\/msconectado.com.br\\\/wp-content\\\/uploads\\\/2023\\\/01\\\/cropped-noticia-2.png\",\"width\":720,\"height\":157,\"caption\":\"MsConectado\"},\"image\":{\"@id\":\"https:\\\/\\\/msconectado.com.br\\\/#\\\/schema\\\/logo\\\/image\\\/\"}},{\"@type\":\"Person\",\"@id\":\"https:\\\/\\\/msconectado.com.br\\\/#\\\/schema\\\/person\\\/e5585545b5687092f1041d350b6e2c16\",\"name\":\"MsConectado\",\"image\":{\"@type\":\"ImageObject\",\"inLanguage\":\"pt-BR\",\"@id\":\"https:\\\/\\\/secure.gravatar.com\\\/avatar\\\/3b4f84a0a8a4380ac4431fa79981d073692380c5da00ae97596e794ab0db5c8c?s=96&d=mm&r=g\",\"url\":\"https:\\\/\\\/secure.gravatar.com\\\/avatar\\\/3b4f84a0a8a4380ac4431fa79981d073692380c5da00ae97596e794ab0db5c8c?s=96&d=mm&r=g\",\"contentUrl\":\"https:\\\/\\\/secure.gravatar.com\\\/avatar\\\/3b4f84a0a8a4380ac4431fa79981d073692380c5da00ae97596e794ab0db5c8c?s=96&d=mm&r=g\",\"caption\":\"MsConectado\"},\"url\":\"https:\\\/\\\/msconectado.com.br\\\/?author=2\"}]}<\/script>\n<!-- \/ Yoast SEO plugin. -->","yoast_head_json":{"title":"Com recursos pr\u00f3prios e emendas, Prefeitura de Maracaju realiza a entrega de P\u00e1 Carregadeira, Retroescavadeira e Trator Agr\u00edcola. - MsConectado","robots":{"index":"index","follow":"follow","max-snippet":"max-snippet:-1","max-image-preview":"max-image-preview:large","max-video-preview":"max-video-preview:-1"},"canonical":"https:\/\/msconectado.com.br\/?p=20687","og_locale":"pt_BR","og_type":"article","og_title":"Com recursos pr\u00f3prios e emendas, Prefeitura de Maracaju realiza a entrega de P\u00e1 Carregadeira, Retroescavadeira e Trator Agr\u00edcola. - MsConectado","og_description":"Equipamentos ser\u00e3o para atender demandas dos mun\u00edcipes e tamb\u00e9m dos assentamentos. Na manh\u00e3 da \u00faltima quinta-feira, 07-12, a Prefeitura de Maracaju por meio da Secretaria Municipal de Obras realizou a entrega de novos equipamentos para atender as demandas da pasta, tanto no per\u00edmetro urbano, quanto no campo, especialmente em assentamentos. Os equipamentos foram adquiridos com [&hellip;]","og_url":"https:\/\/msconectado.com.br\/?p=20687","og_site_name":"MsConectado","article_published_time":"2023-12-08T18:37:58+00:00","article_modified_time":"2023-12-08T18:38:00+00:00","og_image":[{"width":1600,"height":1066,"url":"https:\/\/msconectado.com.br\/wp-content\/uploads\/2023\/12\/f367ee05-9935-4d95-acc3-7193000ca519-2.jpg","type":"image\/jpeg"}],"author":"MsConectado","twitter_card":"summary_large_image","twitter_misc":{"Escrito por":"MsConectado","Est. tempo de leitura":"2 minutos"},"schema":{"@context":"https:\/\/schema.org","@graph":[{"@type":"Article","@id":"https:\/\/msconectado.com.br\/?p=20687#article","isPartOf":{"@id":"https:\/\/msconectado.com.br\/?p=20687"},"author":{"name":"MsConectado","@id":"https:\/\/msconectado.com.br\/#\/schema\/person\/e5585545b5687092f1041d350b6e2c16"},"headline":"Com recursos pr\u00f3prios e emendas, Prefeitura de Maracaju realiza a entrega de P\u00e1 Carregadeira, Retroescavadeira e Trator Agr\u00edcola.","datePublished":"2023-12-08T18:37:58+00:00","dateModified":"2023-12-08T18:38:00+00:00","mainEntityOfPage":{"@id":"https:\/\/msconectado.com.br\/?p=20687"},"wordCount":506,"commentCount":0,"publisher":{"@id":"https:\/\/msconectado.com.br\/#organization"},"image":{"@id":"https:\/\/msconectado.com.br\/?p=20687#primaryimage"},"thumbnailUrl":"https:\/\/msconectado.com.br\/wp-content\/uploads\/2023\/12\/f367ee05-9935-4d95-acc3-7193000ca519-2.jpg","articleSection":["Cidades","Not\u00edcia","Pol\u00edtica"],"inLanguage":"pt-BR","potentialAction":[{"@type":"CommentAction","name":"Comment","target":["https:\/\/msconectado.com.br\/?p=20687#respond"]}]},{"@type":"WebPage","@id":"https:\/\/msconectado.com.br\/?p=20687","url":"https:\/\/msconectado.com.br\/?p=20687","name":"Com recursos pr\u00f3prios e emendas, Prefeitura de Maracaju realiza a entrega de P\u00e1 Carregadeira, Retroescavadeira e Trator Agr\u00edcola. - MsConectado","isPartOf":{"@id":"https:\/\/msconectado.com.br\/#website"},"primaryImageOfPage":{"@id":"https:\/\/msconectado.com.br\/?p=20687#primaryimage"},"image":{"@id":"https:\/\/msconectado.com.br\/?p=20687#primaryimage"},"thumbnailUrl":"https:\/\/msconectado.com.br\/wp-content\/uploads\/2023\/12\/f367ee05-9935-4d95-acc3-7193000ca519-2.jpg","datePublished":"2023-12-08T18:37:58+00:00","dateModified":"2023-12-08T18:38:00+00:00","breadcrumb":{"@id":"https:\/\/msconectado.com.br\/?p=20687#breadcrumb"},"inLanguage":"pt-BR","potentialAction":[{"@type":"ReadAction","target":["https:\/\/msconectado.com.br\/?p=20687"]}]},{"@type":"ImageObject","inLanguage":"pt-BR","@id":"https:\/\/msconectado.com.br\/?p=20687#primaryimage","url":"https:\/\/msconectado.com.br\/wp-content\/uploads\/2023\/12\/f367ee05-9935-4d95-acc3-7193000ca519-2.jpg","contentUrl":"https:\/\/msconectado.com.br\/wp-content\/uploads\/2023\/12\/f367ee05-9935-4d95-acc3-7193000ca519-2.jpg","width":1600,"height":1066},{"@type":"BreadcrumbList","@id":"https:\/\/msconectado.com.br\/?p=20687#breadcrumb","itemListElement":[{"@type":"ListItem","position":1,"name":"In\u00edcio","item":"https:\/\/msconectado.com.br\/?page_id=105"},{"@type":"ListItem","position":2,"name":"Com recursos pr\u00f3prios e emendas, Prefeitura de Maracaju realiza a entrega de P\u00e1 Carregadeira, Retroescavadeira e Trator Agr\u00edcola."}]},{"@type":"WebSite","@id":"https:\/\/msconectado.com.br\/#website","url":"https:\/\/msconectado.com.br\/","name":"MsConectado","description":"Voc\u00ea Conectado com a Not\u00edcia!","publisher":{"@id":"https:\/\/msconectado.com.br\/#organization"},"potentialAction":[{"@type":"SearchAction","target":{"@type":"EntryPoint","urlTemplate":"https:\/\/msconectado.com.br\/?s={search_term_string}"},"query-input":{"@type":"PropertyValueSpecification","valueRequired":true,"valueName":"search_term_string"}}],"inLanguage":"pt-BR"},{"@type":"Organization","@id":"https:\/\/msconectado.com.br\/#organization","name":"MsConectado","url":"https:\/\/msconectado.com.br\/","logo":{"@type":"ImageObject","inLanguage":"pt-BR","@id":"https:\/\/msconectado.com.br\/#\/schema\/logo\/image\/","url":"https:\/\/msconectado.com.br\/wp-content\/uploads\/2023\/01\/cropped-noticia-2.png","contentUrl":"https:\/\/msconectado.com.br\/wp-content\/uploads\/2023\/01\/cropped-noticia-2.png","width":720,"height":157,"caption":"MsConectado"},"image":{"@id":"https:\/\/msconectado.com.br\/#\/schema\/logo\/image\/"}},{"@type":"Person","@id":"https:\/\/msconectado.com.br\/#\/schema\/person\/e5585545b5687092f1041d350b6e2c16","name":"MsConectado","image":{"@type":"ImageObject","inLanguage":"pt-BR","@id":"https:\/\/secure.gravatar.com\/avatar\/3b4f84a0a8a4380ac4431fa79981d073692380c5da00ae97596e794ab0db5c8c?s=96&d=mm&r=g","url":"https:\/\/secure.gravatar.com\/avatar\/3b4f84a0a8a4380ac4431fa79981d073692380c5da00ae97596e794ab0db5c8c?s=96&d=mm&r=g","contentUrl":"https:\/\/secure.gravatar.com\/avatar\/3b4f84a0a8a4380ac4431fa79981d073692380c5da00ae97596e794ab0db5c8c?s=96&d=mm&r=g","caption":"MsConectado"},"url":"https:\/\/msconectado.com.br\/?author=2"}]}},"_links":{"self":[{"href":"https:\/\/msconectado.com.br\/index.php?rest_route=\/wp\/v2\/posts\/20687","targetHints":{"allow":["GET"]}}],"collection":[{"href":"https:\/\/msconectado.com.br\/index.php?rest_route=\/wp\/v2\/posts"}],"about":[{"href":"https:\/\/msconectado.com.br\/index.php?rest_route=\/wp\/v2\/types\/post"}],"author":[{"embeddable":true,"href":"https:\/\/msconectado.com.br\/index.php?rest_route=\/wp\/v2\/users\/2"}],"replies":[{"embeddable":true,"href":"https:\/\/msconectado.com.br\/index.php?rest_route=%2Fwp%2Fv2%2Fcomments&post=20687"}],"version-history":[{"count":1,"href":"https:\/\/msconectado.com.br\/index.php?rest_route=\/wp\/v2\/posts\/20687\/revisions"}],"predecessor-version":[{"id":20689,"href":"https:\/\/msconectado.com.br\/index.php?rest_route=\/wp\/v2\/posts\/20687\/revisions\/20689"}],"wp:featuredmedia":[{"embeddable":true,"href":"https:\/\/msconectado.com.br\/index.php?rest_route=\/wp\/v2\/media\/20688"}],"wp:attachment":[{"href":"https:\/\/msconectado.com.br\/index.php?rest_route=%2Fwp%2Fv2%2Fmedia&parent=20687"}],"wp:term":[{"taxonomy":"category","embeddable":true,"href":"https:\/\/msconectado.com.br\/index.php?rest_route=%2Fwp%2Fv2%2Fcategories&post=20687"},{"taxonomy":"post_tag","embeddable":true,"href":"https:\/\/msconectado.com.br\/index.php?rest_route=%2Fwp%2Fv2%2Ftags&post=20687"}],"curies":[{"name":"wp","href":"https:\/\/api.w.org\/{rel}","templated":true}]}}