
{"id":20690,"date":"2023-12-08T20:11:17","date_gmt":"2023-12-08T20:11:17","guid":{"rendered":"https:\/\/msconectado.com.br\/?p=20690"},"modified":"2023-12-08T20:11:19","modified_gmt":"2023-12-08T20:11:19","slug":"sicredi-participa-da-cop-28-em-apoio-a-agenda-esg-brasileira","status":"publish","type":"post","link":"https:\/\/msconectado.com.br\/?p=20690","title":{"rendered":"Sicredi participa da COP 28 em apoio \u00e0 agenda ESG brasileira"},"content":{"rendered":"\n<p><em>Institui\u00e7\u00e3o assina ades\u00e3o \u00e0 Rede Financeira para a Amaz\u00f4nia<\/em><\/p>\n\n\n\n<p><em>e financiamento de US$ 125 milh\u00f5es com BID Invest e DEG durante evento da ONU<\/em><\/p>\n\n\n\n<p>O Sicredi assinou, no dia 05 de dezembro, dois importantes acordos durante a Confer\u00eancia das Na\u00e7\u00f5es Unidas sobre Mudan\u00e7as Clim\u00e1ticas (COP 28), que ocorre em Dubai, nos Emirados \u00c1rabes Unidos. Integrante do Pacto Global das Na\u00e7\u00f5es Unidas (ONU), a institui\u00e7\u00e3o financeira cooperativa agora passa a integrar a Rede Financeira para a Amaz\u00f4nia, que busca mobilizar recursos do setor privado para promover, simultaneamente, a melhoria da qualidade de vida na regi\u00e3o e a preserva\u00e7\u00e3o ambiental. Al\u00e9m disso, foi formalizada a capta\u00e7\u00e3o de US$ 125 milh\u00f5es para financiar micro, pequenas e m\u00e9dias empresas lideradas por mulheres, inclusive na Amaz\u00f4nia.<\/p>\n\n\n\n<p>A Rede Financeira para a Amaz\u00f4nia, da qual o Sicredi passa a ser membro fundador, \u00e9 liderada pelo BID Invest e a Corpora\u00e7\u00e3o Financeira Internacional (IFC). A iniciativa visa a destina\u00e7\u00e3o de recursos para a regi\u00e3o, criando oportunidades econ\u00f4micas sustent\u00e1veis aos habitantes. \u201cO ingresso na Rede \u00e9 mais um importante passo no sentido da coopera\u00e7\u00e3o em prol do desenvolvimento socioecon\u00f4mico e ambiental da regi\u00e3o amaz\u00f4nica. Estamos muito orgulhosos e engajados em sermos protagonistas dessa agenda, somando ainda mais for\u00e7a \u00e0s a\u00e7\u00f5es de sustentabilidade realizadas de forma perene por nossas cooperativas em todo o Brasil\u201d, comentou C\u00e9sar Bochi, diretor presidente do Banco Cooperativo Sicredi.<\/p>\n\n\n\n<p>Durante a COP 28, o Sicredi j\u00e1 formalizou a primeira a\u00e7\u00e3o pr\u00e1tica de benef\u00edcio \u00e0 Amaz\u00f4nia enquanto integrante da Rede, pois foi selado o acordo de capta\u00e7\u00e3o de US$ 125 milh\u00f5es para apoio a micro, pequenas e m\u00e9dias empresas lideradas por mulheres. Parte deste valor \u2013 US$ 5 milh\u00f5es \u2013 ser\u00e1 destinada especificamente a empresas administradas por elas na regi\u00e3o amaz\u00f4nica e US$ 9,5 milh\u00f5es ser\u00e3o direcionados a empresas administradas por elas em munic\u00edpios com baixo \u00cdndice de Desenvolvimento Humano (IDH). A capta\u00e7\u00e3o de US$ 125 milh\u00f5es foi mobilizada pela institui\u00e7\u00e3o financeira de desenvolvimento alem\u00e3&nbsp;DEG (Alemanha), em colabora\u00e7\u00e3o com o&nbsp;BID Invest e outros parceiros como&nbsp;Proparco (Fran\u00e7a), Commerzbank Aktiengesellschaft (Alemanha) e Symbiotics (Su\u00ed\u00e7a).<\/p>\n\n\n\n<p>A opera\u00e7\u00e3o contribui para meta&nbsp;do&nbsp;<a><em>2X Challenge \u2013 Finance for Women<\/em><\/a>, um desafio global lan\u00e7ado pelas institui\u00e7\u00f5es financeiras de desenvolvimento do G7 e que possui o objetivo de destinar recursos \u00e0 gera\u00e7\u00e3o de oportunidades de empreendedorismo e \u00e0 lideran\u00e7a de mulheres em pa\u00edses emergentes. O recurso tamb\u00e9m atende os Objetivos do Desenvolvimento Sustent\u00e1vel (ODS) propostos pela ONU, especificamente o de n\u00famero 5, que trata sobre Igualdade de G\u00eanero.<\/p>\n\n\n\n<p>\u201cEstamos dando sequ\u00eancia ao plano de capta\u00e7\u00f5es internacionais para que possamos potencializar nossas opera\u00e7\u00f5es em prol de uma economia brasileira mais igualit\u00e1ria, com menos pobreza e mais verde\u201d, afirma Pedro Ramos, superintendente de Tesouraria do Sicredi, que representa presencialmente a institui\u00e7\u00e3o na COP 28.<\/p>\n\n\n\n<p>Atualmente, o Sicredi conta com mais de um milh\u00e3o de empresas associadas, sendo que 74% s\u00e3o micro e pequenas empresas; 22% microempreendedores individuais. Das mais de 1,1 milh\u00e3o de pequenas empresas existentes no Brasil, 25% s\u00e3o atualmente associadas \u00e0 institui\u00e7\u00e3o financeira cooperativa. A carteira relacionada \u00e0 economia verde do Sicredi est\u00e1 em R$ 35,8 bilh\u00f5es. As atividades de produ\u00e7\u00e3o rural familiar, agricultura de baixo carbono e energia renov\u00e1vel s\u00e3o as que representam maior volume de recursos, R$ 13,6 bilh\u00f5es, R$ 8,2 bilh\u00f5es e R$ 5,8 bilh\u00f5es, respectivamente. A carteira de cr\u00e9dito destinada especificamente a micro, pequenas e m\u00e9dias empresas lideradas por mulheres \u00e9 de R$ 15,7 bilh\u00f5es.<\/p>\n\n\n\n<p><strong>Sobre o Sicredi<\/strong>\u202f<\/p>\n\n\n\n<p>O Sicredi \u00e9 uma institui\u00e7\u00e3o financeira cooperativa comprometida com o crescimento de seus associados e com o desenvolvimento das regi\u00f5es onde atua. Possui um modelo de gest\u00e3o que valoriza a participa\u00e7\u00e3o dos mais de 7 milh\u00f5es de associados, que exercem o papel de donos do neg\u00f3cio. Com mais de 2.600 ag\u00eancias, o Sicredi est\u00e1 presente fisicamente em todos os estados brasileiros e no Distrito Federal, disponibilizando uma gama completa de solu\u00e7\u00f5es financeiras e n\u00e3o financeiras.\u202f&nbsp;<\/p>\n\n\n\n<p>Site do Sicredi:<a href=\"http:\/\/www.sicredi.com.br\/site%22%20\/t%20%22_blank%22%20\/o%20%22http:\/www.sicredi.com.br\/site\" target=\"_blank\" rel=\"noreferrer noopener\">&nbsp;Clique aqui<\/a>\u202f\u202f\u202f\u202f\u202f\u202f&nbsp;<\/p>\n\n\n\n<p>Redes Sociais:<a href=\"https:\/\/urldefense.proofpoint.com\/v2\/url?u=https-3A__www.facebook.com_Sicredi_&amp;d=DwMGaQ&amp;c=63k7DFQ5NS45K8Wu5uX9Pd1gEa70c_pznLjIw3OxEiE&amp;r=78reeXSRUHsXRv_X52nVFtqn8imrdAy-e5fJ56Qe6zg&amp;m=xAVwqnVpfVTt2Vu2g1Il31gCoCNxIOeNb-plWVTL0kw&amp;s=JKipJ9HxCcwObJ2cU-F6-Mq2sxBtIbmY5-KGbuh8D5g&amp;e=%22%20%5Ct%20%22_blank%22%20%5Co%20%22https:\/\/urldefense.proofpoint.com\/v2\/url?u=https-3a__www.facebook.com_sicredi_&amp;d=dwmgaq&amp;c=63k7dfq5ns45k8wu5ux9pd1gea70c_pznljiw3oxeie&amp;r=78reexsruhsxrv_x52nvftqn8imrday-e5fj56qe6zg&amp;m=xavwqnvpfvtt2vu2g1il31gcocnxioenb-plwvtl0kw&amp;s=jkipj9hxccwobj2cu-f6-mq2sxbtibmy\" target=\"_blank\" rel=\"noreferrer noopener\">&nbsp;Facebook<\/a>&nbsp;|<a href=\"https:\/\/urldefense.com\/v3\/__https:\/instagram.com\/sicredi__;!!HhhKMSGjjQV-!skJJ34UnCvSNLF9kBxQaX6TqdH0BMtQRpPFHxp7r_5HWfNomTgv3CmM6sPd-DuzGX3gRRA$%22%20\/t%20%22_blank%22%20\/o%20%22https:\/urldefense.com\/v3\/__https:\/instagram.com\/sicredi__;!!hhhkmsgjjqv-!skjj34uncvsnlf9kbxqax6tqdh0bmtqrppfhxp7r_5hwfnomtgv3cmm6spd-duzgx3grra$\" target=\"_blank\" rel=\"noreferrer noopener\">&nbsp;Instagram<\/a>&nbsp;|<a href=\"https:\/\/urldefense.proofpoint.com\/v2\/url?u=https-3A__twitter.com_sicredi-5Foficial&amp;d=DwMGaQ&amp;c=63k7DFQ5NS45K8Wu5uX9Pd1gEa70c_pznLjIw3OxEiE&amp;r=78reeXSRUHsXRv_X52nVFtqn8imrdAy-e5fJ56Qe6zg&amp;m=xAVwqnVpfVTt2Vu2g1Il31gCoCNxIOeNb-plWVTL0kw&amp;s=rREjz000pYFcmWEEXtLWoXAYGWHjlL0RGR2OhBlfpvg&amp;e=%22%20%5Ct%20%22_blank%22%20%5Co%20%22https:\/\/urldefense.proofpoint.com\/v2\/url?u=https-3a__twitter.com_sicredi-5foficial&amp;d=dwmgaq&amp;c=63k7dfq5ns45k8wu5ux9pd1gea70c_pznljiw3oxeie&amp;r=78reexsruhsxrv_x52nvftqn8imrday-e5fj56qe6zg&amp;m=xavwqnvpfvtt2vu2g1il31gcocnxioenb-plwvtl0kw&amp;s=rrejz000pyfcmweextlwoxaygwhj\" target=\"_blank\" rel=\"noreferrer noopener\">&nbsp;Twitter<\/a>&nbsp;|<a href=\"https:\/\/urldefense.proofpoint.com\/v2\/url?u=https-3A__www.linkedin.com_company_sicredi&amp;d=DwMGaQ&amp;c=63k7DFQ5NS45K8Wu5uX9Pd1gEa70c_pznLjIw3OxEiE&amp;r=78reeXSRUHsXRv_X52nVFtqn8imrdAy-e5fJ56Qe6zg&amp;m=xAVwqnVpfVTt2Vu2g1Il31gCoCNxIOeNb-plWVTL0kw&amp;s=9Afr_6-_zQljoX3PTOiIuUAk3glYTUttfE8zyudIzKg&amp;e=%22%20%5Ct%20%22_blank%22%20%5Co%20%22https:\/\/urldefense.proofpoint.com\/v2\/url?u=https-3a__www.linkedin.com_company_sicredi&amp;d=dwmgaq&amp;c=63k7dfq5ns45k8wu5ux9pd1gea70c_pznljiw3oxeie&amp;r=78reexsruhsxrv_x52nvftqn8imrday-e5fj56qe6zg&amp;m=xavwqnvpfvtt2vu2g1il31gcocnxioenb-plwvtl0kw&amp;s=9afr_6-_zqljox3ptoiiuuak3\" target=\"_blank\" rel=\"noreferrer noopener\">&nbsp;LinkedIn<\/a>&nbsp;|<a href=\"https:\/\/urldefense.proofpoint.com\/v2\/url?u=https-3A__www.youtube.com_user_sicredioficial&amp;d=DwMGaQ&amp;c=63k7DFQ5NS45K8Wu5uX9Pd1gEa70c_pznLjIw3OxEiE&amp;r=78reeXSRUHsXRv_X52nVFtqn8imrdAy-e5fJ56Qe6zg&amp;m=xAVwqnVpfVTt2Vu2g1Il31gCoCNxIOeNb-plWVTL0kw&amp;s=gYFE34Op3aDlZfviXJsdbFh5VGFhNtFoc8XmCLM1DTQ&amp;e=%22%20%5Ct%20%22_blank%22%20%5Co%20%22https:\/\/urldefense.proofpoint.com\/v2\/url?u=https-3a__www.youtube.com_user_sicredioficial&amp;d=dwmgaq&amp;c=63k7dfq5ns45k8wu5ux9pd1gea70c_pznljiw3oxeie&amp;r=78reexsruhsxrv_x52nvftqn8imrday-e5fj56qe6zg&amp;m=xavwqnvpfvtt2vu2g1il31gcocnxioenb-plwvtl0kw&amp;s=gyfe34op3adlzfvixjsdbf\" target=\"_blank\" rel=\"noreferrer noopener\">&nbsp;YouTube<\/a>\u202f\u202f\u202f\u202f\u202f\u202f&nbsp;<\/p>\n\n\n\n<p><strong>Sobre o BID Invest<\/strong><\/p>\n\n\n\n<p>O BID Invest, membro do Grupo Banco Interamericano de Desenvolvimento, \u00e9 um banco multilateral de desenvolvimento comprometido em promover o desenvolvimento econ\u00f4mico de seus pa\u00edses membros na Am\u00e9rica Latina e no Caribe por meio do setor privado. O BID Invest financia empresas e projetos sustent\u00e1veis para alcan\u00e7ar resultados financeiros e maximizar o desenvolvimento econ\u00f4mico, social e ambiental da regi\u00e3o. Com uma carteira de US$ 16,3 bilh\u00f5es em ativos sob gest\u00e3o e 394 clientes em 25 pa\u00edses, o BID Invest oferece solu\u00e7\u00f5es financeiras inovadoras e servi\u00e7os de consultoria que atendem \u00e0s necessidades de seus clientes em diversos setores.<\/p>\n\n\n\n<p>Assessoria<\/p>\n","protected":false},"excerpt":{"rendered":"<p>Institui\u00e7\u00e3o assina ades\u00e3o \u00e0 Rede Financeira para a Amaz\u00f4nia e financiamento de US$ 125 milh\u00f5es com BID Invest e DEG durante evento da ONU O Sicredi assinou, no dia 05 de dezembro, dois importantes acordos durante a Confer\u00eancia das Na\u00e7\u00f5es Unidas sobre Mudan\u00e7as Clim\u00e1ticas (COP 28), que ocorre em Dubai, nos Emirados \u00c1rabes Unidos. Integrante [&hellip;]<\/p>\n","protected":false},"author":2,"featured_media":20691,"comment_status":"open","ping_status":"closed","sticky":false,"template":"","format":"standard","meta":{"footnotes":""},"categories":[35,34],"tags":[],"class_list":["post-20690","post","type-post","status-publish","format-standard","has-post-thumbnail","hentry","category-cidades","category-comercio"],"yoast_head":"<!-- This site is optimized with the Yoast SEO plugin v27.5 - https:\/\/yoast.com\/product\/yoast-seo-wordpress\/ -->\n<title>Sicredi participa da COP 28 em apoio \u00e0 agenda ESG brasileira - MsConectado<\/title>\n<meta name=\"robots\" content=\"index, follow, max-snippet:-1, max-image-preview:large, max-video-preview:-1\" \/>\n<link rel=\"canonical\" href=\"https:\/\/msconectado.com.br\/?p=20690\" \/>\n<meta property=\"og:locale\" content=\"pt_BR\" \/>\n<meta property=\"og:type\" content=\"article\" \/>\n<meta property=\"og:title\" content=\"Sicredi participa da COP 28 em apoio \u00e0 agenda ESG brasileira - MsConectado\" \/>\n<meta property=\"og:description\" content=\"Institui\u00e7\u00e3o assina ades\u00e3o \u00e0 Rede Financeira para a Amaz\u00f4nia e financiamento de US$ 125 milh\u00f5es com BID Invest e DEG durante evento da ONU O Sicredi assinou, no dia 05 de dezembro, dois importantes acordos durante a Confer\u00eancia das Na\u00e7\u00f5es Unidas sobre Mudan\u00e7as Clim\u00e1ticas (COP 28), que ocorre em Dubai, nos Emirados \u00c1rabes Unidos. Integrante [&hellip;]\" \/>\n<meta property=\"og:url\" content=\"https:\/\/msconectado.com.br\/?p=20690\" \/>\n<meta property=\"og:site_name\" content=\"MsConectado\" \/>\n<meta property=\"article:published_time\" content=\"2023-12-08T20:11:17+00:00\" \/>\n<meta property=\"article:modified_time\" content=\"2023-12-08T20:11:19+00:00\" \/>\n<meta property=\"og:image\" content=\"https:\/\/msconectado.com.br\/wp-content\/uploads\/2023\/12\/reurb.jpg\" \/>\n\t<meta property=\"og:image:width\" content=\"1600\" \/>\n\t<meta property=\"og:image:height\" content=\"1200\" \/>\n\t<meta property=\"og:image:type\" content=\"image\/jpeg\" \/>\n<meta name=\"author\" content=\"MsConectado\" \/>\n<meta name=\"twitter:card\" content=\"summary_large_image\" \/>\n<meta name=\"twitter:label1\" content=\"Escrito por\" \/>\n\t<meta name=\"twitter:data1\" content=\"MsConectado\" \/>\n\t<meta name=\"twitter:label2\" content=\"Est. tempo de leitura\" \/>\n\t<meta name=\"twitter:data2\" content=\"4 minutos\" \/>\n<script type=\"application\/ld+json\" class=\"yoast-schema-graph\">{\"@context\":\"https:\\\/\\\/schema.org\",\"@graph\":[{\"@type\":\"Article\",\"@id\":\"https:\\\/\\\/msconectado.com.br\\\/?p=20690#article\",\"isPartOf\":{\"@id\":\"https:\\\/\\\/msconectado.com.br\\\/?p=20690\"},\"author\":{\"name\":\"MsConectado\",\"@id\":\"https:\\\/\\\/msconectado.com.br\\\/#\\\/schema\\\/person\\\/e5585545b5687092f1041d350b6e2c16\"},\"headline\":\"Sicredi participa da COP 28 em apoio \u00e0 agenda ESG brasileira\",\"datePublished\":\"2023-12-08T20:11:17+00:00\",\"dateModified\":\"2023-12-08T20:11:19+00:00\",\"mainEntityOfPage\":{\"@id\":\"https:\\\/\\\/msconectado.com.br\\\/?p=20690\"},\"wordCount\":840,\"commentCount\":0,\"publisher\":{\"@id\":\"https:\\\/\\\/msconectado.com.br\\\/#organization\"},\"image\":{\"@id\":\"https:\\\/\\\/msconectado.com.br\\\/?p=20690#primaryimage\"},\"thumbnailUrl\":\"https:\\\/\\\/msconectado.com.br\\\/wp-content\\\/uploads\\\/2023\\\/12\\\/reurb.jpg\",\"articleSection\":[\"Cidades\",\"Com\u00e9rcio\"],\"inLanguage\":\"pt-BR\",\"potentialAction\":[{\"@type\":\"CommentAction\",\"name\":\"Comment\",\"target\":[\"https:\\\/\\\/msconectado.com.br\\\/?p=20690#respond\"]}]},{\"@type\":\"WebPage\",\"@id\":\"https:\\\/\\\/msconectado.com.br\\\/?p=20690\",\"url\":\"https:\\\/\\\/msconectado.com.br\\\/?p=20690\",\"name\":\"Sicredi participa da COP 28 em apoio \u00e0 agenda ESG brasileira - MsConectado\",\"isPartOf\":{\"@id\":\"https:\\\/\\\/msconectado.com.br\\\/#website\"},\"primaryImageOfPage\":{\"@id\":\"https:\\\/\\\/msconectado.com.br\\\/?p=20690#primaryimage\"},\"image\":{\"@id\":\"https:\\\/\\\/msconectado.com.br\\\/?p=20690#primaryimage\"},\"thumbnailUrl\":\"https:\\\/\\\/msconectado.com.br\\\/wp-content\\\/uploads\\\/2023\\\/12\\\/reurb.jpg\",\"datePublished\":\"2023-12-08T20:11:17+00:00\",\"dateModified\":\"2023-12-08T20:11:19+00:00\",\"breadcrumb\":{\"@id\":\"https:\\\/\\\/msconectado.com.br\\\/?p=20690#breadcrumb\"},\"inLanguage\":\"pt-BR\",\"potentialAction\":[{\"@type\":\"ReadAction\",\"target\":[\"https:\\\/\\\/msconectado.com.br\\\/?p=20690\"]}]},{\"@type\":\"ImageObject\",\"inLanguage\":\"pt-BR\",\"@id\":\"https:\\\/\\\/msconectado.com.br\\\/?p=20690#primaryimage\",\"url\":\"https:\\\/\\\/msconectado.com.br\\\/wp-content\\\/uploads\\\/2023\\\/12\\\/reurb.jpg\",\"contentUrl\":\"https:\\\/\\\/msconectado.com.br\\\/wp-content\\\/uploads\\\/2023\\\/12\\\/reurb.jpg\",\"width\":1600,\"height\":1200},{\"@type\":\"BreadcrumbList\",\"@id\":\"https:\\\/\\\/msconectado.com.br\\\/?p=20690#breadcrumb\",\"itemListElement\":[{\"@type\":\"ListItem\",\"position\":1,\"name\":\"In\u00edcio\",\"item\":\"https:\\\/\\\/msconectado.com.br\\\/\"},{\"@type\":\"ListItem\",\"position\":2,\"name\":\"Sicredi participa da COP 28 em apoio \u00e0 agenda ESG brasileira\"}]},{\"@type\":\"WebSite\",\"@id\":\"https:\\\/\\\/msconectado.com.br\\\/#website\",\"url\":\"https:\\\/\\\/msconectado.com.br\\\/\",\"name\":\"MsConectado\",\"description\":\"Voc\u00ea Conectado com a Not\u00edcia!\",\"publisher\":{\"@id\":\"https:\\\/\\\/msconectado.com.br\\\/#organization\"},\"potentialAction\":[{\"@type\":\"SearchAction\",\"target\":{\"@type\":\"EntryPoint\",\"urlTemplate\":\"https:\\\/\\\/msconectado.com.br\\\/?s={search_term_string}\"},\"query-input\":{\"@type\":\"PropertyValueSpecification\",\"valueRequired\":true,\"valueName\":\"search_term_string\"}}],\"inLanguage\":\"pt-BR\"},{\"@type\":\"Organization\",\"@id\":\"https:\\\/\\\/msconectado.com.br\\\/#organization\",\"name\":\"MsConectado\",\"url\":\"https:\\\/\\\/msconectado.com.br\\\/\",\"logo\":{\"@type\":\"ImageObject\",\"inLanguage\":\"pt-BR\",\"@id\":\"https:\\\/\\\/msconectado.com.br\\\/#\\\/schema\\\/logo\\\/image\\\/\",\"url\":\"https:\\\/\\\/msconectado.com.br\\\/wp-content\\\/uploads\\\/2023\\\/01\\\/cropped-noticia-2.png\",\"contentUrl\":\"https:\\\/\\\/msconectado.com.br\\\/wp-content\\\/uploads\\\/2023\\\/01\\\/cropped-noticia-2.png\",\"width\":720,\"height\":157,\"caption\":\"MsConectado\"},\"image\":{\"@id\":\"https:\\\/\\\/msconectado.com.br\\\/#\\\/schema\\\/logo\\\/image\\\/\"}},{\"@type\":\"Person\",\"@id\":\"https:\\\/\\\/msconectado.com.br\\\/#\\\/schema\\\/person\\\/e5585545b5687092f1041d350b6e2c16\",\"name\":\"MsConectado\",\"image\":{\"@type\":\"ImageObject\",\"inLanguage\":\"pt-BR\",\"@id\":\"https:\\\/\\\/secure.gravatar.com\\\/avatar\\\/3b4f84a0a8a4380ac4431fa79981d073692380c5da00ae97596e794ab0db5c8c?s=96&d=mm&r=g\",\"url\":\"https:\\\/\\\/secure.gravatar.com\\\/avatar\\\/3b4f84a0a8a4380ac4431fa79981d073692380c5da00ae97596e794ab0db5c8c?s=96&d=mm&r=g\",\"contentUrl\":\"https:\\\/\\\/secure.gravatar.com\\\/avatar\\\/3b4f84a0a8a4380ac4431fa79981d073692380c5da00ae97596e794ab0db5c8c?s=96&d=mm&r=g\",\"caption\":\"MsConectado\"},\"url\":\"https:\\\/\\\/msconectado.com.br\\\/?author=2\"}]}<\/script>\n<!-- \/ Yoast SEO plugin. -->","yoast_head_json":{"title":"Sicredi participa da COP 28 em apoio \u00e0 agenda ESG brasileira - MsConectado","robots":{"index":"index","follow":"follow","max-snippet":"max-snippet:-1","max-image-preview":"max-image-preview:large","max-video-preview":"max-video-preview:-1"},"canonical":"https:\/\/msconectado.com.br\/?p=20690","og_locale":"pt_BR","og_type":"article","og_title":"Sicredi participa da COP 28 em apoio \u00e0 agenda ESG brasileira - MsConectado","og_description":"Institui\u00e7\u00e3o assina ades\u00e3o \u00e0 Rede Financeira para a Amaz\u00f4nia e financiamento de US$ 125 milh\u00f5es com BID Invest e DEG durante evento da ONU O Sicredi assinou, no dia 05 de dezembro, dois importantes acordos durante a Confer\u00eancia das Na\u00e7\u00f5es Unidas sobre Mudan\u00e7as Clim\u00e1ticas (COP 28), que ocorre em Dubai, nos Emirados \u00c1rabes Unidos. Integrante [&hellip;]","og_url":"https:\/\/msconectado.com.br\/?p=20690","og_site_name":"MsConectado","article_published_time":"2023-12-08T20:11:17+00:00","article_modified_time":"2023-12-08T20:11:19+00:00","og_image":[{"width":1600,"height":1200,"url":"https:\/\/msconectado.com.br\/wp-content\/uploads\/2023\/12\/reurb.jpg","type":"image\/jpeg"}],"author":"MsConectado","twitter_card":"summary_large_image","twitter_misc":{"Escrito por":"MsConectado","Est. tempo de leitura":"4 minutos"},"schema":{"@context":"https:\/\/schema.org","@graph":[{"@type":"Article","@id":"https:\/\/msconectado.com.br\/?p=20690#article","isPartOf":{"@id":"https:\/\/msconectado.com.br\/?p=20690"},"author":{"name":"MsConectado","@id":"https:\/\/msconectado.com.br\/#\/schema\/person\/e5585545b5687092f1041d350b6e2c16"},"headline":"Sicredi participa da COP 28 em apoio \u00e0 agenda ESG brasileira","datePublished":"2023-12-08T20:11:17+00:00","dateModified":"2023-12-08T20:11:19+00:00","mainEntityOfPage":{"@id":"https:\/\/msconectado.com.br\/?p=20690"},"wordCount":840,"commentCount":0,"publisher":{"@id":"https:\/\/msconectado.com.br\/#organization"},"image":{"@id":"https:\/\/msconectado.com.br\/?p=20690#primaryimage"},"thumbnailUrl":"https:\/\/msconectado.com.br\/wp-content\/uploads\/2023\/12\/reurb.jpg","articleSection":["Cidades","Com\u00e9rcio"],"inLanguage":"pt-BR","potentialAction":[{"@type":"CommentAction","name":"Comment","target":["https:\/\/msconectado.com.br\/?p=20690#respond"]}]},{"@type":"WebPage","@id":"https:\/\/msconectado.com.br\/?p=20690","url":"https:\/\/msconectado.com.br\/?p=20690","name":"Sicredi participa da COP 28 em apoio \u00e0 agenda ESG brasileira - MsConectado","isPartOf":{"@id":"https:\/\/msconectado.com.br\/#website"},"primaryImageOfPage":{"@id":"https:\/\/msconectado.com.br\/?p=20690#primaryimage"},"image":{"@id":"https:\/\/msconectado.com.br\/?p=20690#primaryimage"},"thumbnailUrl":"https:\/\/msconectado.com.br\/wp-content\/uploads\/2023\/12\/reurb.jpg","datePublished":"2023-12-08T20:11:17+00:00","dateModified":"2023-12-08T20:11:19+00:00","breadcrumb":{"@id":"https:\/\/msconectado.com.br\/?p=20690#breadcrumb"},"inLanguage":"pt-BR","potentialAction":[{"@type":"ReadAction","target":["https:\/\/msconectado.com.br\/?p=20690"]}]},{"@type":"ImageObject","inLanguage":"pt-BR","@id":"https:\/\/msconectado.com.br\/?p=20690#primaryimage","url":"https:\/\/msconectado.com.br\/wp-content\/uploads\/2023\/12\/reurb.jpg","contentUrl":"https:\/\/msconectado.com.br\/wp-content\/uploads\/2023\/12\/reurb.jpg","width":1600,"height":1200},{"@type":"BreadcrumbList","@id":"https:\/\/msconectado.com.br\/?p=20690#breadcrumb","itemListElement":[{"@type":"ListItem","position":1,"name":"In\u00edcio","item":"https:\/\/msconectado.com.br\/"},{"@type":"ListItem","position":2,"name":"Sicredi participa da COP 28 em apoio \u00e0 agenda ESG brasileira"}]},{"@type":"WebSite","@id":"https:\/\/msconectado.com.br\/#website","url":"https:\/\/msconectado.com.br\/","name":"MsConectado","description":"Voc\u00ea Conectado com a Not\u00edcia!","publisher":{"@id":"https:\/\/msconectado.com.br\/#organization"},"potentialAction":[{"@type":"SearchAction","target":{"@type":"EntryPoint","urlTemplate":"https:\/\/msconectado.com.br\/?s={search_term_string}"},"query-input":{"@type":"PropertyValueSpecification","valueRequired":true,"valueName":"search_term_string"}}],"inLanguage":"pt-BR"},{"@type":"Organization","@id":"https:\/\/msconectado.com.br\/#organization","name":"MsConectado","url":"https:\/\/msconectado.com.br\/","logo":{"@type":"ImageObject","inLanguage":"pt-BR","@id":"https:\/\/msconectado.com.br\/#\/schema\/logo\/image\/","url":"https:\/\/msconectado.com.br\/wp-content\/uploads\/2023\/01\/cropped-noticia-2.png","contentUrl":"https:\/\/msconectado.com.br\/wp-content\/uploads\/2023\/01\/cropped-noticia-2.png","width":720,"height":157,"caption":"MsConectado"},"image":{"@id":"https:\/\/msconectado.com.br\/#\/schema\/logo\/image\/"}},{"@type":"Person","@id":"https:\/\/msconectado.com.br\/#\/schema\/person\/e5585545b5687092f1041d350b6e2c16","name":"MsConectado","image":{"@type":"ImageObject","inLanguage":"pt-BR","@id":"https:\/\/secure.gravatar.com\/avatar\/3b4f84a0a8a4380ac4431fa79981d073692380c5da00ae97596e794ab0db5c8c?s=96&d=mm&r=g","url":"https:\/\/secure.gravatar.com\/avatar\/3b4f84a0a8a4380ac4431fa79981d073692380c5da00ae97596e794ab0db5c8c?s=96&d=mm&r=g","contentUrl":"https:\/\/secure.gravatar.com\/avatar\/3b4f84a0a8a4380ac4431fa79981d073692380c5da00ae97596e794ab0db5c8c?s=96&d=mm&r=g","caption":"MsConectado"},"url":"https:\/\/msconectado.com.br\/?author=2"}]}},"_links":{"self":[{"href":"https:\/\/msconectado.com.br\/index.php?rest_route=\/wp\/v2\/posts\/20690","targetHints":{"allow":["GET"]}}],"collection":[{"href":"https:\/\/msconectado.com.br\/index.php?rest_route=\/wp\/v2\/posts"}],"about":[{"href":"https:\/\/msconectado.com.br\/index.php?rest_route=\/wp\/v2\/types\/post"}],"author":[{"embeddable":true,"href":"https:\/\/msconectado.com.br\/index.php?rest_route=\/wp\/v2\/users\/2"}],"replies":[{"embeddable":true,"href":"https:\/\/msconectado.com.br\/index.php?rest_route=%2Fwp%2Fv2%2Fcomments&post=20690"}],"version-history":[{"count":1,"href":"https:\/\/msconectado.com.br\/index.php?rest_route=\/wp\/v2\/posts\/20690\/revisions"}],"predecessor-version":[{"id":20692,"href":"https:\/\/msconectado.com.br\/index.php?rest_route=\/wp\/v2\/posts\/20690\/revisions\/20692"}],"wp:featuredmedia":[{"embeddable":true,"href":"https:\/\/msconectado.com.br\/index.php?rest_route=\/wp\/v2\/media\/20691"}],"wp:attachment":[{"href":"https:\/\/msconectado.com.br\/index.php?rest_route=%2Fwp%2Fv2%2Fmedia&parent=20690"}],"wp:term":[{"taxonomy":"category","embeddable":true,"href":"https:\/\/msconectado.com.br\/index.php?rest_route=%2Fwp%2Fv2%2Fcategories&post=20690"},{"taxonomy":"post_tag","embeddable":true,"href":"https:\/\/msconectado.com.br\/index.php?rest_route=%2Fwp%2Fv2%2Ftags&post=20690"}],"curies":[{"name":"wp","href":"https:\/\/api.w.org\/{rel}","templated":true}]}}