
{"id":20705,"date":"2023-12-11T20:40:03","date_gmt":"2023-12-11T20:40:03","guid":{"rendered":"https:\/\/msconectado.com.br\/?p=20705"},"modified":"2023-12-11T20:40:05","modified_gmt":"2023-12-11T20:40:05","slug":"em-parceria-com-o-sebrae-prefeitura-realizou-oficina-de-imersao-com-a-participacao-de-gestores-e-servidores","status":"publish","type":"post","link":"https:\/\/msconectado.com.br\/?p=20705","title":{"rendered":"Em parceria com o SEBRAE, Prefeitura realizou Oficina de Imers\u00e3o com a participa\u00e7\u00e3o de gestores e servidores."},"content":{"rendered":"\n<p><em>A\u00e7\u00e3o \u00e9 mais uma realiza\u00e7\u00e3o da Secretaria Municipal de Administra\u00e7\u00e3o.<\/em><\/p>\n\n\n\n<p>A Prefeitura de Maracaju por meio da Secretaria Municipal de Administra\u00e7\u00e3o em parceria com o SEBRAE\/MS realizou na \u00faltima ter\u00e7a-feira, 05-1, o terceiro e \u00faltimo encontro da Oficina de Imers\u00e3o, contemplando servidores e gestores p\u00fablicos do munic\u00edpio.<\/p>\n\n\n\n<p>A a\u00e7\u00e3o teve o objetivo de desenvolver compet\u00eancias gerais e espec\u00edficas relacionadas \u00e0 gest\u00e3o e governan\u00e7a, com vistas \u00e0 melhoria da maturidade da gest\u00e3o municipal.<\/p>\n\n\n\n<p>A capacita\u00e7\u00e3o faz parte do Plano de Capacita\u00e7\u00e3o dos Servidores e trabalha com a quest\u00e3o de que servidores e gestores, geralmente, imersos na rotina do dia a dia, muitas vezes, resolvem problemas de \u201cmodo autom\u00e1tico\u201d, sem questionar ou construir novas formas de pensar.<\/p>\n\n\n\n<p>De acordo com Paula Brites, Secret\u00e1ria de Administra\u00e7\u00e3o, a oficina proporciona justamente isso, pensar no problema a partir da atual realidade, buscando de maneira coletiva a constru\u00e7\u00e3o de solu\u00e7\u00f5es inovadoras com os recursos dispon\u00edveis. Trata-se de um processo que demonstra a import\u00e2ncia das an\u00e1lises para tomada de decis\u00f5es orientadas por dados.&nbsp;<\/p>\n\n\n\n<p>Um vis\u00edvel exemplo \u00e9 a ideia de constru\u00e7\u00e3o de banco de projetos para atendimento das demandas da Prefeitura, o qual envolver\u00e1 e valorizar\u00e1 os pr\u00f3prios servidores na cria\u00e7\u00e3o de ideias inovadoras para o munic\u00edpio. Tal ideia ser\u00e1, em breve, normatizada no munic\u00edpio, estando acess\u00edvel a todos os servidores.<\/p>\n\n\n\n<p>As oficinas j\u00e1 proporcionaram resultados efetivos, como o compartilhado pela servidora Aurenice Vilalba, Assistente Social, que utilizou os m\u00e9todos apresentados para realizar os Estudos de Caso no acompanhamento familiar no CREAS.<\/p>\n\n\n\n<p>O evento ocorreu na sede do Rotary e tratou-se do \u00faltimo encontro presencial que busca melhorias em todos os segmentos da administra\u00e7\u00e3o municipal.<\/p>\n\n\n\n<p>Assessoria<\/p>\n","protected":false},"excerpt":{"rendered":"<p>A\u00e7\u00e3o \u00e9 mais uma realiza\u00e7\u00e3o da Secretaria Municipal de Administra\u00e7\u00e3o. A Prefeitura de Maracaju por meio da Secretaria Municipal de Administra\u00e7\u00e3o em parceria com o SEBRAE\/MS realizou na \u00faltima ter\u00e7a-feira, 05-1, o terceiro e \u00faltimo encontro da Oficina de Imers\u00e3o, contemplando servidores e gestores p\u00fablicos do munic\u00edpio. A a\u00e7\u00e3o teve o objetivo de desenvolver compet\u00eancias [&hellip;]<\/p>\n","protected":false},"author":2,"featured_media":20706,"comment_status":"open","ping_status":"closed","sticky":false,"template":"","format":"standard","meta":{"footnotes":""},"categories":[38,1],"tags":[],"class_list":["post-20705","post","type-post","status-publish","format-standard","has-post-thumbnail","hentry","category-assembleia-legislativa","category-noticia"],"yoast_head":"<!-- This site is optimized with the Yoast SEO plugin v27.5 - https:\/\/yoast.com\/product\/yoast-seo-wordpress\/ -->\n<title>Em parceria com o SEBRAE, Prefeitura realizou Oficina de Imers\u00e3o com a participa\u00e7\u00e3o de gestores e servidores. - MsConectado<\/title>\n<meta name=\"robots\" content=\"index, follow, max-snippet:-1, max-image-preview:large, max-video-preview:-1\" \/>\n<link rel=\"canonical\" href=\"https:\/\/msconectado.com.br\/?p=20705\" \/>\n<meta property=\"og:locale\" content=\"pt_BR\" \/>\n<meta property=\"og:type\" content=\"article\" \/>\n<meta property=\"og:title\" content=\"Em parceria com o SEBRAE, Prefeitura realizou Oficina de Imers\u00e3o com a participa\u00e7\u00e3o de gestores e servidores. - MsConectado\" \/>\n<meta property=\"og:description\" content=\"A\u00e7\u00e3o \u00e9 mais uma realiza\u00e7\u00e3o da Secretaria Municipal de Administra\u00e7\u00e3o. A Prefeitura de Maracaju por meio da Secretaria Municipal de Administra\u00e7\u00e3o em parceria com o SEBRAE\/MS realizou na \u00faltima ter\u00e7a-feira, 05-1, o terceiro e \u00faltimo encontro da Oficina de Imers\u00e3o, contemplando servidores e gestores p\u00fablicos do munic\u00edpio. A a\u00e7\u00e3o teve o objetivo de desenvolver compet\u00eancias [&hellip;]\" \/>\n<meta property=\"og:url\" content=\"https:\/\/msconectado.com.br\/?p=20705\" \/>\n<meta property=\"og:site_name\" content=\"MsConectado\" \/>\n<meta property=\"article:published_time\" content=\"2023-12-11T20:40:03+00:00\" \/>\n<meta property=\"article:modified_time\" content=\"2023-12-11T20:40:05+00:00\" \/>\n<meta property=\"og:image\" content=\"https:\/\/msconectado.com.br\/wp-content\/uploads\/2023\/12\/IMG_8265.jpg\" \/>\n\t<meta property=\"og:image:width\" content=\"800\" \/>\n\t<meta property=\"og:image:height\" content=\"533\" \/>\n\t<meta property=\"og:image:type\" content=\"image\/jpeg\" \/>\n<meta name=\"author\" content=\"MsConectado\" \/>\n<meta name=\"twitter:card\" content=\"summary_large_image\" \/>\n<meta name=\"twitter:label1\" content=\"Escrito por\" \/>\n\t<meta name=\"twitter:data1\" content=\"MsConectado\" \/>\n\t<meta name=\"twitter:label2\" content=\"Est. tempo de leitura\" \/>\n\t<meta name=\"twitter:data2\" content=\"2 minutos\" \/>\n<script type=\"application\/ld+json\" class=\"yoast-schema-graph\">{\"@context\":\"https:\\\/\\\/schema.org\",\"@graph\":[{\"@type\":\"Article\",\"@id\":\"https:\\\/\\\/msconectado.com.br\\\/?p=20705#article\",\"isPartOf\":{\"@id\":\"https:\\\/\\\/msconectado.com.br\\\/?p=20705\"},\"author\":{\"name\":\"MsConectado\",\"@id\":\"https:\\\/\\\/msconectado.com.br\\\/#\\\/schema\\\/person\\\/e5585545b5687092f1041d350b6e2c16\"},\"headline\":\"Em parceria com o SEBRAE, Prefeitura realizou Oficina de Imers\u00e3o com a participa\u00e7\u00e3o de gestores e servidores.\",\"datePublished\":\"2023-12-11T20:40:03+00:00\",\"dateModified\":\"2023-12-11T20:40:05+00:00\",\"mainEntityOfPage\":{\"@id\":\"https:\\\/\\\/msconectado.com.br\\\/?p=20705\"},\"wordCount\":321,\"commentCount\":0,\"publisher\":{\"@id\":\"https:\\\/\\\/msconectado.com.br\\\/#organization\"},\"image\":{\"@id\":\"https:\\\/\\\/msconectado.com.br\\\/?p=20705#primaryimage\"},\"thumbnailUrl\":\"https:\\\/\\\/msconectado.com.br\\\/wp-content\\\/uploads\\\/2023\\\/12\\\/IMG_8265.jpg\",\"articleSection\":[\"Assembleia Legislativa\",\"Not\u00edcia\"],\"inLanguage\":\"pt-BR\",\"potentialAction\":[{\"@type\":\"CommentAction\",\"name\":\"Comment\",\"target\":[\"https:\\\/\\\/msconectado.com.br\\\/?p=20705#respond\"]}]},{\"@type\":\"WebPage\",\"@id\":\"https:\\\/\\\/msconectado.com.br\\\/?p=20705\",\"url\":\"https:\\\/\\\/msconectado.com.br\\\/?p=20705\",\"name\":\"Em parceria com o SEBRAE, Prefeitura realizou Oficina de Imers\u00e3o com a participa\u00e7\u00e3o de gestores e servidores. - MsConectado\",\"isPartOf\":{\"@id\":\"https:\\\/\\\/msconectado.com.br\\\/#website\"},\"primaryImageOfPage\":{\"@id\":\"https:\\\/\\\/msconectado.com.br\\\/?p=20705#primaryimage\"},\"image\":{\"@id\":\"https:\\\/\\\/msconectado.com.br\\\/?p=20705#primaryimage\"},\"thumbnailUrl\":\"https:\\\/\\\/msconectado.com.br\\\/wp-content\\\/uploads\\\/2023\\\/12\\\/IMG_8265.jpg\",\"datePublished\":\"2023-12-11T20:40:03+00:00\",\"dateModified\":\"2023-12-11T20:40:05+00:00\",\"breadcrumb\":{\"@id\":\"https:\\\/\\\/msconectado.com.br\\\/?p=20705#breadcrumb\"},\"inLanguage\":\"pt-BR\",\"potentialAction\":[{\"@type\":\"ReadAction\",\"target\":[\"https:\\\/\\\/msconectado.com.br\\\/?p=20705\"]}]},{\"@type\":\"ImageObject\",\"inLanguage\":\"pt-BR\",\"@id\":\"https:\\\/\\\/msconectado.com.br\\\/?p=20705#primaryimage\",\"url\":\"https:\\\/\\\/msconectado.com.br\\\/wp-content\\\/uploads\\\/2023\\\/12\\\/IMG_8265.jpg\",\"contentUrl\":\"https:\\\/\\\/msconectado.com.br\\\/wp-content\\\/uploads\\\/2023\\\/12\\\/IMG_8265.jpg\",\"width\":800,\"height\":533},{\"@type\":\"BreadcrumbList\",\"@id\":\"https:\\\/\\\/msconectado.com.br\\\/?p=20705#breadcrumb\",\"itemListElement\":[{\"@type\":\"ListItem\",\"position\":1,\"name\":\"In\u00edcio\",\"item\":\"https:\\\/\\\/msconectado.com.br\\\/?page_id=105\"},{\"@type\":\"ListItem\",\"position\":2,\"name\":\"Em parceria com o SEBRAE, Prefeitura realizou Oficina de Imers\u00e3o com a participa\u00e7\u00e3o de gestores e servidores.\"}]},{\"@type\":\"WebSite\",\"@id\":\"https:\\\/\\\/msconectado.com.br\\\/#website\",\"url\":\"https:\\\/\\\/msconectado.com.br\\\/\",\"name\":\"MsConectado\",\"description\":\"Voc\u00ea Conectado com a Not\u00edcia!\",\"publisher\":{\"@id\":\"https:\\\/\\\/msconectado.com.br\\\/#organization\"},\"potentialAction\":[{\"@type\":\"SearchAction\",\"target\":{\"@type\":\"EntryPoint\",\"urlTemplate\":\"https:\\\/\\\/msconectado.com.br\\\/?s={search_term_string}\"},\"query-input\":{\"@type\":\"PropertyValueSpecification\",\"valueRequired\":true,\"valueName\":\"search_term_string\"}}],\"inLanguage\":\"pt-BR\"},{\"@type\":\"Organization\",\"@id\":\"https:\\\/\\\/msconectado.com.br\\\/#organization\",\"name\":\"MsConectado\",\"url\":\"https:\\\/\\\/msconectado.com.br\\\/\",\"logo\":{\"@type\":\"ImageObject\",\"inLanguage\":\"pt-BR\",\"@id\":\"https:\\\/\\\/msconectado.com.br\\\/#\\\/schema\\\/logo\\\/image\\\/\",\"url\":\"https:\\\/\\\/msconectado.com.br\\\/wp-content\\\/uploads\\\/2023\\\/01\\\/cropped-noticia-2.png\",\"contentUrl\":\"https:\\\/\\\/msconectado.com.br\\\/wp-content\\\/uploads\\\/2023\\\/01\\\/cropped-noticia-2.png\",\"width\":720,\"height\":157,\"caption\":\"MsConectado\"},\"image\":{\"@id\":\"https:\\\/\\\/msconectado.com.br\\\/#\\\/schema\\\/logo\\\/image\\\/\"}},{\"@type\":\"Person\",\"@id\":\"https:\\\/\\\/msconectado.com.br\\\/#\\\/schema\\\/person\\\/e5585545b5687092f1041d350b6e2c16\",\"name\":\"MsConectado\",\"image\":{\"@type\":\"ImageObject\",\"inLanguage\":\"pt-BR\",\"@id\":\"https:\\\/\\\/secure.gravatar.com\\\/avatar\\\/3b4f84a0a8a4380ac4431fa79981d073692380c5da00ae97596e794ab0db5c8c?s=96&d=mm&r=g\",\"url\":\"https:\\\/\\\/secure.gravatar.com\\\/avatar\\\/3b4f84a0a8a4380ac4431fa79981d073692380c5da00ae97596e794ab0db5c8c?s=96&d=mm&r=g\",\"contentUrl\":\"https:\\\/\\\/secure.gravatar.com\\\/avatar\\\/3b4f84a0a8a4380ac4431fa79981d073692380c5da00ae97596e794ab0db5c8c?s=96&d=mm&r=g\",\"caption\":\"MsConectado\"},\"url\":\"https:\\\/\\\/msconectado.com.br\\\/?author=2\"}]}<\/script>\n<!-- \/ Yoast SEO plugin. -->","yoast_head_json":{"title":"Em parceria com o SEBRAE, Prefeitura realizou Oficina de Imers\u00e3o com a participa\u00e7\u00e3o de gestores e servidores. - MsConectado","robots":{"index":"index","follow":"follow","max-snippet":"max-snippet:-1","max-image-preview":"max-image-preview:large","max-video-preview":"max-video-preview:-1"},"canonical":"https:\/\/msconectado.com.br\/?p=20705","og_locale":"pt_BR","og_type":"article","og_title":"Em parceria com o SEBRAE, Prefeitura realizou Oficina de Imers\u00e3o com a participa\u00e7\u00e3o de gestores e servidores. - MsConectado","og_description":"A\u00e7\u00e3o \u00e9 mais uma realiza\u00e7\u00e3o da Secretaria Municipal de Administra\u00e7\u00e3o. A Prefeitura de Maracaju por meio da Secretaria Municipal de Administra\u00e7\u00e3o em parceria com o SEBRAE\/MS realizou na \u00faltima ter\u00e7a-feira, 05-1, o terceiro e \u00faltimo encontro da Oficina de Imers\u00e3o, contemplando servidores e gestores p\u00fablicos do munic\u00edpio. A a\u00e7\u00e3o teve o objetivo de desenvolver compet\u00eancias [&hellip;]","og_url":"https:\/\/msconectado.com.br\/?p=20705","og_site_name":"MsConectado","article_published_time":"2023-12-11T20:40:03+00:00","article_modified_time":"2023-12-11T20:40:05+00:00","og_image":[{"width":800,"height":533,"url":"https:\/\/msconectado.com.br\/wp-content\/uploads\/2023\/12\/IMG_8265.jpg","type":"image\/jpeg"}],"author":"MsConectado","twitter_card":"summary_large_image","twitter_misc":{"Escrito por":"MsConectado","Est. tempo de leitura":"2 minutos"},"schema":{"@context":"https:\/\/schema.org","@graph":[{"@type":"Article","@id":"https:\/\/msconectado.com.br\/?p=20705#article","isPartOf":{"@id":"https:\/\/msconectado.com.br\/?p=20705"},"author":{"name":"MsConectado","@id":"https:\/\/msconectado.com.br\/#\/schema\/person\/e5585545b5687092f1041d350b6e2c16"},"headline":"Em parceria com o SEBRAE, Prefeitura realizou Oficina de Imers\u00e3o com a participa\u00e7\u00e3o de gestores e servidores.","datePublished":"2023-12-11T20:40:03+00:00","dateModified":"2023-12-11T20:40:05+00:00","mainEntityOfPage":{"@id":"https:\/\/msconectado.com.br\/?p=20705"},"wordCount":321,"commentCount":0,"publisher":{"@id":"https:\/\/msconectado.com.br\/#organization"},"image":{"@id":"https:\/\/msconectado.com.br\/?p=20705#primaryimage"},"thumbnailUrl":"https:\/\/msconectado.com.br\/wp-content\/uploads\/2023\/12\/IMG_8265.jpg","articleSection":["Assembleia Legislativa","Not\u00edcia"],"inLanguage":"pt-BR","potentialAction":[{"@type":"CommentAction","name":"Comment","target":["https:\/\/msconectado.com.br\/?p=20705#respond"]}]},{"@type":"WebPage","@id":"https:\/\/msconectado.com.br\/?p=20705","url":"https:\/\/msconectado.com.br\/?p=20705","name":"Em parceria com o SEBRAE, Prefeitura realizou Oficina de Imers\u00e3o com a participa\u00e7\u00e3o de gestores e servidores. - MsConectado","isPartOf":{"@id":"https:\/\/msconectado.com.br\/#website"},"primaryImageOfPage":{"@id":"https:\/\/msconectado.com.br\/?p=20705#primaryimage"},"image":{"@id":"https:\/\/msconectado.com.br\/?p=20705#primaryimage"},"thumbnailUrl":"https:\/\/msconectado.com.br\/wp-content\/uploads\/2023\/12\/IMG_8265.jpg","datePublished":"2023-12-11T20:40:03+00:00","dateModified":"2023-12-11T20:40:05+00:00","breadcrumb":{"@id":"https:\/\/msconectado.com.br\/?p=20705#breadcrumb"},"inLanguage":"pt-BR","potentialAction":[{"@type":"ReadAction","target":["https:\/\/msconectado.com.br\/?p=20705"]}]},{"@type":"ImageObject","inLanguage":"pt-BR","@id":"https:\/\/msconectado.com.br\/?p=20705#primaryimage","url":"https:\/\/msconectado.com.br\/wp-content\/uploads\/2023\/12\/IMG_8265.jpg","contentUrl":"https:\/\/msconectado.com.br\/wp-content\/uploads\/2023\/12\/IMG_8265.jpg","width":800,"height":533},{"@type":"BreadcrumbList","@id":"https:\/\/msconectado.com.br\/?p=20705#breadcrumb","itemListElement":[{"@type":"ListItem","position":1,"name":"In\u00edcio","item":"https:\/\/msconectado.com.br\/?page_id=105"},{"@type":"ListItem","position":2,"name":"Em parceria com o SEBRAE, Prefeitura realizou Oficina de Imers\u00e3o com a participa\u00e7\u00e3o de gestores e servidores."}]},{"@type":"WebSite","@id":"https:\/\/msconectado.com.br\/#website","url":"https:\/\/msconectado.com.br\/","name":"MsConectado","description":"Voc\u00ea Conectado com a Not\u00edcia!","publisher":{"@id":"https:\/\/msconectado.com.br\/#organization"},"potentialAction":[{"@type":"SearchAction","target":{"@type":"EntryPoint","urlTemplate":"https:\/\/msconectado.com.br\/?s={search_term_string}"},"query-input":{"@type":"PropertyValueSpecification","valueRequired":true,"valueName":"search_term_string"}}],"inLanguage":"pt-BR"},{"@type":"Organization","@id":"https:\/\/msconectado.com.br\/#organization","name":"MsConectado","url":"https:\/\/msconectado.com.br\/","logo":{"@type":"ImageObject","inLanguage":"pt-BR","@id":"https:\/\/msconectado.com.br\/#\/schema\/logo\/image\/","url":"https:\/\/msconectado.com.br\/wp-content\/uploads\/2023\/01\/cropped-noticia-2.png","contentUrl":"https:\/\/msconectado.com.br\/wp-content\/uploads\/2023\/01\/cropped-noticia-2.png","width":720,"height":157,"caption":"MsConectado"},"image":{"@id":"https:\/\/msconectado.com.br\/#\/schema\/logo\/image\/"}},{"@type":"Person","@id":"https:\/\/msconectado.com.br\/#\/schema\/person\/e5585545b5687092f1041d350b6e2c16","name":"MsConectado","image":{"@type":"ImageObject","inLanguage":"pt-BR","@id":"https:\/\/secure.gravatar.com\/avatar\/3b4f84a0a8a4380ac4431fa79981d073692380c5da00ae97596e794ab0db5c8c?s=96&d=mm&r=g","url":"https:\/\/secure.gravatar.com\/avatar\/3b4f84a0a8a4380ac4431fa79981d073692380c5da00ae97596e794ab0db5c8c?s=96&d=mm&r=g","contentUrl":"https:\/\/secure.gravatar.com\/avatar\/3b4f84a0a8a4380ac4431fa79981d073692380c5da00ae97596e794ab0db5c8c?s=96&d=mm&r=g","caption":"MsConectado"},"url":"https:\/\/msconectado.com.br\/?author=2"}]}},"_links":{"self":[{"href":"https:\/\/msconectado.com.br\/index.php?rest_route=\/wp\/v2\/posts\/20705","targetHints":{"allow":["GET"]}}],"collection":[{"href":"https:\/\/msconectado.com.br\/index.php?rest_route=\/wp\/v2\/posts"}],"about":[{"href":"https:\/\/msconectado.com.br\/index.php?rest_route=\/wp\/v2\/types\/post"}],"author":[{"embeddable":true,"href":"https:\/\/msconectado.com.br\/index.php?rest_route=\/wp\/v2\/users\/2"}],"replies":[{"embeddable":true,"href":"https:\/\/msconectado.com.br\/index.php?rest_route=%2Fwp%2Fv2%2Fcomments&post=20705"}],"version-history":[{"count":1,"href":"https:\/\/msconectado.com.br\/index.php?rest_route=\/wp\/v2\/posts\/20705\/revisions"}],"predecessor-version":[{"id":20707,"href":"https:\/\/msconectado.com.br\/index.php?rest_route=\/wp\/v2\/posts\/20705\/revisions\/20707"}],"wp:featuredmedia":[{"embeddable":true,"href":"https:\/\/msconectado.com.br\/index.php?rest_route=\/wp\/v2\/media\/20706"}],"wp:attachment":[{"href":"https:\/\/msconectado.com.br\/index.php?rest_route=%2Fwp%2Fv2%2Fmedia&parent=20705"}],"wp:term":[{"taxonomy":"category","embeddable":true,"href":"https:\/\/msconectado.com.br\/index.php?rest_route=%2Fwp%2Fv2%2Fcategories&post=20705"},{"taxonomy":"post_tag","embeddable":true,"href":"https:\/\/msconectado.com.br\/index.php?rest_route=%2Fwp%2Fv2%2Ftags&post=20705"}],"curies":[{"name":"wp","href":"https:\/\/api.w.org\/{rel}","templated":true}]}}