{"id":20715,"date":"2023-12-12T18:35:36","date_gmt":"2023-12-12T18:35:36","guid":{"rendered":"https:\/\/msconectado.com.br\/?p=20715"},"modified":"2023-12-12T18:58:12","modified_gmt":"2023-12-12T18:58:12","slug":"vereador-pc-celebra-devolucao-de-23-milhoes-do-duodecimo-e-destaca-conquistas-da-mesa-diretora","status":"publish","type":"post","link":"https:\/\/msconectado.com.br\/?p=20715","title":{"rendered":"Vereador PC Celebra Devolu\u00e7\u00e3o de 2,3 Milh\u00f5es do Duod\u00e9cimo e Destaca Conquistas da Mesa Diretora."},"content":{"rendered":"\n<p>Na \u00faltima segunda-feira, durante a sess\u00e3o na C\u00e2mara Municipal de Rio Brilhante, o Vereador PC utilizou a tribuna para celebrar as a\u00e7\u00f5es da mesa diretora e apresentar um balan\u00e7o dos investimentos realizados, totalizando 2,3 milh\u00f5es de reais que j\u00e1 foram devolvidos do duod\u00e9cimo para o Executivo Municipal.<\/p>\n\n\n\n<p>Em um acordo in\u00e9dito e demonstrando compromisso com a sa\u00fade da comunidade, o Vereador PC destacou o repasse de 200 mil reais para o Hospital Municipal de Rio Brilhante. Al\u00e9m disso, 20 mil reais foram destinados \u00e0 Escola Agr\u00edcola, visando a recupera\u00e7\u00e3o ap\u00f3s os estragos causados por uma tempestade recente.<\/p>\n\n\n\n<p>O Esporte Clube \u00c1guia Negra de Futebol tamb\u00e9m foi beneficiado, com a destina\u00e7\u00e3o de 20 mil reais para custeio em competi\u00e7\u00f5es, enquanto a Cultura recebeu um montante de 60 mil reais que ajudou na execu\u00e7\u00e3o de eventos como o Rodeio e a Festa do Milho, fortalecendo as tradi\u00e7\u00f5es locais.<\/p>\n\n\n\n<p>Durante seu discurso, o Vereador PC afirmou seu compromisso com a CER APAE e estar\u00e1 encaminhando recursos para atender a institui\u00e7\u00e3o no pr\u00f3ximo ano. Pc destacou tamb\u00e9m o aumento de sal\u00e1rios dos chefes de gabinete como uma medida essencial para valorizar o trabalho dos servidores municipais.<\/p>\n\n\n\n<p>O clima festivo do final de ano n\u00e3o foi esquecido, com investimentos na decora\u00e7\u00e3o natalina que visam valorizar o esp\u00edrito natalino e criar um ambiente acolhedor para a popula\u00e7\u00e3o.<\/p>\n\n\n\n<p>A transpar\u00eancia das a\u00e7\u00f5es dos vereadores tamb\u00e9m foi ressaltada, com o fortalecimento das divulga\u00e7\u00f5es por meio da contrata\u00e7\u00e3o de uma ag\u00eancia de publicidade. Essa iniciativa busca manter a comunidade informada sobre as decis\u00f5es e realiza\u00e7\u00f5es da C\u00e2mara Municipal.<\/p>\n\n\n\n<p>O Vereador PC ainda anunciou a cria\u00e7\u00e3o da &#8220;C\u00e2mara Sustent\u00e1vel&#8221;, refor\u00e7ando o compromisso com pr\u00e1ticas ecologicamente corretas e sustent\u00e1veis. Al\u00e9m disso, a aprova\u00e7\u00e3o das cestas natalinas para os servidores da C\u00e2mara Municipal evidencia o reconhecimento pelo trabalho dedicado ao longo do ano.<\/p>\n\n\n\n<p>O Vereador PC reiterou seu compromisso com o desenvolvimento sustent\u00e1vel e o bem-estar da comunidade, destacando a reforma completa da Casa de Leis como uma medida que proporcionar\u00e1 um ambiente mais moderno e funcional para todos os servidores.<\/p>\n\n\n\n<p>Reda\u00e7\u00e3o<\/p>\n","protected":false},"excerpt":{"rendered":"<p>Na \u00faltima segunda-feira, durante a sess\u00e3o na C\u00e2mara Municipal de Rio Brilhante, o Vereador PC utilizou a tribuna para celebrar as a\u00e7\u00f5es da mesa diretora e apresentar um balan\u00e7o dos investimentos realizados, totalizando 2,3 milh\u00f5es de reais que j\u00e1 foram devolvidos do duod\u00e9cimo para o Executivo Municipal. Em um acordo in\u00e9dito e demonstrando compromisso com [&hellip;]<\/p>\n","protected":false},"author":3,"featured_media":20716,"comment_status":"open","ping_status":"closed","sticky":false,"template":"","format":"standard","meta":{"footnotes":""},"categories":[35,1,33],"tags":[],"class_list":["post-20715","post","type-post","status-publish","format-standard","has-post-thumbnail","hentry","category-cidades","category-noticia","category-politica"],"yoast_head":"<!-- This site is optimized with the Yoast SEO plugin v27.5 - https:\/\/yoast.com\/product\/yoast-seo-wordpress\/ -->\n<title>Vereador PC Celebra Devolu\u00e7\u00e3o de 2,3 Milh\u00f5es do Duod\u00e9cimo e Destaca Conquistas da Mesa Diretora. - MsConectado<\/title>\n<meta name=\"robots\" content=\"index, follow, max-snippet:-1, max-image-preview:large, max-video-preview:-1\" \/>\n<link rel=\"canonical\" href=\"https:\/\/msconectado.com.br\/?p=20715\" \/>\n<meta property=\"og:locale\" content=\"pt_BR\" \/>\n<meta property=\"og:type\" content=\"article\" \/>\n<meta property=\"og:title\" content=\"Vereador PC Celebra Devolu\u00e7\u00e3o de 2,3 Milh\u00f5es do Duod\u00e9cimo e Destaca Conquistas da Mesa Diretora. - MsConectado\" \/>\n<meta property=\"og:description\" content=\"Na \u00faltima segunda-feira, durante a sess\u00e3o na C\u00e2mara Municipal de Rio Brilhante, o Vereador PC utilizou a tribuna para celebrar as a\u00e7\u00f5es da mesa diretora e apresentar um balan\u00e7o dos investimentos realizados, totalizando 2,3 milh\u00f5es de reais que j\u00e1 foram devolvidos do duod\u00e9cimo para o Executivo Municipal. Em um acordo in\u00e9dito e demonstrando compromisso com [&hellip;]\" \/>\n<meta property=\"og:url\" content=\"https:\/\/msconectado.com.br\/?p=20715\" \/>\n<meta property=\"og:site_name\" content=\"MsConectado\" \/>\n<meta property=\"article:published_time\" content=\"2023-12-12T18:35:36+00:00\" \/>\n<meta property=\"article:modified_time\" content=\"2023-12-12T18:58:12+00:00\" \/>\n<meta property=\"og:image\" content=\"https:\/\/msconectado.com.br\/wp-content\/uploads\/2023\/12\/f10391a7-e863-4f75-9ac8-f02b51e6a0ed-1.jpg\" \/>\n\t<meta property=\"og:image:width\" content=\"1600\" \/>\n\t<meta property=\"og:image:height\" content=\"1006\" \/>\n\t<meta property=\"og:image:type\" content=\"image\/jpeg\" \/>\n<meta name=\"author\" content=\"Jeferson\" \/>\n<meta name=\"twitter:card\" content=\"summary_large_image\" \/>\n<meta name=\"twitter:label1\" content=\"Escrito por\" \/>\n\t<meta name=\"twitter:data1\" content=\"Jeferson\" \/>\n\t<meta name=\"twitter:label2\" content=\"Est. tempo de leitura\" \/>\n\t<meta name=\"twitter:data2\" content=\"2 minutos\" \/>\n<script type=\"application\/ld+json\" class=\"yoast-schema-graph\">{\"@context\":\"https:\\\/\\\/schema.org\",\"@graph\":[{\"@type\":\"Article\",\"@id\":\"https:\\\/\\\/msconectado.com.br\\\/?p=20715#article\",\"isPartOf\":{\"@id\":\"https:\\\/\\\/msconectado.com.br\\\/?p=20715\"},\"author\":{\"name\":\"Jeferson\",\"@id\":\"https:\\\/\\\/msconectado.com.br\\\/#\\\/schema\\\/person\\\/feb123a95a93eebea36f0ed6a2e5ba48\"},\"headline\":\"Vereador PC Celebra Devolu\u00e7\u00e3o de 2,3 Milh\u00f5es do Duod\u00e9cimo e Destaca Conquistas da Mesa Diretora.\",\"datePublished\":\"2023-12-12T18:35:36+00:00\",\"dateModified\":\"2023-12-12T18:58:12+00:00\",\"mainEntityOfPage\":{\"@id\":\"https:\\\/\\\/msconectado.com.br\\\/?p=20715\"},\"wordCount\":396,\"commentCount\":0,\"publisher\":{\"@id\":\"https:\\\/\\\/msconectado.com.br\\\/#organization\"},\"image\":{\"@id\":\"https:\\\/\\\/msconectado.com.br\\\/?p=20715#primaryimage\"},\"thumbnailUrl\":\"https:\\\/\\\/msconectado.com.br\\\/wp-content\\\/uploads\\\/2023\\\/12\\\/f10391a7-e863-4f75-9ac8-f02b51e6a0ed-1.jpg\",\"articleSection\":[\"Cidades\",\"Not\u00edcia\",\"Pol\u00edtica\"],\"inLanguage\":\"pt-BR\",\"potentialAction\":[{\"@type\":\"CommentAction\",\"name\":\"Comment\",\"target\":[\"https:\\\/\\\/msconectado.com.br\\\/?p=20715#respond\"]}]},{\"@type\":\"WebPage\",\"@id\":\"https:\\\/\\\/msconectado.com.br\\\/?p=20715\",\"url\":\"https:\\\/\\\/msconectado.com.br\\\/?p=20715\",\"name\":\"Vereador PC Celebra Devolu\u00e7\u00e3o de 2,3 Milh\u00f5es do Duod\u00e9cimo e Destaca Conquistas da Mesa Diretora. - MsConectado\",\"isPartOf\":{\"@id\":\"https:\\\/\\\/msconectado.com.br\\\/#website\"},\"primaryImageOfPage\":{\"@id\":\"https:\\\/\\\/msconectado.com.br\\\/?p=20715#primaryimage\"},\"image\":{\"@id\":\"https:\\\/\\\/msconectado.com.br\\\/?p=20715#primaryimage\"},\"thumbnailUrl\":\"https:\\\/\\\/msconectado.com.br\\\/wp-content\\\/uploads\\\/2023\\\/12\\\/f10391a7-e863-4f75-9ac8-f02b51e6a0ed-1.jpg\",\"datePublished\":\"2023-12-12T18:35:36+00:00\",\"dateModified\":\"2023-12-12T18:58:12+00:00\",\"breadcrumb\":{\"@id\":\"https:\\\/\\\/msconectado.com.br\\\/?p=20715#breadcrumb\"},\"inLanguage\":\"pt-BR\",\"potentialAction\":[{\"@type\":\"ReadAction\",\"target\":[\"https:\\\/\\\/msconectado.com.br\\\/?p=20715\"]}]},{\"@type\":\"ImageObject\",\"inLanguage\":\"pt-BR\",\"@id\":\"https:\\\/\\\/msconectado.com.br\\\/?p=20715#primaryimage\",\"url\":\"https:\\\/\\\/msconectado.com.br\\\/wp-content\\\/uploads\\\/2023\\\/12\\\/f10391a7-e863-4f75-9ac8-f02b51e6a0ed-1.jpg\",\"contentUrl\":\"https:\\\/\\\/msconectado.com.br\\\/wp-content\\\/uploads\\\/2023\\\/12\\\/f10391a7-e863-4f75-9ac8-f02b51e6a0ed-1.jpg\",\"width\":1600,\"height\":1006},{\"@type\":\"BreadcrumbList\",\"@id\":\"https:\\\/\\\/msconectado.com.br\\\/?p=20715#breadcrumb\",\"itemListElement\":[{\"@type\":\"ListItem\",\"position\":1,\"name\":\"In\u00edcio\",\"item\":\"https:\\\/\\\/msconectado.com.br\\\/?page_id=105\"},{\"@type\":\"ListItem\",\"position\":2,\"name\":\"Vereador PC Celebra Devolu\u00e7\u00e3o de 2,3 Milh\u00f5es do Duod\u00e9cimo e Destaca Conquistas da Mesa Diretora.\"}]},{\"@type\":\"WebSite\",\"@id\":\"https:\\\/\\\/msconectado.com.br\\\/#website\",\"url\":\"https:\\\/\\\/msconectado.com.br\\\/\",\"name\":\"MsConectado\",\"description\":\"Voc\u00ea Conectado com a Not\u00edcia!\",\"publisher\":{\"@id\":\"https:\\\/\\\/msconectado.com.br\\\/#organization\"},\"potentialAction\":[{\"@type\":\"SearchAction\",\"target\":{\"@type\":\"EntryPoint\",\"urlTemplate\":\"https:\\\/\\\/msconectado.com.br\\\/?s={search_term_string}\"},\"query-input\":{\"@type\":\"PropertyValueSpecification\",\"valueRequired\":true,\"valueName\":\"search_term_string\"}}],\"inLanguage\":\"pt-BR\"},{\"@type\":\"Organization\",\"@id\":\"https:\\\/\\\/msconectado.com.br\\\/#organization\",\"name\":\"MsConectado\",\"url\":\"https:\\\/\\\/msconectado.com.br\\\/\",\"logo\":{\"@type\":\"ImageObject\",\"inLanguage\":\"pt-BR\",\"@id\":\"https:\\\/\\\/msconectado.com.br\\\/#\\\/schema\\\/logo\\\/image\\\/\",\"url\":\"https:\\\/\\\/msconectado.com.br\\\/wp-content\\\/uploads\\\/2023\\\/01\\\/cropped-noticia-2.png\",\"contentUrl\":\"https:\\\/\\\/msconectado.com.br\\\/wp-content\\\/uploads\\\/2023\\\/01\\\/cropped-noticia-2.png\",\"width\":720,\"height\":157,\"caption\":\"MsConectado\"},\"image\":{\"@id\":\"https:\\\/\\\/msconectado.com.br\\\/#\\\/schema\\\/logo\\\/image\\\/\"}},{\"@type\":\"Person\",\"@id\":\"https:\\\/\\\/msconectado.com.br\\\/#\\\/schema\\\/person\\\/feb123a95a93eebea36f0ed6a2e5ba48\",\"name\":\"Jeferson\",\"image\":{\"@type\":\"ImageObject\",\"inLanguage\":\"pt-BR\",\"@id\":\"https:\\\/\\\/secure.gravatar.com\\\/avatar\\\/e23e8901c88f0cdc0ad479ef7a39bf3e4c806344549c087c00b721a65549a328?s=96&d=mm&r=g\",\"url\":\"https:\\\/\\\/secure.gravatar.com\\\/avatar\\\/e23e8901c88f0cdc0ad479ef7a39bf3e4c806344549c087c00b721a65549a328?s=96&d=mm&r=g\",\"contentUrl\":\"https:\\\/\\\/secure.gravatar.com\\\/avatar\\\/e23e8901c88f0cdc0ad479ef7a39bf3e4c806344549c087c00b721a65549a328?s=96&d=mm&r=g\",\"caption\":\"Jeferson\"},\"url\":\"https:\\\/\\\/msconectado.com.br\\\/?author=3\"}]}<\/script>\n<!-- \/ Yoast SEO plugin. -->","yoast_head_json":{"title":"Vereador PC Celebra Devolu\u00e7\u00e3o de 2,3 Milh\u00f5es do Duod\u00e9cimo e Destaca Conquistas da Mesa Diretora. - MsConectado","robots":{"index":"index","follow":"follow","max-snippet":"max-snippet:-1","max-image-preview":"max-image-preview:large","max-video-preview":"max-video-preview:-1"},"canonical":"https:\/\/msconectado.com.br\/?p=20715","og_locale":"pt_BR","og_type":"article","og_title":"Vereador PC Celebra Devolu\u00e7\u00e3o de 2,3 Milh\u00f5es do Duod\u00e9cimo e Destaca Conquistas da Mesa Diretora. - MsConectado","og_description":"Na \u00faltima segunda-feira, durante a sess\u00e3o na C\u00e2mara Municipal de Rio Brilhante, o Vereador PC utilizou a tribuna para celebrar as a\u00e7\u00f5es da mesa diretora e apresentar um balan\u00e7o dos investimentos realizados, totalizando 2,3 milh\u00f5es de reais que j\u00e1 foram devolvidos do duod\u00e9cimo para o Executivo Municipal. Em um acordo in\u00e9dito e demonstrando compromisso com [&hellip;]","og_url":"https:\/\/msconectado.com.br\/?p=20715","og_site_name":"MsConectado","article_published_time":"2023-12-12T18:35:36+00:00","article_modified_time":"2023-12-12T18:58:12+00:00","og_image":[{"width":1600,"height":1006,"url":"https:\/\/msconectado.com.br\/wp-content\/uploads\/2023\/12\/f10391a7-e863-4f75-9ac8-f02b51e6a0ed-1.jpg","type":"image\/jpeg"}],"author":"Jeferson","twitter_card":"summary_large_image","twitter_misc":{"Escrito por":"Jeferson","Est. tempo de leitura":"2 minutos"},"schema":{"@context":"https:\/\/schema.org","@graph":[{"@type":"Article","@id":"https:\/\/msconectado.com.br\/?p=20715#article","isPartOf":{"@id":"https:\/\/msconectado.com.br\/?p=20715"},"author":{"name":"Jeferson","@id":"https:\/\/msconectado.com.br\/#\/schema\/person\/feb123a95a93eebea36f0ed6a2e5ba48"},"headline":"Vereador PC Celebra Devolu\u00e7\u00e3o de 2,3 Milh\u00f5es do Duod\u00e9cimo e Destaca Conquistas da Mesa Diretora.","datePublished":"2023-12-12T18:35:36+00:00","dateModified":"2023-12-12T18:58:12+00:00","mainEntityOfPage":{"@id":"https:\/\/msconectado.com.br\/?p=20715"},"wordCount":396,"commentCount":0,"publisher":{"@id":"https:\/\/msconectado.com.br\/#organization"},"image":{"@id":"https:\/\/msconectado.com.br\/?p=20715#primaryimage"},"thumbnailUrl":"https:\/\/msconectado.com.br\/wp-content\/uploads\/2023\/12\/f10391a7-e863-4f75-9ac8-f02b51e6a0ed-1.jpg","articleSection":["Cidades","Not\u00edcia","Pol\u00edtica"],"inLanguage":"pt-BR","potentialAction":[{"@type":"CommentAction","name":"Comment","target":["https:\/\/msconectado.com.br\/?p=20715#respond"]}]},{"@type":"WebPage","@id":"https:\/\/msconectado.com.br\/?p=20715","url":"https:\/\/msconectado.com.br\/?p=20715","name":"Vereador PC Celebra Devolu\u00e7\u00e3o de 2,3 Milh\u00f5es do Duod\u00e9cimo e Destaca Conquistas da Mesa Diretora. - MsConectado","isPartOf":{"@id":"https:\/\/msconectado.com.br\/#website"},"primaryImageOfPage":{"@id":"https:\/\/msconectado.com.br\/?p=20715#primaryimage"},"image":{"@id":"https:\/\/msconectado.com.br\/?p=20715#primaryimage"},"thumbnailUrl":"https:\/\/msconectado.com.br\/wp-content\/uploads\/2023\/12\/f10391a7-e863-4f75-9ac8-f02b51e6a0ed-1.jpg","datePublished":"2023-12-12T18:35:36+00:00","dateModified":"2023-12-12T18:58:12+00:00","breadcrumb":{"@id":"https:\/\/msconectado.com.br\/?p=20715#breadcrumb"},"inLanguage":"pt-BR","potentialAction":[{"@type":"ReadAction","target":["https:\/\/msconectado.com.br\/?p=20715"]}]},{"@type":"ImageObject","inLanguage":"pt-BR","@id":"https:\/\/msconectado.com.br\/?p=20715#primaryimage","url":"https:\/\/msconectado.com.br\/wp-content\/uploads\/2023\/12\/f10391a7-e863-4f75-9ac8-f02b51e6a0ed-1.jpg","contentUrl":"https:\/\/msconectado.com.br\/wp-content\/uploads\/2023\/12\/f10391a7-e863-4f75-9ac8-f02b51e6a0ed-1.jpg","width":1600,"height":1006},{"@type":"BreadcrumbList","@id":"https:\/\/msconectado.com.br\/?p=20715#breadcrumb","itemListElement":[{"@type":"ListItem","position":1,"name":"In\u00edcio","item":"https:\/\/msconectado.com.br\/?page_id=105"},{"@type":"ListItem","position":2,"name":"Vereador PC Celebra Devolu\u00e7\u00e3o de 2,3 Milh\u00f5es do Duod\u00e9cimo e Destaca Conquistas da Mesa Diretora."}]},{"@type":"WebSite","@id":"https:\/\/msconectado.com.br\/#website","url":"https:\/\/msconectado.com.br\/","name":"MsConectado","description":"Voc\u00ea Conectado com a Not\u00edcia!","publisher":{"@id":"https:\/\/msconectado.com.br\/#organization"},"potentialAction":[{"@type":"SearchAction","target":{"@type":"EntryPoint","urlTemplate":"https:\/\/msconectado.com.br\/?s={search_term_string}"},"query-input":{"@type":"PropertyValueSpecification","valueRequired":true,"valueName":"search_term_string"}}],"inLanguage":"pt-BR"},{"@type":"Organization","@id":"https:\/\/msconectado.com.br\/#organization","name":"MsConectado","url":"https:\/\/msconectado.com.br\/","logo":{"@type":"ImageObject","inLanguage":"pt-BR","@id":"https:\/\/msconectado.com.br\/#\/schema\/logo\/image\/","url":"https:\/\/msconectado.com.br\/wp-content\/uploads\/2023\/01\/cropped-noticia-2.png","contentUrl":"https:\/\/msconectado.com.br\/wp-content\/uploads\/2023\/01\/cropped-noticia-2.png","width":720,"height":157,"caption":"MsConectado"},"image":{"@id":"https:\/\/msconectado.com.br\/#\/schema\/logo\/image\/"}},{"@type":"Person","@id":"https:\/\/msconectado.com.br\/#\/schema\/person\/feb123a95a93eebea36f0ed6a2e5ba48","name":"Jeferson","image":{"@type":"ImageObject","inLanguage":"pt-BR","@id":"https:\/\/secure.gravatar.com\/avatar\/e23e8901c88f0cdc0ad479ef7a39bf3e4c806344549c087c00b721a65549a328?s=96&d=mm&r=g","url":"https:\/\/secure.gravatar.com\/avatar\/e23e8901c88f0cdc0ad479ef7a39bf3e4c806344549c087c00b721a65549a328?s=96&d=mm&r=g","contentUrl":"https:\/\/secure.gravatar.com\/avatar\/e23e8901c88f0cdc0ad479ef7a39bf3e4c806344549c087c00b721a65549a328?s=96&d=mm&r=g","caption":"Jeferson"},"url":"https:\/\/msconectado.com.br\/?author=3"}]}},"_links":{"self":[{"href":"https:\/\/msconectado.com.br\/index.php?rest_route=\/wp\/v2\/posts\/20715","targetHints":{"allow":["GET"]}}],"collection":[{"href":"https:\/\/msconectado.com.br\/index.php?rest_route=\/wp\/v2\/posts"}],"about":[{"href":"https:\/\/msconectado.com.br\/index.php?rest_route=\/wp\/v2\/types\/post"}],"author":[{"embeddable":true,"href":"https:\/\/msconectado.com.br\/index.php?rest_route=\/wp\/v2\/users\/3"}],"replies":[{"embeddable":true,"href":"https:\/\/msconectado.com.br\/index.php?rest_route=%2Fwp%2Fv2%2Fcomments&post=20715"}],"version-history":[{"count":4,"href":"https:\/\/msconectado.com.br\/index.php?rest_route=\/wp\/v2\/posts\/20715\/revisions"}],"predecessor-version":[{"id":20721,"href":"https:\/\/msconectado.com.br\/index.php?rest_route=\/wp\/v2\/posts\/20715\/revisions\/20721"}],"wp:featuredmedia":[{"embeddable":true,"href":"https:\/\/msconectado.com.br\/index.php?rest_route=\/wp\/v2\/media\/20716"}],"wp:attachment":[{"href":"https:\/\/msconectado.com.br\/index.php?rest_route=%2Fwp%2Fv2%2Fmedia&parent=20715"}],"wp:term":[{"taxonomy":"category","embeddable":true,"href":"https:\/\/msconectado.com.br\/index.php?rest_route=%2Fwp%2Fv2%2Fcategories&post=20715"},{"taxonomy":"post_tag","embeddable":true,"href":"https:\/\/msconectado.com.br\/index.php?rest_route=%2Fwp%2Fv2%2Ftags&post=20715"}],"curies":[{"name":"wp","href":"https:\/\/api.w.org\/{rel}","templated":true}]}}