{"id":20723,"date":"2023-12-14T09:44:07","date_gmt":"2023-12-14T09:44:07","guid":{"rendered":"https:\/\/msconectado.com.br\/?p=20723"},"modified":"2023-12-14T09:44:09","modified_gmt":"2023-12-14T09:44:09","slug":"em-parceria-com-a-prefeitura-projeto-corteva-escola-premia-alunos-do-scfv-acao-jovem-em-concurso-de-redacao","status":"publish","type":"post","link":"https:\/\/msconectado.com.br\/?p=20723","title":{"rendered":"Em parceria com a Prefeitura, Projeto Corteva Escola premia alunos do SCFV \u2013 A\u00e7\u00e3o Jovem em Concurso de Reda\u00e7\u00e3o."},"content":{"rendered":"\n<p>Projeto pioneiro refor\u00e7a import\u00e2ncia do \u201cagro\u201d, bem como do uso racional da \u00e1gua e preserva\u00e7\u00e3o do Meio Ambiente.<\/p>\n\n\n\n<p>Na manh\u00e3 desta ter\u00e7a-feira, 12\/12, uma a\u00e7\u00e3o da iniciativa privada e que contou com a parceria da Prefeitura de Maracaju por meio da Secretaria Municipal de Assist\u00eancia Social e A\u00e7\u00e3o Jovem, reconheceu e premiou alunos do Servi\u00e7o de Conviv\u00eancia e Fortalecimento de V\u00ednculos \u2013 A\u00e7\u00e3o Jovem em um Concurso de Reda\u00e7\u00e3o.<\/p>\n\n\n\n<p>O Concurso intitulado \u201cProjeto Corteva Escola \u2013 Meu Her\u00f3i Agricultor\u201d visou aproximar a comunidade de temas como educa\u00e7\u00e3o, produ\u00e7\u00e3o rural e educa\u00e7\u00e3o ambiental. A a\u00e7\u00e3o tratou-se de uma iniciativa que visou levar os alunos das escolas a conscientiza\u00e7\u00e3o sobre a import\u00e2ncia do agricultor como respons\u00e1vel pela produ\u00e7\u00e3o de alimentos, para o Brasil e para o mundo, visando \u00e0 preserva\u00e7\u00e3o da sa\u00fade e o respeito ao Meio Ambiente.<\/p>\n\n\n\n<p>Durante o concurso, alunos assistiram a v\u00eddeos animados sobre o tema, abordando tamb\u00e9m o uso racional da \u00e1gua e da energia, al\u00e9m de receber uma revista de atividades a serem realizadas com as professoras em sala de aula ou em casa com a fam\u00edlia.<\/p>\n\n\n\n<p>\u201cAcreditamos que a escola \u00e9 o ambiente que proporcionar\u00e1 mais conhecimentos e atividades significativas aos alunos, por isso, investimos a acreditamos neste projeto, al\u00e9m da premia\u00e7\u00e3o em si, levamos conhecimento, informa\u00e7\u00e3o e tornamos os alunos nossos parceiros no uso racional da \u00e1gua, preserva\u00e7\u00e3o do meio ambiente e reconhecimento da import\u00e2ncia do agro para o mundo todo.\u201d Destacou Ant\u00f4nio Marcos Ferreira, Gerente Comercial Corteva no Mato Grosso do Sul e Mato Grosso.<\/p>\n\n\n\n<p><em>VENCEDORES<\/em><\/p>\n\n\n\n<p>Destacaram-se no Concurso de Reda\u00e7\u00e3o os seguintes alunos: 1-&nbsp;Ryan Matheus; 2- Sthefany Cavanha Aires de Souza; 3- Andressa Cavanha Aires de Souza; 4- Yarley Roa Caceres; 5- Emilli dos Santos Gomes e 6- Jo\u00e3o Pedro.<\/p>\n\n\n\n<p>Todos contemplados com uma bicicleta.<\/p>\n\n\n\n<p><em>AUTORIDADES PRESENTES<\/em><\/p>\n\n\n\n<p>Participaram do evento a Secret\u00e1ria Municipal de Assist\u00eancia Social, Leiza Karen Barbosa, Educadoras Sol\u00eania e Marcelli, representando a Secretaria de Educa\u00e7\u00e3o, Primeira-Dama de Maracaju, Meire Calderan, Coordenadora do \u201cA\u00e7\u00e3o Jovem\u201d, Franci\u00e9li Dias, Gerente Comercial Corteva do Mato Grosso do Sul e Mato Grosso, Ant\u00f4nio Marcos Ferreira e o Representante Comercial Corteva em Maracaju e Bonito, Ricardo Zanatta, Neucir Bencke Gerente da unidade Lar de Maracaju e regi\u00e3o.<\/p>\n\n\n\n<p>Na ocasi\u00e3o, ainda ocorreu a doa\u00e7\u00e3o de um projetor por parte das empresas para o SCFV \u2013 A\u00e7\u00e3o Jovem.<\/p>\n\n\n\n<p>Assessoria<\/p>\n","protected":false},"excerpt":{"rendered":"<p>Projeto pioneiro refor\u00e7a import\u00e2ncia do \u201cagro\u201d, bem como do uso racional da \u00e1gua e preserva\u00e7\u00e3o do Meio Ambiente. Na manh\u00e3 desta ter\u00e7a-feira, 12\/12, uma a\u00e7\u00e3o da iniciativa privada e que contou com a parceria da Prefeitura de Maracaju por meio da Secretaria Municipal de Assist\u00eancia Social e A\u00e7\u00e3o Jovem, reconheceu e premiou alunos do Servi\u00e7o [&hellip;]<\/p>\n","protected":false},"author":2,"featured_media":20724,"comment_status":"open","ping_status":"closed","sticky":false,"template":"","format":"standard","meta":{"footnotes":""},"categories":[35,1],"tags":[],"class_list":["post-20723","post","type-post","status-publish","format-standard","has-post-thumbnail","hentry","category-cidades","category-noticia"],"yoast_head":"<!-- This site is optimized with the Yoast SEO plugin v27.5 - https:\/\/yoast.com\/product\/yoast-seo-wordpress\/ -->\n<title>Em parceria com a Prefeitura, Projeto Corteva Escola premia alunos do SCFV \u2013 A\u00e7\u00e3o Jovem em Concurso de Reda\u00e7\u00e3o. - MsConectado<\/title>\n<meta name=\"robots\" content=\"index, follow, max-snippet:-1, max-image-preview:large, max-video-preview:-1\" \/>\n<link rel=\"canonical\" href=\"https:\/\/msconectado.com.br\/?p=20723\" \/>\n<meta property=\"og:locale\" content=\"pt_BR\" \/>\n<meta property=\"og:type\" content=\"article\" \/>\n<meta property=\"og:title\" content=\"Em parceria com a Prefeitura, Projeto Corteva Escola premia alunos do SCFV \u2013 A\u00e7\u00e3o Jovem em Concurso de Reda\u00e7\u00e3o. - MsConectado\" \/>\n<meta property=\"og:description\" content=\"Projeto pioneiro refor\u00e7a import\u00e2ncia do \u201cagro\u201d, bem como do uso racional da \u00e1gua e preserva\u00e7\u00e3o do Meio Ambiente. Na manh\u00e3 desta ter\u00e7a-feira, 12\/12, uma a\u00e7\u00e3o da iniciativa privada e que contou com a parceria da Prefeitura de Maracaju por meio da Secretaria Municipal de Assist\u00eancia Social e A\u00e7\u00e3o Jovem, reconheceu e premiou alunos do Servi\u00e7o [&hellip;]\" \/>\n<meta property=\"og:url\" content=\"https:\/\/msconectado.com.br\/?p=20723\" \/>\n<meta property=\"og:site_name\" content=\"MsConectado\" \/>\n<meta property=\"article:published_time\" content=\"2023-12-14T09:44:07+00:00\" \/>\n<meta property=\"article:modified_time\" content=\"2023-12-14T09:44:09+00:00\" \/>\n<meta property=\"og:image\" content=\"https:\/\/msconectado.com.br\/wp-content\/uploads\/2023\/12\/IMG_8265-1.jpg\" \/>\n\t<meta property=\"og:image:width\" content=\"1600\" \/>\n\t<meta property=\"og:image:height\" content=\"1066\" \/>\n\t<meta property=\"og:image:type\" content=\"image\/jpeg\" \/>\n<meta name=\"author\" content=\"MsConectado\" \/>\n<meta name=\"twitter:card\" content=\"summary_large_image\" \/>\n<meta name=\"twitter:label1\" content=\"Escrito por\" \/>\n\t<meta name=\"twitter:data1\" content=\"MsConectado\" \/>\n\t<meta name=\"twitter:label2\" content=\"Est. tempo de leitura\" \/>\n\t<meta name=\"twitter:data2\" content=\"2 minutos\" \/>\n<script type=\"application\/ld+json\" class=\"yoast-schema-graph\">{\"@context\":\"https:\\\/\\\/schema.org\",\"@graph\":[{\"@type\":\"Article\",\"@id\":\"https:\\\/\\\/msconectado.com.br\\\/?p=20723#article\",\"isPartOf\":{\"@id\":\"https:\\\/\\\/msconectado.com.br\\\/?p=20723\"},\"author\":{\"name\":\"MsConectado\",\"@id\":\"https:\\\/\\\/msconectado.com.br\\\/#\\\/schema\\\/person\\\/e5585545b5687092f1041d350b6e2c16\"},\"headline\":\"Em parceria com a Prefeitura, Projeto Corteva Escola premia alunos do SCFV \u2013 A\u00e7\u00e3o Jovem em Concurso de Reda\u00e7\u00e3o.\",\"datePublished\":\"2023-12-14T09:44:07+00:00\",\"dateModified\":\"2023-12-14T09:44:09+00:00\",\"mainEntityOfPage\":{\"@id\":\"https:\\\/\\\/msconectado.com.br\\\/?p=20723\"},\"wordCount\":443,\"commentCount\":0,\"publisher\":{\"@id\":\"https:\\\/\\\/msconectado.com.br\\\/#organization\"},\"image\":{\"@id\":\"https:\\\/\\\/msconectado.com.br\\\/?p=20723#primaryimage\"},\"thumbnailUrl\":\"https:\\\/\\\/msconectado.com.br\\\/wp-content\\\/uploads\\\/2023\\\/12\\\/IMG_8265-1.jpg\",\"articleSection\":[\"Cidades\",\"Not\u00edcia\"],\"inLanguage\":\"pt-BR\",\"potentialAction\":[{\"@type\":\"CommentAction\",\"name\":\"Comment\",\"target\":[\"https:\\\/\\\/msconectado.com.br\\\/?p=20723#respond\"]}]},{\"@type\":\"WebPage\",\"@id\":\"https:\\\/\\\/msconectado.com.br\\\/?p=20723\",\"url\":\"https:\\\/\\\/msconectado.com.br\\\/?p=20723\",\"name\":\"Em parceria com a Prefeitura, Projeto Corteva Escola premia alunos do SCFV \u2013 A\u00e7\u00e3o Jovem em Concurso de Reda\u00e7\u00e3o. - MsConectado\",\"isPartOf\":{\"@id\":\"https:\\\/\\\/msconectado.com.br\\\/#website\"},\"primaryImageOfPage\":{\"@id\":\"https:\\\/\\\/msconectado.com.br\\\/?p=20723#primaryimage\"},\"image\":{\"@id\":\"https:\\\/\\\/msconectado.com.br\\\/?p=20723#primaryimage\"},\"thumbnailUrl\":\"https:\\\/\\\/msconectado.com.br\\\/wp-content\\\/uploads\\\/2023\\\/12\\\/IMG_8265-1.jpg\",\"datePublished\":\"2023-12-14T09:44:07+00:00\",\"dateModified\":\"2023-12-14T09:44:09+00:00\",\"breadcrumb\":{\"@id\":\"https:\\\/\\\/msconectado.com.br\\\/?p=20723#breadcrumb\"},\"inLanguage\":\"pt-BR\",\"potentialAction\":[{\"@type\":\"ReadAction\",\"target\":[\"https:\\\/\\\/msconectado.com.br\\\/?p=20723\"]}]},{\"@type\":\"ImageObject\",\"inLanguage\":\"pt-BR\",\"@id\":\"https:\\\/\\\/msconectado.com.br\\\/?p=20723#primaryimage\",\"url\":\"https:\\\/\\\/msconectado.com.br\\\/wp-content\\\/uploads\\\/2023\\\/12\\\/IMG_8265-1.jpg\",\"contentUrl\":\"https:\\\/\\\/msconectado.com.br\\\/wp-content\\\/uploads\\\/2023\\\/12\\\/IMG_8265-1.jpg\",\"width\":1600,\"height\":1066},{\"@type\":\"BreadcrumbList\",\"@id\":\"https:\\\/\\\/msconectado.com.br\\\/?p=20723#breadcrumb\",\"itemListElement\":[{\"@type\":\"ListItem\",\"position\":1,\"name\":\"In\u00edcio\",\"item\":\"https:\\\/\\\/msconectado.com.br\\\/?page_id=105\"},{\"@type\":\"ListItem\",\"position\":2,\"name\":\"Em parceria com a Prefeitura, Projeto Corteva Escola premia alunos do SCFV \u2013 A\u00e7\u00e3o Jovem em Concurso de Reda\u00e7\u00e3o.\"}]},{\"@type\":\"WebSite\",\"@id\":\"https:\\\/\\\/msconectado.com.br\\\/#website\",\"url\":\"https:\\\/\\\/msconectado.com.br\\\/\",\"name\":\"MsConectado\",\"description\":\"Voc\u00ea Conectado com a Not\u00edcia!\",\"publisher\":{\"@id\":\"https:\\\/\\\/msconectado.com.br\\\/#organization\"},\"potentialAction\":[{\"@type\":\"SearchAction\",\"target\":{\"@type\":\"EntryPoint\",\"urlTemplate\":\"https:\\\/\\\/msconectado.com.br\\\/?s={search_term_string}\"},\"query-input\":{\"@type\":\"PropertyValueSpecification\",\"valueRequired\":true,\"valueName\":\"search_term_string\"}}],\"inLanguage\":\"pt-BR\"},{\"@type\":\"Organization\",\"@id\":\"https:\\\/\\\/msconectado.com.br\\\/#organization\",\"name\":\"MsConectado\",\"url\":\"https:\\\/\\\/msconectado.com.br\\\/\",\"logo\":{\"@type\":\"ImageObject\",\"inLanguage\":\"pt-BR\",\"@id\":\"https:\\\/\\\/msconectado.com.br\\\/#\\\/schema\\\/logo\\\/image\\\/\",\"url\":\"https:\\\/\\\/msconectado.com.br\\\/wp-content\\\/uploads\\\/2023\\\/01\\\/cropped-noticia-2.png\",\"contentUrl\":\"https:\\\/\\\/msconectado.com.br\\\/wp-content\\\/uploads\\\/2023\\\/01\\\/cropped-noticia-2.png\",\"width\":720,\"height\":157,\"caption\":\"MsConectado\"},\"image\":{\"@id\":\"https:\\\/\\\/msconectado.com.br\\\/#\\\/schema\\\/logo\\\/image\\\/\"}},{\"@type\":\"Person\",\"@id\":\"https:\\\/\\\/msconectado.com.br\\\/#\\\/schema\\\/person\\\/e5585545b5687092f1041d350b6e2c16\",\"name\":\"MsConectado\",\"image\":{\"@type\":\"ImageObject\",\"inLanguage\":\"pt-BR\",\"@id\":\"https:\\\/\\\/secure.gravatar.com\\\/avatar\\\/3b4f84a0a8a4380ac4431fa79981d073692380c5da00ae97596e794ab0db5c8c?s=96&d=mm&r=g\",\"url\":\"https:\\\/\\\/secure.gravatar.com\\\/avatar\\\/3b4f84a0a8a4380ac4431fa79981d073692380c5da00ae97596e794ab0db5c8c?s=96&d=mm&r=g\",\"contentUrl\":\"https:\\\/\\\/secure.gravatar.com\\\/avatar\\\/3b4f84a0a8a4380ac4431fa79981d073692380c5da00ae97596e794ab0db5c8c?s=96&d=mm&r=g\",\"caption\":\"MsConectado\"},\"url\":\"https:\\\/\\\/msconectado.com.br\\\/?author=2\"}]}<\/script>\n<!-- \/ Yoast SEO plugin. -->","yoast_head_json":{"title":"Em parceria com a Prefeitura, Projeto Corteva Escola premia alunos do SCFV \u2013 A\u00e7\u00e3o Jovem em Concurso de Reda\u00e7\u00e3o. - MsConectado","robots":{"index":"index","follow":"follow","max-snippet":"max-snippet:-1","max-image-preview":"max-image-preview:large","max-video-preview":"max-video-preview:-1"},"canonical":"https:\/\/msconectado.com.br\/?p=20723","og_locale":"pt_BR","og_type":"article","og_title":"Em parceria com a Prefeitura, Projeto Corteva Escola premia alunos do SCFV \u2013 A\u00e7\u00e3o Jovem em Concurso de Reda\u00e7\u00e3o. - MsConectado","og_description":"Projeto pioneiro refor\u00e7a import\u00e2ncia do \u201cagro\u201d, bem como do uso racional da \u00e1gua e preserva\u00e7\u00e3o do Meio Ambiente. Na manh\u00e3 desta ter\u00e7a-feira, 12\/12, uma a\u00e7\u00e3o da iniciativa privada e que contou com a parceria da Prefeitura de Maracaju por meio da Secretaria Municipal de Assist\u00eancia Social e A\u00e7\u00e3o Jovem, reconheceu e premiou alunos do Servi\u00e7o [&hellip;]","og_url":"https:\/\/msconectado.com.br\/?p=20723","og_site_name":"MsConectado","article_published_time":"2023-12-14T09:44:07+00:00","article_modified_time":"2023-12-14T09:44:09+00:00","og_image":[{"width":1600,"height":1066,"url":"https:\/\/msconectado.com.br\/wp-content\/uploads\/2023\/12\/IMG_8265-1.jpg","type":"image\/jpeg"}],"author":"MsConectado","twitter_card":"summary_large_image","twitter_misc":{"Escrito por":"MsConectado","Est. tempo de leitura":"2 minutos"},"schema":{"@context":"https:\/\/schema.org","@graph":[{"@type":"Article","@id":"https:\/\/msconectado.com.br\/?p=20723#article","isPartOf":{"@id":"https:\/\/msconectado.com.br\/?p=20723"},"author":{"name":"MsConectado","@id":"https:\/\/msconectado.com.br\/#\/schema\/person\/e5585545b5687092f1041d350b6e2c16"},"headline":"Em parceria com a Prefeitura, Projeto Corteva Escola premia alunos do SCFV \u2013 A\u00e7\u00e3o Jovem em Concurso de Reda\u00e7\u00e3o.","datePublished":"2023-12-14T09:44:07+00:00","dateModified":"2023-12-14T09:44:09+00:00","mainEntityOfPage":{"@id":"https:\/\/msconectado.com.br\/?p=20723"},"wordCount":443,"commentCount":0,"publisher":{"@id":"https:\/\/msconectado.com.br\/#organization"},"image":{"@id":"https:\/\/msconectado.com.br\/?p=20723#primaryimage"},"thumbnailUrl":"https:\/\/msconectado.com.br\/wp-content\/uploads\/2023\/12\/IMG_8265-1.jpg","articleSection":["Cidades","Not\u00edcia"],"inLanguage":"pt-BR","potentialAction":[{"@type":"CommentAction","name":"Comment","target":["https:\/\/msconectado.com.br\/?p=20723#respond"]}]},{"@type":"WebPage","@id":"https:\/\/msconectado.com.br\/?p=20723","url":"https:\/\/msconectado.com.br\/?p=20723","name":"Em parceria com a Prefeitura, Projeto Corteva Escola premia alunos do SCFV \u2013 A\u00e7\u00e3o Jovem em Concurso de Reda\u00e7\u00e3o. - MsConectado","isPartOf":{"@id":"https:\/\/msconectado.com.br\/#website"},"primaryImageOfPage":{"@id":"https:\/\/msconectado.com.br\/?p=20723#primaryimage"},"image":{"@id":"https:\/\/msconectado.com.br\/?p=20723#primaryimage"},"thumbnailUrl":"https:\/\/msconectado.com.br\/wp-content\/uploads\/2023\/12\/IMG_8265-1.jpg","datePublished":"2023-12-14T09:44:07+00:00","dateModified":"2023-12-14T09:44:09+00:00","breadcrumb":{"@id":"https:\/\/msconectado.com.br\/?p=20723#breadcrumb"},"inLanguage":"pt-BR","potentialAction":[{"@type":"ReadAction","target":["https:\/\/msconectado.com.br\/?p=20723"]}]},{"@type":"ImageObject","inLanguage":"pt-BR","@id":"https:\/\/msconectado.com.br\/?p=20723#primaryimage","url":"https:\/\/msconectado.com.br\/wp-content\/uploads\/2023\/12\/IMG_8265-1.jpg","contentUrl":"https:\/\/msconectado.com.br\/wp-content\/uploads\/2023\/12\/IMG_8265-1.jpg","width":1600,"height":1066},{"@type":"BreadcrumbList","@id":"https:\/\/msconectado.com.br\/?p=20723#breadcrumb","itemListElement":[{"@type":"ListItem","position":1,"name":"In\u00edcio","item":"https:\/\/msconectado.com.br\/?page_id=105"},{"@type":"ListItem","position":2,"name":"Em parceria com a Prefeitura, Projeto Corteva Escola premia alunos do SCFV \u2013 A\u00e7\u00e3o Jovem em Concurso de Reda\u00e7\u00e3o."}]},{"@type":"WebSite","@id":"https:\/\/msconectado.com.br\/#website","url":"https:\/\/msconectado.com.br\/","name":"MsConectado","description":"Voc\u00ea Conectado com a Not\u00edcia!","publisher":{"@id":"https:\/\/msconectado.com.br\/#organization"},"potentialAction":[{"@type":"SearchAction","target":{"@type":"EntryPoint","urlTemplate":"https:\/\/msconectado.com.br\/?s={search_term_string}"},"query-input":{"@type":"PropertyValueSpecification","valueRequired":true,"valueName":"search_term_string"}}],"inLanguage":"pt-BR"},{"@type":"Organization","@id":"https:\/\/msconectado.com.br\/#organization","name":"MsConectado","url":"https:\/\/msconectado.com.br\/","logo":{"@type":"ImageObject","inLanguage":"pt-BR","@id":"https:\/\/msconectado.com.br\/#\/schema\/logo\/image\/","url":"https:\/\/msconectado.com.br\/wp-content\/uploads\/2023\/01\/cropped-noticia-2.png","contentUrl":"https:\/\/msconectado.com.br\/wp-content\/uploads\/2023\/01\/cropped-noticia-2.png","width":720,"height":157,"caption":"MsConectado"},"image":{"@id":"https:\/\/msconectado.com.br\/#\/schema\/logo\/image\/"}},{"@type":"Person","@id":"https:\/\/msconectado.com.br\/#\/schema\/person\/e5585545b5687092f1041d350b6e2c16","name":"MsConectado","image":{"@type":"ImageObject","inLanguage":"pt-BR","@id":"https:\/\/secure.gravatar.com\/avatar\/3b4f84a0a8a4380ac4431fa79981d073692380c5da00ae97596e794ab0db5c8c?s=96&d=mm&r=g","url":"https:\/\/secure.gravatar.com\/avatar\/3b4f84a0a8a4380ac4431fa79981d073692380c5da00ae97596e794ab0db5c8c?s=96&d=mm&r=g","contentUrl":"https:\/\/secure.gravatar.com\/avatar\/3b4f84a0a8a4380ac4431fa79981d073692380c5da00ae97596e794ab0db5c8c?s=96&d=mm&r=g","caption":"MsConectado"},"url":"https:\/\/msconectado.com.br\/?author=2"}]}},"_links":{"self":[{"href":"https:\/\/msconectado.com.br\/index.php?rest_route=\/wp\/v2\/posts\/20723","targetHints":{"allow":["GET"]}}],"collection":[{"href":"https:\/\/msconectado.com.br\/index.php?rest_route=\/wp\/v2\/posts"}],"about":[{"href":"https:\/\/msconectado.com.br\/index.php?rest_route=\/wp\/v2\/types\/post"}],"author":[{"embeddable":true,"href":"https:\/\/msconectado.com.br\/index.php?rest_route=\/wp\/v2\/users\/2"}],"replies":[{"embeddable":true,"href":"https:\/\/msconectado.com.br\/index.php?rest_route=%2Fwp%2Fv2%2Fcomments&post=20723"}],"version-history":[{"count":1,"href":"https:\/\/msconectado.com.br\/index.php?rest_route=\/wp\/v2\/posts\/20723\/revisions"}],"predecessor-version":[{"id":20725,"href":"https:\/\/msconectado.com.br\/index.php?rest_route=\/wp\/v2\/posts\/20723\/revisions\/20725"}],"wp:featuredmedia":[{"embeddable":true,"href":"https:\/\/msconectado.com.br\/index.php?rest_route=\/wp\/v2\/media\/20724"}],"wp:attachment":[{"href":"https:\/\/msconectado.com.br\/index.php?rest_route=%2Fwp%2Fv2%2Fmedia&parent=20723"}],"wp:term":[{"taxonomy":"category","embeddable":true,"href":"https:\/\/msconectado.com.br\/index.php?rest_route=%2Fwp%2Fv2%2Fcategories&post=20723"},{"taxonomy":"post_tag","embeddable":true,"href":"https:\/\/msconectado.com.br\/index.php?rest_route=%2Fwp%2Fv2%2Ftags&post=20723"}],"curies":[{"name":"wp","href":"https:\/\/api.w.org\/{rel}","templated":true}]}}