{"id":20733,"date":"2023-12-15T12:18:54","date_gmt":"2023-12-15T12:18:54","guid":{"rendered":"https:\/\/msconectado.com.br\/?p=20733"},"modified":"2023-12-15T12:18:55","modified_gmt":"2023-12-15T12:18:55","slug":"projeto-saber-mais-capacita-20-novos-operadores-de-maquinas-agricolas-no-assentamento-santa-guilhermina","status":"publish","type":"post","link":"https:\/\/msconectado.com.br\/?p=20733","title":{"rendered":"Projeto Saber Mais Capacita 20 Novos Operadores de M\u00e1quinas Agr\u00edcolas no Assentamento Santa Guilhermina"},"content":{"rendered":"\n<p>A Associa\u00e7\u00e3o Viver Bem Faz Bem celebrou mais uma conquista na \u00faltima quarta-feira (13) com a conclus\u00e3o do curso de forma\u00e7\u00e3o de 20 novos Operadores de M\u00e1quinas e Implementos Agr\u00edcolas (colheitadeiras) no Assentamento Santa Guilhermina.<\/p>\n\n\n\n<p>Desde o in\u00edcio do Projeto Saber Mais, mais de 100 alunos j\u00e1 foram formados e capacitados na \u00e1rea agr\u00edcola em Maracaju. O evento contou com a presen\u00e7a de autoridades locais, familiares dos formandos e membros da comunidade do Assentamento Santa Guilhermina.<\/p>\n\n\n\n<p>Os alunos receberam treinamento abrangente nas \u00e1reas de inspe\u00e7\u00e3o peri\u00f3dica, manuseio da cabine de opera\u00e7\u00e3o, acionamento dos comandos da m\u00e1quina, opera\u00e7\u00e3o do manche (joystick) e deslocamento da m\u00e1quina em percurso pr\u00e9-estabelecido, incluindo simula\u00e7\u00e3o de posi\u00e7\u00e3o de entrada e sa\u00edda de corte das culturas.<\/p>\n\n\n\n<p>As aulas pr\u00e1ticas foram realizadas na Fazenda Santana, gentilmente cedida pelo propriet\u00e1rio Luis Carlos Bianchese, que tamb\u00e9m disponibilizou o maquin\u00e1rio necess\u00e1rio. O compromisso da comunidade em apoiar a iniciativa \u00e9 crucial para o sucesso do Projeto Saber Mais.<\/p>\n\n\n<div class=\"wp-block-image\">\n<figure class=\"aligncenter size-large\"><img fetchpriority=\"high\" decoding=\"async\" width=\"1024\" height=\"682\" src=\"https:\/\/msconectado.com.br\/wp-content\/uploads\/2023\/12\/0d8ddeff-f916-447b-b0dd-a7247e7e6e99-1024x682.jpg\" alt=\"\" class=\"wp-image-20734\" srcset=\"https:\/\/msconectado.com.br\/wp-content\/uploads\/2023\/12\/0d8ddeff-f916-447b-b0dd-a7247e7e6e99-1024x682.jpg 1024w, https:\/\/msconectado.com.br\/wp-content\/uploads\/2023\/12\/0d8ddeff-f916-447b-b0dd-a7247e7e6e99-300x200.jpg 300w, https:\/\/msconectado.com.br\/wp-content\/uploads\/2023\/12\/0d8ddeff-f916-447b-b0dd-a7247e7e6e99-768x512.jpg 768w, https:\/\/msconectado.com.br\/wp-content\/uploads\/2023\/12\/0d8ddeff-f916-447b-b0dd-a7247e7e6e99-1536x1023.jpg 1536w, https:\/\/msconectado.com.br\/wp-content\/uploads\/2023\/12\/0d8ddeff-f916-447b-b0dd-a7247e7e6e99-360x240.jpg 360w, https:\/\/msconectado.com.br\/wp-content\/uploads\/2023\/12\/0d8ddeff-f916-447b-b0dd-a7247e7e6e99.jpg 1600w\" sizes=\"(max-width: 1024px) 100vw, 1024px\" \/><\/figure>\n<\/div>\n\n\n<p>O vereador Os\u00e9ias Enfermeiro, padrinho da Associa\u00e7\u00e3o Viver Bem Faz Bem, a secret\u00e1ria de governo de Maracaju Cleusimar Wosniak, a diretora escolar S\u00e2mara da Silva Melo, o professor Cleiber Silva e o Sr. Benedito Gon\u00e7alves de Almeida, que intermediou para as aulas pr\u00e1ticas, estiveram presentes, refor\u00e7ando o compromisso das autoridades locais com o desenvolvimento e capacita\u00e7\u00e3o da comunidade.<\/p>\n\n\n\n<p>A Associa\u00e7\u00e3o Viver Bem Faz Bem agradece a todos os envolvidos, incluindo o apoio do propriet\u00e1rio da Fazenda Santana e dos parceiros institucionais, pelo sucesso cont\u00ednuo do Projeto Saber Mais em Maracaju.<\/p>\n\n\n\n<p>Reda\u00e7\u00e3o<\/p>\n","protected":false},"excerpt":{"rendered":"<p>A Associa\u00e7\u00e3o Viver Bem Faz Bem celebrou mais uma conquista na \u00faltima quarta-feira (13) com a conclus\u00e3o do curso de forma\u00e7\u00e3o de 20 novos Operadores de M\u00e1quinas e Implementos Agr\u00edcolas (colheitadeiras) no Assentamento Santa Guilhermina. Desde o in\u00edcio do Projeto Saber Mais, mais de 100 alunos j\u00e1 foram formados e capacitados na \u00e1rea agr\u00edcola em [&hellip;]<\/p>\n","protected":false},"author":3,"featured_media":20735,"comment_status":"open","ping_status":"closed","sticky":false,"template":"","format":"standard","meta":{"footnotes":""},"categories":[1],"tags":[],"class_list":["post-20733","post","type-post","status-publish","format-standard","has-post-thumbnail","hentry","category-noticia"],"yoast_head":"<!-- This site is optimized with the Yoast SEO plugin v27.5 - https:\/\/yoast.com\/product\/yoast-seo-wordpress\/ -->\n<title>Projeto Saber Mais Capacita 20 Novos Operadores de M\u00e1quinas Agr\u00edcolas no Assentamento Santa Guilhermina - MsConectado<\/title>\n<meta name=\"robots\" content=\"index, follow, max-snippet:-1, max-image-preview:large, max-video-preview:-1\" \/>\n<link rel=\"canonical\" href=\"https:\/\/msconectado.com.br\/?p=20733\" \/>\n<meta property=\"og:locale\" content=\"pt_BR\" \/>\n<meta property=\"og:type\" content=\"article\" \/>\n<meta property=\"og:title\" content=\"Projeto Saber Mais Capacita 20 Novos Operadores de M\u00e1quinas Agr\u00edcolas no Assentamento Santa Guilhermina - MsConectado\" \/>\n<meta property=\"og:description\" content=\"A Associa\u00e7\u00e3o Viver Bem Faz Bem celebrou mais uma conquista na \u00faltima quarta-feira (13) com a conclus\u00e3o do curso de forma\u00e7\u00e3o de 20 novos Operadores de M\u00e1quinas e Implementos Agr\u00edcolas (colheitadeiras) no Assentamento Santa Guilhermina. Desde o in\u00edcio do Projeto Saber Mais, mais de 100 alunos j\u00e1 foram formados e capacitados na \u00e1rea agr\u00edcola em [&hellip;]\" \/>\n<meta property=\"og:url\" content=\"https:\/\/msconectado.com.br\/?p=20733\" \/>\n<meta property=\"og:site_name\" content=\"MsConectado\" \/>\n<meta property=\"article:published_time\" content=\"2023-12-15T12:18:54+00:00\" \/>\n<meta property=\"article:modified_time\" content=\"2023-12-15T12:18:55+00:00\" \/>\n<meta property=\"og:image\" content=\"https:\/\/msconectado.com.br\/wp-content\/uploads\/2023\/12\/0ab71348-0e68-467f-87a3-d7cedc3644ce.jpg\" \/>\n\t<meta property=\"og:image:width\" content=\"1600\" \/>\n\t<meta property=\"og:image:height\" content=\"1066\" \/>\n\t<meta property=\"og:image:type\" content=\"image\/jpeg\" \/>\n<meta name=\"author\" content=\"Jeferson\" \/>\n<meta name=\"twitter:card\" content=\"summary_large_image\" \/>\n<meta name=\"twitter:label1\" content=\"Escrito por\" \/>\n\t<meta name=\"twitter:data1\" content=\"Jeferson\" \/>\n\t<meta name=\"twitter:label2\" content=\"Est. tempo de leitura\" \/>\n\t<meta name=\"twitter:data2\" content=\"1 minuto\" \/>\n<script type=\"application\/ld+json\" class=\"yoast-schema-graph\">{\"@context\":\"https:\\\/\\\/schema.org\",\"@graph\":[{\"@type\":\"Article\",\"@id\":\"https:\\\/\\\/msconectado.com.br\\\/?p=20733#article\",\"isPartOf\":{\"@id\":\"https:\\\/\\\/msconectado.com.br\\\/?p=20733\"},\"author\":{\"name\":\"Jeferson\",\"@id\":\"https:\\\/\\\/msconectado.com.br\\\/#\\\/schema\\\/person\\\/feb123a95a93eebea36f0ed6a2e5ba48\"},\"headline\":\"Projeto Saber Mais Capacita 20 Novos Operadores de M\u00e1quinas Agr\u00edcolas no Assentamento Santa Guilhermina\",\"datePublished\":\"2023-12-15T12:18:54+00:00\",\"dateModified\":\"2023-12-15T12:18:55+00:00\",\"mainEntityOfPage\":{\"@id\":\"https:\\\/\\\/msconectado.com.br\\\/?p=20733\"},\"wordCount\":294,\"commentCount\":0,\"publisher\":{\"@id\":\"https:\\\/\\\/msconectado.com.br\\\/#organization\"},\"image\":{\"@id\":\"https:\\\/\\\/msconectado.com.br\\\/?p=20733#primaryimage\"},\"thumbnailUrl\":\"https:\\\/\\\/msconectado.com.br\\\/wp-content\\\/uploads\\\/2023\\\/12\\\/0ab71348-0e68-467f-87a3-d7cedc3644ce.jpg\",\"articleSection\":[\"Not\u00edcia\"],\"inLanguage\":\"pt-BR\",\"potentialAction\":[{\"@type\":\"CommentAction\",\"name\":\"Comment\",\"target\":[\"https:\\\/\\\/msconectado.com.br\\\/?p=20733#respond\"]}]},{\"@type\":\"WebPage\",\"@id\":\"https:\\\/\\\/msconectado.com.br\\\/?p=20733\",\"url\":\"https:\\\/\\\/msconectado.com.br\\\/?p=20733\",\"name\":\"Projeto Saber Mais Capacita 20 Novos Operadores de M\u00e1quinas Agr\u00edcolas no Assentamento Santa Guilhermina - MsConectado\",\"isPartOf\":{\"@id\":\"https:\\\/\\\/msconectado.com.br\\\/#website\"},\"primaryImageOfPage\":{\"@id\":\"https:\\\/\\\/msconectado.com.br\\\/?p=20733#primaryimage\"},\"image\":{\"@id\":\"https:\\\/\\\/msconectado.com.br\\\/?p=20733#primaryimage\"},\"thumbnailUrl\":\"https:\\\/\\\/msconectado.com.br\\\/wp-content\\\/uploads\\\/2023\\\/12\\\/0ab71348-0e68-467f-87a3-d7cedc3644ce.jpg\",\"datePublished\":\"2023-12-15T12:18:54+00:00\",\"dateModified\":\"2023-12-15T12:18:55+00:00\",\"breadcrumb\":{\"@id\":\"https:\\\/\\\/msconectado.com.br\\\/?p=20733#breadcrumb\"},\"inLanguage\":\"pt-BR\",\"potentialAction\":[{\"@type\":\"ReadAction\",\"target\":[\"https:\\\/\\\/msconectado.com.br\\\/?p=20733\"]}]},{\"@type\":\"ImageObject\",\"inLanguage\":\"pt-BR\",\"@id\":\"https:\\\/\\\/msconectado.com.br\\\/?p=20733#primaryimage\",\"url\":\"https:\\\/\\\/msconectado.com.br\\\/wp-content\\\/uploads\\\/2023\\\/12\\\/0ab71348-0e68-467f-87a3-d7cedc3644ce.jpg\",\"contentUrl\":\"https:\\\/\\\/msconectado.com.br\\\/wp-content\\\/uploads\\\/2023\\\/12\\\/0ab71348-0e68-467f-87a3-d7cedc3644ce.jpg\",\"width\":1600,\"height\":1066},{\"@type\":\"BreadcrumbList\",\"@id\":\"https:\\\/\\\/msconectado.com.br\\\/?p=20733#breadcrumb\",\"itemListElement\":[{\"@type\":\"ListItem\",\"position\":1,\"name\":\"In\u00edcio\",\"item\":\"https:\\\/\\\/msconectado.com.br\\\/?page_id=105\"},{\"@type\":\"ListItem\",\"position\":2,\"name\":\"Projeto Saber Mais Capacita 20 Novos Operadores de M\u00e1quinas Agr\u00edcolas no Assentamento Santa Guilhermina\"}]},{\"@type\":\"WebSite\",\"@id\":\"https:\\\/\\\/msconectado.com.br\\\/#website\",\"url\":\"https:\\\/\\\/msconectado.com.br\\\/\",\"name\":\"MsConectado\",\"description\":\"Voc\u00ea Conectado com a Not\u00edcia!\",\"publisher\":{\"@id\":\"https:\\\/\\\/msconectado.com.br\\\/#organization\"},\"potentialAction\":[{\"@type\":\"SearchAction\",\"target\":{\"@type\":\"EntryPoint\",\"urlTemplate\":\"https:\\\/\\\/msconectado.com.br\\\/?s={search_term_string}\"},\"query-input\":{\"@type\":\"PropertyValueSpecification\",\"valueRequired\":true,\"valueName\":\"search_term_string\"}}],\"inLanguage\":\"pt-BR\"},{\"@type\":\"Organization\",\"@id\":\"https:\\\/\\\/msconectado.com.br\\\/#organization\",\"name\":\"MsConectado\",\"url\":\"https:\\\/\\\/msconectado.com.br\\\/\",\"logo\":{\"@type\":\"ImageObject\",\"inLanguage\":\"pt-BR\",\"@id\":\"https:\\\/\\\/msconectado.com.br\\\/#\\\/schema\\\/logo\\\/image\\\/\",\"url\":\"https:\\\/\\\/msconectado.com.br\\\/wp-content\\\/uploads\\\/2023\\\/01\\\/cropped-noticia-2.png\",\"contentUrl\":\"https:\\\/\\\/msconectado.com.br\\\/wp-content\\\/uploads\\\/2023\\\/01\\\/cropped-noticia-2.png\",\"width\":720,\"height\":157,\"caption\":\"MsConectado\"},\"image\":{\"@id\":\"https:\\\/\\\/msconectado.com.br\\\/#\\\/schema\\\/logo\\\/image\\\/\"}},{\"@type\":\"Person\",\"@id\":\"https:\\\/\\\/msconectado.com.br\\\/#\\\/schema\\\/person\\\/feb123a95a93eebea36f0ed6a2e5ba48\",\"name\":\"Jeferson\",\"image\":{\"@type\":\"ImageObject\",\"inLanguage\":\"pt-BR\",\"@id\":\"https:\\\/\\\/secure.gravatar.com\\\/avatar\\\/e23e8901c88f0cdc0ad479ef7a39bf3e4c806344549c087c00b721a65549a328?s=96&d=mm&r=g\",\"url\":\"https:\\\/\\\/secure.gravatar.com\\\/avatar\\\/e23e8901c88f0cdc0ad479ef7a39bf3e4c806344549c087c00b721a65549a328?s=96&d=mm&r=g\",\"contentUrl\":\"https:\\\/\\\/secure.gravatar.com\\\/avatar\\\/e23e8901c88f0cdc0ad479ef7a39bf3e4c806344549c087c00b721a65549a328?s=96&d=mm&r=g\",\"caption\":\"Jeferson\"},\"url\":\"https:\\\/\\\/msconectado.com.br\\\/?author=3\"}]}<\/script>\n<!-- \/ Yoast SEO plugin. -->","yoast_head_json":{"title":"Projeto Saber Mais Capacita 20 Novos Operadores de M\u00e1quinas Agr\u00edcolas no Assentamento Santa Guilhermina - MsConectado","robots":{"index":"index","follow":"follow","max-snippet":"max-snippet:-1","max-image-preview":"max-image-preview:large","max-video-preview":"max-video-preview:-1"},"canonical":"https:\/\/msconectado.com.br\/?p=20733","og_locale":"pt_BR","og_type":"article","og_title":"Projeto Saber Mais Capacita 20 Novos Operadores de M\u00e1quinas Agr\u00edcolas no Assentamento Santa Guilhermina - MsConectado","og_description":"A Associa\u00e7\u00e3o Viver Bem Faz Bem celebrou mais uma conquista na \u00faltima quarta-feira (13) com a conclus\u00e3o do curso de forma\u00e7\u00e3o de 20 novos Operadores de M\u00e1quinas e Implementos Agr\u00edcolas (colheitadeiras) no Assentamento Santa Guilhermina. Desde o in\u00edcio do Projeto Saber Mais, mais de 100 alunos j\u00e1 foram formados e capacitados na \u00e1rea agr\u00edcola em [&hellip;]","og_url":"https:\/\/msconectado.com.br\/?p=20733","og_site_name":"MsConectado","article_published_time":"2023-12-15T12:18:54+00:00","article_modified_time":"2023-12-15T12:18:55+00:00","og_image":[{"width":1600,"height":1066,"url":"https:\/\/msconectado.com.br\/wp-content\/uploads\/2023\/12\/0ab71348-0e68-467f-87a3-d7cedc3644ce.jpg","type":"image\/jpeg"}],"author":"Jeferson","twitter_card":"summary_large_image","twitter_misc":{"Escrito por":"Jeferson","Est. tempo de leitura":"1 minuto"},"schema":{"@context":"https:\/\/schema.org","@graph":[{"@type":"Article","@id":"https:\/\/msconectado.com.br\/?p=20733#article","isPartOf":{"@id":"https:\/\/msconectado.com.br\/?p=20733"},"author":{"name":"Jeferson","@id":"https:\/\/msconectado.com.br\/#\/schema\/person\/feb123a95a93eebea36f0ed6a2e5ba48"},"headline":"Projeto Saber Mais Capacita 20 Novos Operadores de M\u00e1quinas Agr\u00edcolas no Assentamento Santa Guilhermina","datePublished":"2023-12-15T12:18:54+00:00","dateModified":"2023-12-15T12:18:55+00:00","mainEntityOfPage":{"@id":"https:\/\/msconectado.com.br\/?p=20733"},"wordCount":294,"commentCount":0,"publisher":{"@id":"https:\/\/msconectado.com.br\/#organization"},"image":{"@id":"https:\/\/msconectado.com.br\/?p=20733#primaryimage"},"thumbnailUrl":"https:\/\/msconectado.com.br\/wp-content\/uploads\/2023\/12\/0ab71348-0e68-467f-87a3-d7cedc3644ce.jpg","articleSection":["Not\u00edcia"],"inLanguage":"pt-BR","potentialAction":[{"@type":"CommentAction","name":"Comment","target":["https:\/\/msconectado.com.br\/?p=20733#respond"]}]},{"@type":"WebPage","@id":"https:\/\/msconectado.com.br\/?p=20733","url":"https:\/\/msconectado.com.br\/?p=20733","name":"Projeto Saber Mais Capacita 20 Novos Operadores de M\u00e1quinas Agr\u00edcolas no Assentamento Santa Guilhermina - MsConectado","isPartOf":{"@id":"https:\/\/msconectado.com.br\/#website"},"primaryImageOfPage":{"@id":"https:\/\/msconectado.com.br\/?p=20733#primaryimage"},"image":{"@id":"https:\/\/msconectado.com.br\/?p=20733#primaryimage"},"thumbnailUrl":"https:\/\/msconectado.com.br\/wp-content\/uploads\/2023\/12\/0ab71348-0e68-467f-87a3-d7cedc3644ce.jpg","datePublished":"2023-12-15T12:18:54+00:00","dateModified":"2023-12-15T12:18:55+00:00","breadcrumb":{"@id":"https:\/\/msconectado.com.br\/?p=20733#breadcrumb"},"inLanguage":"pt-BR","potentialAction":[{"@type":"ReadAction","target":["https:\/\/msconectado.com.br\/?p=20733"]}]},{"@type":"ImageObject","inLanguage":"pt-BR","@id":"https:\/\/msconectado.com.br\/?p=20733#primaryimage","url":"https:\/\/msconectado.com.br\/wp-content\/uploads\/2023\/12\/0ab71348-0e68-467f-87a3-d7cedc3644ce.jpg","contentUrl":"https:\/\/msconectado.com.br\/wp-content\/uploads\/2023\/12\/0ab71348-0e68-467f-87a3-d7cedc3644ce.jpg","width":1600,"height":1066},{"@type":"BreadcrumbList","@id":"https:\/\/msconectado.com.br\/?p=20733#breadcrumb","itemListElement":[{"@type":"ListItem","position":1,"name":"In\u00edcio","item":"https:\/\/msconectado.com.br\/?page_id=105"},{"@type":"ListItem","position":2,"name":"Projeto Saber Mais Capacita 20 Novos Operadores de M\u00e1quinas Agr\u00edcolas no Assentamento Santa Guilhermina"}]},{"@type":"WebSite","@id":"https:\/\/msconectado.com.br\/#website","url":"https:\/\/msconectado.com.br\/","name":"MsConectado","description":"Voc\u00ea Conectado com a Not\u00edcia!","publisher":{"@id":"https:\/\/msconectado.com.br\/#organization"},"potentialAction":[{"@type":"SearchAction","target":{"@type":"EntryPoint","urlTemplate":"https:\/\/msconectado.com.br\/?s={search_term_string}"},"query-input":{"@type":"PropertyValueSpecification","valueRequired":true,"valueName":"search_term_string"}}],"inLanguage":"pt-BR"},{"@type":"Organization","@id":"https:\/\/msconectado.com.br\/#organization","name":"MsConectado","url":"https:\/\/msconectado.com.br\/","logo":{"@type":"ImageObject","inLanguage":"pt-BR","@id":"https:\/\/msconectado.com.br\/#\/schema\/logo\/image\/","url":"https:\/\/msconectado.com.br\/wp-content\/uploads\/2023\/01\/cropped-noticia-2.png","contentUrl":"https:\/\/msconectado.com.br\/wp-content\/uploads\/2023\/01\/cropped-noticia-2.png","width":720,"height":157,"caption":"MsConectado"},"image":{"@id":"https:\/\/msconectado.com.br\/#\/schema\/logo\/image\/"}},{"@type":"Person","@id":"https:\/\/msconectado.com.br\/#\/schema\/person\/feb123a95a93eebea36f0ed6a2e5ba48","name":"Jeferson","image":{"@type":"ImageObject","inLanguage":"pt-BR","@id":"https:\/\/secure.gravatar.com\/avatar\/e23e8901c88f0cdc0ad479ef7a39bf3e4c806344549c087c00b721a65549a328?s=96&d=mm&r=g","url":"https:\/\/secure.gravatar.com\/avatar\/e23e8901c88f0cdc0ad479ef7a39bf3e4c806344549c087c00b721a65549a328?s=96&d=mm&r=g","contentUrl":"https:\/\/secure.gravatar.com\/avatar\/e23e8901c88f0cdc0ad479ef7a39bf3e4c806344549c087c00b721a65549a328?s=96&d=mm&r=g","caption":"Jeferson"},"url":"https:\/\/msconectado.com.br\/?author=3"}]}},"_links":{"self":[{"href":"https:\/\/msconectado.com.br\/index.php?rest_route=\/wp\/v2\/posts\/20733","targetHints":{"allow":["GET"]}}],"collection":[{"href":"https:\/\/msconectado.com.br\/index.php?rest_route=\/wp\/v2\/posts"}],"about":[{"href":"https:\/\/msconectado.com.br\/index.php?rest_route=\/wp\/v2\/types\/post"}],"author":[{"embeddable":true,"href":"https:\/\/msconectado.com.br\/index.php?rest_route=\/wp\/v2\/users\/3"}],"replies":[{"embeddable":true,"href":"https:\/\/msconectado.com.br\/index.php?rest_route=%2Fwp%2Fv2%2Fcomments&post=20733"}],"version-history":[{"count":1,"href":"https:\/\/msconectado.com.br\/index.php?rest_route=\/wp\/v2\/posts\/20733\/revisions"}],"predecessor-version":[{"id":20736,"href":"https:\/\/msconectado.com.br\/index.php?rest_route=\/wp\/v2\/posts\/20733\/revisions\/20736"}],"wp:featuredmedia":[{"embeddable":true,"href":"https:\/\/msconectado.com.br\/index.php?rest_route=\/wp\/v2\/media\/20735"}],"wp:attachment":[{"href":"https:\/\/msconectado.com.br\/index.php?rest_route=%2Fwp%2Fv2%2Fmedia&parent=20733"}],"wp:term":[{"taxonomy":"category","embeddable":true,"href":"https:\/\/msconectado.com.br\/index.php?rest_route=%2Fwp%2Fv2%2Fcategories&post=20733"},{"taxonomy":"post_tag","embeddable":true,"href":"https:\/\/msconectado.com.br\/index.php?rest_route=%2Fwp%2Fv2%2Ftags&post=20733"}],"curies":[{"name":"wp","href":"https:\/\/api.w.org\/{rel}","templated":true}]}}