{"id":20738,"date":"2023-12-18T20:23:11","date_gmt":"2023-12-18T20:23:11","guid":{"rendered":"https:\/\/msconectado.com.br\/?p=20738"},"modified":"2023-12-18T20:31:32","modified_gmt":"2023-12-18T20:31:32","slug":"do-altar-para-o-coracao-da-cidade-rio-brilhante-recebe-oficialmente-sua-primeira-dama","status":"publish","type":"post","link":"https:\/\/msconectado.com.br\/?p=20738","title":{"rendered":"Do Altar para o Cora\u00e7\u00e3o da Cidade: Rio Brilhante Recebe Oficialmente sua Primeira Dama"},"content":{"rendered":"\n<p>No \u00faltimo s\u00e1bado, dia 16 de dezembro, a cidade de Rio Brilhante se vestiu de festa para celebrar o casamento da renomada Cirurgi\u00e3 Dentista, Dra. Isabela Machado, e do carism\u00e1tico Prefeito Lucas Centenaro Foroni. O enlace aconteceu na majestosa Igreja Matriz Divino Esp\u00edrito Santo, proporcionando uma cerim\u00f4nia marcada por emo\u00e7\u00e3o e requinte.<\/p>\n\n\n\n<p>O evento reuniu amigos, familiares, servidores p\u00fablicos e autoridades locais e estaduais, todos ansiosos para testemunhar a uni\u00e3o de dois grandes nomes da comunidade. O casal, que h\u00e1 tempos conquista a admira\u00e7\u00e3o dos rio-brilhantenses, recebeu calorosos votos de felicidade e prosperidade.<\/p>\n\n\n\n<p><strong>Isabela Machado: Uma Jovem Noiva de Brilho Pr\u00f3prio<\/strong><\/p>\n\n\n\n<p>A jovem noiva, Dra. Isabela Machado, \u00e9 uma figura not\u00e1vel na cidade. Especialista em Harmoniza\u00e7\u00e3o Facial, ela desempenha seu papel com maestria nos munic\u00edpios de Rio Brilhante e Maracaj\u00fa. Al\u00e9m de sua compet\u00eancia profissional, Dra. Isabela \u00e9 conhecida por seu carisma contagiante e sua sensibilidade social, sempre engajada em projetos e a\u00e7\u00f5es que visam o bem-estar da comunidade.<\/p>\n\n\n\n<p>A comunidade de Rio Brilhante reconhece em Isabela n\u00e3o apenas uma profissional de destaque, mas uma lideran\u00e7a inspiradora que, ao lado de seu agora marido, o Prefeito Lucas, promete contribuir ainda mais para o desenvolvimento e o fortalecimento dos la\u00e7os sociais na regi\u00e3o.<\/p>\n\n\n\n<p><strong>Uma Primeira Dama para Rio Brilhante<\/strong><\/p>\n\n\n\n<p>Com o matrim\u00f4nio, Rio Brilhante ganha oficialmente uma Primeira Dama. O t\u00edtulo, agora atribu\u00eddo a Isabela Machado, reflete n\u00e3o apenas a posi\u00e7\u00e3o que ocupa ao lado do Prefeito Lucas, mas tamb\u00e9m a responsabilidade e o comprometimento que ela traz consigo para contribuir com o bem-estar da cidade.<\/p>\n\n\n\n<p>Expressamos os mais sinceros votos de felicidade ao casal, desejando que essa uni\u00e3o continue a ser fonte de inspira\u00e7\u00e3o para todos os cidad\u00e3os de Rio Brilhante. Que a trajet\u00f3ria de Isabela e Lucas seja marcada por sucesso, amor e prosperidade, contribuindo para o desenvolvimento e o florescimento desta comunidade que tanto os acolhe.<\/p>\n\n\n\n<p><\/p>\n","protected":false},"excerpt":{"rendered":"<p>No \u00faltimo s\u00e1bado, dia 16 de dezembro, a cidade de Rio Brilhante se vestiu de festa para celebrar o casamento da renomada Cirurgi\u00e3 Dentista, Dra. Isabela Machado, e do carism\u00e1tico Prefeito Lucas Centenaro Foroni. O enlace aconteceu na majestosa Igreja Matriz Divino Esp\u00edrito Santo, proporcionando uma cerim\u00f4nia marcada por emo\u00e7\u00e3o e requinte. O evento reuniu [&hellip;]<\/p>\n","protected":false},"author":2,"featured_media":20741,"comment_status":"open","ping_status":"closed","sticky":false,"template":"","format":"standard","meta":{"footnotes":""},"categories":[35,1],"tags":[],"class_list":["post-20738","post","type-post","status-publish","format-standard","has-post-thumbnail","hentry","category-cidades","category-noticia"],"yoast_head":"<!-- This site is optimized with the Yoast SEO plugin v27.5 - https:\/\/yoast.com\/product\/yoast-seo-wordpress\/ -->\n<title>Do Altar para o Cora\u00e7\u00e3o da Cidade: Rio Brilhante Recebe Oficialmente sua Primeira Dama - MsConectado<\/title>\n<meta name=\"robots\" content=\"index, follow, max-snippet:-1, max-image-preview:large, max-video-preview:-1\" \/>\n<link rel=\"canonical\" href=\"https:\/\/msconectado.com.br\/?p=20738\" \/>\n<meta property=\"og:locale\" content=\"pt_BR\" \/>\n<meta property=\"og:type\" content=\"article\" \/>\n<meta property=\"og:title\" content=\"Do Altar para o Cora\u00e7\u00e3o da Cidade: Rio Brilhante Recebe Oficialmente sua Primeira Dama - MsConectado\" \/>\n<meta property=\"og:description\" content=\"No \u00faltimo s\u00e1bado, dia 16 de dezembro, a cidade de Rio Brilhante se vestiu de festa para celebrar o casamento da renomada Cirurgi\u00e3 Dentista, Dra. Isabela Machado, e do carism\u00e1tico Prefeito Lucas Centenaro Foroni. O enlace aconteceu na majestosa Igreja Matriz Divino Esp\u00edrito Santo, proporcionando uma cerim\u00f4nia marcada por emo\u00e7\u00e3o e requinte. O evento reuniu [&hellip;]\" \/>\n<meta property=\"og:url\" content=\"https:\/\/msconectado.com.br\/?p=20738\" \/>\n<meta property=\"og:site_name\" content=\"MsConectado\" \/>\n<meta property=\"article:published_time\" content=\"2023-12-18T20:23:11+00:00\" \/>\n<meta property=\"article:modified_time\" content=\"2023-12-18T20:31:32+00:00\" \/>\n<meta property=\"og:image\" content=\"https:\/\/msconectado.com.br\/wp-content\/uploads\/2023\/12\/2.jpg\" \/>\n\t<meta property=\"og:image:width\" content=\"1600\" \/>\n\t<meta property=\"og:image:height\" content=\"1104\" \/>\n\t<meta property=\"og:image:type\" content=\"image\/jpeg\" \/>\n<meta name=\"author\" content=\"MsConectado\" \/>\n<meta name=\"twitter:card\" content=\"summary_large_image\" \/>\n<meta name=\"twitter:label1\" content=\"Escrito por\" \/>\n\t<meta name=\"twitter:data1\" content=\"MsConectado\" \/>\n\t<meta name=\"twitter:label2\" content=\"Est. tempo de leitura\" \/>\n\t<meta name=\"twitter:data2\" content=\"2 minutos\" \/>\n<script type=\"application\/ld+json\" class=\"yoast-schema-graph\">{\"@context\":\"https:\\\/\\\/schema.org\",\"@graph\":[{\"@type\":\"Article\",\"@id\":\"https:\\\/\\\/msconectado.com.br\\\/?p=20738#article\",\"isPartOf\":{\"@id\":\"https:\\\/\\\/msconectado.com.br\\\/?p=20738\"},\"author\":{\"name\":\"MsConectado\",\"@id\":\"https:\\\/\\\/msconectado.com.br\\\/#\\\/schema\\\/person\\\/e5585545b5687092f1041d350b6e2c16\"},\"headline\":\"Do Altar para o Cora\u00e7\u00e3o da Cidade: Rio Brilhante Recebe Oficialmente sua Primeira Dama\",\"datePublished\":\"2023-12-18T20:23:11+00:00\",\"dateModified\":\"2023-12-18T20:31:32+00:00\",\"mainEntityOfPage\":{\"@id\":\"https:\\\/\\\/msconectado.com.br\\\/?p=20738\"},\"wordCount\":349,\"commentCount\":0,\"publisher\":{\"@id\":\"https:\\\/\\\/msconectado.com.br\\\/#organization\"},\"image\":{\"@id\":\"https:\\\/\\\/msconectado.com.br\\\/?p=20738#primaryimage\"},\"thumbnailUrl\":\"https:\\\/\\\/msconectado.com.br\\\/wp-content\\\/uploads\\\/2023\\\/12\\\/2.jpg\",\"articleSection\":[\"Cidades\",\"Not\u00edcia\"],\"inLanguage\":\"pt-BR\",\"potentialAction\":[{\"@type\":\"CommentAction\",\"name\":\"Comment\",\"target\":[\"https:\\\/\\\/msconectado.com.br\\\/?p=20738#respond\"]}]},{\"@type\":\"WebPage\",\"@id\":\"https:\\\/\\\/msconectado.com.br\\\/?p=20738\",\"url\":\"https:\\\/\\\/msconectado.com.br\\\/?p=20738\",\"name\":\"Do Altar para o Cora\u00e7\u00e3o da Cidade: Rio Brilhante Recebe Oficialmente sua Primeira Dama - MsConectado\",\"isPartOf\":{\"@id\":\"https:\\\/\\\/msconectado.com.br\\\/#website\"},\"primaryImageOfPage\":{\"@id\":\"https:\\\/\\\/msconectado.com.br\\\/?p=20738#primaryimage\"},\"image\":{\"@id\":\"https:\\\/\\\/msconectado.com.br\\\/?p=20738#primaryimage\"},\"thumbnailUrl\":\"https:\\\/\\\/msconectado.com.br\\\/wp-content\\\/uploads\\\/2023\\\/12\\\/2.jpg\",\"datePublished\":\"2023-12-18T20:23:11+00:00\",\"dateModified\":\"2023-12-18T20:31:32+00:00\",\"breadcrumb\":{\"@id\":\"https:\\\/\\\/msconectado.com.br\\\/?p=20738#breadcrumb\"},\"inLanguage\":\"pt-BR\",\"potentialAction\":[{\"@type\":\"ReadAction\",\"target\":[\"https:\\\/\\\/msconectado.com.br\\\/?p=20738\"]}]},{\"@type\":\"ImageObject\",\"inLanguage\":\"pt-BR\",\"@id\":\"https:\\\/\\\/msconectado.com.br\\\/?p=20738#primaryimage\",\"url\":\"https:\\\/\\\/msconectado.com.br\\\/wp-content\\\/uploads\\\/2023\\\/12\\\/2.jpg\",\"contentUrl\":\"https:\\\/\\\/msconectado.com.br\\\/wp-content\\\/uploads\\\/2023\\\/12\\\/2.jpg\",\"width\":1600,\"height\":1104},{\"@type\":\"BreadcrumbList\",\"@id\":\"https:\\\/\\\/msconectado.com.br\\\/?p=20738#breadcrumb\",\"itemListElement\":[{\"@type\":\"ListItem\",\"position\":1,\"name\":\"In\u00edcio\",\"item\":\"https:\\\/\\\/msconectado.com.br\\\/?page_id=105\"},{\"@type\":\"ListItem\",\"position\":2,\"name\":\"Do Altar para o Cora\u00e7\u00e3o da Cidade: Rio Brilhante Recebe Oficialmente sua Primeira Dama\"}]},{\"@type\":\"WebSite\",\"@id\":\"https:\\\/\\\/msconectado.com.br\\\/#website\",\"url\":\"https:\\\/\\\/msconectado.com.br\\\/\",\"name\":\"MsConectado\",\"description\":\"Voc\u00ea Conectado com a Not\u00edcia!\",\"publisher\":{\"@id\":\"https:\\\/\\\/msconectado.com.br\\\/#organization\"},\"potentialAction\":[{\"@type\":\"SearchAction\",\"target\":{\"@type\":\"EntryPoint\",\"urlTemplate\":\"https:\\\/\\\/msconectado.com.br\\\/?s={search_term_string}\"},\"query-input\":{\"@type\":\"PropertyValueSpecification\",\"valueRequired\":true,\"valueName\":\"search_term_string\"}}],\"inLanguage\":\"pt-BR\"},{\"@type\":\"Organization\",\"@id\":\"https:\\\/\\\/msconectado.com.br\\\/#organization\",\"name\":\"MsConectado\",\"url\":\"https:\\\/\\\/msconectado.com.br\\\/\",\"logo\":{\"@type\":\"ImageObject\",\"inLanguage\":\"pt-BR\",\"@id\":\"https:\\\/\\\/msconectado.com.br\\\/#\\\/schema\\\/logo\\\/image\\\/\",\"url\":\"https:\\\/\\\/msconectado.com.br\\\/wp-content\\\/uploads\\\/2023\\\/01\\\/cropped-noticia-2.png\",\"contentUrl\":\"https:\\\/\\\/msconectado.com.br\\\/wp-content\\\/uploads\\\/2023\\\/01\\\/cropped-noticia-2.png\",\"width\":720,\"height\":157,\"caption\":\"MsConectado\"},\"image\":{\"@id\":\"https:\\\/\\\/msconectado.com.br\\\/#\\\/schema\\\/logo\\\/image\\\/\"}},{\"@type\":\"Person\",\"@id\":\"https:\\\/\\\/msconectado.com.br\\\/#\\\/schema\\\/person\\\/e5585545b5687092f1041d350b6e2c16\",\"name\":\"MsConectado\",\"image\":{\"@type\":\"ImageObject\",\"inLanguage\":\"pt-BR\",\"@id\":\"https:\\\/\\\/secure.gravatar.com\\\/avatar\\\/3b4f84a0a8a4380ac4431fa79981d073692380c5da00ae97596e794ab0db5c8c?s=96&d=mm&r=g\",\"url\":\"https:\\\/\\\/secure.gravatar.com\\\/avatar\\\/3b4f84a0a8a4380ac4431fa79981d073692380c5da00ae97596e794ab0db5c8c?s=96&d=mm&r=g\",\"contentUrl\":\"https:\\\/\\\/secure.gravatar.com\\\/avatar\\\/3b4f84a0a8a4380ac4431fa79981d073692380c5da00ae97596e794ab0db5c8c?s=96&d=mm&r=g\",\"caption\":\"MsConectado\"},\"url\":\"https:\\\/\\\/msconectado.com.br\\\/?author=2\"}]}<\/script>\n<!-- \/ Yoast SEO plugin. -->","yoast_head_json":{"title":"Do Altar para o Cora\u00e7\u00e3o da Cidade: Rio Brilhante Recebe Oficialmente sua Primeira Dama - MsConectado","robots":{"index":"index","follow":"follow","max-snippet":"max-snippet:-1","max-image-preview":"max-image-preview:large","max-video-preview":"max-video-preview:-1"},"canonical":"https:\/\/msconectado.com.br\/?p=20738","og_locale":"pt_BR","og_type":"article","og_title":"Do Altar para o Cora\u00e7\u00e3o da Cidade: Rio Brilhante Recebe Oficialmente sua Primeira Dama - MsConectado","og_description":"No \u00faltimo s\u00e1bado, dia 16 de dezembro, a cidade de Rio Brilhante se vestiu de festa para celebrar o casamento da renomada Cirurgi\u00e3 Dentista, Dra. Isabela Machado, e do carism\u00e1tico Prefeito Lucas Centenaro Foroni. O enlace aconteceu na majestosa Igreja Matriz Divino Esp\u00edrito Santo, proporcionando uma cerim\u00f4nia marcada por emo\u00e7\u00e3o e requinte. O evento reuniu [&hellip;]","og_url":"https:\/\/msconectado.com.br\/?p=20738","og_site_name":"MsConectado","article_published_time":"2023-12-18T20:23:11+00:00","article_modified_time":"2023-12-18T20:31:32+00:00","og_image":[{"width":1600,"height":1104,"url":"https:\/\/msconectado.com.br\/wp-content\/uploads\/2023\/12\/2.jpg","type":"image\/jpeg"}],"author":"MsConectado","twitter_card":"summary_large_image","twitter_misc":{"Escrito por":"MsConectado","Est. tempo de leitura":"2 minutos"},"schema":{"@context":"https:\/\/schema.org","@graph":[{"@type":"Article","@id":"https:\/\/msconectado.com.br\/?p=20738#article","isPartOf":{"@id":"https:\/\/msconectado.com.br\/?p=20738"},"author":{"name":"MsConectado","@id":"https:\/\/msconectado.com.br\/#\/schema\/person\/e5585545b5687092f1041d350b6e2c16"},"headline":"Do Altar para o Cora\u00e7\u00e3o da Cidade: Rio Brilhante Recebe Oficialmente sua Primeira Dama","datePublished":"2023-12-18T20:23:11+00:00","dateModified":"2023-12-18T20:31:32+00:00","mainEntityOfPage":{"@id":"https:\/\/msconectado.com.br\/?p=20738"},"wordCount":349,"commentCount":0,"publisher":{"@id":"https:\/\/msconectado.com.br\/#organization"},"image":{"@id":"https:\/\/msconectado.com.br\/?p=20738#primaryimage"},"thumbnailUrl":"https:\/\/msconectado.com.br\/wp-content\/uploads\/2023\/12\/2.jpg","articleSection":["Cidades","Not\u00edcia"],"inLanguage":"pt-BR","potentialAction":[{"@type":"CommentAction","name":"Comment","target":["https:\/\/msconectado.com.br\/?p=20738#respond"]}]},{"@type":"WebPage","@id":"https:\/\/msconectado.com.br\/?p=20738","url":"https:\/\/msconectado.com.br\/?p=20738","name":"Do Altar para o Cora\u00e7\u00e3o da Cidade: Rio Brilhante Recebe Oficialmente sua Primeira Dama - MsConectado","isPartOf":{"@id":"https:\/\/msconectado.com.br\/#website"},"primaryImageOfPage":{"@id":"https:\/\/msconectado.com.br\/?p=20738#primaryimage"},"image":{"@id":"https:\/\/msconectado.com.br\/?p=20738#primaryimage"},"thumbnailUrl":"https:\/\/msconectado.com.br\/wp-content\/uploads\/2023\/12\/2.jpg","datePublished":"2023-12-18T20:23:11+00:00","dateModified":"2023-12-18T20:31:32+00:00","breadcrumb":{"@id":"https:\/\/msconectado.com.br\/?p=20738#breadcrumb"},"inLanguage":"pt-BR","potentialAction":[{"@type":"ReadAction","target":["https:\/\/msconectado.com.br\/?p=20738"]}]},{"@type":"ImageObject","inLanguage":"pt-BR","@id":"https:\/\/msconectado.com.br\/?p=20738#primaryimage","url":"https:\/\/msconectado.com.br\/wp-content\/uploads\/2023\/12\/2.jpg","contentUrl":"https:\/\/msconectado.com.br\/wp-content\/uploads\/2023\/12\/2.jpg","width":1600,"height":1104},{"@type":"BreadcrumbList","@id":"https:\/\/msconectado.com.br\/?p=20738#breadcrumb","itemListElement":[{"@type":"ListItem","position":1,"name":"In\u00edcio","item":"https:\/\/msconectado.com.br\/?page_id=105"},{"@type":"ListItem","position":2,"name":"Do Altar para o Cora\u00e7\u00e3o da Cidade: Rio Brilhante Recebe Oficialmente sua Primeira Dama"}]},{"@type":"WebSite","@id":"https:\/\/msconectado.com.br\/#website","url":"https:\/\/msconectado.com.br\/","name":"MsConectado","description":"Voc\u00ea Conectado com a Not\u00edcia!","publisher":{"@id":"https:\/\/msconectado.com.br\/#organization"},"potentialAction":[{"@type":"SearchAction","target":{"@type":"EntryPoint","urlTemplate":"https:\/\/msconectado.com.br\/?s={search_term_string}"},"query-input":{"@type":"PropertyValueSpecification","valueRequired":true,"valueName":"search_term_string"}}],"inLanguage":"pt-BR"},{"@type":"Organization","@id":"https:\/\/msconectado.com.br\/#organization","name":"MsConectado","url":"https:\/\/msconectado.com.br\/","logo":{"@type":"ImageObject","inLanguage":"pt-BR","@id":"https:\/\/msconectado.com.br\/#\/schema\/logo\/image\/","url":"https:\/\/msconectado.com.br\/wp-content\/uploads\/2023\/01\/cropped-noticia-2.png","contentUrl":"https:\/\/msconectado.com.br\/wp-content\/uploads\/2023\/01\/cropped-noticia-2.png","width":720,"height":157,"caption":"MsConectado"},"image":{"@id":"https:\/\/msconectado.com.br\/#\/schema\/logo\/image\/"}},{"@type":"Person","@id":"https:\/\/msconectado.com.br\/#\/schema\/person\/e5585545b5687092f1041d350b6e2c16","name":"MsConectado","image":{"@type":"ImageObject","inLanguage":"pt-BR","@id":"https:\/\/secure.gravatar.com\/avatar\/3b4f84a0a8a4380ac4431fa79981d073692380c5da00ae97596e794ab0db5c8c?s=96&d=mm&r=g","url":"https:\/\/secure.gravatar.com\/avatar\/3b4f84a0a8a4380ac4431fa79981d073692380c5da00ae97596e794ab0db5c8c?s=96&d=mm&r=g","contentUrl":"https:\/\/secure.gravatar.com\/avatar\/3b4f84a0a8a4380ac4431fa79981d073692380c5da00ae97596e794ab0db5c8c?s=96&d=mm&r=g","caption":"MsConectado"},"url":"https:\/\/msconectado.com.br\/?author=2"}]}},"_links":{"self":[{"href":"https:\/\/msconectado.com.br\/index.php?rest_route=\/wp\/v2\/posts\/20738","targetHints":{"allow":["GET"]}}],"collection":[{"href":"https:\/\/msconectado.com.br\/index.php?rest_route=\/wp\/v2\/posts"}],"about":[{"href":"https:\/\/msconectado.com.br\/index.php?rest_route=\/wp\/v2\/types\/post"}],"author":[{"embeddable":true,"href":"https:\/\/msconectado.com.br\/index.php?rest_route=\/wp\/v2\/users\/2"}],"replies":[{"embeddable":true,"href":"https:\/\/msconectado.com.br\/index.php?rest_route=%2Fwp%2Fv2%2Fcomments&post=20738"}],"version-history":[{"count":1,"href":"https:\/\/msconectado.com.br\/index.php?rest_route=\/wp\/v2\/posts\/20738\/revisions"}],"predecessor-version":[{"id":20740,"href":"https:\/\/msconectado.com.br\/index.php?rest_route=\/wp\/v2\/posts\/20738\/revisions\/20740"}],"wp:featuredmedia":[{"embeddable":true,"href":"https:\/\/msconectado.com.br\/index.php?rest_route=\/wp\/v2\/media\/20741"}],"wp:attachment":[{"href":"https:\/\/msconectado.com.br\/index.php?rest_route=%2Fwp%2Fv2%2Fmedia&parent=20738"}],"wp:term":[{"taxonomy":"category","embeddable":true,"href":"https:\/\/msconectado.com.br\/index.php?rest_route=%2Fwp%2Fv2%2Fcategories&post=20738"},{"taxonomy":"post_tag","embeddable":true,"href":"https:\/\/msconectado.com.br\/index.php?rest_route=%2Fwp%2Fv2%2Ftags&post=20738"}],"curies":[{"name":"wp","href":"https:\/\/api.w.org\/{rel}","templated":true}]}}