{"id":20749,"date":"2023-12-19T11:40:04","date_gmt":"2023-12-19T11:40:04","guid":{"rendered":"https:\/\/msconectado.com.br\/?p=20749"},"modified":"2023-12-19T11:40:06","modified_gmt":"2023-12-19T11:40:06","slug":"maracaju-em-desenvolvimento-camara-devolve-25-milhoes-ao-executivo-para-projetos-estrategicos","status":"publish","type":"post","link":"https:\/\/msconectado.com.br\/?p=20749","title":{"rendered":"Maracaju em Desenvolvimento: C\u00e2mara Devolve 2,5 Milh\u00f5es ao Executivo para Projetos Estrat\u00e9gicos"},"content":{"rendered":"\n<p>\u00a0Na sess\u00e3o extraordin\u00e1ria realizada hoje (18) a C\u00e2mara de Vereadores de Maracaju realizou a devolu\u00e7\u00e3o do duod\u00e9cimo no valor de 2 milh\u00f5es e meio de reais ao Executivo Municipal. Esta verba ser\u00e1 destinada a constru\u00e7\u00e3o de uma de creche, aquisi\u00e7\u00e3o de um \u00f4nibus e uma ambul\u00e2ncia. Isso demonstra a transpar\u00eancia aos gastos realizados e aquisi\u00e7\u00f5es. Com a devolu\u00e7\u00e3o do duod\u00e9cimo ao Executivo este n\u00e3o foi diferente, at\u00e9 o momento os valores repassados durante b a gest\u00e3o do Presidente Robert Ziemann ultrapassam \u00a012 milh\u00f5es de reais. \u00a0Todas as realiza\u00e7\u00f5es se devem a parceria dos 13 vereadores, com o Executivo.\u00a0<br>O valor foi entregue ao Prefeito Marcos Calderan que agradeceu ao apoio e parceria da C\u00e2mara Municipal nas a\u00e7\u00f5es que alavancam o crescimento do munic\u00edpio. \u201cSempre tivemos uma \u00f3tima parceria com os vereadores, essa harmonia \u00e9 fundamental e resultam em bons frutos para comunidade.\u2019\u2019 Finalizou.<br>A administra\u00e7\u00e3o do Presidente Robert Ziemann segue para 2024 com os 5 Pilares de sua gest\u00e3o: Inova\u00e7\u00e3o, Parceria, Acessibilidade, Transpar\u00eancia e Comunica\u00e7\u00e3o Ativa.<\/p>\n\n\n\n<p>Assessoria<\/p>\n","protected":false},"excerpt":{"rendered":"<p>\u00a0Na sess\u00e3o extraordin\u00e1ria realizada hoje (18) a C\u00e2mara de Vereadores de Maracaju realizou a devolu\u00e7\u00e3o do duod\u00e9cimo no valor de 2 milh\u00f5es e meio de reais ao Executivo Municipal. Esta verba ser\u00e1 destinada a constru\u00e7\u00e3o de uma de creche, aquisi\u00e7\u00e3o de um \u00f4nibus e uma ambul\u00e2ncia. Isso demonstra a transpar\u00eancia aos gastos realizados e aquisi\u00e7\u00f5es. [&hellip;]<\/p>\n","protected":false},"author":3,"featured_media":20750,"comment_status":"open","ping_status":"closed","sticky":false,"template":"","format":"standard","meta":{"footnotes":""},"categories":[35,1,33],"tags":[],"class_list":["post-20749","post","type-post","status-publish","format-standard","has-post-thumbnail","hentry","category-cidades","category-noticia","category-politica"],"yoast_head":"<!-- This site is optimized with the Yoast SEO plugin v27.5 - https:\/\/yoast.com\/product\/yoast-seo-wordpress\/ -->\n<title>Maracaju em Desenvolvimento: C\u00e2mara Devolve 2,5 Milh\u00f5es ao Executivo para Projetos Estrat\u00e9gicos - MsConectado<\/title>\n<meta name=\"robots\" content=\"index, follow, max-snippet:-1, max-image-preview:large, max-video-preview:-1\" \/>\n<link rel=\"canonical\" href=\"https:\/\/msconectado.com.br\/?p=20749\" \/>\n<meta property=\"og:locale\" content=\"pt_BR\" \/>\n<meta property=\"og:type\" content=\"article\" \/>\n<meta property=\"og:title\" content=\"Maracaju em Desenvolvimento: C\u00e2mara Devolve 2,5 Milh\u00f5es ao Executivo para Projetos Estrat\u00e9gicos - MsConectado\" \/>\n<meta property=\"og:description\" content=\"\u00a0Na sess\u00e3o extraordin\u00e1ria realizada hoje (18) a C\u00e2mara de Vereadores de Maracaju realizou a devolu\u00e7\u00e3o do duod\u00e9cimo no valor de 2 milh\u00f5es e meio de reais ao Executivo Municipal. Esta verba ser\u00e1 destinada a constru\u00e7\u00e3o de uma de creche, aquisi\u00e7\u00e3o de um \u00f4nibus e uma ambul\u00e2ncia. Isso demonstra a transpar\u00eancia aos gastos realizados e aquisi\u00e7\u00f5es. [&hellip;]\" \/>\n<meta property=\"og:url\" content=\"https:\/\/msconectado.com.br\/?p=20749\" \/>\n<meta property=\"og:site_name\" content=\"MsConectado\" \/>\n<meta property=\"article:published_time\" content=\"2023-12-19T11:40:04+00:00\" \/>\n<meta property=\"article:modified_time\" content=\"2023-12-19T11:40:06+00:00\" \/>\n<meta property=\"og:image\" content=\"https:\/\/msconectado.com.br\/wp-content\/uploads\/2023\/12\/0ab71348-0e68-467f-87a3-d7cedc3644ce-1.jpg\" \/>\n\t<meta property=\"og:image:width\" content=\"1600\" \/>\n\t<meta property=\"og:image:height\" content=\"1066\" \/>\n\t<meta property=\"og:image:type\" content=\"image\/jpeg\" \/>\n<meta name=\"author\" content=\"Jeferson\" \/>\n<meta name=\"twitter:card\" content=\"summary_large_image\" \/>\n<meta name=\"twitter:label1\" content=\"Escrito por\" \/>\n\t<meta name=\"twitter:data1\" content=\"Jeferson\" \/>\n\t<meta name=\"twitter:label2\" content=\"Est. tempo de leitura\" \/>\n\t<meta name=\"twitter:data2\" content=\"1 minuto\" \/>\n<script type=\"application\/ld+json\" class=\"yoast-schema-graph\">{\"@context\":\"https:\\\/\\\/schema.org\",\"@graph\":[{\"@type\":\"Article\",\"@id\":\"https:\\\/\\\/msconectado.com.br\\\/?p=20749#article\",\"isPartOf\":{\"@id\":\"https:\\\/\\\/msconectado.com.br\\\/?p=20749\"},\"author\":{\"name\":\"Jeferson\",\"@id\":\"https:\\\/\\\/msconectado.com.br\\\/#\\\/schema\\\/person\\\/feb123a95a93eebea36f0ed6a2e5ba48\"},\"headline\":\"Maracaju em Desenvolvimento: C\u00e2mara Devolve 2,5 Milh\u00f5es ao Executivo para Projetos Estrat\u00e9gicos\",\"datePublished\":\"2023-12-19T11:40:04+00:00\",\"dateModified\":\"2023-12-19T11:40:06+00:00\",\"mainEntityOfPage\":{\"@id\":\"https:\\\/\\\/msconectado.com.br\\\/?p=20749\"},\"wordCount\":199,\"commentCount\":0,\"publisher\":{\"@id\":\"https:\\\/\\\/msconectado.com.br\\\/#organization\"},\"image\":{\"@id\":\"https:\\\/\\\/msconectado.com.br\\\/?p=20749#primaryimage\"},\"thumbnailUrl\":\"https:\\\/\\\/msconectado.com.br\\\/wp-content\\\/uploads\\\/2023\\\/12\\\/0ab71348-0e68-467f-87a3-d7cedc3644ce-1.jpg\",\"articleSection\":[\"Cidades\",\"Not\u00edcia\",\"Pol\u00edtica\"],\"inLanguage\":\"pt-BR\",\"potentialAction\":[{\"@type\":\"CommentAction\",\"name\":\"Comment\",\"target\":[\"https:\\\/\\\/msconectado.com.br\\\/?p=20749#respond\"]}]},{\"@type\":\"WebPage\",\"@id\":\"https:\\\/\\\/msconectado.com.br\\\/?p=20749\",\"url\":\"https:\\\/\\\/msconectado.com.br\\\/?p=20749\",\"name\":\"Maracaju em Desenvolvimento: C\u00e2mara Devolve 2,5 Milh\u00f5es ao Executivo para Projetos Estrat\u00e9gicos - MsConectado\",\"isPartOf\":{\"@id\":\"https:\\\/\\\/msconectado.com.br\\\/#website\"},\"primaryImageOfPage\":{\"@id\":\"https:\\\/\\\/msconectado.com.br\\\/?p=20749#primaryimage\"},\"image\":{\"@id\":\"https:\\\/\\\/msconectado.com.br\\\/?p=20749#primaryimage\"},\"thumbnailUrl\":\"https:\\\/\\\/msconectado.com.br\\\/wp-content\\\/uploads\\\/2023\\\/12\\\/0ab71348-0e68-467f-87a3-d7cedc3644ce-1.jpg\",\"datePublished\":\"2023-12-19T11:40:04+00:00\",\"dateModified\":\"2023-12-19T11:40:06+00:00\",\"breadcrumb\":{\"@id\":\"https:\\\/\\\/msconectado.com.br\\\/?p=20749#breadcrumb\"},\"inLanguage\":\"pt-BR\",\"potentialAction\":[{\"@type\":\"ReadAction\",\"target\":[\"https:\\\/\\\/msconectado.com.br\\\/?p=20749\"]}]},{\"@type\":\"ImageObject\",\"inLanguage\":\"pt-BR\",\"@id\":\"https:\\\/\\\/msconectado.com.br\\\/?p=20749#primaryimage\",\"url\":\"https:\\\/\\\/msconectado.com.br\\\/wp-content\\\/uploads\\\/2023\\\/12\\\/0ab71348-0e68-467f-87a3-d7cedc3644ce-1.jpg\",\"contentUrl\":\"https:\\\/\\\/msconectado.com.br\\\/wp-content\\\/uploads\\\/2023\\\/12\\\/0ab71348-0e68-467f-87a3-d7cedc3644ce-1.jpg\",\"width\":1600,\"height\":1066},{\"@type\":\"BreadcrumbList\",\"@id\":\"https:\\\/\\\/msconectado.com.br\\\/?p=20749#breadcrumb\",\"itemListElement\":[{\"@type\":\"ListItem\",\"position\":1,\"name\":\"In\u00edcio\",\"item\":\"https:\\\/\\\/msconectado.com.br\\\/?page_id=105\"},{\"@type\":\"ListItem\",\"position\":2,\"name\":\"Maracaju em Desenvolvimento: C\u00e2mara Devolve 2,5 Milh\u00f5es ao Executivo para Projetos Estrat\u00e9gicos\"}]},{\"@type\":\"WebSite\",\"@id\":\"https:\\\/\\\/msconectado.com.br\\\/#website\",\"url\":\"https:\\\/\\\/msconectado.com.br\\\/\",\"name\":\"MsConectado\",\"description\":\"Voc\u00ea Conectado com a Not\u00edcia!\",\"publisher\":{\"@id\":\"https:\\\/\\\/msconectado.com.br\\\/#organization\"},\"potentialAction\":[{\"@type\":\"SearchAction\",\"target\":{\"@type\":\"EntryPoint\",\"urlTemplate\":\"https:\\\/\\\/msconectado.com.br\\\/?s={search_term_string}\"},\"query-input\":{\"@type\":\"PropertyValueSpecification\",\"valueRequired\":true,\"valueName\":\"search_term_string\"}}],\"inLanguage\":\"pt-BR\"},{\"@type\":\"Organization\",\"@id\":\"https:\\\/\\\/msconectado.com.br\\\/#organization\",\"name\":\"MsConectado\",\"url\":\"https:\\\/\\\/msconectado.com.br\\\/\",\"logo\":{\"@type\":\"ImageObject\",\"inLanguage\":\"pt-BR\",\"@id\":\"https:\\\/\\\/msconectado.com.br\\\/#\\\/schema\\\/logo\\\/image\\\/\",\"url\":\"https:\\\/\\\/msconectado.com.br\\\/wp-content\\\/uploads\\\/2023\\\/01\\\/cropped-noticia-2.png\",\"contentUrl\":\"https:\\\/\\\/msconectado.com.br\\\/wp-content\\\/uploads\\\/2023\\\/01\\\/cropped-noticia-2.png\",\"width\":720,\"height\":157,\"caption\":\"MsConectado\"},\"image\":{\"@id\":\"https:\\\/\\\/msconectado.com.br\\\/#\\\/schema\\\/logo\\\/image\\\/\"}},{\"@type\":\"Person\",\"@id\":\"https:\\\/\\\/msconectado.com.br\\\/#\\\/schema\\\/person\\\/feb123a95a93eebea36f0ed6a2e5ba48\",\"name\":\"Jeferson\",\"image\":{\"@type\":\"ImageObject\",\"inLanguage\":\"pt-BR\",\"@id\":\"https:\\\/\\\/secure.gravatar.com\\\/avatar\\\/e23e8901c88f0cdc0ad479ef7a39bf3e4c806344549c087c00b721a65549a328?s=96&d=mm&r=g\",\"url\":\"https:\\\/\\\/secure.gravatar.com\\\/avatar\\\/e23e8901c88f0cdc0ad479ef7a39bf3e4c806344549c087c00b721a65549a328?s=96&d=mm&r=g\",\"contentUrl\":\"https:\\\/\\\/secure.gravatar.com\\\/avatar\\\/e23e8901c88f0cdc0ad479ef7a39bf3e4c806344549c087c00b721a65549a328?s=96&d=mm&r=g\",\"caption\":\"Jeferson\"},\"url\":\"https:\\\/\\\/msconectado.com.br\\\/?author=3\"}]}<\/script>\n<!-- \/ Yoast SEO plugin. -->","yoast_head_json":{"title":"Maracaju em Desenvolvimento: C\u00e2mara Devolve 2,5 Milh\u00f5es ao Executivo para Projetos Estrat\u00e9gicos - MsConectado","robots":{"index":"index","follow":"follow","max-snippet":"max-snippet:-1","max-image-preview":"max-image-preview:large","max-video-preview":"max-video-preview:-1"},"canonical":"https:\/\/msconectado.com.br\/?p=20749","og_locale":"pt_BR","og_type":"article","og_title":"Maracaju em Desenvolvimento: C\u00e2mara Devolve 2,5 Milh\u00f5es ao Executivo para Projetos Estrat\u00e9gicos - MsConectado","og_description":"\u00a0Na sess\u00e3o extraordin\u00e1ria realizada hoje (18) a C\u00e2mara de Vereadores de Maracaju realizou a devolu\u00e7\u00e3o do duod\u00e9cimo no valor de 2 milh\u00f5es e meio de reais ao Executivo Municipal. Esta verba ser\u00e1 destinada a constru\u00e7\u00e3o de uma de creche, aquisi\u00e7\u00e3o de um \u00f4nibus e uma ambul\u00e2ncia. Isso demonstra a transpar\u00eancia aos gastos realizados e aquisi\u00e7\u00f5es. [&hellip;]","og_url":"https:\/\/msconectado.com.br\/?p=20749","og_site_name":"MsConectado","article_published_time":"2023-12-19T11:40:04+00:00","article_modified_time":"2023-12-19T11:40:06+00:00","og_image":[{"width":1600,"height":1066,"url":"https:\/\/msconectado.com.br\/wp-content\/uploads\/2023\/12\/0ab71348-0e68-467f-87a3-d7cedc3644ce-1.jpg","type":"image\/jpeg"}],"author":"Jeferson","twitter_card":"summary_large_image","twitter_misc":{"Escrito por":"Jeferson","Est. tempo de leitura":"1 minuto"},"schema":{"@context":"https:\/\/schema.org","@graph":[{"@type":"Article","@id":"https:\/\/msconectado.com.br\/?p=20749#article","isPartOf":{"@id":"https:\/\/msconectado.com.br\/?p=20749"},"author":{"name":"Jeferson","@id":"https:\/\/msconectado.com.br\/#\/schema\/person\/feb123a95a93eebea36f0ed6a2e5ba48"},"headline":"Maracaju em Desenvolvimento: C\u00e2mara Devolve 2,5 Milh\u00f5es ao Executivo para Projetos Estrat\u00e9gicos","datePublished":"2023-12-19T11:40:04+00:00","dateModified":"2023-12-19T11:40:06+00:00","mainEntityOfPage":{"@id":"https:\/\/msconectado.com.br\/?p=20749"},"wordCount":199,"commentCount":0,"publisher":{"@id":"https:\/\/msconectado.com.br\/#organization"},"image":{"@id":"https:\/\/msconectado.com.br\/?p=20749#primaryimage"},"thumbnailUrl":"https:\/\/msconectado.com.br\/wp-content\/uploads\/2023\/12\/0ab71348-0e68-467f-87a3-d7cedc3644ce-1.jpg","articleSection":["Cidades","Not\u00edcia","Pol\u00edtica"],"inLanguage":"pt-BR","potentialAction":[{"@type":"CommentAction","name":"Comment","target":["https:\/\/msconectado.com.br\/?p=20749#respond"]}]},{"@type":"WebPage","@id":"https:\/\/msconectado.com.br\/?p=20749","url":"https:\/\/msconectado.com.br\/?p=20749","name":"Maracaju em Desenvolvimento: C\u00e2mara Devolve 2,5 Milh\u00f5es ao Executivo para Projetos Estrat\u00e9gicos - MsConectado","isPartOf":{"@id":"https:\/\/msconectado.com.br\/#website"},"primaryImageOfPage":{"@id":"https:\/\/msconectado.com.br\/?p=20749#primaryimage"},"image":{"@id":"https:\/\/msconectado.com.br\/?p=20749#primaryimage"},"thumbnailUrl":"https:\/\/msconectado.com.br\/wp-content\/uploads\/2023\/12\/0ab71348-0e68-467f-87a3-d7cedc3644ce-1.jpg","datePublished":"2023-12-19T11:40:04+00:00","dateModified":"2023-12-19T11:40:06+00:00","breadcrumb":{"@id":"https:\/\/msconectado.com.br\/?p=20749#breadcrumb"},"inLanguage":"pt-BR","potentialAction":[{"@type":"ReadAction","target":["https:\/\/msconectado.com.br\/?p=20749"]}]},{"@type":"ImageObject","inLanguage":"pt-BR","@id":"https:\/\/msconectado.com.br\/?p=20749#primaryimage","url":"https:\/\/msconectado.com.br\/wp-content\/uploads\/2023\/12\/0ab71348-0e68-467f-87a3-d7cedc3644ce-1.jpg","contentUrl":"https:\/\/msconectado.com.br\/wp-content\/uploads\/2023\/12\/0ab71348-0e68-467f-87a3-d7cedc3644ce-1.jpg","width":1600,"height":1066},{"@type":"BreadcrumbList","@id":"https:\/\/msconectado.com.br\/?p=20749#breadcrumb","itemListElement":[{"@type":"ListItem","position":1,"name":"In\u00edcio","item":"https:\/\/msconectado.com.br\/?page_id=105"},{"@type":"ListItem","position":2,"name":"Maracaju em Desenvolvimento: C\u00e2mara Devolve 2,5 Milh\u00f5es ao Executivo para Projetos Estrat\u00e9gicos"}]},{"@type":"WebSite","@id":"https:\/\/msconectado.com.br\/#website","url":"https:\/\/msconectado.com.br\/","name":"MsConectado","description":"Voc\u00ea Conectado com a Not\u00edcia!","publisher":{"@id":"https:\/\/msconectado.com.br\/#organization"},"potentialAction":[{"@type":"SearchAction","target":{"@type":"EntryPoint","urlTemplate":"https:\/\/msconectado.com.br\/?s={search_term_string}"},"query-input":{"@type":"PropertyValueSpecification","valueRequired":true,"valueName":"search_term_string"}}],"inLanguage":"pt-BR"},{"@type":"Organization","@id":"https:\/\/msconectado.com.br\/#organization","name":"MsConectado","url":"https:\/\/msconectado.com.br\/","logo":{"@type":"ImageObject","inLanguage":"pt-BR","@id":"https:\/\/msconectado.com.br\/#\/schema\/logo\/image\/","url":"https:\/\/msconectado.com.br\/wp-content\/uploads\/2023\/01\/cropped-noticia-2.png","contentUrl":"https:\/\/msconectado.com.br\/wp-content\/uploads\/2023\/01\/cropped-noticia-2.png","width":720,"height":157,"caption":"MsConectado"},"image":{"@id":"https:\/\/msconectado.com.br\/#\/schema\/logo\/image\/"}},{"@type":"Person","@id":"https:\/\/msconectado.com.br\/#\/schema\/person\/feb123a95a93eebea36f0ed6a2e5ba48","name":"Jeferson","image":{"@type":"ImageObject","inLanguage":"pt-BR","@id":"https:\/\/secure.gravatar.com\/avatar\/e23e8901c88f0cdc0ad479ef7a39bf3e4c806344549c087c00b721a65549a328?s=96&d=mm&r=g","url":"https:\/\/secure.gravatar.com\/avatar\/e23e8901c88f0cdc0ad479ef7a39bf3e4c806344549c087c00b721a65549a328?s=96&d=mm&r=g","contentUrl":"https:\/\/secure.gravatar.com\/avatar\/e23e8901c88f0cdc0ad479ef7a39bf3e4c806344549c087c00b721a65549a328?s=96&d=mm&r=g","caption":"Jeferson"},"url":"https:\/\/msconectado.com.br\/?author=3"}]}},"_links":{"self":[{"href":"https:\/\/msconectado.com.br\/index.php?rest_route=\/wp\/v2\/posts\/20749","targetHints":{"allow":["GET"]}}],"collection":[{"href":"https:\/\/msconectado.com.br\/index.php?rest_route=\/wp\/v2\/posts"}],"about":[{"href":"https:\/\/msconectado.com.br\/index.php?rest_route=\/wp\/v2\/types\/post"}],"author":[{"embeddable":true,"href":"https:\/\/msconectado.com.br\/index.php?rest_route=\/wp\/v2\/users\/3"}],"replies":[{"embeddable":true,"href":"https:\/\/msconectado.com.br\/index.php?rest_route=%2Fwp%2Fv2%2Fcomments&post=20749"}],"version-history":[{"count":1,"href":"https:\/\/msconectado.com.br\/index.php?rest_route=\/wp\/v2\/posts\/20749\/revisions"}],"predecessor-version":[{"id":20751,"href":"https:\/\/msconectado.com.br\/index.php?rest_route=\/wp\/v2\/posts\/20749\/revisions\/20751"}],"wp:featuredmedia":[{"embeddable":true,"href":"https:\/\/msconectado.com.br\/index.php?rest_route=\/wp\/v2\/media\/20750"}],"wp:attachment":[{"href":"https:\/\/msconectado.com.br\/index.php?rest_route=%2Fwp%2Fv2%2Fmedia&parent=20749"}],"wp:term":[{"taxonomy":"category","embeddable":true,"href":"https:\/\/msconectado.com.br\/index.php?rest_route=%2Fwp%2Fv2%2Fcategories&post=20749"},{"taxonomy":"post_tag","embeddable":true,"href":"https:\/\/msconectado.com.br\/index.php?rest_route=%2Fwp%2Fv2%2Ftags&post=20749"}],"curies":[{"name":"wp","href":"https:\/\/api.w.org\/{rel}","templated":true}]}}