{"id":20753,"date":"2023-12-22T13:29:43","date_gmt":"2023-12-22T13:29:43","guid":{"rendered":"https:\/\/msconectado.com.br\/?p=20753"},"modified":"2023-12-22T13:29:45","modified_gmt":"2023-12-22T13:29:45","slug":"abm-realiza-confraternizacao-para-colaboradores-e-familiares-e-apresenta-numeros-expressivos-de-atuacao-na-comunidade","status":"publish","type":"post","link":"https:\/\/msconectado.com.br\/?p=20753","title":{"rendered":"ABM realiza confraterniza\u00e7\u00e3o para colaboradores e familiares e apresenta n\u00fameros expressivos de atua\u00e7\u00e3o na comunidade"},"content":{"rendered":"\n<p>Nos dias 19 e 20 de dezembro, a Associa\u00e7\u00e3o Beneficente de Maracaju promoveu uma confraterniza\u00e7\u00e3o de fim de ano para os colaboradores e familiares da institui\u00e7\u00e3o, totalizando 535 pessoas nos dois dias.<\/p>\n\n\n\n<p>Durante o primeiro, foram conhecidos os funcion\u00e1rios que conquistaram a melhor pontua\u00e7\u00e3o no Pr\u00eamio Destaque ABM, sendo que ganhou o terceiro lugar a coordenadora de Recursos Humanos da ABM, Simone Vargas Garcia; em segundo lugar, o assistente administrativo, Anderson Camargo de Lima e em primeiro lugar, o enfermeiro, Carlos Alberto Benites, que atua h\u00e1 mais de 15 anos na institui\u00e7\u00e3o.<\/p>\n\n\n\n<p>Para a presidente da ABM, Teliane Alves Binognin, a premia\u00e7\u00e3o quer proporcionar conhecimento e interesse na capacita\u00e7\u00e3o por parte dos profissionais. \u201c\u00c9 uma iniciativa que nos d\u00e1 muito orgulho e que mostra a vontade de crescer, de aprender e de gerar um atendimento cada vez melhor\u201d.<\/p>\n\n\n\n<p>A proposta de realizar a confraterniza\u00e7\u00e3o em dois dias teve como objetivo permitir que os colaboradores pudesses festejar e, ao mesmo tempo, n\u00e3o impactar o atendimento da unidade hospitalar, mantendo os plantonistas em dias alternados.<\/p>\n\n\n\n<p>No segundo dia do evento, o secret\u00e1rio Municipal de Sa\u00fade, Thiago Caminha, refor\u00e7ou a import\u00e2ncia dos servi\u00e7os prestados pela ABM. \u201cVoc\u00eas s\u00e3o refer\u00eancia para todo o Estado. Dados comprovam a import\u00e2ncia de unidade como a ABM para a sa\u00fade p\u00fablica, tanto que quase 60% de atendimentos no SUS s\u00e3o realizadas por hospitais filantr\u00f3picos\u201d.<\/p>\n\n\n\n<p>O prefeito Municipal, Marcos Calderan, esteve no primeiro dia de evento e falou da for\u00e7a da institui\u00e7\u00e3o. \u201cO nosso hospital \u00e9 motivo de muito orgulho para a nossa cidade, uma refer\u00eancia de bom e humanizado atendimento e de um trabalho executado com amor, parabenizo todos os envolvidos no trabalho di\u00e1rio em prol da sa\u00fade dos maracajuenses\u201d.<\/p>\n\n\n\n<p>O presidente da C\u00e2mara, vereador Roberto Zimmerman, que entregou uma mo\u00e7\u00e3o de agradecimento ao hospital, tamb\u00e9m falou da import\u00e2ncia do curso de Libras que foi promovido para os colaboradores. \u201cEsta iniciativa proporciona acessibilidade e mostra que o nosso hospital \u00e9 para todos que precisam\u201d.<\/p>\n\n\n\n<p>Os n\u00fameros de atendimentos do Hospital, entre janeiro e novembro, foram destacados no evento: 45.177 atendimentos no pronto atendimento; 4.203 interna\u00e7\u00f5es; 1.774 procedimentos cir\u00fargicos; 663 partos; 97.221 exames laboratoriais; 17.996 exames radiol\u00f3gicos; 120.556 refei\u00e7\u00f5es servidas e 62.771 quilos de roupas lavadas.<\/p>\n\n\n\n<p>A noite foi marcada, tamb\u00e9m, pela emo\u00e7\u00e3o do Coral da ABM que cantou m\u00fasicas de inspira\u00e7\u00e3o e otimismo, durante os dois de dias de festa. Al\u00e9m das autoridades citadas, estiveram presentes, os vereadores Os\u00e9ias Enfermeiro, Jo\u00e3o Rocha, a secret\u00e1ria de Assist\u00eancia Social, Leiza Karen Barbosa, o secret\u00e1rio de Esporte, Erlei Pires e o secret\u00e1rio de Cultura, Rafael Jara.<\/p>\n\n\n\n<p>Assessoria<\/p>\n","protected":false},"excerpt":{"rendered":"<p>Nos dias 19 e 20 de dezembro, a Associa\u00e7\u00e3o Beneficente de Maracaju promoveu uma confraterniza\u00e7\u00e3o de fim de ano para os colaboradores e familiares da institui\u00e7\u00e3o, totalizando 535 pessoas nos dois dias. Durante o primeiro, foram conhecidos os funcion\u00e1rios que conquistaram a melhor pontua\u00e7\u00e3o no Pr\u00eamio Destaque ABM, sendo que ganhou o terceiro lugar a [&hellip;]<\/p>\n","protected":false},"author":2,"featured_media":20754,"comment_status":"open","ping_status":"closed","sticky":false,"template":"","format":"standard","meta":{"footnotes":""},"categories":[35,1],"tags":[],"class_list":["post-20753","post","type-post","status-publish","format-standard","has-post-thumbnail","hentry","category-cidades","category-noticia"],"yoast_head":"<!-- This site is optimized with the Yoast SEO plugin v27.5 - https:\/\/yoast.com\/product\/yoast-seo-wordpress\/ -->\n<title>ABM realiza confraterniza\u00e7\u00e3o para colaboradores e familiares e apresenta n\u00fameros expressivos de atua\u00e7\u00e3o na comunidade - MsConectado<\/title>\n<meta name=\"robots\" content=\"index, follow, max-snippet:-1, max-image-preview:large, max-video-preview:-1\" \/>\n<link rel=\"canonical\" href=\"https:\/\/msconectado.com.br\/?p=20753\" \/>\n<meta property=\"og:locale\" content=\"pt_BR\" \/>\n<meta property=\"og:type\" content=\"article\" \/>\n<meta property=\"og:title\" content=\"ABM realiza confraterniza\u00e7\u00e3o para colaboradores e familiares e apresenta n\u00fameros expressivos de atua\u00e7\u00e3o na comunidade - MsConectado\" \/>\n<meta property=\"og:description\" content=\"Nos dias 19 e 20 de dezembro, a Associa\u00e7\u00e3o Beneficente de Maracaju promoveu uma confraterniza\u00e7\u00e3o de fim de ano para os colaboradores e familiares da institui\u00e7\u00e3o, totalizando 535 pessoas nos dois dias. Durante o primeiro, foram conhecidos os funcion\u00e1rios que conquistaram a melhor pontua\u00e7\u00e3o no Pr\u00eamio Destaque ABM, sendo que ganhou o terceiro lugar a [&hellip;]\" \/>\n<meta property=\"og:url\" content=\"https:\/\/msconectado.com.br\/?p=20753\" \/>\n<meta property=\"og:site_name\" content=\"MsConectado\" \/>\n<meta property=\"article:published_time\" content=\"2023-12-22T13:29:43+00:00\" \/>\n<meta property=\"article:modified_time\" content=\"2023-12-22T13:29:45+00:00\" \/>\n<meta property=\"og:image\" content=\"https:\/\/msconectado.com.br\/wp-content\/uploads\/2023\/12\/2-1.jpg\" \/>\n\t<meta property=\"og:image:width\" content=\"1600\" \/>\n\t<meta property=\"og:image:height\" content=\"1066\" \/>\n\t<meta property=\"og:image:type\" content=\"image\/jpeg\" \/>\n<meta name=\"author\" content=\"MsConectado\" \/>\n<meta name=\"twitter:card\" content=\"summary_large_image\" \/>\n<meta name=\"twitter:label1\" content=\"Escrito por\" \/>\n\t<meta name=\"twitter:data1\" content=\"MsConectado\" \/>\n\t<meta name=\"twitter:label2\" content=\"Est. tempo de leitura\" \/>\n\t<meta name=\"twitter:data2\" content=\"2 minutos\" \/>\n<script type=\"application\/ld+json\" class=\"yoast-schema-graph\">{\"@context\":\"https:\\\/\\\/schema.org\",\"@graph\":[{\"@type\":\"Article\",\"@id\":\"https:\\\/\\\/msconectado.com.br\\\/?p=20753#article\",\"isPartOf\":{\"@id\":\"https:\\\/\\\/msconectado.com.br\\\/?p=20753\"},\"author\":{\"name\":\"MsConectado\",\"@id\":\"https:\\\/\\\/msconectado.com.br\\\/#\\\/schema\\\/person\\\/e5585545b5687092f1041d350b6e2c16\"},\"headline\":\"ABM realiza confraterniza\u00e7\u00e3o para colaboradores e familiares e apresenta n\u00fameros expressivos de atua\u00e7\u00e3o na comunidade\",\"datePublished\":\"2023-12-22T13:29:43+00:00\",\"dateModified\":\"2023-12-22T13:29:45+00:00\",\"mainEntityOfPage\":{\"@id\":\"https:\\\/\\\/msconectado.com.br\\\/?p=20753\"},\"wordCount\":477,\"commentCount\":0,\"publisher\":{\"@id\":\"https:\\\/\\\/msconectado.com.br\\\/#organization\"},\"image\":{\"@id\":\"https:\\\/\\\/msconectado.com.br\\\/?p=20753#primaryimage\"},\"thumbnailUrl\":\"https:\\\/\\\/msconectado.com.br\\\/wp-content\\\/uploads\\\/2023\\\/12\\\/2-1.jpg\",\"articleSection\":[\"Cidades\",\"Not\u00edcia\"],\"inLanguage\":\"pt-BR\",\"potentialAction\":[{\"@type\":\"CommentAction\",\"name\":\"Comment\",\"target\":[\"https:\\\/\\\/msconectado.com.br\\\/?p=20753#respond\"]}]},{\"@type\":\"WebPage\",\"@id\":\"https:\\\/\\\/msconectado.com.br\\\/?p=20753\",\"url\":\"https:\\\/\\\/msconectado.com.br\\\/?p=20753\",\"name\":\"ABM realiza confraterniza\u00e7\u00e3o para colaboradores e familiares e apresenta n\u00fameros expressivos de atua\u00e7\u00e3o na comunidade - MsConectado\",\"isPartOf\":{\"@id\":\"https:\\\/\\\/msconectado.com.br\\\/#website\"},\"primaryImageOfPage\":{\"@id\":\"https:\\\/\\\/msconectado.com.br\\\/?p=20753#primaryimage\"},\"image\":{\"@id\":\"https:\\\/\\\/msconectado.com.br\\\/?p=20753#primaryimage\"},\"thumbnailUrl\":\"https:\\\/\\\/msconectado.com.br\\\/wp-content\\\/uploads\\\/2023\\\/12\\\/2-1.jpg\",\"datePublished\":\"2023-12-22T13:29:43+00:00\",\"dateModified\":\"2023-12-22T13:29:45+00:00\",\"breadcrumb\":{\"@id\":\"https:\\\/\\\/msconectado.com.br\\\/?p=20753#breadcrumb\"},\"inLanguage\":\"pt-BR\",\"potentialAction\":[{\"@type\":\"ReadAction\",\"target\":[\"https:\\\/\\\/msconectado.com.br\\\/?p=20753\"]}]},{\"@type\":\"ImageObject\",\"inLanguage\":\"pt-BR\",\"@id\":\"https:\\\/\\\/msconectado.com.br\\\/?p=20753#primaryimage\",\"url\":\"https:\\\/\\\/msconectado.com.br\\\/wp-content\\\/uploads\\\/2023\\\/12\\\/2-1.jpg\",\"contentUrl\":\"https:\\\/\\\/msconectado.com.br\\\/wp-content\\\/uploads\\\/2023\\\/12\\\/2-1.jpg\",\"width\":1600,\"height\":1066},{\"@type\":\"BreadcrumbList\",\"@id\":\"https:\\\/\\\/msconectado.com.br\\\/?p=20753#breadcrumb\",\"itemListElement\":[{\"@type\":\"ListItem\",\"position\":1,\"name\":\"In\u00edcio\",\"item\":\"https:\\\/\\\/msconectado.com.br\\\/?page_id=105\"},{\"@type\":\"ListItem\",\"position\":2,\"name\":\"ABM realiza confraterniza\u00e7\u00e3o para colaboradores e familiares e apresenta n\u00fameros expressivos de atua\u00e7\u00e3o na comunidade\"}]},{\"@type\":\"WebSite\",\"@id\":\"https:\\\/\\\/msconectado.com.br\\\/#website\",\"url\":\"https:\\\/\\\/msconectado.com.br\\\/\",\"name\":\"MsConectado\",\"description\":\"Voc\u00ea Conectado com a Not\u00edcia!\",\"publisher\":{\"@id\":\"https:\\\/\\\/msconectado.com.br\\\/#organization\"},\"potentialAction\":[{\"@type\":\"SearchAction\",\"target\":{\"@type\":\"EntryPoint\",\"urlTemplate\":\"https:\\\/\\\/msconectado.com.br\\\/?s={search_term_string}\"},\"query-input\":{\"@type\":\"PropertyValueSpecification\",\"valueRequired\":true,\"valueName\":\"search_term_string\"}}],\"inLanguage\":\"pt-BR\"},{\"@type\":\"Organization\",\"@id\":\"https:\\\/\\\/msconectado.com.br\\\/#organization\",\"name\":\"MsConectado\",\"url\":\"https:\\\/\\\/msconectado.com.br\\\/\",\"logo\":{\"@type\":\"ImageObject\",\"inLanguage\":\"pt-BR\",\"@id\":\"https:\\\/\\\/msconectado.com.br\\\/#\\\/schema\\\/logo\\\/image\\\/\",\"url\":\"https:\\\/\\\/msconectado.com.br\\\/wp-content\\\/uploads\\\/2023\\\/01\\\/cropped-noticia-2.png\",\"contentUrl\":\"https:\\\/\\\/msconectado.com.br\\\/wp-content\\\/uploads\\\/2023\\\/01\\\/cropped-noticia-2.png\",\"width\":720,\"height\":157,\"caption\":\"MsConectado\"},\"image\":{\"@id\":\"https:\\\/\\\/msconectado.com.br\\\/#\\\/schema\\\/logo\\\/image\\\/\"}},{\"@type\":\"Person\",\"@id\":\"https:\\\/\\\/msconectado.com.br\\\/#\\\/schema\\\/person\\\/e5585545b5687092f1041d350b6e2c16\",\"name\":\"MsConectado\",\"image\":{\"@type\":\"ImageObject\",\"inLanguage\":\"pt-BR\",\"@id\":\"https:\\\/\\\/secure.gravatar.com\\\/avatar\\\/3b4f84a0a8a4380ac4431fa79981d073692380c5da00ae97596e794ab0db5c8c?s=96&d=mm&r=g\",\"url\":\"https:\\\/\\\/secure.gravatar.com\\\/avatar\\\/3b4f84a0a8a4380ac4431fa79981d073692380c5da00ae97596e794ab0db5c8c?s=96&d=mm&r=g\",\"contentUrl\":\"https:\\\/\\\/secure.gravatar.com\\\/avatar\\\/3b4f84a0a8a4380ac4431fa79981d073692380c5da00ae97596e794ab0db5c8c?s=96&d=mm&r=g\",\"caption\":\"MsConectado\"},\"url\":\"https:\\\/\\\/msconectado.com.br\\\/?author=2\"}]}<\/script>\n<!-- \/ Yoast SEO plugin. -->","yoast_head_json":{"title":"ABM realiza confraterniza\u00e7\u00e3o para colaboradores e familiares e apresenta n\u00fameros expressivos de atua\u00e7\u00e3o na comunidade - MsConectado","robots":{"index":"index","follow":"follow","max-snippet":"max-snippet:-1","max-image-preview":"max-image-preview:large","max-video-preview":"max-video-preview:-1"},"canonical":"https:\/\/msconectado.com.br\/?p=20753","og_locale":"pt_BR","og_type":"article","og_title":"ABM realiza confraterniza\u00e7\u00e3o para colaboradores e familiares e apresenta n\u00fameros expressivos de atua\u00e7\u00e3o na comunidade - MsConectado","og_description":"Nos dias 19 e 20 de dezembro, a Associa\u00e7\u00e3o Beneficente de Maracaju promoveu uma confraterniza\u00e7\u00e3o de fim de ano para os colaboradores e familiares da institui\u00e7\u00e3o, totalizando 535 pessoas nos dois dias. Durante o primeiro, foram conhecidos os funcion\u00e1rios que conquistaram a melhor pontua\u00e7\u00e3o no Pr\u00eamio Destaque ABM, sendo que ganhou o terceiro lugar a [&hellip;]","og_url":"https:\/\/msconectado.com.br\/?p=20753","og_site_name":"MsConectado","article_published_time":"2023-12-22T13:29:43+00:00","article_modified_time":"2023-12-22T13:29:45+00:00","og_image":[{"width":1600,"height":1066,"url":"https:\/\/msconectado.com.br\/wp-content\/uploads\/2023\/12\/2-1.jpg","type":"image\/jpeg"}],"author":"MsConectado","twitter_card":"summary_large_image","twitter_misc":{"Escrito por":"MsConectado","Est. tempo de leitura":"2 minutos"},"schema":{"@context":"https:\/\/schema.org","@graph":[{"@type":"Article","@id":"https:\/\/msconectado.com.br\/?p=20753#article","isPartOf":{"@id":"https:\/\/msconectado.com.br\/?p=20753"},"author":{"name":"MsConectado","@id":"https:\/\/msconectado.com.br\/#\/schema\/person\/e5585545b5687092f1041d350b6e2c16"},"headline":"ABM realiza confraterniza\u00e7\u00e3o para colaboradores e familiares e apresenta n\u00fameros expressivos de atua\u00e7\u00e3o na comunidade","datePublished":"2023-12-22T13:29:43+00:00","dateModified":"2023-12-22T13:29:45+00:00","mainEntityOfPage":{"@id":"https:\/\/msconectado.com.br\/?p=20753"},"wordCount":477,"commentCount":0,"publisher":{"@id":"https:\/\/msconectado.com.br\/#organization"},"image":{"@id":"https:\/\/msconectado.com.br\/?p=20753#primaryimage"},"thumbnailUrl":"https:\/\/msconectado.com.br\/wp-content\/uploads\/2023\/12\/2-1.jpg","articleSection":["Cidades","Not\u00edcia"],"inLanguage":"pt-BR","potentialAction":[{"@type":"CommentAction","name":"Comment","target":["https:\/\/msconectado.com.br\/?p=20753#respond"]}]},{"@type":"WebPage","@id":"https:\/\/msconectado.com.br\/?p=20753","url":"https:\/\/msconectado.com.br\/?p=20753","name":"ABM realiza confraterniza\u00e7\u00e3o para colaboradores e familiares e apresenta n\u00fameros expressivos de atua\u00e7\u00e3o na comunidade - MsConectado","isPartOf":{"@id":"https:\/\/msconectado.com.br\/#website"},"primaryImageOfPage":{"@id":"https:\/\/msconectado.com.br\/?p=20753#primaryimage"},"image":{"@id":"https:\/\/msconectado.com.br\/?p=20753#primaryimage"},"thumbnailUrl":"https:\/\/msconectado.com.br\/wp-content\/uploads\/2023\/12\/2-1.jpg","datePublished":"2023-12-22T13:29:43+00:00","dateModified":"2023-12-22T13:29:45+00:00","breadcrumb":{"@id":"https:\/\/msconectado.com.br\/?p=20753#breadcrumb"},"inLanguage":"pt-BR","potentialAction":[{"@type":"ReadAction","target":["https:\/\/msconectado.com.br\/?p=20753"]}]},{"@type":"ImageObject","inLanguage":"pt-BR","@id":"https:\/\/msconectado.com.br\/?p=20753#primaryimage","url":"https:\/\/msconectado.com.br\/wp-content\/uploads\/2023\/12\/2-1.jpg","contentUrl":"https:\/\/msconectado.com.br\/wp-content\/uploads\/2023\/12\/2-1.jpg","width":1600,"height":1066},{"@type":"BreadcrumbList","@id":"https:\/\/msconectado.com.br\/?p=20753#breadcrumb","itemListElement":[{"@type":"ListItem","position":1,"name":"In\u00edcio","item":"https:\/\/msconectado.com.br\/?page_id=105"},{"@type":"ListItem","position":2,"name":"ABM realiza confraterniza\u00e7\u00e3o para colaboradores e familiares e apresenta n\u00fameros expressivos de atua\u00e7\u00e3o na comunidade"}]},{"@type":"WebSite","@id":"https:\/\/msconectado.com.br\/#website","url":"https:\/\/msconectado.com.br\/","name":"MsConectado","description":"Voc\u00ea Conectado com a Not\u00edcia!","publisher":{"@id":"https:\/\/msconectado.com.br\/#organization"},"potentialAction":[{"@type":"SearchAction","target":{"@type":"EntryPoint","urlTemplate":"https:\/\/msconectado.com.br\/?s={search_term_string}"},"query-input":{"@type":"PropertyValueSpecification","valueRequired":true,"valueName":"search_term_string"}}],"inLanguage":"pt-BR"},{"@type":"Organization","@id":"https:\/\/msconectado.com.br\/#organization","name":"MsConectado","url":"https:\/\/msconectado.com.br\/","logo":{"@type":"ImageObject","inLanguage":"pt-BR","@id":"https:\/\/msconectado.com.br\/#\/schema\/logo\/image\/","url":"https:\/\/msconectado.com.br\/wp-content\/uploads\/2023\/01\/cropped-noticia-2.png","contentUrl":"https:\/\/msconectado.com.br\/wp-content\/uploads\/2023\/01\/cropped-noticia-2.png","width":720,"height":157,"caption":"MsConectado"},"image":{"@id":"https:\/\/msconectado.com.br\/#\/schema\/logo\/image\/"}},{"@type":"Person","@id":"https:\/\/msconectado.com.br\/#\/schema\/person\/e5585545b5687092f1041d350b6e2c16","name":"MsConectado","image":{"@type":"ImageObject","inLanguage":"pt-BR","@id":"https:\/\/secure.gravatar.com\/avatar\/3b4f84a0a8a4380ac4431fa79981d073692380c5da00ae97596e794ab0db5c8c?s=96&d=mm&r=g","url":"https:\/\/secure.gravatar.com\/avatar\/3b4f84a0a8a4380ac4431fa79981d073692380c5da00ae97596e794ab0db5c8c?s=96&d=mm&r=g","contentUrl":"https:\/\/secure.gravatar.com\/avatar\/3b4f84a0a8a4380ac4431fa79981d073692380c5da00ae97596e794ab0db5c8c?s=96&d=mm&r=g","caption":"MsConectado"},"url":"https:\/\/msconectado.com.br\/?author=2"}]}},"_links":{"self":[{"href":"https:\/\/msconectado.com.br\/index.php?rest_route=\/wp\/v2\/posts\/20753","targetHints":{"allow":["GET"]}}],"collection":[{"href":"https:\/\/msconectado.com.br\/index.php?rest_route=\/wp\/v2\/posts"}],"about":[{"href":"https:\/\/msconectado.com.br\/index.php?rest_route=\/wp\/v2\/types\/post"}],"author":[{"embeddable":true,"href":"https:\/\/msconectado.com.br\/index.php?rest_route=\/wp\/v2\/users\/2"}],"replies":[{"embeddable":true,"href":"https:\/\/msconectado.com.br\/index.php?rest_route=%2Fwp%2Fv2%2Fcomments&post=20753"}],"version-history":[{"count":1,"href":"https:\/\/msconectado.com.br\/index.php?rest_route=\/wp\/v2\/posts\/20753\/revisions"}],"predecessor-version":[{"id":20755,"href":"https:\/\/msconectado.com.br\/index.php?rest_route=\/wp\/v2\/posts\/20753\/revisions\/20755"}],"wp:featuredmedia":[{"embeddable":true,"href":"https:\/\/msconectado.com.br\/index.php?rest_route=\/wp\/v2\/media\/20754"}],"wp:attachment":[{"href":"https:\/\/msconectado.com.br\/index.php?rest_route=%2Fwp%2Fv2%2Fmedia&parent=20753"}],"wp:term":[{"taxonomy":"category","embeddable":true,"href":"https:\/\/msconectado.com.br\/index.php?rest_route=%2Fwp%2Fv2%2Fcategories&post=20753"},{"taxonomy":"post_tag","embeddable":true,"href":"https:\/\/msconectado.com.br\/index.php?rest_route=%2Fwp%2Fv2%2Ftags&post=20753"}],"curies":[{"name":"wp","href":"https:\/\/api.w.org\/{rel}","templated":true}]}}