{"id":20761,"date":"2023-12-23T18:30:47","date_gmt":"2023-12-23T18:30:47","guid":{"rendered":"https:\/\/msconectado.com.br\/?p=20761"},"modified":"2023-12-23T18:30:49","modified_gmt":"2023-12-23T18:30:49","slug":"mato-grosso-do-sul-registra-aumento-de-cobertura-vacinal-em-2023","status":"publish","type":"post","link":"https:\/\/msconectado.com.br\/?p=20761","title":{"rendered":"Mato Grosso do Sul registra aumento de cobertura vacinal em 2023"},"content":{"rendered":"\n<p>Mato Grosso do Sul aumentou a cobertura da vacina contra a DTP (difteria, t\u00e9tano e coqueluche), com n\u00fameros que saltaram de 76% no ano passado para 79,2% neste ano. Tamb\u00e9m houve crescimento nas aplica\u00e7\u00f5es da poliomielite que, em 2023, registraram 80,3% frente a 77,2% em 2022; e da 1\u00aa dose da tr\u00edplice viral (sarampo, caxumba e rub\u00e9ola), que saltou de 91,8% no ano passado para 95,1% neste ano. A vacina contra a febre amarela, indicada aos nove meses de idade, registrou avan\u00e7o passando de 71,3% para 73,5%. Os dados divulgados pelo Minist\u00e9rio da Sa\u00fade s\u00e3o preliminares e correspondem ao per\u00edodo de janeiro a outubro de 2023, comparados com todo o ano de 2022<\/p>\n\n\n\n<p><strong>Aumento foi registrado em todo o Brasil<\/strong><\/p>\n\n\n\n<p>A n\u00edvel nacional, oito vacinas recomendadas do calend\u00e1rio infantil apresentaram aumento nas coberturas vacinais. Para as crian\u00e7as com um ano de idade, os imunizantes contra hepatite A, poliomielite, pneumoc\u00f3cica, meningoc\u00f3cica, DTP (difteria, t\u00e9tano e coqueluche) e tr\u00edplice viral 1\u00aa dose e 2\u00aa dose (sarampo, caxumba e rub\u00e9ola) registraram crescimento. Tamb\u00e9m houve aumento na cobertura da vacina contra a febre amarela, indicada aos nove meses de idade.<\/p>\n\n\n\n<p>O resultado aponta para a revers\u00e3o da queda dos \u00edndices vacinais que o Brasil enfrenta h\u00e1 cerca de 7 anos, mesmo sem a consolida\u00e7\u00e3o dos dados para todo o ano de 2023. O avan\u00e7o \u00e9 fruto do planejamento multiestrat\u00e9gico adotado pelo Minist\u00e9rio da Sa\u00fade desde o in\u00edcio da gest\u00e3o &#8211; com o lan\u00e7amento do Movimento Nacional pela Vacina\u00e7\u00e3o, a ado\u00e7\u00e3o do microplanejamento, o repasse de mais de R$ 151 milh\u00f5es para a\u00e7\u00f5es regionais nos estados e munic\u00edpios e o lan\u00e7amento do programa Sa\u00fade com Ci\u00eancia.<\/p>\n\n\n\n<p>Ao comparar 2022 com 2023, a cobertura vacinal de hepatite A passou de 73% para 79,5%. O primeiro refor\u00e7o da pneumoc\u00f3cica passou de 71,5% para 78% neste ano. A polio alcan\u00e7ou 74,6% de cobertura, ante os 67,1% do ano passado. Entre as vacinas indicadas para menores de 1 ano de idade, a que protege contra a febre amarela foi a que apresentou o maior crescimento, passando de 60,6% no ano passado para 67,3% neste ano, sendo que todos os estados registraram aumento de cobertura vacinal. Outro destaque foi a vacina contra o papiloma v\u00edrus humano (HPV), que desde 2014 apresentava queda no n\u00famero de doses aplicadas. A cobertura vacinal subiu 30% neste ano, mesmo com o incremento na popula\u00e7\u00e3o para a qual a vacina deve ser aplicada nesse per\u00edodo.<\/p>\n\n\n\n<p>O sucesso da estrat\u00e9gia de regionaliza\u00e7\u00e3o, a partir do microplanejamento, levou \u00e0 melhora dos \u00edndices vacinais para a DTP, que protege contra a difteria, t\u00e9tano e coqueluche, em todos os estados brasileiros e o Distrito Federal. Al\u00e9m disso, 26 unidades federativas aumentaram a cobertura contra a poliomielite e da primeira dose de tr\u00edplice viral. Tamb\u00e9m: 24 estados tiveram alta na cobertura contra a hepatite A meningoc\u00f3cica e segunda dose de tr\u00edplice viral; e 23 melhoraram a cobertura da vacina pneumoc\u00f3cica.<\/p>\n\n\n\n<p>Ao longo de todo o ano, as equipes do Programa Nacional de Imuniza\u00e7\u00f5es (PNI) percorreram o Brasil realizando oficinas com as secretarias de sa\u00fade e buscando solu\u00e7\u00f5es vi\u00e1veis para a realidade de cada local. Entre as estrat\u00e9gias realizadas est\u00e3o a vacina\u00e7\u00e3o extramuros, amplia\u00e7\u00e3o do hor\u00e1rio das salas de imuniza\u00e7\u00e3o e busca ativa de n\u00e3o vacinados. A ideia foi permitir que o munic\u00edpio se organizasse e se planejasse considerando a sua realidade local. Neste sentido, a estrat\u00e9gia de imuniza\u00e7\u00e3o foi adaptada conforme a popula\u00e7\u00e3o, a estrutura de sa\u00fade, a realidade socioecon\u00f4mica e geogr\u00e1fica.<\/p>\n\n\n\n<p><\/p>\n\n\n\n<p>Assessoria: <strong>Minist\u00e9rio da Sa\u00fade<\/strong><\/p>\n","protected":false},"excerpt":{"rendered":"<p>Mato Grosso do Sul aumentou a cobertura da vacina contra a DTP (difteria, t\u00e9tano e coqueluche), com n\u00fameros que saltaram de 76% no ano passado para 79,2% neste ano. Tamb\u00e9m houve crescimento nas aplica\u00e7\u00f5es da poliomielite que, em 2023, registraram 80,3% frente a 77,2% em 2022; e da 1\u00aa dose da tr\u00edplice viral (sarampo, caxumba [&hellip;]<\/p>\n","protected":false},"author":3,"featured_media":20762,"comment_status":"open","ping_status":"closed","sticky":false,"template":"","format":"standard","meta":{"footnotes":""},"categories":[35,1],"tags":[],"class_list":["post-20761","post","type-post","status-publish","format-standard","has-post-thumbnail","hentry","category-cidades","category-noticia"],"yoast_head":"<!-- This site is optimized with the Yoast SEO plugin v27.5 - https:\/\/yoast.com\/product\/yoast-seo-wordpress\/ -->\n<title>Mato Grosso do Sul registra aumento de cobertura vacinal em 2023 - MsConectado<\/title>\n<meta name=\"robots\" content=\"index, follow, max-snippet:-1, max-image-preview:large, max-video-preview:-1\" \/>\n<link rel=\"canonical\" href=\"https:\/\/msconectado.com.br\/?p=20761\" \/>\n<meta property=\"og:locale\" content=\"pt_BR\" \/>\n<meta property=\"og:type\" content=\"article\" \/>\n<meta property=\"og:title\" content=\"Mato Grosso do Sul registra aumento de cobertura vacinal em 2023 - MsConectado\" \/>\n<meta property=\"og:description\" content=\"Mato Grosso do Sul aumentou a cobertura da vacina contra a DTP (difteria, t\u00e9tano e coqueluche), com n\u00fameros que saltaram de 76% no ano passado para 79,2% neste ano. Tamb\u00e9m houve crescimento nas aplica\u00e7\u00f5es da poliomielite que, em 2023, registraram 80,3% frente a 77,2% em 2022; e da 1\u00aa dose da tr\u00edplice viral (sarampo, caxumba [&hellip;]\" \/>\n<meta property=\"og:url\" content=\"https:\/\/msconectado.com.br\/?p=20761\" \/>\n<meta property=\"og:site_name\" content=\"MsConectado\" \/>\n<meta property=\"article:published_time\" content=\"2023-12-23T18:30:47+00:00\" \/>\n<meta property=\"article:modified_time\" content=\"2023-12-23T18:30:49+00:00\" \/>\n<meta property=\"og:image\" content=\"https:\/\/msconectado.com.br\/wp-content\/uploads\/2023\/12\/2-2.jpg\" \/>\n\t<meta property=\"og:image:width\" content=\"730\" \/>\n\t<meta property=\"og:image:height\" content=\"480\" \/>\n\t<meta property=\"og:image:type\" content=\"image\/jpeg\" \/>\n<meta name=\"author\" content=\"Jeferson\" \/>\n<meta name=\"twitter:card\" content=\"summary_large_image\" \/>\n<meta name=\"twitter:label1\" content=\"Escrito por\" \/>\n\t<meta name=\"twitter:data1\" content=\"Jeferson\" \/>\n\t<meta name=\"twitter:label2\" content=\"Est. tempo de leitura\" \/>\n\t<meta name=\"twitter:data2\" content=\"3 minutos\" \/>\n<script type=\"application\/ld+json\" class=\"yoast-schema-graph\">{\"@context\":\"https:\\\/\\\/schema.org\",\"@graph\":[{\"@type\":\"Article\",\"@id\":\"https:\\\/\\\/msconectado.com.br\\\/?p=20761#article\",\"isPartOf\":{\"@id\":\"https:\\\/\\\/msconectado.com.br\\\/?p=20761\"},\"author\":{\"name\":\"Jeferson\",\"@id\":\"https:\\\/\\\/msconectado.com.br\\\/#\\\/schema\\\/person\\\/feb123a95a93eebea36f0ed6a2e5ba48\"},\"headline\":\"Mato Grosso do Sul registra aumento de cobertura vacinal em 2023\",\"datePublished\":\"2023-12-23T18:30:47+00:00\",\"dateModified\":\"2023-12-23T18:30:49+00:00\",\"mainEntityOfPage\":{\"@id\":\"https:\\\/\\\/msconectado.com.br\\\/?p=20761\"},\"wordCount\":623,\"commentCount\":0,\"publisher\":{\"@id\":\"https:\\\/\\\/msconectado.com.br\\\/#organization\"},\"image\":{\"@id\":\"https:\\\/\\\/msconectado.com.br\\\/?p=20761#primaryimage\"},\"thumbnailUrl\":\"https:\\\/\\\/msconectado.com.br\\\/wp-content\\\/uploads\\\/2023\\\/12\\\/2-2.jpg\",\"articleSection\":[\"Cidades\",\"Not\u00edcia\"],\"inLanguage\":\"pt-BR\",\"potentialAction\":[{\"@type\":\"CommentAction\",\"name\":\"Comment\",\"target\":[\"https:\\\/\\\/msconectado.com.br\\\/?p=20761#respond\"]}]},{\"@type\":\"WebPage\",\"@id\":\"https:\\\/\\\/msconectado.com.br\\\/?p=20761\",\"url\":\"https:\\\/\\\/msconectado.com.br\\\/?p=20761\",\"name\":\"Mato Grosso do Sul registra aumento de cobertura vacinal em 2023 - MsConectado\",\"isPartOf\":{\"@id\":\"https:\\\/\\\/msconectado.com.br\\\/#website\"},\"primaryImageOfPage\":{\"@id\":\"https:\\\/\\\/msconectado.com.br\\\/?p=20761#primaryimage\"},\"image\":{\"@id\":\"https:\\\/\\\/msconectado.com.br\\\/?p=20761#primaryimage\"},\"thumbnailUrl\":\"https:\\\/\\\/msconectado.com.br\\\/wp-content\\\/uploads\\\/2023\\\/12\\\/2-2.jpg\",\"datePublished\":\"2023-12-23T18:30:47+00:00\",\"dateModified\":\"2023-12-23T18:30:49+00:00\",\"breadcrumb\":{\"@id\":\"https:\\\/\\\/msconectado.com.br\\\/?p=20761#breadcrumb\"},\"inLanguage\":\"pt-BR\",\"potentialAction\":[{\"@type\":\"ReadAction\",\"target\":[\"https:\\\/\\\/msconectado.com.br\\\/?p=20761\"]}]},{\"@type\":\"ImageObject\",\"inLanguage\":\"pt-BR\",\"@id\":\"https:\\\/\\\/msconectado.com.br\\\/?p=20761#primaryimage\",\"url\":\"https:\\\/\\\/msconectado.com.br\\\/wp-content\\\/uploads\\\/2023\\\/12\\\/2-2.jpg\",\"contentUrl\":\"https:\\\/\\\/msconectado.com.br\\\/wp-content\\\/uploads\\\/2023\\\/12\\\/2-2.jpg\",\"width\":730,\"height\":480},{\"@type\":\"BreadcrumbList\",\"@id\":\"https:\\\/\\\/msconectado.com.br\\\/?p=20761#breadcrumb\",\"itemListElement\":[{\"@type\":\"ListItem\",\"position\":1,\"name\":\"In\u00edcio\",\"item\":\"https:\\\/\\\/msconectado.com.br\\\/?page_id=105\"},{\"@type\":\"ListItem\",\"position\":2,\"name\":\"Mato Grosso do Sul registra aumento de cobertura vacinal em 2023\"}]},{\"@type\":\"WebSite\",\"@id\":\"https:\\\/\\\/msconectado.com.br\\\/#website\",\"url\":\"https:\\\/\\\/msconectado.com.br\\\/\",\"name\":\"MsConectado\",\"description\":\"Voc\u00ea Conectado com a Not\u00edcia!\",\"publisher\":{\"@id\":\"https:\\\/\\\/msconectado.com.br\\\/#organization\"},\"potentialAction\":[{\"@type\":\"SearchAction\",\"target\":{\"@type\":\"EntryPoint\",\"urlTemplate\":\"https:\\\/\\\/msconectado.com.br\\\/?s={search_term_string}\"},\"query-input\":{\"@type\":\"PropertyValueSpecification\",\"valueRequired\":true,\"valueName\":\"search_term_string\"}}],\"inLanguage\":\"pt-BR\"},{\"@type\":\"Organization\",\"@id\":\"https:\\\/\\\/msconectado.com.br\\\/#organization\",\"name\":\"MsConectado\",\"url\":\"https:\\\/\\\/msconectado.com.br\\\/\",\"logo\":{\"@type\":\"ImageObject\",\"inLanguage\":\"pt-BR\",\"@id\":\"https:\\\/\\\/msconectado.com.br\\\/#\\\/schema\\\/logo\\\/image\\\/\",\"url\":\"https:\\\/\\\/msconectado.com.br\\\/wp-content\\\/uploads\\\/2023\\\/01\\\/cropped-noticia-2.png\",\"contentUrl\":\"https:\\\/\\\/msconectado.com.br\\\/wp-content\\\/uploads\\\/2023\\\/01\\\/cropped-noticia-2.png\",\"width\":720,\"height\":157,\"caption\":\"MsConectado\"},\"image\":{\"@id\":\"https:\\\/\\\/msconectado.com.br\\\/#\\\/schema\\\/logo\\\/image\\\/\"}},{\"@type\":\"Person\",\"@id\":\"https:\\\/\\\/msconectado.com.br\\\/#\\\/schema\\\/person\\\/feb123a95a93eebea36f0ed6a2e5ba48\",\"name\":\"Jeferson\",\"image\":{\"@type\":\"ImageObject\",\"inLanguage\":\"pt-BR\",\"@id\":\"https:\\\/\\\/secure.gravatar.com\\\/avatar\\\/e23e8901c88f0cdc0ad479ef7a39bf3e4c806344549c087c00b721a65549a328?s=96&d=mm&r=g\",\"url\":\"https:\\\/\\\/secure.gravatar.com\\\/avatar\\\/e23e8901c88f0cdc0ad479ef7a39bf3e4c806344549c087c00b721a65549a328?s=96&d=mm&r=g\",\"contentUrl\":\"https:\\\/\\\/secure.gravatar.com\\\/avatar\\\/e23e8901c88f0cdc0ad479ef7a39bf3e4c806344549c087c00b721a65549a328?s=96&d=mm&r=g\",\"caption\":\"Jeferson\"},\"url\":\"https:\\\/\\\/msconectado.com.br\\\/?author=3\"}]}<\/script>\n<!-- \/ Yoast SEO plugin. -->","yoast_head_json":{"title":"Mato Grosso do Sul registra aumento de cobertura vacinal em 2023 - MsConectado","robots":{"index":"index","follow":"follow","max-snippet":"max-snippet:-1","max-image-preview":"max-image-preview:large","max-video-preview":"max-video-preview:-1"},"canonical":"https:\/\/msconectado.com.br\/?p=20761","og_locale":"pt_BR","og_type":"article","og_title":"Mato Grosso do Sul registra aumento de cobertura vacinal em 2023 - MsConectado","og_description":"Mato Grosso do Sul aumentou a cobertura da vacina contra a DTP (difteria, t\u00e9tano e coqueluche), com n\u00fameros que saltaram de 76% no ano passado para 79,2% neste ano. Tamb\u00e9m houve crescimento nas aplica\u00e7\u00f5es da poliomielite que, em 2023, registraram 80,3% frente a 77,2% em 2022; e da 1\u00aa dose da tr\u00edplice viral (sarampo, caxumba [&hellip;]","og_url":"https:\/\/msconectado.com.br\/?p=20761","og_site_name":"MsConectado","article_published_time":"2023-12-23T18:30:47+00:00","article_modified_time":"2023-12-23T18:30:49+00:00","og_image":[{"width":730,"height":480,"url":"https:\/\/msconectado.com.br\/wp-content\/uploads\/2023\/12\/2-2.jpg","type":"image\/jpeg"}],"author":"Jeferson","twitter_card":"summary_large_image","twitter_misc":{"Escrito por":"Jeferson","Est. tempo de leitura":"3 minutos"},"schema":{"@context":"https:\/\/schema.org","@graph":[{"@type":"Article","@id":"https:\/\/msconectado.com.br\/?p=20761#article","isPartOf":{"@id":"https:\/\/msconectado.com.br\/?p=20761"},"author":{"name":"Jeferson","@id":"https:\/\/msconectado.com.br\/#\/schema\/person\/feb123a95a93eebea36f0ed6a2e5ba48"},"headline":"Mato Grosso do Sul registra aumento de cobertura vacinal em 2023","datePublished":"2023-12-23T18:30:47+00:00","dateModified":"2023-12-23T18:30:49+00:00","mainEntityOfPage":{"@id":"https:\/\/msconectado.com.br\/?p=20761"},"wordCount":623,"commentCount":0,"publisher":{"@id":"https:\/\/msconectado.com.br\/#organization"},"image":{"@id":"https:\/\/msconectado.com.br\/?p=20761#primaryimage"},"thumbnailUrl":"https:\/\/msconectado.com.br\/wp-content\/uploads\/2023\/12\/2-2.jpg","articleSection":["Cidades","Not\u00edcia"],"inLanguage":"pt-BR","potentialAction":[{"@type":"CommentAction","name":"Comment","target":["https:\/\/msconectado.com.br\/?p=20761#respond"]}]},{"@type":"WebPage","@id":"https:\/\/msconectado.com.br\/?p=20761","url":"https:\/\/msconectado.com.br\/?p=20761","name":"Mato Grosso do Sul registra aumento de cobertura vacinal em 2023 - MsConectado","isPartOf":{"@id":"https:\/\/msconectado.com.br\/#website"},"primaryImageOfPage":{"@id":"https:\/\/msconectado.com.br\/?p=20761#primaryimage"},"image":{"@id":"https:\/\/msconectado.com.br\/?p=20761#primaryimage"},"thumbnailUrl":"https:\/\/msconectado.com.br\/wp-content\/uploads\/2023\/12\/2-2.jpg","datePublished":"2023-12-23T18:30:47+00:00","dateModified":"2023-12-23T18:30:49+00:00","breadcrumb":{"@id":"https:\/\/msconectado.com.br\/?p=20761#breadcrumb"},"inLanguage":"pt-BR","potentialAction":[{"@type":"ReadAction","target":["https:\/\/msconectado.com.br\/?p=20761"]}]},{"@type":"ImageObject","inLanguage":"pt-BR","@id":"https:\/\/msconectado.com.br\/?p=20761#primaryimage","url":"https:\/\/msconectado.com.br\/wp-content\/uploads\/2023\/12\/2-2.jpg","contentUrl":"https:\/\/msconectado.com.br\/wp-content\/uploads\/2023\/12\/2-2.jpg","width":730,"height":480},{"@type":"BreadcrumbList","@id":"https:\/\/msconectado.com.br\/?p=20761#breadcrumb","itemListElement":[{"@type":"ListItem","position":1,"name":"In\u00edcio","item":"https:\/\/msconectado.com.br\/?page_id=105"},{"@type":"ListItem","position":2,"name":"Mato Grosso do Sul registra aumento de cobertura vacinal em 2023"}]},{"@type":"WebSite","@id":"https:\/\/msconectado.com.br\/#website","url":"https:\/\/msconectado.com.br\/","name":"MsConectado","description":"Voc\u00ea Conectado com a Not\u00edcia!","publisher":{"@id":"https:\/\/msconectado.com.br\/#organization"},"potentialAction":[{"@type":"SearchAction","target":{"@type":"EntryPoint","urlTemplate":"https:\/\/msconectado.com.br\/?s={search_term_string}"},"query-input":{"@type":"PropertyValueSpecification","valueRequired":true,"valueName":"search_term_string"}}],"inLanguage":"pt-BR"},{"@type":"Organization","@id":"https:\/\/msconectado.com.br\/#organization","name":"MsConectado","url":"https:\/\/msconectado.com.br\/","logo":{"@type":"ImageObject","inLanguage":"pt-BR","@id":"https:\/\/msconectado.com.br\/#\/schema\/logo\/image\/","url":"https:\/\/msconectado.com.br\/wp-content\/uploads\/2023\/01\/cropped-noticia-2.png","contentUrl":"https:\/\/msconectado.com.br\/wp-content\/uploads\/2023\/01\/cropped-noticia-2.png","width":720,"height":157,"caption":"MsConectado"},"image":{"@id":"https:\/\/msconectado.com.br\/#\/schema\/logo\/image\/"}},{"@type":"Person","@id":"https:\/\/msconectado.com.br\/#\/schema\/person\/feb123a95a93eebea36f0ed6a2e5ba48","name":"Jeferson","image":{"@type":"ImageObject","inLanguage":"pt-BR","@id":"https:\/\/secure.gravatar.com\/avatar\/e23e8901c88f0cdc0ad479ef7a39bf3e4c806344549c087c00b721a65549a328?s=96&d=mm&r=g","url":"https:\/\/secure.gravatar.com\/avatar\/e23e8901c88f0cdc0ad479ef7a39bf3e4c806344549c087c00b721a65549a328?s=96&d=mm&r=g","contentUrl":"https:\/\/secure.gravatar.com\/avatar\/e23e8901c88f0cdc0ad479ef7a39bf3e4c806344549c087c00b721a65549a328?s=96&d=mm&r=g","caption":"Jeferson"},"url":"https:\/\/msconectado.com.br\/?author=3"}]}},"_links":{"self":[{"href":"https:\/\/msconectado.com.br\/index.php?rest_route=\/wp\/v2\/posts\/20761","targetHints":{"allow":["GET"]}}],"collection":[{"href":"https:\/\/msconectado.com.br\/index.php?rest_route=\/wp\/v2\/posts"}],"about":[{"href":"https:\/\/msconectado.com.br\/index.php?rest_route=\/wp\/v2\/types\/post"}],"author":[{"embeddable":true,"href":"https:\/\/msconectado.com.br\/index.php?rest_route=\/wp\/v2\/users\/3"}],"replies":[{"embeddable":true,"href":"https:\/\/msconectado.com.br\/index.php?rest_route=%2Fwp%2Fv2%2Fcomments&post=20761"}],"version-history":[{"count":1,"href":"https:\/\/msconectado.com.br\/index.php?rest_route=\/wp\/v2\/posts\/20761\/revisions"}],"predecessor-version":[{"id":20763,"href":"https:\/\/msconectado.com.br\/index.php?rest_route=\/wp\/v2\/posts\/20761\/revisions\/20763"}],"wp:featuredmedia":[{"embeddable":true,"href":"https:\/\/msconectado.com.br\/index.php?rest_route=\/wp\/v2\/media\/20762"}],"wp:attachment":[{"href":"https:\/\/msconectado.com.br\/index.php?rest_route=%2Fwp%2Fv2%2Fmedia&parent=20761"}],"wp:term":[{"taxonomy":"category","embeddable":true,"href":"https:\/\/msconectado.com.br\/index.php?rest_route=%2Fwp%2Fv2%2Fcategories&post=20761"},{"taxonomy":"post_tag","embeddable":true,"href":"https:\/\/msconectado.com.br\/index.php?rest_route=%2Fwp%2Fv2%2Ftags&post=20761"}],"curies":[{"name":"wp","href":"https:\/\/api.w.org\/{rel}","templated":true}]}}