{"id":20773,"date":"2023-12-28T23:16:08","date_gmt":"2023-12-28T23:16:08","guid":{"rendered":"https:\/\/msconectado.com.br\/?p=20773"},"modified":"2023-12-28T23:16:10","modified_gmt":"2023-12-28T23:16:10","slug":"plantio-da-safra-de-soja-e-prorrogado-ate-o-dia-13-de-janeiro-em-mato-grosso-do-sul","status":"publish","type":"post","link":"https:\/\/msconectado.com.br\/?p=20773","title":{"rendered":"Plantio da safra de soja \u00e9 prorrogado at\u00e9 o dia 13 de janeiro em Mato Grosso do Sul"},"content":{"rendered":"\n<p>O Minist\u00e9rio da Agricultura (Mapa) publicou ontem (27) a Portaria SDA\/Mapa n\u00ba 980\/2023, que altera o calend\u00e1rio de semeadura da soja para o Estado de Mato Grosso do Sul. Agora, os produtores ter\u00e3o at\u00e9 o dia 13 de janeiro de 2024 para finalizar o plantio. O prazo final no Estado venceu no dia 24 de dezembro, mas foi prorrogado a pedido da Aprosoja\/MS e Famasul.<\/p>\n\n\n\n<p>Segundo o boletim do Siga MS, a estimativa \u00e9 que neste ano a \u00e1rea cultivada cres\u00e7a 6,5%, em Mato Grosso do Sul, atingindo 4,265 milh\u00f5es de hectares e registrando uma produ\u00e7\u00e3o de 13,818 milh\u00f5es de toneladas, ap\u00f3s uma produtividade estimada de 54 sacas por hectare. A medida visa atender \u00e0s condi\u00e7\u00f5es clim\u00e1ticas adversas que tornaram este ano totalmente at\u00edpico, apresentando desafios significativos para os agricultores do Estado.<\/p>\n\n\n\n<p>O excesso de calor, com registros de temperaturas recordes, e a escassez de chuvas, resultando em per\u00edodos de veranicos, contribu\u00edram para um cen\u00e1rio desfavor\u00e1vel ao desenvolvimento da cultura da soja. Diante dessas circunst\u00e2ncias e levando em considera\u00e7\u00e3o que a \u00e1rea plantada estava abaixo das expectativas, o Mapa optou por estender o prazo, oferecendo maior flexibilidade aos agricultores para enfrentarem as adversidades ao longo desta safra.<\/p>\n\n\n\n<p>O diretor-presidente da Iagro (Ag\u00eancia Estadual de Defesa Sanit\u00e1ria Animal e Vegetal ), Daniel Ingold, destacou a excepcionalidade do momento e a import\u00e2ncia de medidas que possam mitigar poss\u00edveis preju\u00edzos aos produtores rurais do estado de Mato Grosso do Sul. Ele esclareceu que a prorroga\u00e7\u00e3o do calend\u00e1rio n\u00e3o altera a sequ\u00eancia padr\u00e3o, mas busca adaptar-se a uma condi\u00e7\u00e3o espec\u00edfica.<\/p>\n\n\n\n<p>&#8220;A extens\u00e3o do calend\u00e1rio \u00e9 uma medida excepcional para enfrentar os desafios impostos pelas condi\u00e7\u00f5es clim\u00e1ticas deste ano. Nosso objetivo \u00e9 garantir que os produtores n\u00e3o enfrentem preju\u00edzos significativos devido a fatores externos&#8221;, ressaltou Ingold.<\/p>\n\n\n\n<p>Esta iniciativa, embora seja uma medida de exce\u00e7\u00e3o, reflete o comprometimento da Iagro em buscar solu\u00e7\u00f5es eficazes para enfrentar os desafios clim\u00e1ticos e garantir a sustentabilidade do agroneg\u00f3cio no Estado.<\/p>\n\n\n\n<p><em>Rosana Siqueira, da Semadesc<\/em><\/p>\n\n\n\n<p><em>Foto: Mairinco de Pauda<\/em><\/p>\n","protected":false},"excerpt":{"rendered":"<p>O Minist\u00e9rio da Agricultura (Mapa) publicou ontem (27) a Portaria SDA\/Mapa n\u00ba 980\/2023, que altera o calend\u00e1rio de semeadura da soja para o Estado de Mato Grosso do Sul. Agora, os produtores ter\u00e3o at\u00e9 o dia 13 de janeiro de 2024 para finalizar o plantio. O prazo final no Estado venceu no dia 24 de [&hellip;]<\/p>\n","protected":false},"author":3,"featured_media":20774,"comment_status":"open","ping_status":"closed","sticky":false,"template":"","format":"standard","meta":{"footnotes":""},"categories":[35,1],"tags":[],"class_list":["post-20773","post","type-post","status-publish","format-standard","has-post-thumbnail","hentry","category-cidades","category-noticia"],"yoast_head":"<!-- This site is optimized with the Yoast SEO plugin v27.5 - https:\/\/yoast.com\/product\/yoast-seo-wordpress\/ -->\n<title>Plantio da safra de soja \u00e9 prorrogado at\u00e9 o dia 13 de janeiro em Mato Grosso do Sul - MsConectado<\/title>\n<meta name=\"robots\" content=\"index, follow, max-snippet:-1, max-image-preview:large, max-video-preview:-1\" \/>\n<link rel=\"canonical\" href=\"https:\/\/msconectado.com.br\/?p=20773\" \/>\n<meta property=\"og:locale\" content=\"pt_BR\" \/>\n<meta property=\"og:type\" content=\"article\" \/>\n<meta property=\"og:title\" content=\"Plantio da safra de soja \u00e9 prorrogado at\u00e9 o dia 13 de janeiro em Mato Grosso do Sul - MsConectado\" \/>\n<meta property=\"og:description\" content=\"O Minist\u00e9rio da Agricultura (Mapa) publicou ontem (27) a Portaria SDA\/Mapa n\u00ba 980\/2023, que altera o calend\u00e1rio de semeadura da soja para o Estado de Mato Grosso do Sul. Agora, os produtores ter\u00e3o at\u00e9 o dia 13 de janeiro de 2024 para finalizar o plantio. O prazo final no Estado venceu no dia 24 de [&hellip;]\" \/>\n<meta property=\"og:url\" content=\"https:\/\/msconectado.com.br\/?p=20773\" \/>\n<meta property=\"og:site_name\" content=\"MsConectado\" \/>\n<meta property=\"article:published_time\" content=\"2023-12-28T23:16:08+00:00\" \/>\n<meta property=\"article:modified_time\" content=\"2023-12-28T23:16:10+00:00\" \/>\n<meta property=\"og:image\" content=\"https:\/\/msconectado.com.br\/wp-content\/uploads\/2023\/12\/3.jpg\" \/>\n\t<meta property=\"og:image:width\" content=\"730\" \/>\n\t<meta property=\"og:image:height\" content=\"480\" \/>\n\t<meta property=\"og:image:type\" content=\"image\/jpeg\" \/>\n<meta name=\"author\" content=\"Jeferson\" \/>\n<meta name=\"twitter:card\" content=\"summary_large_image\" \/>\n<meta name=\"twitter:label1\" content=\"Escrito por\" \/>\n\t<meta name=\"twitter:data1\" content=\"Jeferson\" \/>\n\t<meta name=\"twitter:label2\" content=\"Est. tempo de leitura\" \/>\n\t<meta name=\"twitter:data2\" content=\"2 minutos\" \/>\n<script type=\"application\/ld+json\" class=\"yoast-schema-graph\">{\"@context\":\"https:\\\/\\\/schema.org\",\"@graph\":[{\"@type\":\"Article\",\"@id\":\"https:\\\/\\\/msconectado.com.br\\\/?p=20773#article\",\"isPartOf\":{\"@id\":\"https:\\\/\\\/msconectado.com.br\\\/?p=20773\"},\"author\":{\"name\":\"Jeferson\",\"@id\":\"https:\\\/\\\/msconectado.com.br\\\/#\\\/schema\\\/person\\\/feb123a95a93eebea36f0ed6a2e5ba48\"},\"headline\":\"Plantio da safra de soja \u00e9 prorrogado at\u00e9 o dia 13 de janeiro em Mato Grosso do Sul\",\"datePublished\":\"2023-12-28T23:16:08+00:00\",\"dateModified\":\"2023-12-28T23:16:10+00:00\",\"mainEntityOfPage\":{\"@id\":\"https:\\\/\\\/msconectado.com.br\\\/?p=20773\"},\"wordCount\":373,\"commentCount\":0,\"publisher\":{\"@id\":\"https:\\\/\\\/msconectado.com.br\\\/#organization\"},\"image\":{\"@id\":\"https:\\\/\\\/msconectado.com.br\\\/?p=20773#primaryimage\"},\"thumbnailUrl\":\"https:\\\/\\\/msconectado.com.br\\\/wp-content\\\/uploads\\\/2023\\\/12\\\/3.jpg\",\"articleSection\":[\"Cidades\",\"Not\u00edcia\"],\"inLanguage\":\"pt-BR\",\"potentialAction\":[{\"@type\":\"CommentAction\",\"name\":\"Comment\",\"target\":[\"https:\\\/\\\/msconectado.com.br\\\/?p=20773#respond\"]}]},{\"@type\":\"WebPage\",\"@id\":\"https:\\\/\\\/msconectado.com.br\\\/?p=20773\",\"url\":\"https:\\\/\\\/msconectado.com.br\\\/?p=20773\",\"name\":\"Plantio da safra de soja \u00e9 prorrogado at\u00e9 o dia 13 de janeiro em Mato Grosso do Sul - MsConectado\",\"isPartOf\":{\"@id\":\"https:\\\/\\\/msconectado.com.br\\\/#website\"},\"primaryImageOfPage\":{\"@id\":\"https:\\\/\\\/msconectado.com.br\\\/?p=20773#primaryimage\"},\"image\":{\"@id\":\"https:\\\/\\\/msconectado.com.br\\\/?p=20773#primaryimage\"},\"thumbnailUrl\":\"https:\\\/\\\/msconectado.com.br\\\/wp-content\\\/uploads\\\/2023\\\/12\\\/3.jpg\",\"datePublished\":\"2023-12-28T23:16:08+00:00\",\"dateModified\":\"2023-12-28T23:16:10+00:00\",\"breadcrumb\":{\"@id\":\"https:\\\/\\\/msconectado.com.br\\\/?p=20773#breadcrumb\"},\"inLanguage\":\"pt-BR\",\"potentialAction\":[{\"@type\":\"ReadAction\",\"target\":[\"https:\\\/\\\/msconectado.com.br\\\/?p=20773\"]}]},{\"@type\":\"ImageObject\",\"inLanguage\":\"pt-BR\",\"@id\":\"https:\\\/\\\/msconectado.com.br\\\/?p=20773#primaryimage\",\"url\":\"https:\\\/\\\/msconectado.com.br\\\/wp-content\\\/uploads\\\/2023\\\/12\\\/3.jpg\",\"contentUrl\":\"https:\\\/\\\/msconectado.com.br\\\/wp-content\\\/uploads\\\/2023\\\/12\\\/3.jpg\",\"width\":730,\"height\":480},{\"@type\":\"BreadcrumbList\",\"@id\":\"https:\\\/\\\/msconectado.com.br\\\/?p=20773#breadcrumb\",\"itemListElement\":[{\"@type\":\"ListItem\",\"position\":1,\"name\":\"In\u00edcio\",\"item\":\"https:\\\/\\\/msconectado.com.br\\\/?page_id=105\"},{\"@type\":\"ListItem\",\"position\":2,\"name\":\"Plantio da safra de soja \u00e9 prorrogado at\u00e9 o dia 13 de janeiro em Mato Grosso do Sul\"}]},{\"@type\":\"WebSite\",\"@id\":\"https:\\\/\\\/msconectado.com.br\\\/#website\",\"url\":\"https:\\\/\\\/msconectado.com.br\\\/\",\"name\":\"MsConectado\",\"description\":\"Voc\u00ea Conectado com a Not\u00edcia!\",\"publisher\":{\"@id\":\"https:\\\/\\\/msconectado.com.br\\\/#organization\"},\"potentialAction\":[{\"@type\":\"SearchAction\",\"target\":{\"@type\":\"EntryPoint\",\"urlTemplate\":\"https:\\\/\\\/msconectado.com.br\\\/?s={search_term_string}\"},\"query-input\":{\"@type\":\"PropertyValueSpecification\",\"valueRequired\":true,\"valueName\":\"search_term_string\"}}],\"inLanguage\":\"pt-BR\"},{\"@type\":\"Organization\",\"@id\":\"https:\\\/\\\/msconectado.com.br\\\/#organization\",\"name\":\"MsConectado\",\"url\":\"https:\\\/\\\/msconectado.com.br\\\/\",\"logo\":{\"@type\":\"ImageObject\",\"inLanguage\":\"pt-BR\",\"@id\":\"https:\\\/\\\/msconectado.com.br\\\/#\\\/schema\\\/logo\\\/image\\\/\",\"url\":\"https:\\\/\\\/msconectado.com.br\\\/wp-content\\\/uploads\\\/2023\\\/01\\\/cropped-noticia-2.png\",\"contentUrl\":\"https:\\\/\\\/msconectado.com.br\\\/wp-content\\\/uploads\\\/2023\\\/01\\\/cropped-noticia-2.png\",\"width\":720,\"height\":157,\"caption\":\"MsConectado\"},\"image\":{\"@id\":\"https:\\\/\\\/msconectado.com.br\\\/#\\\/schema\\\/logo\\\/image\\\/\"}},{\"@type\":\"Person\",\"@id\":\"https:\\\/\\\/msconectado.com.br\\\/#\\\/schema\\\/person\\\/feb123a95a93eebea36f0ed6a2e5ba48\",\"name\":\"Jeferson\",\"image\":{\"@type\":\"ImageObject\",\"inLanguage\":\"pt-BR\",\"@id\":\"https:\\\/\\\/secure.gravatar.com\\\/avatar\\\/e23e8901c88f0cdc0ad479ef7a39bf3e4c806344549c087c00b721a65549a328?s=96&d=mm&r=g\",\"url\":\"https:\\\/\\\/secure.gravatar.com\\\/avatar\\\/e23e8901c88f0cdc0ad479ef7a39bf3e4c806344549c087c00b721a65549a328?s=96&d=mm&r=g\",\"contentUrl\":\"https:\\\/\\\/secure.gravatar.com\\\/avatar\\\/e23e8901c88f0cdc0ad479ef7a39bf3e4c806344549c087c00b721a65549a328?s=96&d=mm&r=g\",\"caption\":\"Jeferson\"},\"url\":\"https:\\\/\\\/msconectado.com.br\\\/?author=3\"}]}<\/script>\n<!-- \/ Yoast SEO plugin. -->","yoast_head_json":{"title":"Plantio da safra de soja \u00e9 prorrogado at\u00e9 o dia 13 de janeiro em Mato Grosso do Sul - MsConectado","robots":{"index":"index","follow":"follow","max-snippet":"max-snippet:-1","max-image-preview":"max-image-preview:large","max-video-preview":"max-video-preview:-1"},"canonical":"https:\/\/msconectado.com.br\/?p=20773","og_locale":"pt_BR","og_type":"article","og_title":"Plantio da safra de soja \u00e9 prorrogado at\u00e9 o dia 13 de janeiro em Mato Grosso do Sul - MsConectado","og_description":"O Minist\u00e9rio da Agricultura (Mapa) publicou ontem (27) a Portaria SDA\/Mapa n\u00ba 980\/2023, que altera o calend\u00e1rio de semeadura da soja para o Estado de Mato Grosso do Sul. Agora, os produtores ter\u00e3o at\u00e9 o dia 13 de janeiro de 2024 para finalizar o plantio. O prazo final no Estado venceu no dia 24 de [&hellip;]","og_url":"https:\/\/msconectado.com.br\/?p=20773","og_site_name":"MsConectado","article_published_time":"2023-12-28T23:16:08+00:00","article_modified_time":"2023-12-28T23:16:10+00:00","og_image":[{"width":730,"height":480,"url":"https:\/\/msconectado.com.br\/wp-content\/uploads\/2023\/12\/3.jpg","type":"image\/jpeg"}],"author":"Jeferson","twitter_card":"summary_large_image","twitter_misc":{"Escrito por":"Jeferson","Est. tempo de leitura":"2 minutos"},"schema":{"@context":"https:\/\/schema.org","@graph":[{"@type":"Article","@id":"https:\/\/msconectado.com.br\/?p=20773#article","isPartOf":{"@id":"https:\/\/msconectado.com.br\/?p=20773"},"author":{"name":"Jeferson","@id":"https:\/\/msconectado.com.br\/#\/schema\/person\/feb123a95a93eebea36f0ed6a2e5ba48"},"headline":"Plantio da safra de soja \u00e9 prorrogado at\u00e9 o dia 13 de janeiro em Mato Grosso do Sul","datePublished":"2023-12-28T23:16:08+00:00","dateModified":"2023-12-28T23:16:10+00:00","mainEntityOfPage":{"@id":"https:\/\/msconectado.com.br\/?p=20773"},"wordCount":373,"commentCount":0,"publisher":{"@id":"https:\/\/msconectado.com.br\/#organization"},"image":{"@id":"https:\/\/msconectado.com.br\/?p=20773#primaryimage"},"thumbnailUrl":"https:\/\/msconectado.com.br\/wp-content\/uploads\/2023\/12\/3.jpg","articleSection":["Cidades","Not\u00edcia"],"inLanguage":"pt-BR","potentialAction":[{"@type":"CommentAction","name":"Comment","target":["https:\/\/msconectado.com.br\/?p=20773#respond"]}]},{"@type":"WebPage","@id":"https:\/\/msconectado.com.br\/?p=20773","url":"https:\/\/msconectado.com.br\/?p=20773","name":"Plantio da safra de soja \u00e9 prorrogado at\u00e9 o dia 13 de janeiro em Mato Grosso do Sul - MsConectado","isPartOf":{"@id":"https:\/\/msconectado.com.br\/#website"},"primaryImageOfPage":{"@id":"https:\/\/msconectado.com.br\/?p=20773#primaryimage"},"image":{"@id":"https:\/\/msconectado.com.br\/?p=20773#primaryimage"},"thumbnailUrl":"https:\/\/msconectado.com.br\/wp-content\/uploads\/2023\/12\/3.jpg","datePublished":"2023-12-28T23:16:08+00:00","dateModified":"2023-12-28T23:16:10+00:00","breadcrumb":{"@id":"https:\/\/msconectado.com.br\/?p=20773#breadcrumb"},"inLanguage":"pt-BR","potentialAction":[{"@type":"ReadAction","target":["https:\/\/msconectado.com.br\/?p=20773"]}]},{"@type":"ImageObject","inLanguage":"pt-BR","@id":"https:\/\/msconectado.com.br\/?p=20773#primaryimage","url":"https:\/\/msconectado.com.br\/wp-content\/uploads\/2023\/12\/3.jpg","contentUrl":"https:\/\/msconectado.com.br\/wp-content\/uploads\/2023\/12\/3.jpg","width":730,"height":480},{"@type":"BreadcrumbList","@id":"https:\/\/msconectado.com.br\/?p=20773#breadcrumb","itemListElement":[{"@type":"ListItem","position":1,"name":"In\u00edcio","item":"https:\/\/msconectado.com.br\/?page_id=105"},{"@type":"ListItem","position":2,"name":"Plantio da safra de soja \u00e9 prorrogado at\u00e9 o dia 13 de janeiro em Mato Grosso do Sul"}]},{"@type":"WebSite","@id":"https:\/\/msconectado.com.br\/#website","url":"https:\/\/msconectado.com.br\/","name":"MsConectado","description":"Voc\u00ea Conectado com a Not\u00edcia!","publisher":{"@id":"https:\/\/msconectado.com.br\/#organization"},"potentialAction":[{"@type":"SearchAction","target":{"@type":"EntryPoint","urlTemplate":"https:\/\/msconectado.com.br\/?s={search_term_string}"},"query-input":{"@type":"PropertyValueSpecification","valueRequired":true,"valueName":"search_term_string"}}],"inLanguage":"pt-BR"},{"@type":"Organization","@id":"https:\/\/msconectado.com.br\/#organization","name":"MsConectado","url":"https:\/\/msconectado.com.br\/","logo":{"@type":"ImageObject","inLanguage":"pt-BR","@id":"https:\/\/msconectado.com.br\/#\/schema\/logo\/image\/","url":"https:\/\/msconectado.com.br\/wp-content\/uploads\/2023\/01\/cropped-noticia-2.png","contentUrl":"https:\/\/msconectado.com.br\/wp-content\/uploads\/2023\/01\/cropped-noticia-2.png","width":720,"height":157,"caption":"MsConectado"},"image":{"@id":"https:\/\/msconectado.com.br\/#\/schema\/logo\/image\/"}},{"@type":"Person","@id":"https:\/\/msconectado.com.br\/#\/schema\/person\/feb123a95a93eebea36f0ed6a2e5ba48","name":"Jeferson","image":{"@type":"ImageObject","inLanguage":"pt-BR","@id":"https:\/\/secure.gravatar.com\/avatar\/e23e8901c88f0cdc0ad479ef7a39bf3e4c806344549c087c00b721a65549a328?s=96&d=mm&r=g","url":"https:\/\/secure.gravatar.com\/avatar\/e23e8901c88f0cdc0ad479ef7a39bf3e4c806344549c087c00b721a65549a328?s=96&d=mm&r=g","contentUrl":"https:\/\/secure.gravatar.com\/avatar\/e23e8901c88f0cdc0ad479ef7a39bf3e4c806344549c087c00b721a65549a328?s=96&d=mm&r=g","caption":"Jeferson"},"url":"https:\/\/msconectado.com.br\/?author=3"}]}},"_links":{"self":[{"href":"https:\/\/msconectado.com.br\/index.php?rest_route=\/wp\/v2\/posts\/20773","targetHints":{"allow":["GET"]}}],"collection":[{"href":"https:\/\/msconectado.com.br\/index.php?rest_route=\/wp\/v2\/posts"}],"about":[{"href":"https:\/\/msconectado.com.br\/index.php?rest_route=\/wp\/v2\/types\/post"}],"author":[{"embeddable":true,"href":"https:\/\/msconectado.com.br\/index.php?rest_route=\/wp\/v2\/users\/3"}],"replies":[{"embeddable":true,"href":"https:\/\/msconectado.com.br\/index.php?rest_route=%2Fwp%2Fv2%2Fcomments&post=20773"}],"version-history":[{"count":1,"href":"https:\/\/msconectado.com.br\/index.php?rest_route=\/wp\/v2\/posts\/20773\/revisions"}],"predecessor-version":[{"id":20775,"href":"https:\/\/msconectado.com.br\/index.php?rest_route=\/wp\/v2\/posts\/20773\/revisions\/20775"}],"wp:featuredmedia":[{"embeddable":true,"href":"https:\/\/msconectado.com.br\/index.php?rest_route=\/wp\/v2\/media\/20774"}],"wp:attachment":[{"href":"https:\/\/msconectado.com.br\/index.php?rest_route=%2Fwp%2Fv2%2Fmedia&parent=20773"}],"wp:term":[{"taxonomy":"category","embeddable":true,"href":"https:\/\/msconectado.com.br\/index.php?rest_route=%2Fwp%2Fv2%2Fcategories&post=20773"},{"taxonomy":"post_tag","embeddable":true,"href":"https:\/\/msconectado.com.br\/index.php?rest_route=%2Fwp%2Fv2%2Ftags&post=20773"}],"curies":[{"name":"wp","href":"https:\/\/api.w.org\/{rel}","templated":true}]}}