{"id":20776,"date":"2023-12-28T23:22:01","date_gmt":"2023-12-28T23:22:01","guid":{"rendered":"https:\/\/msconectado.com.br\/?p=20776"},"modified":"2023-12-28T23:22:02","modified_gmt":"2023-12-28T23:22:02","slug":"1o-concurso-de-redacao-da-escola-do-legislativo-tem-40-redacoes-na-etapa-final-2","status":"publish","type":"post","link":"https:\/\/msconectado.com.br\/?p=20776","title":{"rendered":"1\u00ba Concurso de Reda\u00e7\u00e3o da Escola do Legislativo tem 40 reda\u00e7\u00f5es na etapa final"},"content":{"rendered":"\n<p>A comiss\u00e3o avaliadora do 1\u00ba&nbsp;Concurso Estadual de Reda\u00e7\u00e3o da Escola do Legislativo, da Assembleia Legislativa de Mato Grosso do Sul (ALEMS)&nbsp;selecionou 40&nbsp;das 106 reda\u00e7\u00f5es inscritas. Agora, a comiss\u00e3o julgadora definir\u00e1 os tr\u00eas primeiros colocados a serem divulgados na premia\u00e7\u00e3o que acontece no dia 12 de dezembro, \u00e0s 13h30. \u201cTivemos a participa\u00e7\u00e3o de cerca de 200 escolas, de 62 munic\u00edpios do Estado. Destas, 106 enviaram reda\u00e7\u00f5es que passaram pelo crivo de uma comiss\u00e3o composta por servidores da Secretaria Estadual de Educa\u00e7\u00e3o. Agora, outra comiss\u00e3o julgar\u00e1 os melhores textos e os vencedores s\u00f3 ser\u00e3o divulgados no dia da premia\u00e7\u00e3o\u201d, explicou a presidente da Escola do Legislativo, deputada estadual Mara Caseiro (PSDB).<\/p>\n\n\n\n<p>Lan\u00e7ado no dia 29 de agosto, o concurso abriu as inscri\u00e7\u00f5es no dia 13 de setembro, alcan\u00e7ando aproximadamente 47 mil alunos do Ensino M\u00e9dio de Mato Grosso do Sul. Com o tema voltado para a cidadania, alinhado aos 17 Objetivos de Desenvolvimento Sustent\u00e1vel (ODS) propostos pela Organiza\u00e7\u00e3o das Na\u00e7\u00f5es Unidas (ONU), o concurso teve como principal objetivo&nbsp;o est\u00edmulo dos alunos \u00e0 pr\u00e1tica da escrita, \u00e0 promo\u00e7\u00e3o da leitura, bem como \u00e0 reflex\u00e3o cr\u00edtica sobre assuntos atuais.<\/p>\n\n\n\n<p>\u201cTivemos uma boa repercuss\u00e3o entre os alunos e professores a respeito dos objetivos propostos pela Agenda 2030 da ONU. S\u00e3o temas relevantes e necess\u00e1rios para a nossa sociedade\u201d, afirmou a deputada.&nbsp;Ainda conforme ela, inicialmente seriam 30 reda\u00e7\u00f5es selecionadas nessa etapa do concurso, mas devido \u00e0 detalhes, a comiss\u00e3o decidiu selecionar 40. \u201cOs detalhes eram insignificantes entre as reda\u00e7\u00f5es, o que permitiu o aumento de mais dez reda\u00e7\u00f5es selecionadas para a fase final, onde a comiss\u00e3o julgadora definir\u00e1 os 24 primeiros colocados\u201d, informou Mara Caseiro.<\/p>\n\n\n\n<p><strong>Final do Concurso<\/strong><\/p>\n\n\n\n<p>As 40 reda\u00e7\u00f5es selecionadas s\u00e3o de escolas de 13 munic\u00edpios de Mato Grosso do Sul. Confira:<\/p>\n\n\n\n<p>Campo Grande: Centro Estadual de Educa\u00e7\u00e3o Profissional Padre Jo\u00e3o Greiner; Col\u00e9gio e Curso Almirante Tamandar\u00e9; Col\u00e9gio Harmonia; Col\u00e9gio Nossa Senhora Auxiliadora; Col\u00e9gio Nota 10 Unidade Gar\u00e7as; Elite Mace; Escola Estadual Professor Alberto Elp\u00eddio Ferreira Dias; Escola Estadual 26 de Agosto; Escola Estadual Amando de Oliveira; Escola Estadual Aracy Eudociak; Escola Estadual General Malan; Escola Estadual Luisa Vidal Borges Daniel; Escola Estadual Manoel Bonif\u00e1cio Nunes da Cunha; Escola Estadual Maria Constan\u00e7a Barros Machado; Escola Estadual Padre M\u00e1rio Blandino; Escola Estadual Professora Clarinda Mendes de Aquino; Escola Estadual Emygdio Campos Widal; Escola Estadual Professor Severino de Queiroz; Escola Estadual Professor Silvio Oliveira dos Santos; Escola Estadual Rui Barbosa; Escola Estadual Vespaziano Martins; Instituto Federal e Maestria.<\/p>\n\n\n\n<p>Caarap\u00f3: Escola Estadual Joaquim Alfredo Soares Viana.<\/p>\n\n\n\n<p>Caracol: Escola Estadual Dr. Rubens de Castro Pinto.<\/p>\n\n\n\n<p>Dourados: Escola Estadual Presidente Vargas; Nota 10 Internacional; Escola Estadual Antonia da Silv\u00e9ria Capil\u00e9 e Escola Estadual Rita Angelina Barbosa Silveira.<\/p>\n\n\n\n<p>F\u00e1tima do Sul: Escola Estadual Senador Filinto Muller.<\/p>\n\n\n\n<p>Gl\u00f3ria de Dourados: Escola Estadual Professora Eufrosina Pinto.<\/p>\n\n\n\n<p>Nova Alvorada do Sul: Escola Delfina Nogueira de Souza.<\/p>\n\n\n\n<p>Ponta Por\u00e3: Escola Magsul.<\/p>\n\n\n\n<p>S\u00e3o Gabriel d\u00b4Oeste: Funda\u00e7\u00e3o Educacional Cristo Rei.<\/p>\n\n\n\n<p>Tr\u00eas Lagoas: Anglo Tr\u00eas Lagoas.<\/p>\n\n\n\n<p>Aparecida do Taboado: Escola Estadual Ernesto Rodrigues.<\/p>\n\n\n\n<p>Aquidauana: Centro de Educa\u00e7\u00e3o Profissional Geraldo Af. Garcia Ferreira, Escola Estadual Jos\u00e9 Alves Ribeiro e Escola Estadual Marly Russo Rodrigues.<\/p>\n\n\n\n<p>Bela Vista: Escola Estadual Ester Silva.<\/p>\n\n\n\n<p><strong>Apoio<\/strong><\/p>\n\n\n\n<p>\u201cAgrade\u00e7o o apoio do presidente da Casa de Leis, deputado estadual Gerson Claro (PP) e das institui\u00e7\u00f5es que abra\u00e7aram nossa proposta em favor da educa\u00e7\u00e3o do nosso Estado\u201d, disse Mara Caseiro.&nbsp;S\u00e3o parceiras do concurso as seguintes institui\u00e7\u00f5es: Secretaria de Estado de Educa\u00e7\u00e3o; Energisa; Academia Sul-Mato-Grossense de Letras (ASL); Universidade Cat\u00f3lica Dom Bosco (UCDB); Universidade Estadual de Mato Grosso do Sul (UEMS); Conselho Estadual de Educa\u00e7\u00e3o; Associa\u00e7\u00e3o dos Munic\u00edpios de Mato Grosso do Sul (ASSOMASUL); Funda\u00e7\u00e3o de Desenvolvimento e Apoio \u00e0 Educa\u00e7\u00e3o B\u00e1sica do Estado (FADEB-MS); Uni\u00e3o das C\u00e2maras de Vereadores do Estado de Mato Grosso do Sul (UCV-MS) e Sindicato dos Estabelecimentos de Ensino de Mato Grosso do Sul (SINEPE-MS).<\/p>\n\n\n\n<p><strong>Premia\u00e7\u00e3o<\/strong><\/p>\n\n\n\n<p>A divulga\u00e7\u00e3o dos primeiros colocados, bem como a premia\u00e7\u00e3o dos 24 alunos e escolas vencedoras do concurso acontece no dia 12 de dezembro, \u00e0s 13h30, no plen\u00e1rio J\u00falio Maia da Assembleia Legislativa de Mato Grosso do Sul.<\/p>\n\n\n\n<p>Os alunos classificados de primeiro a terceiro lugar receber\u00e3o a seguinte premia\u00e7\u00e3o: 1\u00ba lugar: certificado de participa\u00e7\u00e3o, um celular e um kindle; 2\u00ba lugar: certificado de participa\u00e7\u00e3o, um notebook e um kindle; 3\u00ba lugar: certificado de participa\u00e7\u00e3o, um tablet e um kindle; alunos at\u00e9 o 30\u00ba lugar tamb\u00e9m receber\u00e3o o kindle, al\u00e9m do certificado com m\u00e9rito legislativo.<\/p>\n\n\n\n<p>As escolas vencedoras receber\u00e3o os pr\u00eamios: 1\u00ba lugar: certificado de participa\u00e7\u00e3o e R$ 10 mil; 2\u00ba lugar: certificado de participa\u00e7\u00e3o e R$ 7 mil e 3\u00ba lugar: certificado de participa\u00e7\u00e3o e R$ 5 mil.<\/p>\n\n\n\n<p>ALEMS<\/p>\n\n\n\n<p><strong>Por:<\/strong>&nbsp;Tavane Ferraresi&nbsp;&nbsp;&nbsp;<strong>Foto:<\/strong>&nbsp;Luciana Nassar\/Arquivo ALEMS<\/p>\n","protected":false},"excerpt":{"rendered":"<p>A comiss\u00e3o avaliadora do 1\u00ba&nbsp;Concurso Estadual de Reda\u00e7\u00e3o da Escola do Legislativo, da Assembleia Legislativa de Mato Grosso do Sul (ALEMS)&nbsp;selecionou 40&nbsp;das 106 reda\u00e7\u00f5es inscritas. Agora, a comiss\u00e3o julgadora definir\u00e1 os tr\u00eas primeiros colocados a serem divulgados na premia\u00e7\u00e3o que acontece no dia 12 de dezembro, \u00e0s 13h30. \u201cTivemos a participa\u00e7\u00e3o de cerca de 200 [&hellip;]<\/p>\n","protected":false},"author":3,"featured_media":20777,"comment_status":"open","ping_status":"closed","sticky":false,"template":"","format":"standard","meta":{"footnotes":""},"categories":[38,1],"tags":[],"class_list":["post-20776","post","type-post","status-publish","format-standard","has-post-thumbnail","hentry","category-assembleia-legislativa","category-noticia"],"yoast_head":"<!-- This site is optimized with the Yoast SEO plugin v27.5 - https:\/\/yoast.com\/product\/yoast-seo-wordpress\/ -->\n<title>1\u00ba Concurso de Reda\u00e7\u00e3o da Escola do Legislativo tem 40 reda\u00e7\u00f5es na etapa final - MsConectado<\/title>\n<meta name=\"robots\" content=\"index, follow, max-snippet:-1, max-image-preview:large, max-video-preview:-1\" \/>\n<link rel=\"canonical\" href=\"https:\/\/msconectado.com.br\/?p=20776\" \/>\n<meta property=\"og:locale\" content=\"pt_BR\" \/>\n<meta property=\"og:type\" content=\"article\" \/>\n<meta property=\"og:title\" content=\"1\u00ba Concurso de Reda\u00e7\u00e3o da Escola do Legislativo tem 40 reda\u00e7\u00f5es na etapa final - MsConectado\" \/>\n<meta property=\"og:description\" content=\"A comiss\u00e3o avaliadora do 1\u00ba&nbsp;Concurso Estadual de Reda\u00e7\u00e3o da Escola do Legislativo, da Assembleia Legislativa de Mato Grosso do Sul (ALEMS)&nbsp;selecionou 40&nbsp;das 106 reda\u00e7\u00f5es inscritas. Agora, a comiss\u00e3o julgadora definir\u00e1 os tr\u00eas primeiros colocados a serem divulgados na premia\u00e7\u00e3o que acontece no dia 12 de dezembro, \u00e0s 13h30. \u201cTivemos a participa\u00e7\u00e3o de cerca de 200 [&hellip;]\" \/>\n<meta property=\"og:url\" content=\"https:\/\/msconectado.com.br\/?p=20776\" \/>\n<meta property=\"og:site_name\" content=\"MsConectado\" \/>\n<meta property=\"article:published_time\" content=\"2023-12-28T23:22:01+00:00\" \/>\n<meta property=\"article:modified_time\" content=\"2023-12-28T23:22:02+00:00\" \/>\n<meta property=\"og:image\" content=\"https:\/\/msconectado.com.br\/wp-content\/uploads\/2023\/12\/IMG_8265-4.jpg\" \/>\n\t<meta property=\"og:image:width\" content=\"740\" \/>\n\t<meta property=\"og:image:height\" content=\"493\" \/>\n\t<meta property=\"og:image:type\" content=\"image\/jpeg\" \/>\n<meta name=\"author\" content=\"Jeferson\" \/>\n<meta name=\"twitter:card\" content=\"summary_large_image\" \/>\n<meta name=\"twitter:label1\" content=\"Escrito por\" \/>\n\t<meta name=\"twitter:data1\" content=\"Jeferson\" \/>\n\t<meta name=\"twitter:label2\" content=\"Est. tempo de leitura\" \/>\n\t<meta name=\"twitter:data2\" content=\"4 minutos\" \/>\n<script type=\"application\/ld+json\" class=\"yoast-schema-graph\">{\"@context\":\"https:\\\/\\\/schema.org\",\"@graph\":[{\"@type\":\"Article\",\"@id\":\"https:\\\/\\\/msconectado.com.br\\\/?p=20776#article\",\"isPartOf\":{\"@id\":\"https:\\\/\\\/msconectado.com.br\\\/?p=20776\"},\"author\":{\"name\":\"Jeferson\",\"@id\":\"https:\\\/\\\/msconectado.com.br\\\/#\\\/schema\\\/person\\\/feb123a95a93eebea36f0ed6a2e5ba48\"},\"headline\":\"1\u00ba Concurso de Reda\u00e7\u00e3o da Escola do Legislativo tem 40 reda\u00e7\u00f5es na etapa final\",\"datePublished\":\"2023-12-28T23:22:01+00:00\",\"dateModified\":\"2023-12-28T23:22:02+00:00\",\"mainEntityOfPage\":{\"@id\":\"https:\\\/\\\/msconectado.com.br\\\/?p=20776\"},\"wordCount\":847,\"commentCount\":0,\"publisher\":{\"@id\":\"https:\\\/\\\/msconectado.com.br\\\/#organization\"},\"image\":{\"@id\":\"https:\\\/\\\/msconectado.com.br\\\/?p=20776#primaryimage\"},\"thumbnailUrl\":\"https:\\\/\\\/msconectado.com.br\\\/wp-content\\\/uploads\\\/2023\\\/12\\\/IMG_8265-4.jpg\",\"articleSection\":[\"Assembleia Legislativa\",\"Not\u00edcia\"],\"inLanguage\":\"pt-BR\",\"potentialAction\":[{\"@type\":\"CommentAction\",\"name\":\"Comment\",\"target\":[\"https:\\\/\\\/msconectado.com.br\\\/?p=20776#respond\"]}]},{\"@type\":\"WebPage\",\"@id\":\"https:\\\/\\\/msconectado.com.br\\\/?p=20776\",\"url\":\"https:\\\/\\\/msconectado.com.br\\\/?p=20776\",\"name\":\"1\u00ba Concurso de Reda\u00e7\u00e3o da Escola do Legislativo tem 40 reda\u00e7\u00f5es na etapa final - MsConectado\",\"isPartOf\":{\"@id\":\"https:\\\/\\\/msconectado.com.br\\\/#website\"},\"primaryImageOfPage\":{\"@id\":\"https:\\\/\\\/msconectado.com.br\\\/?p=20776#primaryimage\"},\"image\":{\"@id\":\"https:\\\/\\\/msconectado.com.br\\\/?p=20776#primaryimage\"},\"thumbnailUrl\":\"https:\\\/\\\/msconectado.com.br\\\/wp-content\\\/uploads\\\/2023\\\/12\\\/IMG_8265-4.jpg\",\"datePublished\":\"2023-12-28T23:22:01+00:00\",\"dateModified\":\"2023-12-28T23:22:02+00:00\",\"breadcrumb\":{\"@id\":\"https:\\\/\\\/msconectado.com.br\\\/?p=20776#breadcrumb\"},\"inLanguage\":\"pt-BR\",\"potentialAction\":[{\"@type\":\"ReadAction\",\"target\":[\"https:\\\/\\\/msconectado.com.br\\\/?p=20776\"]}]},{\"@type\":\"ImageObject\",\"inLanguage\":\"pt-BR\",\"@id\":\"https:\\\/\\\/msconectado.com.br\\\/?p=20776#primaryimage\",\"url\":\"https:\\\/\\\/msconectado.com.br\\\/wp-content\\\/uploads\\\/2023\\\/12\\\/IMG_8265-4.jpg\",\"contentUrl\":\"https:\\\/\\\/msconectado.com.br\\\/wp-content\\\/uploads\\\/2023\\\/12\\\/IMG_8265-4.jpg\",\"width\":740,\"height\":493},{\"@type\":\"BreadcrumbList\",\"@id\":\"https:\\\/\\\/msconectado.com.br\\\/?p=20776#breadcrumb\",\"itemListElement\":[{\"@type\":\"ListItem\",\"position\":1,\"name\":\"In\u00edcio\",\"item\":\"https:\\\/\\\/msconectado.com.br\\\/?page_id=105\"},{\"@type\":\"ListItem\",\"position\":2,\"name\":\"1\u00ba Concurso de Reda\u00e7\u00e3o da Escola do Legislativo tem 40 reda\u00e7\u00f5es na etapa final\"}]},{\"@type\":\"WebSite\",\"@id\":\"https:\\\/\\\/msconectado.com.br\\\/#website\",\"url\":\"https:\\\/\\\/msconectado.com.br\\\/\",\"name\":\"MsConectado\",\"description\":\"Voc\u00ea Conectado com a Not\u00edcia!\",\"publisher\":{\"@id\":\"https:\\\/\\\/msconectado.com.br\\\/#organization\"},\"potentialAction\":[{\"@type\":\"SearchAction\",\"target\":{\"@type\":\"EntryPoint\",\"urlTemplate\":\"https:\\\/\\\/msconectado.com.br\\\/?s={search_term_string}\"},\"query-input\":{\"@type\":\"PropertyValueSpecification\",\"valueRequired\":true,\"valueName\":\"search_term_string\"}}],\"inLanguage\":\"pt-BR\"},{\"@type\":\"Organization\",\"@id\":\"https:\\\/\\\/msconectado.com.br\\\/#organization\",\"name\":\"MsConectado\",\"url\":\"https:\\\/\\\/msconectado.com.br\\\/\",\"logo\":{\"@type\":\"ImageObject\",\"inLanguage\":\"pt-BR\",\"@id\":\"https:\\\/\\\/msconectado.com.br\\\/#\\\/schema\\\/logo\\\/image\\\/\",\"url\":\"https:\\\/\\\/msconectado.com.br\\\/wp-content\\\/uploads\\\/2023\\\/01\\\/cropped-noticia-2.png\",\"contentUrl\":\"https:\\\/\\\/msconectado.com.br\\\/wp-content\\\/uploads\\\/2023\\\/01\\\/cropped-noticia-2.png\",\"width\":720,\"height\":157,\"caption\":\"MsConectado\"},\"image\":{\"@id\":\"https:\\\/\\\/msconectado.com.br\\\/#\\\/schema\\\/logo\\\/image\\\/\"}},{\"@type\":\"Person\",\"@id\":\"https:\\\/\\\/msconectado.com.br\\\/#\\\/schema\\\/person\\\/feb123a95a93eebea36f0ed6a2e5ba48\",\"name\":\"Jeferson\",\"image\":{\"@type\":\"ImageObject\",\"inLanguage\":\"pt-BR\",\"@id\":\"https:\\\/\\\/secure.gravatar.com\\\/avatar\\\/e23e8901c88f0cdc0ad479ef7a39bf3e4c806344549c087c00b721a65549a328?s=96&d=mm&r=g\",\"url\":\"https:\\\/\\\/secure.gravatar.com\\\/avatar\\\/e23e8901c88f0cdc0ad479ef7a39bf3e4c806344549c087c00b721a65549a328?s=96&d=mm&r=g\",\"contentUrl\":\"https:\\\/\\\/secure.gravatar.com\\\/avatar\\\/e23e8901c88f0cdc0ad479ef7a39bf3e4c806344549c087c00b721a65549a328?s=96&d=mm&r=g\",\"caption\":\"Jeferson\"},\"url\":\"https:\\\/\\\/msconectado.com.br\\\/?author=3\"}]}<\/script>\n<!-- \/ Yoast SEO plugin. -->","yoast_head_json":{"title":"1\u00ba Concurso de Reda\u00e7\u00e3o da Escola do Legislativo tem 40 reda\u00e7\u00f5es na etapa final - MsConectado","robots":{"index":"index","follow":"follow","max-snippet":"max-snippet:-1","max-image-preview":"max-image-preview:large","max-video-preview":"max-video-preview:-1"},"canonical":"https:\/\/msconectado.com.br\/?p=20776","og_locale":"pt_BR","og_type":"article","og_title":"1\u00ba Concurso de Reda\u00e7\u00e3o da Escola do Legislativo tem 40 reda\u00e7\u00f5es na etapa final - MsConectado","og_description":"A comiss\u00e3o avaliadora do 1\u00ba&nbsp;Concurso Estadual de Reda\u00e7\u00e3o da Escola do Legislativo, da Assembleia Legislativa de Mato Grosso do Sul (ALEMS)&nbsp;selecionou 40&nbsp;das 106 reda\u00e7\u00f5es inscritas. Agora, a comiss\u00e3o julgadora definir\u00e1 os tr\u00eas primeiros colocados a serem divulgados na premia\u00e7\u00e3o que acontece no dia 12 de dezembro, \u00e0s 13h30. \u201cTivemos a participa\u00e7\u00e3o de cerca de 200 [&hellip;]","og_url":"https:\/\/msconectado.com.br\/?p=20776","og_site_name":"MsConectado","article_published_time":"2023-12-28T23:22:01+00:00","article_modified_time":"2023-12-28T23:22:02+00:00","og_image":[{"width":740,"height":493,"url":"https:\/\/msconectado.com.br\/wp-content\/uploads\/2023\/12\/IMG_8265-4.jpg","type":"image\/jpeg"}],"author":"Jeferson","twitter_card":"summary_large_image","twitter_misc":{"Escrito por":"Jeferson","Est. tempo de leitura":"4 minutos"},"schema":{"@context":"https:\/\/schema.org","@graph":[{"@type":"Article","@id":"https:\/\/msconectado.com.br\/?p=20776#article","isPartOf":{"@id":"https:\/\/msconectado.com.br\/?p=20776"},"author":{"name":"Jeferson","@id":"https:\/\/msconectado.com.br\/#\/schema\/person\/feb123a95a93eebea36f0ed6a2e5ba48"},"headline":"1\u00ba Concurso de Reda\u00e7\u00e3o da Escola do Legislativo tem 40 reda\u00e7\u00f5es na etapa final","datePublished":"2023-12-28T23:22:01+00:00","dateModified":"2023-12-28T23:22:02+00:00","mainEntityOfPage":{"@id":"https:\/\/msconectado.com.br\/?p=20776"},"wordCount":847,"commentCount":0,"publisher":{"@id":"https:\/\/msconectado.com.br\/#organization"},"image":{"@id":"https:\/\/msconectado.com.br\/?p=20776#primaryimage"},"thumbnailUrl":"https:\/\/msconectado.com.br\/wp-content\/uploads\/2023\/12\/IMG_8265-4.jpg","articleSection":["Assembleia Legislativa","Not\u00edcia"],"inLanguage":"pt-BR","potentialAction":[{"@type":"CommentAction","name":"Comment","target":["https:\/\/msconectado.com.br\/?p=20776#respond"]}]},{"@type":"WebPage","@id":"https:\/\/msconectado.com.br\/?p=20776","url":"https:\/\/msconectado.com.br\/?p=20776","name":"1\u00ba Concurso de Reda\u00e7\u00e3o da Escola do Legislativo tem 40 reda\u00e7\u00f5es na etapa final - MsConectado","isPartOf":{"@id":"https:\/\/msconectado.com.br\/#website"},"primaryImageOfPage":{"@id":"https:\/\/msconectado.com.br\/?p=20776#primaryimage"},"image":{"@id":"https:\/\/msconectado.com.br\/?p=20776#primaryimage"},"thumbnailUrl":"https:\/\/msconectado.com.br\/wp-content\/uploads\/2023\/12\/IMG_8265-4.jpg","datePublished":"2023-12-28T23:22:01+00:00","dateModified":"2023-12-28T23:22:02+00:00","breadcrumb":{"@id":"https:\/\/msconectado.com.br\/?p=20776#breadcrumb"},"inLanguage":"pt-BR","potentialAction":[{"@type":"ReadAction","target":["https:\/\/msconectado.com.br\/?p=20776"]}]},{"@type":"ImageObject","inLanguage":"pt-BR","@id":"https:\/\/msconectado.com.br\/?p=20776#primaryimage","url":"https:\/\/msconectado.com.br\/wp-content\/uploads\/2023\/12\/IMG_8265-4.jpg","contentUrl":"https:\/\/msconectado.com.br\/wp-content\/uploads\/2023\/12\/IMG_8265-4.jpg","width":740,"height":493},{"@type":"BreadcrumbList","@id":"https:\/\/msconectado.com.br\/?p=20776#breadcrumb","itemListElement":[{"@type":"ListItem","position":1,"name":"In\u00edcio","item":"https:\/\/msconectado.com.br\/?page_id=105"},{"@type":"ListItem","position":2,"name":"1\u00ba Concurso de Reda\u00e7\u00e3o da Escola do Legislativo tem 40 reda\u00e7\u00f5es na etapa final"}]},{"@type":"WebSite","@id":"https:\/\/msconectado.com.br\/#website","url":"https:\/\/msconectado.com.br\/","name":"MsConectado","description":"Voc\u00ea Conectado com a Not\u00edcia!","publisher":{"@id":"https:\/\/msconectado.com.br\/#organization"},"potentialAction":[{"@type":"SearchAction","target":{"@type":"EntryPoint","urlTemplate":"https:\/\/msconectado.com.br\/?s={search_term_string}"},"query-input":{"@type":"PropertyValueSpecification","valueRequired":true,"valueName":"search_term_string"}}],"inLanguage":"pt-BR"},{"@type":"Organization","@id":"https:\/\/msconectado.com.br\/#organization","name":"MsConectado","url":"https:\/\/msconectado.com.br\/","logo":{"@type":"ImageObject","inLanguage":"pt-BR","@id":"https:\/\/msconectado.com.br\/#\/schema\/logo\/image\/","url":"https:\/\/msconectado.com.br\/wp-content\/uploads\/2023\/01\/cropped-noticia-2.png","contentUrl":"https:\/\/msconectado.com.br\/wp-content\/uploads\/2023\/01\/cropped-noticia-2.png","width":720,"height":157,"caption":"MsConectado"},"image":{"@id":"https:\/\/msconectado.com.br\/#\/schema\/logo\/image\/"}},{"@type":"Person","@id":"https:\/\/msconectado.com.br\/#\/schema\/person\/feb123a95a93eebea36f0ed6a2e5ba48","name":"Jeferson","image":{"@type":"ImageObject","inLanguage":"pt-BR","@id":"https:\/\/secure.gravatar.com\/avatar\/e23e8901c88f0cdc0ad479ef7a39bf3e4c806344549c087c00b721a65549a328?s=96&d=mm&r=g","url":"https:\/\/secure.gravatar.com\/avatar\/e23e8901c88f0cdc0ad479ef7a39bf3e4c806344549c087c00b721a65549a328?s=96&d=mm&r=g","contentUrl":"https:\/\/secure.gravatar.com\/avatar\/e23e8901c88f0cdc0ad479ef7a39bf3e4c806344549c087c00b721a65549a328?s=96&d=mm&r=g","caption":"Jeferson"},"url":"https:\/\/msconectado.com.br\/?author=3"}]}},"_links":{"self":[{"href":"https:\/\/msconectado.com.br\/index.php?rest_route=\/wp\/v2\/posts\/20776","targetHints":{"allow":["GET"]}}],"collection":[{"href":"https:\/\/msconectado.com.br\/index.php?rest_route=\/wp\/v2\/posts"}],"about":[{"href":"https:\/\/msconectado.com.br\/index.php?rest_route=\/wp\/v2\/types\/post"}],"author":[{"embeddable":true,"href":"https:\/\/msconectado.com.br\/index.php?rest_route=\/wp\/v2\/users\/3"}],"replies":[{"embeddable":true,"href":"https:\/\/msconectado.com.br\/index.php?rest_route=%2Fwp%2Fv2%2Fcomments&post=20776"}],"version-history":[{"count":1,"href":"https:\/\/msconectado.com.br\/index.php?rest_route=\/wp\/v2\/posts\/20776\/revisions"}],"predecessor-version":[{"id":20778,"href":"https:\/\/msconectado.com.br\/index.php?rest_route=\/wp\/v2\/posts\/20776\/revisions\/20778"}],"wp:featuredmedia":[{"embeddable":true,"href":"https:\/\/msconectado.com.br\/index.php?rest_route=\/wp\/v2\/media\/20777"}],"wp:attachment":[{"href":"https:\/\/msconectado.com.br\/index.php?rest_route=%2Fwp%2Fv2%2Fmedia&parent=20776"}],"wp:term":[{"taxonomy":"category","embeddable":true,"href":"https:\/\/msconectado.com.br\/index.php?rest_route=%2Fwp%2Fv2%2Fcategories&post=20776"},{"taxonomy":"post_tag","embeddable":true,"href":"https:\/\/msconectado.com.br\/index.php?rest_route=%2Fwp%2Fv2%2Ftags&post=20776"}],"curies":[{"name":"wp","href":"https:\/\/api.w.org\/{rel}","templated":true}]}}