{"id":20779,"date":"2023-12-28T23:27:51","date_gmt":"2023-12-28T23:27:51","guid":{"rendered":"https:\/\/msconectado.com.br\/?p=20779"},"modified":"2023-12-28T23:27:53","modified_gmt":"2023-12-28T23:27:53","slug":"presidente-da-alems-assume-governo-de-ms-ate-dia-2","status":"publish","type":"post","link":"https:\/\/msconectado.com.br\/?p=20779","title":{"rendered":"Presidente da ALEMS assume Governo de MS at\u00e9 dia 2"},"content":{"rendered":"\n<p>O presidente da Assembleia Legislativa de Mato Grosso do Sul (ALEMS), deputado estadual Gerson Claro (PP), assumiu nesta ter\u00e7a-feira (26) o comando do Governo do Estado e estar\u00e1 \u00e0 frente do Poder Executivo at\u00e9 dia 2 de janeiro.<\/p>\n\n\n\n<p>Durante o per\u00edodo, o governador Eduardo Riedel (PSDB)&nbsp;e o vice, Barbosinha (PP),&nbsp;estar\u00e3o em recesso. &#8220;Um breve per\u00edodo, mas com muita honra e responsabilidade para com a popula\u00e7\u00e3o sul-mato-grossense. Estou comprometido em servir e contribuir da melhor forma poss\u00edvel&#8221;, afirmou Gerson Claro.<\/p>\n\n\n\n<p>Eduardo Riedel demonstrou estar tranquilo. &#8220;O Estado n\u00e3o para nunca e tenho absoluta confian\u00e7a de que o presidente Gerson estar\u00e1 \u00e0 frente do Estado com muita responsabilidade&#8221;, ressaltou o governador licenciado.&nbsp;<\/p>\n\n\n\n<p>No \u00faltimo dia 14 de dezembro, foi publicado no&nbsp;Di\u00e1rio Oficial da Casa de Leis o&nbsp;<a href=\"https:\/\/diariooficial.al.ms.gov.br\/DiarioOficial\/DownloadPdf?q=G50BXhf0trocaAdi0vRNudk36lHTA==\" target=\"_blank\" rel=\"noreferrer noopener\">Decreto Legislativo 782\/2023<\/a>&nbsp;(p\u00e1gina 3) que autorizou&nbsp;o governador Eduardo Riedel a licenciar-se do exerc\u00edcio de suas fun\u00e7\u00f5es, a t\u00edtulo&nbsp;de recesso, de 26 de dezembro de 2023 a 14 de janeiro de 2024, per\u00edodo em que poder\u00e1 se ausentar do Estado e tamb\u00e9m do Pa\u00eds.<\/p>\n\n\n\n<p>De acordo com a publica\u00e7\u00e3o,\u00a0durante o per\u00edodo de aus\u00eancia do governador, a chefia do Poder Executivo ser\u00e1 exercida pelo presidente da Assembleia Legislativa, Gerson Claro. A situa\u00e7\u00e3o \u00e9 prevista em virtude do vice-governador Barbosinha ter informado que estar\u00e1 ausente do Estado nas datas. J\u00e1 no per\u00edodo de 2 a 14 de janeiro de 2024\u00a0a fun\u00e7\u00e3o ser\u00e1 desempenhada pelo vice-governador, nos termos do artigo 86 da Constitui\u00e7\u00e3o Estadual.<\/p>\n\n\n\n<p>ALEMS<\/p>\n\n\n\n<p><\/p>\n","protected":false},"excerpt":{"rendered":"<p>O presidente da Assembleia Legislativa de Mato Grosso do Sul (ALEMS), deputado estadual Gerson Claro (PP), assumiu nesta ter\u00e7a-feira (26) o comando do Governo do Estado e estar\u00e1 \u00e0 frente do Poder Executivo at\u00e9 dia 2 de janeiro. Durante o per\u00edodo, o governador Eduardo Riedel (PSDB)&nbsp;e o vice, Barbosinha (PP),&nbsp;estar\u00e3o em recesso. &#8220;Um breve per\u00edodo, [&hellip;]<\/p>\n","protected":false},"author":3,"featured_media":20780,"comment_status":"open","ping_status":"closed","sticky":false,"template":"","format":"standard","meta":{"footnotes":""},"categories":[1],"tags":[],"class_list":["post-20779","post","type-post","status-publish","format-standard","has-post-thumbnail","hentry","category-noticia"],"yoast_head":"<!-- This site is optimized with the Yoast SEO plugin v27.5 - https:\/\/yoast.com\/product\/yoast-seo-wordpress\/ -->\n<title>Presidente da ALEMS assume Governo de MS at\u00e9 dia 2 - MsConectado<\/title>\n<meta name=\"robots\" content=\"index, follow, max-snippet:-1, max-image-preview:large, max-video-preview:-1\" \/>\n<link rel=\"canonical\" href=\"https:\/\/msconectado.com.br\/?p=20779\" \/>\n<meta property=\"og:locale\" content=\"pt_BR\" \/>\n<meta property=\"og:type\" content=\"article\" \/>\n<meta property=\"og:title\" content=\"Presidente da ALEMS assume Governo de MS at\u00e9 dia 2 - MsConectado\" \/>\n<meta property=\"og:description\" content=\"O presidente da Assembleia Legislativa de Mato Grosso do Sul (ALEMS), deputado estadual Gerson Claro (PP), assumiu nesta ter\u00e7a-feira (26) o comando do Governo do Estado e estar\u00e1 \u00e0 frente do Poder Executivo at\u00e9 dia 2 de janeiro. Durante o per\u00edodo, o governador Eduardo Riedel (PSDB)&nbsp;e o vice, Barbosinha (PP),&nbsp;estar\u00e3o em recesso. &#8220;Um breve per\u00edodo, [&hellip;]\" \/>\n<meta property=\"og:url\" content=\"https:\/\/msconectado.com.br\/?p=20779\" \/>\n<meta property=\"og:site_name\" content=\"MsConectado\" \/>\n<meta property=\"article:published_time\" content=\"2023-12-28T23:27:51+00:00\" \/>\n<meta property=\"article:modified_time\" content=\"2023-12-28T23:27:53+00:00\" \/>\n<meta property=\"og:image\" content=\"https:\/\/msconectado.com.br\/wp-content\/uploads\/2023\/12\/b0a333df-d80b-4623-9f15-7e4490a8c760-1.jpg\" \/>\n\t<meta property=\"og:image:width\" content=\"740\" \/>\n\t<meta property=\"og:image:height\" content=\"493\" \/>\n\t<meta property=\"og:image:type\" content=\"image\/jpeg\" \/>\n<meta name=\"author\" content=\"Jeferson\" \/>\n<meta name=\"twitter:card\" content=\"summary_large_image\" \/>\n<meta name=\"twitter:label1\" content=\"Escrito por\" \/>\n\t<meta name=\"twitter:data1\" content=\"Jeferson\" \/>\n\t<meta name=\"twitter:label2\" content=\"Est. tempo de leitura\" \/>\n\t<meta name=\"twitter:data2\" content=\"1 minuto\" \/>\n<script type=\"application\/ld+json\" class=\"yoast-schema-graph\">{\"@context\":\"https:\\\/\\\/schema.org\",\"@graph\":[{\"@type\":\"Article\",\"@id\":\"https:\\\/\\\/msconectado.com.br\\\/?p=20779#article\",\"isPartOf\":{\"@id\":\"https:\\\/\\\/msconectado.com.br\\\/?p=20779\"},\"author\":{\"name\":\"Jeferson\",\"@id\":\"https:\\\/\\\/msconectado.com.br\\\/#\\\/schema\\\/person\\\/feb123a95a93eebea36f0ed6a2e5ba48\"},\"headline\":\"Presidente da ALEMS assume Governo de MS at\u00e9 dia 2\",\"datePublished\":\"2023-12-28T23:27:51+00:00\",\"dateModified\":\"2023-12-28T23:27:53+00:00\",\"mainEntityOfPage\":{\"@id\":\"https:\\\/\\\/msconectado.com.br\\\/?p=20779\"},\"wordCount\":268,\"commentCount\":0,\"publisher\":{\"@id\":\"https:\\\/\\\/msconectado.com.br\\\/#organization\"},\"image\":{\"@id\":\"https:\\\/\\\/msconectado.com.br\\\/?p=20779#primaryimage\"},\"thumbnailUrl\":\"https:\\\/\\\/msconectado.com.br\\\/wp-content\\\/uploads\\\/2023\\\/12\\\/b0a333df-d80b-4623-9f15-7e4490a8c760-1.jpg\",\"articleSection\":[\"Not\u00edcia\"],\"inLanguage\":\"pt-BR\",\"potentialAction\":[{\"@type\":\"CommentAction\",\"name\":\"Comment\",\"target\":[\"https:\\\/\\\/msconectado.com.br\\\/?p=20779#respond\"]}]},{\"@type\":\"WebPage\",\"@id\":\"https:\\\/\\\/msconectado.com.br\\\/?p=20779\",\"url\":\"https:\\\/\\\/msconectado.com.br\\\/?p=20779\",\"name\":\"Presidente da ALEMS assume Governo de MS at\u00e9 dia 2 - MsConectado\",\"isPartOf\":{\"@id\":\"https:\\\/\\\/msconectado.com.br\\\/#website\"},\"primaryImageOfPage\":{\"@id\":\"https:\\\/\\\/msconectado.com.br\\\/?p=20779#primaryimage\"},\"image\":{\"@id\":\"https:\\\/\\\/msconectado.com.br\\\/?p=20779#primaryimage\"},\"thumbnailUrl\":\"https:\\\/\\\/msconectado.com.br\\\/wp-content\\\/uploads\\\/2023\\\/12\\\/b0a333df-d80b-4623-9f15-7e4490a8c760-1.jpg\",\"datePublished\":\"2023-12-28T23:27:51+00:00\",\"dateModified\":\"2023-12-28T23:27:53+00:00\",\"breadcrumb\":{\"@id\":\"https:\\\/\\\/msconectado.com.br\\\/?p=20779#breadcrumb\"},\"inLanguage\":\"pt-BR\",\"potentialAction\":[{\"@type\":\"ReadAction\",\"target\":[\"https:\\\/\\\/msconectado.com.br\\\/?p=20779\"]}]},{\"@type\":\"ImageObject\",\"inLanguage\":\"pt-BR\",\"@id\":\"https:\\\/\\\/msconectado.com.br\\\/?p=20779#primaryimage\",\"url\":\"https:\\\/\\\/msconectado.com.br\\\/wp-content\\\/uploads\\\/2023\\\/12\\\/b0a333df-d80b-4623-9f15-7e4490a8c760-1.jpg\",\"contentUrl\":\"https:\\\/\\\/msconectado.com.br\\\/wp-content\\\/uploads\\\/2023\\\/12\\\/b0a333df-d80b-4623-9f15-7e4490a8c760-1.jpg\",\"width\":740,\"height\":493},{\"@type\":\"BreadcrumbList\",\"@id\":\"https:\\\/\\\/msconectado.com.br\\\/?p=20779#breadcrumb\",\"itemListElement\":[{\"@type\":\"ListItem\",\"position\":1,\"name\":\"In\u00edcio\",\"item\":\"https:\\\/\\\/msconectado.com.br\\\/?page_id=105\"},{\"@type\":\"ListItem\",\"position\":2,\"name\":\"Presidente da ALEMS assume Governo de MS at\u00e9 dia 2\"}]},{\"@type\":\"WebSite\",\"@id\":\"https:\\\/\\\/msconectado.com.br\\\/#website\",\"url\":\"https:\\\/\\\/msconectado.com.br\\\/\",\"name\":\"MsConectado\",\"description\":\"Voc\u00ea Conectado com a Not\u00edcia!\",\"publisher\":{\"@id\":\"https:\\\/\\\/msconectado.com.br\\\/#organization\"},\"potentialAction\":[{\"@type\":\"SearchAction\",\"target\":{\"@type\":\"EntryPoint\",\"urlTemplate\":\"https:\\\/\\\/msconectado.com.br\\\/?s={search_term_string}\"},\"query-input\":{\"@type\":\"PropertyValueSpecification\",\"valueRequired\":true,\"valueName\":\"search_term_string\"}}],\"inLanguage\":\"pt-BR\"},{\"@type\":\"Organization\",\"@id\":\"https:\\\/\\\/msconectado.com.br\\\/#organization\",\"name\":\"MsConectado\",\"url\":\"https:\\\/\\\/msconectado.com.br\\\/\",\"logo\":{\"@type\":\"ImageObject\",\"inLanguage\":\"pt-BR\",\"@id\":\"https:\\\/\\\/msconectado.com.br\\\/#\\\/schema\\\/logo\\\/image\\\/\",\"url\":\"https:\\\/\\\/msconectado.com.br\\\/wp-content\\\/uploads\\\/2023\\\/01\\\/cropped-noticia-2.png\",\"contentUrl\":\"https:\\\/\\\/msconectado.com.br\\\/wp-content\\\/uploads\\\/2023\\\/01\\\/cropped-noticia-2.png\",\"width\":720,\"height\":157,\"caption\":\"MsConectado\"},\"image\":{\"@id\":\"https:\\\/\\\/msconectado.com.br\\\/#\\\/schema\\\/logo\\\/image\\\/\"}},{\"@type\":\"Person\",\"@id\":\"https:\\\/\\\/msconectado.com.br\\\/#\\\/schema\\\/person\\\/feb123a95a93eebea36f0ed6a2e5ba48\",\"name\":\"Jeferson\",\"image\":{\"@type\":\"ImageObject\",\"inLanguage\":\"pt-BR\",\"@id\":\"https:\\\/\\\/secure.gravatar.com\\\/avatar\\\/e23e8901c88f0cdc0ad479ef7a39bf3e4c806344549c087c00b721a65549a328?s=96&d=mm&r=g\",\"url\":\"https:\\\/\\\/secure.gravatar.com\\\/avatar\\\/e23e8901c88f0cdc0ad479ef7a39bf3e4c806344549c087c00b721a65549a328?s=96&d=mm&r=g\",\"contentUrl\":\"https:\\\/\\\/secure.gravatar.com\\\/avatar\\\/e23e8901c88f0cdc0ad479ef7a39bf3e4c806344549c087c00b721a65549a328?s=96&d=mm&r=g\",\"caption\":\"Jeferson\"},\"url\":\"https:\\\/\\\/msconectado.com.br\\\/?author=3\"}]}<\/script>\n<!-- \/ Yoast SEO plugin. -->","yoast_head_json":{"title":"Presidente da ALEMS assume Governo de MS at\u00e9 dia 2 - MsConectado","robots":{"index":"index","follow":"follow","max-snippet":"max-snippet:-1","max-image-preview":"max-image-preview:large","max-video-preview":"max-video-preview:-1"},"canonical":"https:\/\/msconectado.com.br\/?p=20779","og_locale":"pt_BR","og_type":"article","og_title":"Presidente da ALEMS assume Governo de MS at\u00e9 dia 2 - MsConectado","og_description":"O presidente da Assembleia Legislativa de Mato Grosso do Sul (ALEMS), deputado estadual Gerson Claro (PP), assumiu nesta ter\u00e7a-feira (26) o comando do Governo do Estado e estar\u00e1 \u00e0 frente do Poder Executivo at\u00e9 dia 2 de janeiro. Durante o per\u00edodo, o governador Eduardo Riedel (PSDB)&nbsp;e o vice, Barbosinha (PP),&nbsp;estar\u00e3o em recesso. &#8220;Um breve per\u00edodo, [&hellip;]","og_url":"https:\/\/msconectado.com.br\/?p=20779","og_site_name":"MsConectado","article_published_time":"2023-12-28T23:27:51+00:00","article_modified_time":"2023-12-28T23:27:53+00:00","og_image":[{"width":740,"height":493,"url":"https:\/\/msconectado.com.br\/wp-content\/uploads\/2023\/12\/b0a333df-d80b-4623-9f15-7e4490a8c760-1.jpg","type":"image\/jpeg"}],"author":"Jeferson","twitter_card":"summary_large_image","twitter_misc":{"Escrito por":"Jeferson","Est. tempo de leitura":"1 minuto"},"schema":{"@context":"https:\/\/schema.org","@graph":[{"@type":"Article","@id":"https:\/\/msconectado.com.br\/?p=20779#article","isPartOf":{"@id":"https:\/\/msconectado.com.br\/?p=20779"},"author":{"name":"Jeferson","@id":"https:\/\/msconectado.com.br\/#\/schema\/person\/feb123a95a93eebea36f0ed6a2e5ba48"},"headline":"Presidente da ALEMS assume Governo de MS at\u00e9 dia 2","datePublished":"2023-12-28T23:27:51+00:00","dateModified":"2023-12-28T23:27:53+00:00","mainEntityOfPage":{"@id":"https:\/\/msconectado.com.br\/?p=20779"},"wordCount":268,"commentCount":0,"publisher":{"@id":"https:\/\/msconectado.com.br\/#organization"},"image":{"@id":"https:\/\/msconectado.com.br\/?p=20779#primaryimage"},"thumbnailUrl":"https:\/\/msconectado.com.br\/wp-content\/uploads\/2023\/12\/b0a333df-d80b-4623-9f15-7e4490a8c760-1.jpg","articleSection":["Not\u00edcia"],"inLanguage":"pt-BR","potentialAction":[{"@type":"CommentAction","name":"Comment","target":["https:\/\/msconectado.com.br\/?p=20779#respond"]}]},{"@type":"WebPage","@id":"https:\/\/msconectado.com.br\/?p=20779","url":"https:\/\/msconectado.com.br\/?p=20779","name":"Presidente da ALEMS assume Governo de MS at\u00e9 dia 2 - MsConectado","isPartOf":{"@id":"https:\/\/msconectado.com.br\/#website"},"primaryImageOfPage":{"@id":"https:\/\/msconectado.com.br\/?p=20779#primaryimage"},"image":{"@id":"https:\/\/msconectado.com.br\/?p=20779#primaryimage"},"thumbnailUrl":"https:\/\/msconectado.com.br\/wp-content\/uploads\/2023\/12\/b0a333df-d80b-4623-9f15-7e4490a8c760-1.jpg","datePublished":"2023-12-28T23:27:51+00:00","dateModified":"2023-12-28T23:27:53+00:00","breadcrumb":{"@id":"https:\/\/msconectado.com.br\/?p=20779#breadcrumb"},"inLanguage":"pt-BR","potentialAction":[{"@type":"ReadAction","target":["https:\/\/msconectado.com.br\/?p=20779"]}]},{"@type":"ImageObject","inLanguage":"pt-BR","@id":"https:\/\/msconectado.com.br\/?p=20779#primaryimage","url":"https:\/\/msconectado.com.br\/wp-content\/uploads\/2023\/12\/b0a333df-d80b-4623-9f15-7e4490a8c760-1.jpg","contentUrl":"https:\/\/msconectado.com.br\/wp-content\/uploads\/2023\/12\/b0a333df-d80b-4623-9f15-7e4490a8c760-1.jpg","width":740,"height":493},{"@type":"BreadcrumbList","@id":"https:\/\/msconectado.com.br\/?p=20779#breadcrumb","itemListElement":[{"@type":"ListItem","position":1,"name":"In\u00edcio","item":"https:\/\/msconectado.com.br\/?page_id=105"},{"@type":"ListItem","position":2,"name":"Presidente da ALEMS assume Governo de MS at\u00e9 dia 2"}]},{"@type":"WebSite","@id":"https:\/\/msconectado.com.br\/#website","url":"https:\/\/msconectado.com.br\/","name":"MsConectado","description":"Voc\u00ea Conectado com a Not\u00edcia!","publisher":{"@id":"https:\/\/msconectado.com.br\/#organization"},"potentialAction":[{"@type":"SearchAction","target":{"@type":"EntryPoint","urlTemplate":"https:\/\/msconectado.com.br\/?s={search_term_string}"},"query-input":{"@type":"PropertyValueSpecification","valueRequired":true,"valueName":"search_term_string"}}],"inLanguage":"pt-BR"},{"@type":"Organization","@id":"https:\/\/msconectado.com.br\/#organization","name":"MsConectado","url":"https:\/\/msconectado.com.br\/","logo":{"@type":"ImageObject","inLanguage":"pt-BR","@id":"https:\/\/msconectado.com.br\/#\/schema\/logo\/image\/","url":"https:\/\/msconectado.com.br\/wp-content\/uploads\/2023\/01\/cropped-noticia-2.png","contentUrl":"https:\/\/msconectado.com.br\/wp-content\/uploads\/2023\/01\/cropped-noticia-2.png","width":720,"height":157,"caption":"MsConectado"},"image":{"@id":"https:\/\/msconectado.com.br\/#\/schema\/logo\/image\/"}},{"@type":"Person","@id":"https:\/\/msconectado.com.br\/#\/schema\/person\/feb123a95a93eebea36f0ed6a2e5ba48","name":"Jeferson","image":{"@type":"ImageObject","inLanguage":"pt-BR","@id":"https:\/\/secure.gravatar.com\/avatar\/e23e8901c88f0cdc0ad479ef7a39bf3e4c806344549c087c00b721a65549a328?s=96&d=mm&r=g","url":"https:\/\/secure.gravatar.com\/avatar\/e23e8901c88f0cdc0ad479ef7a39bf3e4c806344549c087c00b721a65549a328?s=96&d=mm&r=g","contentUrl":"https:\/\/secure.gravatar.com\/avatar\/e23e8901c88f0cdc0ad479ef7a39bf3e4c806344549c087c00b721a65549a328?s=96&d=mm&r=g","caption":"Jeferson"},"url":"https:\/\/msconectado.com.br\/?author=3"}]}},"_links":{"self":[{"href":"https:\/\/msconectado.com.br\/index.php?rest_route=\/wp\/v2\/posts\/20779","targetHints":{"allow":["GET"]}}],"collection":[{"href":"https:\/\/msconectado.com.br\/index.php?rest_route=\/wp\/v2\/posts"}],"about":[{"href":"https:\/\/msconectado.com.br\/index.php?rest_route=\/wp\/v2\/types\/post"}],"author":[{"embeddable":true,"href":"https:\/\/msconectado.com.br\/index.php?rest_route=\/wp\/v2\/users\/3"}],"replies":[{"embeddable":true,"href":"https:\/\/msconectado.com.br\/index.php?rest_route=%2Fwp%2Fv2%2Fcomments&post=20779"}],"version-history":[{"count":1,"href":"https:\/\/msconectado.com.br\/index.php?rest_route=\/wp\/v2\/posts\/20779\/revisions"}],"predecessor-version":[{"id":20781,"href":"https:\/\/msconectado.com.br\/index.php?rest_route=\/wp\/v2\/posts\/20779\/revisions\/20781"}],"wp:featuredmedia":[{"embeddable":true,"href":"https:\/\/msconectado.com.br\/index.php?rest_route=\/wp\/v2\/media\/20780"}],"wp:attachment":[{"href":"https:\/\/msconectado.com.br\/index.php?rest_route=%2Fwp%2Fv2%2Fmedia&parent=20779"}],"wp:term":[{"taxonomy":"category","embeddable":true,"href":"https:\/\/msconectado.com.br\/index.php?rest_route=%2Fwp%2Fv2%2Fcategories&post=20779"},{"taxonomy":"post_tag","embeddable":true,"href":"https:\/\/msconectado.com.br\/index.php?rest_route=%2Fwp%2Fv2%2Ftags&post=20779"}],"curies":[{"name":"wp","href":"https:\/\/api.w.org\/{rel}","templated":true}]}}