{"id":20785,"date":"2023-12-29T00:50:08","date_gmt":"2023-12-29T00:50:08","guid":{"rendered":"https:\/\/msconectado.com.br\/?p=20785"},"modified":"2023-12-29T00:50:10","modified_gmt":"2023-12-29T00:50:10","slug":"robert-comemora-a-implantacao-do-15o-batalhao-de-policia-militar-em-maracaju","status":"publish","type":"post","link":"https:\/\/msconectado.com.br\/?p=20785","title":{"rendered":"Robert comemora a implanta\u00e7\u00e3o do 15\u00ba Batalh\u00e3o de Policia Militar em Maracaju"},"content":{"rendered":"\n<p>Uma das aspira\u00e7\u00f5es mais antigas da popula\u00e7\u00e3o maracajuense no \u00e2mbito da seguran\u00e7a p\u00fablica se tornou realidade, depois de muita luta das lideran\u00e7as pol\u00edticas do munic\u00edpio, em especial do presidente da C\u00e2mara Municipal, vereador Robert Ziemann (PSDB).<br>De acordo com publica\u00e7\u00e3o efetuada no Di\u00e1rio Oficial do Estado, datada desta ter\u00e7a-feira, 26, a 2\u00aa Companhia Independente de Pol\u00edcia Militar de Maracaju foi transformada no 15\u00ba Batalh\u00e3o de Pol\u00edcia Militar.<br>A not\u00edcia, que chegou como um presente de Natal e Ano Novo \u00e0 popula\u00e7\u00e3o da cidade, foi dada nesta ter\u00e7a-feira, 26, \u00e0s lideran\u00e7as pol\u00edticas do munic\u00edpio e ao coronel PM Cleder Pereira da Silva, respons\u00e1vel pelo comando do agora Batalh\u00e3o da PM de Maracaju<br>A promo\u00e7\u00e3o da Companhia Independente para Batalh\u00e3o da PM era uma reivindica\u00e7\u00e3o que vinha sendo reiterada desde o ano de 2017 pelo vereador Robert Ziemann que v\u00ea na medida um forte componente para garantir sens\u00edveis melhorias na seguran\u00e7a da popula\u00e7\u00e3o maracajuense como um todo.<br>Ao longo de v\u00e1rios anos, foram realizadas in\u00fameras reuni\u00f5es entre as lideran\u00e7as pol\u00edticas, policiais militares e membros do Conselho de Seguran\u00e7a para discutir o assunto. Tamb\u00e9m foi realizada audi\u00eancia p\u00fablica, sendo que os resultados dos eventos sempre foram encaminhados pelo vereador Robert a deputados estaduais comprometidos com a causa maracajuense.<br>\u201cHoje essa nossa demanda se torna realidade, sendo uma conquista da pr\u00f3pria PM e de todos os maracajuenses. Essa medida trar\u00e1 mais seguran\u00e7a para a cidade de Maracaju\u201d asseverou o vereador Robert que destaca, entre outras melhorias garantidas pela promo\u00e7\u00e3o, o aumento do efetivo policial militar no munic\u00edpio, assim como em Nova Alvorada do Sul e Rio Brilhante cujas unidades da PM s\u00e3o jurisdicionadas a Maracaju.<\/p>\n","protected":false},"excerpt":{"rendered":"<p>Uma das aspira\u00e7\u00f5es mais antigas da popula\u00e7\u00e3o maracajuense no \u00e2mbito da seguran\u00e7a p\u00fablica se tornou realidade, depois de muita luta das lideran\u00e7as pol\u00edticas do munic\u00edpio, em especial do presidente da C\u00e2mara Municipal, vereador Robert Ziemann (PSDB).De acordo com publica\u00e7\u00e3o efetuada no Di\u00e1rio Oficial do Estado, datada desta ter\u00e7a-feira, 26, a 2\u00aa Companhia Independente de Pol\u00edcia [&hellip;]<\/p>\n","protected":false},"author":3,"featured_media":20786,"comment_status":"open","ping_status":"closed","sticky":false,"template":"","format":"standard","meta":{"footnotes":""},"categories":[35,1],"tags":[],"class_list":["post-20785","post","type-post","status-publish","format-standard","has-post-thumbnail","hentry","category-cidades","category-noticia"],"yoast_head":"<!-- This site is optimized with the Yoast SEO plugin v27.5 - https:\/\/yoast.com\/product\/yoast-seo-wordpress\/ -->\n<title>Robert comemora a implanta\u00e7\u00e3o do 15\u00ba Batalh\u00e3o de Policia Militar em Maracaju - MsConectado<\/title>\n<meta name=\"robots\" content=\"index, follow, max-snippet:-1, max-image-preview:large, max-video-preview:-1\" \/>\n<link rel=\"canonical\" href=\"https:\/\/msconectado.com.br\/?p=20785\" \/>\n<meta property=\"og:locale\" content=\"pt_BR\" \/>\n<meta property=\"og:type\" content=\"article\" \/>\n<meta property=\"og:title\" content=\"Robert comemora a implanta\u00e7\u00e3o do 15\u00ba Batalh\u00e3o de Policia Militar em Maracaju - MsConectado\" \/>\n<meta property=\"og:description\" content=\"Uma das aspira\u00e7\u00f5es mais antigas da popula\u00e7\u00e3o maracajuense no \u00e2mbito da seguran\u00e7a p\u00fablica se tornou realidade, depois de muita luta das lideran\u00e7as pol\u00edticas do munic\u00edpio, em especial do presidente da C\u00e2mara Municipal, vereador Robert Ziemann (PSDB).De acordo com publica\u00e7\u00e3o efetuada no Di\u00e1rio Oficial do Estado, datada desta ter\u00e7a-feira, 26, a 2\u00aa Companhia Independente de Pol\u00edcia [&hellip;]\" \/>\n<meta property=\"og:url\" content=\"https:\/\/msconectado.com.br\/?p=20785\" \/>\n<meta property=\"og:site_name\" content=\"MsConectado\" \/>\n<meta property=\"article:published_time\" content=\"2023-12-29T00:50:08+00:00\" \/>\n<meta property=\"article:modified_time\" content=\"2023-12-29T00:50:10+00:00\" \/>\n<meta property=\"og:image\" content=\"https:\/\/msconectado.com.br\/wp-content\/uploads\/2023\/12\/b0a333df-d80b-4623-9f15-7e4490a8c760-2.jpg\" \/>\n\t<meta property=\"og:image:width\" content=\"1094\" \/>\n\t<meta property=\"og:image:height\" content=\"760\" \/>\n\t<meta property=\"og:image:type\" content=\"image\/jpeg\" \/>\n<meta name=\"author\" content=\"Jeferson\" \/>\n<meta name=\"twitter:card\" content=\"summary_large_image\" \/>\n<meta name=\"twitter:label1\" content=\"Escrito por\" \/>\n\t<meta name=\"twitter:data1\" content=\"Jeferson\" \/>\n\t<meta name=\"twitter:label2\" content=\"Est. tempo de leitura\" \/>\n\t<meta name=\"twitter:data2\" content=\"2 minutos\" \/>\n<script type=\"application\/ld+json\" class=\"yoast-schema-graph\">{\"@context\":\"https:\\\/\\\/schema.org\",\"@graph\":[{\"@type\":\"Article\",\"@id\":\"https:\\\/\\\/msconectado.com.br\\\/?p=20785#article\",\"isPartOf\":{\"@id\":\"https:\\\/\\\/msconectado.com.br\\\/?p=20785\"},\"author\":{\"name\":\"Jeferson\",\"@id\":\"https:\\\/\\\/msconectado.com.br\\\/#\\\/schema\\\/person\\\/feb123a95a93eebea36f0ed6a2e5ba48\"},\"headline\":\"Robert comemora a implanta\u00e7\u00e3o do 15\u00ba Batalh\u00e3o de Policia Militar em Maracaju\",\"datePublished\":\"2023-12-29T00:50:08+00:00\",\"dateModified\":\"2023-12-29T00:50:10+00:00\",\"mainEntityOfPage\":{\"@id\":\"https:\\\/\\\/msconectado.com.br\\\/?p=20785\"},\"wordCount\":319,\"commentCount\":0,\"publisher\":{\"@id\":\"https:\\\/\\\/msconectado.com.br\\\/#organization\"},\"image\":{\"@id\":\"https:\\\/\\\/msconectado.com.br\\\/?p=20785#primaryimage\"},\"thumbnailUrl\":\"https:\\\/\\\/msconectado.com.br\\\/wp-content\\\/uploads\\\/2023\\\/12\\\/b0a333df-d80b-4623-9f15-7e4490a8c760-2.jpg\",\"articleSection\":[\"Cidades\",\"Not\u00edcia\"],\"inLanguage\":\"pt-BR\",\"potentialAction\":[{\"@type\":\"CommentAction\",\"name\":\"Comment\",\"target\":[\"https:\\\/\\\/msconectado.com.br\\\/?p=20785#respond\"]}]},{\"@type\":\"WebPage\",\"@id\":\"https:\\\/\\\/msconectado.com.br\\\/?p=20785\",\"url\":\"https:\\\/\\\/msconectado.com.br\\\/?p=20785\",\"name\":\"Robert comemora a implanta\u00e7\u00e3o do 15\u00ba Batalh\u00e3o de Policia Militar em Maracaju - MsConectado\",\"isPartOf\":{\"@id\":\"https:\\\/\\\/msconectado.com.br\\\/#website\"},\"primaryImageOfPage\":{\"@id\":\"https:\\\/\\\/msconectado.com.br\\\/?p=20785#primaryimage\"},\"image\":{\"@id\":\"https:\\\/\\\/msconectado.com.br\\\/?p=20785#primaryimage\"},\"thumbnailUrl\":\"https:\\\/\\\/msconectado.com.br\\\/wp-content\\\/uploads\\\/2023\\\/12\\\/b0a333df-d80b-4623-9f15-7e4490a8c760-2.jpg\",\"datePublished\":\"2023-12-29T00:50:08+00:00\",\"dateModified\":\"2023-12-29T00:50:10+00:00\",\"breadcrumb\":{\"@id\":\"https:\\\/\\\/msconectado.com.br\\\/?p=20785#breadcrumb\"},\"inLanguage\":\"pt-BR\",\"potentialAction\":[{\"@type\":\"ReadAction\",\"target\":[\"https:\\\/\\\/msconectado.com.br\\\/?p=20785\"]}]},{\"@type\":\"ImageObject\",\"inLanguage\":\"pt-BR\",\"@id\":\"https:\\\/\\\/msconectado.com.br\\\/?p=20785#primaryimage\",\"url\":\"https:\\\/\\\/msconectado.com.br\\\/wp-content\\\/uploads\\\/2023\\\/12\\\/b0a333df-d80b-4623-9f15-7e4490a8c760-2.jpg\",\"contentUrl\":\"https:\\\/\\\/msconectado.com.br\\\/wp-content\\\/uploads\\\/2023\\\/12\\\/b0a333df-d80b-4623-9f15-7e4490a8c760-2.jpg\",\"width\":1094,\"height\":760},{\"@type\":\"BreadcrumbList\",\"@id\":\"https:\\\/\\\/msconectado.com.br\\\/?p=20785#breadcrumb\",\"itemListElement\":[{\"@type\":\"ListItem\",\"position\":1,\"name\":\"In\u00edcio\",\"item\":\"https:\\\/\\\/msconectado.com.br\\\/?page_id=105\"},{\"@type\":\"ListItem\",\"position\":2,\"name\":\"Robert comemora a implanta\u00e7\u00e3o do 15\u00ba Batalh\u00e3o de Policia Militar em Maracaju\"}]},{\"@type\":\"WebSite\",\"@id\":\"https:\\\/\\\/msconectado.com.br\\\/#website\",\"url\":\"https:\\\/\\\/msconectado.com.br\\\/\",\"name\":\"MsConectado\",\"description\":\"Voc\u00ea Conectado com a Not\u00edcia!\",\"publisher\":{\"@id\":\"https:\\\/\\\/msconectado.com.br\\\/#organization\"},\"potentialAction\":[{\"@type\":\"SearchAction\",\"target\":{\"@type\":\"EntryPoint\",\"urlTemplate\":\"https:\\\/\\\/msconectado.com.br\\\/?s={search_term_string}\"},\"query-input\":{\"@type\":\"PropertyValueSpecification\",\"valueRequired\":true,\"valueName\":\"search_term_string\"}}],\"inLanguage\":\"pt-BR\"},{\"@type\":\"Organization\",\"@id\":\"https:\\\/\\\/msconectado.com.br\\\/#organization\",\"name\":\"MsConectado\",\"url\":\"https:\\\/\\\/msconectado.com.br\\\/\",\"logo\":{\"@type\":\"ImageObject\",\"inLanguage\":\"pt-BR\",\"@id\":\"https:\\\/\\\/msconectado.com.br\\\/#\\\/schema\\\/logo\\\/image\\\/\",\"url\":\"https:\\\/\\\/msconectado.com.br\\\/wp-content\\\/uploads\\\/2023\\\/01\\\/cropped-noticia-2.png\",\"contentUrl\":\"https:\\\/\\\/msconectado.com.br\\\/wp-content\\\/uploads\\\/2023\\\/01\\\/cropped-noticia-2.png\",\"width\":720,\"height\":157,\"caption\":\"MsConectado\"},\"image\":{\"@id\":\"https:\\\/\\\/msconectado.com.br\\\/#\\\/schema\\\/logo\\\/image\\\/\"}},{\"@type\":\"Person\",\"@id\":\"https:\\\/\\\/msconectado.com.br\\\/#\\\/schema\\\/person\\\/feb123a95a93eebea36f0ed6a2e5ba48\",\"name\":\"Jeferson\",\"image\":{\"@type\":\"ImageObject\",\"inLanguage\":\"pt-BR\",\"@id\":\"https:\\\/\\\/secure.gravatar.com\\\/avatar\\\/e23e8901c88f0cdc0ad479ef7a39bf3e4c806344549c087c00b721a65549a328?s=96&d=mm&r=g\",\"url\":\"https:\\\/\\\/secure.gravatar.com\\\/avatar\\\/e23e8901c88f0cdc0ad479ef7a39bf3e4c806344549c087c00b721a65549a328?s=96&d=mm&r=g\",\"contentUrl\":\"https:\\\/\\\/secure.gravatar.com\\\/avatar\\\/e23e8901c88f0cdc0ad479ef7a39bf3e4c806344549c087c00b721a65549a328?s=96&d=mm&r=g\",\"caption\":\"Jeferson\"},\"url\":\"https:\\\/\\\/msconectado.com.br\\\/?author=3\"}]}<\/script>\n<!-- \/ Yoast SEO plugin. -->","yoast_head_json":{"title":"Robert comemora a implanta\u00e7\u00e3o do 15\u00ba Batalh\u00e3o de Policia Militar em Maracaju - MsConectado","robots":{"index":"index","follow":"follow","max-snippet":"max-snippet:-1","max-image-preview":"max-image-preview:large","max-video-preview":"max-video-preview:-1"},"canonical":"https:\/\/msconectado.com.br\/?p=20785","og_locale":"pt_BR","og_type":"article","og_title":"Robert comemora a implanta\u00e7\u00e3o do 15\u00ba Batalh\u00e3o de Policia Militar em Maracaju - MsConectado","og_description":"Uma das aspira\u00e7\u00f5es mais antigas da popula\u00e7\u00e3o maracajuense no \u00e2mbito da seguran\u00e7a p\u00fablica se tornou realidade, depois de muita luta das lideran\u00e7as pol\u00edticas do munic\u00edpio, em especial do presidente da C\u00e2mara Municipal, vereador Robert Ziemann (PSDB).De acordo com publica\u00e7\u00e3o efetuada no Di\u00e1rio Oficial do Estado, datada desta ter\u00e7a-feira, 26, a 2\u00aa Companhia Independente de Pol\u00edcia [&hellip;]","og_url":"https:\/\/msconectado.com.br\/?p=20785","og_site_name":"MsConectado","article_published_time":"2023-12-29T00:50:08+00:00","article_modified_time":"2023-12-29T00:50:10+00:00","og_image":[{"width":1094,"height":760,"url":"https:\/\/msconectado.com.br\/wp-content\/uploads\/2023\/12\/b0a333df-d80b-4623-9f15-7e4490a8c760-2.jpg","type":"image\/jpeg"}],"author":"Jeferson","twitter_card":"summary_large_image","twitter_misc":{"Escrito por":"Jeferson","Est. tempo de leitura":"2 minutos"},"schema":{"@context":"https:\/\/schema.org","@graph":[{"@type":"Article","@id":"https:\/\/msconectado.com.br\/?p=20785#article","isPartOf":{"@id":"https:\/\/msconectado.com.br\/?p=20785"},"author":{"name":"Jeferson","@id":"https:\/\/msconectado.com.br\/#\/schema\/person\/feb123a95a93eebea36f0ed6a2e5ba48"},"headline":"Robert comemora a implanta\u00e7\u00e3o do 15\u00ba Batalh\u00e3o de Policia Militar em Maracaju","datePublished":"2023-12-29T00:50:08+00:00","dateModified":"2023-12-29T00:50:10+00:00","mainEntityOfPage":{"@id":"https:\/\/msconectado.com.br\/?p=20785"},"wordCount":319,"commentCount":0,"publisher":{"@id":"https:\/\/msconectado.com.br\/#organization"},"image":{"@id":"https:\/\/msconectado.com.br\/?p=20785#primaryimage"},"thumbnailUrl":"https:\/\/msconectado.com.br\/wp-content\/uploads\/2023\/12\/b0a333df-d80b-4623-9f15-7e4490a8c760-2.jpg","articleSection":["Cidades","Not\u00edcia"],"inLanguage":"pt-BR","potentialAction":[{"@type":"CommentAction","name":"Comment","target":["https:\/\/msconectado.com.br\/?p=20785#respond"]}]},{"@type":"WebPage","@id":"https:\/\/msconectado.com.br\/?p=20785","url":"https:\/\/msconectado.com.br\/?p=20785","name":"Robert comemora a implanta\u00e7\u00e3o do 15\u00ba Batalh\u00e3o de Policia Militar em Maracaju - MsConectado","isPartOf":{"@id":"https:\/\/msconectado.com.br\/#website"},"primaryImageOfPage":{"@id":"https:\/\/msconectado.com.br\/?p=20785#primaryimage"},"image":{"@id":"https:\/\/msconectado.com.br\/?p=20785#primaryimage"},"thumbnailUrl":"https:\/\/msconectado.com.br\/wp-content\/uploads\/2023\/12\/b0a333df-d80b-4623-9f15-7e4490a8c760-2.jpg","datePublished":"2023-12-29T00:50:08+00:00","dateModified":"2023-12-29T00:50:10+00:00","breadcrumb":{"@id":"https:\/\/msconectado.com.br\/?p=20785#breadcrumb"},"inLanguage":"pt-BR","potentialAction":[{"@type":"ReadAction","target":["https:\/\/msconectado.com.br\/?p=20785"]}]},{"@type":"ImageObject","inLanguage":"pt-BR","@id":"https:\/\/msconectado.com.br\/?p=20785#primaryimage","url":"https:\/\/msconectado.com.br\/wp-content\/uploads\/2023\/12\/b0a333df-d80b-4623-9f15-7e4490a8c760-2.jpg","contentUrl":"https:\/\/msconectado.com.br\/wp-content\/uploads\/2023\/12\/b0a333df-d80b-4623-9f15-7e4490a8c760-2.jpg","width":1094,"height":760},{"@type":"BreadcrumbList","@id":"https:\/\/msconectado.com.br\/?p=20785#breadcrumb","itemListElement":[{"@type":"ListItem","position":1,"name":"In\u00edcio","item":"https:\/\/msconectado.com.br\/?page_id=105"},{"@type":"ListItem","position":2,"name":"Robert comemora a implanta\u00e7\u00e3o do 15\u00ba Batalh\u00e3o de Policia Militar em Maracaju"}]},{"@type":"WebSite","@id":"https:\/\/msconectado.com.br\/#website","url":"https:\/\/msconectado.com.br\/","name":"MsConectado","description":"Voc\u00ea Conectado com a Not\u00edcia!","publisher":{"@id":"https:\/\/msconectado.com.br\/#organization"},"potentialAction":[{"@type":"SearchAction","target":{"@type":"EntryPoint","urlTemplate":"https:\/\/msconectado.com.br\/?s={search_term_string}"},"query-input":{"@type":"PropertyValueSpecification","valueRequired":true,"valueName":"search_term_string"}}],"inLanguage":"pt-BR"},{"@type":"Organization","@id":"https:\/\/msconectado.com.br\/#organization","name":"MsConectado","url":"https:\/\/msconectado.com.br\/","logo":{"@type":"ImageObject","inLanguage":"pt-BR","@id":"https:\/\/msconectado.com.br\/#\/schema\/logo\/image\/","url":"https:\/\/msconectado.com.br\/wp-content\/uploads\/2023\/01\/cropped-noticia-2.png","contentUrl":"https:\/\/msconectado.com.br\/wp-content\/uploads\/2023\/01\/cropped-noticia-2.png","width":720,"height":157,"caption":"MsConectado"},"image":{"@id":"https:\/\/msconectado.com.br\/#\/schema\/logo\/image\/"}},{"@type":"Person","@id":"https:\/\/msconectado.com.br\/#\/schema\/person\/feb123a95a93eebea36f0ed6a2e5ba48","name":"Jeferson","image":{"@type":"ImageObject","inLanguage":"pt-BR","@id":"https:\/\/secure.gravatar.com\/avatar\/e23e8901c88f0cdc0ad479ef7a39bf3e4c806344549c087c00b721a65549a328?s=96&d=mm&r=g","url":"https:\/\/secure.gravatar.com\/avatar\/e23e8901c88f0cdc0ad479ef7a39bf3e4c806344549c087c00b721a65549a328?s=96&d=mm&r=g","contentUrl":"https:\/\/secure.gravatar.com\/avatar\/e23e8901c88f0cdc0ad479ef7a39bf3e4c806344549c087c00b721a65549a328?s=96&d=mm&r=g","caption":"Jeferson"},"url":"https:\/\/msconectado.com.br\/?author=3"}]}},"_links":{"self":[{"href":"https:\/\/msconectado.com.br\/index.php?rest_route=\/wp\/v2\/posts\/20785","targetHints":{"allow":["GET"]}}],"collection":[{"href":"https:\/\/msconectado.com.br\/index.php?rest_route=\/wp\/v2\/posts"}],"about":[{"href":"https:\/\/msconectado.com.br\/index.php?rest_route=\/wp\/v2\/types\/post"}],"author":[{"embeddable":true,"href":"https:\/\/msconectado.com.br\/index.php?rest_route=\/wp\/v2\/users\/3"}],"replies":[{"embeddable":true,"href":"https:\/\/msconectado.com.br\/index.php?rest_route=%2Fwp%2Fv2%2Fcomments&post=20785"}],"version-history":[{"count":1,"href":"https:\/\/msconectado.com.br\/index.php?rest_route=\/wp\/v2\/posts\/20785\/revisions"}],"predecessor-version":[{"id":20787,"href":"https:\/\/msconectado.com.br\/index.php?rest_route=\/wp\/v2\/posts\/20785\/revisions\/20787"}],"wp:featuredmedia":[{"embeddable":true,"href":"https:\/\/msconectado.com.br\/index.php?rest_route=\/wp\/v2\/media\/20786"}],"wp:attachment":[{"href":"https:\/\/msconectado.com.br\/index.php?rest_route=%2Fwp%2Fv2%2Fmedia&parent=20785"}],"wp:term":[{"taxonomy":"category","embeddable":true,"href":"https:\/\/msconectado.com.br\/index.php?rest_route=%2Fwp%2Fv2%2Fcategories&post=20785"},{"taxonomy":"post_tag","embeddable":true,"href":"https:\/\/msconectado.com.br\/index.php?rest_route=%2Fwp%2Fv2%2Ftags&post=20785"}],"curies":[{"name":"wp","href":"https:\/\/api.w.org\/{rel}","templated":true}]}}