{"id":20788,"date":"2023-12-29T00:58:09","date_gmt":"2023-12-29T00:58:09","guid":{"rendered":"https:\/\/msconectado.com.br\/?p=20788"},"modified":"2023-12-29T00:58:10","modified_gmt":"2023-12-29T00:58:10","slug":"com-rotatoria-da-figueira-maracaju-ganha-um-novo-cartao-postal","status":"publish","type":"post","link":"https:\/\/msconectado.com.br\/?p=20788","title":{"rendered":"Com \u201cRotat\u00f3ria da Figueira\u201d, Maracaju ganha um novo cart\u00e3o postal."},"content":{"rendered":"\n<p>Estrat\u00e9gica, reforma e paisagismo traz mais embelezamento, seguran\u00e7a no tr\u00e2nsito e novo ponto de lazer para a cidade.<\/p>\n\n\n\n<p>Na \u00faltima sexta-feira, 22-12, a Prefeitura de Maracaju por meio da Secretaria Municipal de Obras e Urbanismo realizou a entrega da reforma e paisagismo da conhecida \u201cRotat\u00f3ria da Figueira\u201d.<\/p>\n\n\n\n<p>A reforma visou uma melhoria no tr\u00e2nsito de toda a regi\u00e3o, atendendo comerciantes e a comunidade em uma \u00e1rea considerada estrat\u00e9gica para a cidade, justamente por ser a entrada de in\u00fameros visitantes oriundos de cidades como Dourados, Itapor\u00e3 e Rio Brilhante.<\/p>\n\n\n\n<p>Conforme o Secret\u00e1rio de Obras e Urbanismo, Joaquim Herrera, a obra gerou convers\u00f5es mais seguras para motoristas e motociclistas, al\u00e9m de proporcionar uma passagem segura aos pedestres.<\/p>\n\n\n\n<p>A obra contou com a execu\u00e7\u00e3o de poda e tratamento nas \u00e1rvores j\u00e1 existentes, inclusive a \u201cfigueira\u201d que na verdadeira \u00e9 uma \u201cseringueira\u201d, tamb\u00e9m foi realizado um completo paisagismo, instala\u00e7\u00e3o de cal\u00e7ada em paver, bancos de madeira, banco de concreto com ilumina\u00e7\u00e3o, al\u00e9m de uma fonte em estilo cl\u00e1ssico, contando com tr\u00eas ta\u00e7as, totalmente iluminada.<\/p>\n\n\n\n<p>Para o Prefeito de Maracaju, Marcos Calderan, a obra contempla um dos objetivos da gest\u00e3o, embelezar pontos importantes da cidade, sendo assim com a Pra\u00e7a Central, Parque Ecol\u00f3gico e agora, \u201cRotat\u00f3ria da Figueira\u201d.<br><br><em>HOR\u00c1RIO DA FONTE<\/em><\/p>\n\n\n\n<p>A fonte seguir\u00e1 hor\u00e1rios especiais, estando em funcionamento durante o dia e a noite, j\u00e1 a ilumina\u00e7\u00e3o somente durante a noite, coincidindo funcionamento completo. Confira os hor\u00e1rios:<\/p>\n\n\n\n<p>\u00b7&nbsp; &nbsp; &nbsp; Fonte &#8211; das 06 \u00e0s 00:00 horas;<\/p>\n\n\n\n<p>\u00b7&nbsp; &nbsp; &nbsp; Ilumina\u00e7\u00e3o da Fonte&nbsp;&#8211; das 18 \u00e0s 00:00 horas;<\/p>\n\n\n\n<p><em>AUTORIDADES PRESENTES<\/em><\/p>\n\n\n\n<p>Participaram da entrega da reforma e revitaliza\u00e7\u00e3o da Rotat\u00f3ria da Figueira as seguintes autoridades: Marcos Calderan (Prefeito de Maracaju), Meire Calderan (Primeira-Dama), Andr\u00e9 Hadlich (Secret\u00e1rio de Fazenda), Robson Coradini (Procurador Jur\u00eddico), Dayani Barbosa (Chefe de Gabinete), Joaquim Herrera (Secret\u00e1rio de Obras e Urbanismo), Rafael Fernandes Jara (Secret\u00e1rio de Cultura), Erlei Pires Dias (Secret\u00e1rio de esportes), Jaime Talaveira (Gerente da Gemutran), Eder Fonseca (Gerente de Tributos \u2013 PAC), Robert Ziemann (Presidente da C\u00e2mara), Nen\u00ea da Vista Alegre, Rener Barbosa, Gustavo Du\u00f3, Vilmar da Era do Gelo (Vereadores), al\u00e9m de empres\u00e1rios e a comunidade em geral.<\/p>\n\n\n\n<p>Assessoria<\/p>\n","protected":false},"excerpt":{"rendered":"<p>Estrat\u00e9gica, reforma e paisagismo traz mais embelezamento, seguran\u00e7a no tr\u00e2nsito e novo ponto de lazer para a cidade. Na \u00faltima sexta-feira, 22-12, a Prefeitura de Maracaju por meio da Secretaria Municipal de Obras e Urbanismo realizou a entrega da reforma e paisagismo da conhecida \u201cRotat\u00f3ria da Figueira\u201d. A reforma visou uma melhoria no tr\u00e2nsito de [&hellip;]<\/p>\n","protected":false},"author":2,"featured_media":20789,"comment_status":"open","ping_status":"closed","sticky":false,"template":"","format":"standard","meta":{"footnotes":""},"categories":[35,1],"tags":[],"class_list":["post-20788","post","type-post","status-publish","format-standard","has-post-thumbnail","hentry","category-cidades","category-noticia"],"yoast_head":"<!-- This site is optimized with the Yoast SEO plugin v27.5 - https:\/\/yoast.com\/product\/yoast-seo-wordpress\/ -->\n<title>Com \u201cRotat\u00f3ria da Figueira\u201d, Maracaju ganha um novo cart\u00e3o postal. - MsConectado<\/title>\n<meta name=\"robots\" content=\"index, follow, max-snippet:-1, max-image-preview:large, max-video-preview:-1\" \/>\n<link rel=\"canonical\" href=\"https:\/\/msconectado.com.br\/?p=20788\" \/>\n<meta property=\"og:locale\" content=\"pt_BR\" \/>\n<meta property=\"og:type\" content=\"article\" \/>\n<meta property=\"og:title\" content=\"Com \u201cRotat\u00f3ria da Figueira\u201d, Maracaju ganha um novo cart\u00e3o postal. - MsConectado\" \/>\n<meta property=\"og:description\" content=\"Estrat\u00e9gica, reforma e paisagismo traz mais embelezamento, seguran\u00e7a no tr\u00e2nsito e novo ponto de lazer para a cidade. Na \u00faltima sexta-feira, 22-12, a Prefeitura de Maracaju por meio da Secretaria Municipal de Obras e Urbanismo realizou a entrega da reforma e paisagismo da conhecida \u201cRotat\u00f3ria da Figueira\u201d. A reforma visou uma melhoria no tr\u00e2nsito de [&hellip;]\" \/>\n<meta property=\"og:url\" content=\"https:\/\/msconectado.com.br\/?p=20788\" \/>\n<meta property=\"og:site_name\" content=\"MsConectado\" \/>\n<meta property=\"article:published_time\" content=\"2023-12-29T00:58:09+00:00\" \/>\n<meta property=\"article:modified_time\" content=\"2023-12-29T00:58:10+00:00\" \/>\n<meta property=\"og:image\" content=\"https:\/\/msconectado.com.br\/wp-content\/uploads\/2023\/12\/9e187f1b696e9daf8192bce359c1c947.jpg\" \/>\n\t<meta property=\"og:image:width\" content=\"800\" \/>\n\t<meta property=\"og:image:height\" content=\"533\" \/>\n\t<meta property=\"og:image:type\" content=\"image\/jpeg\" \/>\n<meta name=\"author\" content=\"MsConectado\" \/>\n<meta name=\"twitter:card\" content=\"summary_large_image\" \/>\n<meta name=\"twitter:label1\" content=\"Escrito por\" \/>\n\t<meta name=\"twitter:data1\" content=\"MsConectado\" \/>\n\t<meta name=\"twitter:label2\" content=\"Est. tempo de leitura\" \/>\n\t<meta name=\"twitter:data2\" content=\"2 minutos\" \/>\n<script type=\"application\/ld+json\" class=\"yoast-schema-graph\">{\"@context\":\"https:\\\/\\\/schema.org\",\"@graph\":[{\"@type\":\"Article\",\"@id\":\"https:\\\/\\\/msconectado.com.br\\\/?p=20788#article\",\"isPartOf\":{\"@id\":\"https:\\\/\\\/msconectado.com.br\\\/?p=20788\"},\"author\":{\"name\":\"MsConectado\",\"@id\":\"https:\\\/\\\/msconectado.com.br\\\/#\\\/schema\\\/person\\\/e5585545b5687092f1041d350b6e2c16\"},\"headline\":\"Com \u201cRotat\u00f3ria da Figueira\u201d, Maracaju ganha um novo cart\u00e3o postal.\",\"datePublished\":\"2023-12-29T00:58:09+00:00\",\"dateModified\":\"2023-12-29T00:58:10+00:00\",\"mainEntityOfPage\":{\"@id\":\"https:\\\/\\\/msconectado.com.br\\\/?p=20788\"},\"wordCount\":398,\"commentCount\":0,\"publisher\":{\"@id\":\"https:\\\/\\\/msconectado.com.br\\\/#organization\"},\"image\":{\"@id\":\"https:\\\/\\\/msconectado.com.br\\\/?p=20788#primaryimage\"},\"thumbnailUrl\":\"https:\\\/\\\/msconectado.com.br\\\/wp-content\\\/uploads\\\/2023\\\/12\\\/9e187f1b696e9daf8192bce359c1c947.jpg\",\"articleSection\":[\"Cidades\",\"Not\u00edcia\"],\"inLanguage\":\"pt-BR\",\"potentialAction\":[{\"@type\":\"CommentAction\",\"name\":\"Comment\",\"target\":[\"https:\\\/\\\/msconectado.com.br\\\/?p=20788#respond\"]}]},{\"@type\":\"WebPage\",\"@id\":\"https:\\\/\\\/msconectado.com.br\\\/?p=20788\",\"url\":\"https:\\\/\\\/msconectado.com.br\\\/?p=20788\",\"name\":\"Com \u201cRotat\u00f3ria da Figueira\u201d, Maracaju ganha um novo cart\u00e3o postal. - MsConectado\",\"isPartOf\":{\"@id\":\"https:\\\/\\\/msconectado.com.br\\\/#website\"},\"primaryImageOfPage\":{\"@id\":\"https:\\\/\\\/msconectado.com.br\\\/?p=20788#primaryimage\"},\"image\":{\"@id\":\"https:\\\/\\\/msconectado.com.br\\\/?p=20788#primaryimage\"},\"thumbnailUrl\":\"https:\\\/\\\/msconectado.com.br\\\/wp-content\\\/uploads\\\/2023\\\/12\\\/9e187f1b696e9daf8192bce359c1c947.jpg\",\"datePublished\":\"2023-12-29T00:58:09+00:00\",\"dateModified\":\"2023-12-29T00:58:10+00:00\",\"breadcrumb\":{\"@id\":\"https:\\\/\\\/msconectado.com.br\\\/?p=20788#breadcrumb\"},\"inLanguage\":\"pt-BR\",\"potentialAction\":[{\"@type\":\"ReadAction\",\"target\":[\"https:\\\/\\\/msconectado.com.br\\\/?p=20788\"]}]},{\"@type\":\"ImageObject\",\"inLanguage\":\"pt-BR\",\"@id\":\"https:\\\/\\\/msconectado.com.br\\\/?p=20788#primaryimage\",\"url\":\"https:\\\/\\\/msconectado.com.br\\\/wp-content\\\/uploads\\\/2023\\\/12\\\/9e187f1b696e9daf8192bce359c1c947.jpg\",\"contentUrl\":\"https:\\\/\\\/msconectado.com.br\\\/wp-content\\\/uploads\\\/2023\\\/12\\\/9e187f1b696e9daf8192bce359c1c947.jpg\",\"width\":800,\"height\":533},{\"@type\":\"BreadcrumbList\",\"@id\":\"https:\\\/\\\/msconectado.com.br\\\/?p=20788#breadcrumb\",\"itemListElement\":[{\"@type\":\"ListItem\",\"position\":1,\"name\":\"In\u00edcio\",\"item\":\"https:\\\/\\\/msconectado.com.br\\\/?page_id=105\"},{\"@type\":\"ListItem\",\"position\":2,\"name\":\"Com \u201cRotat\u00f3ria da Figueira\u201d, Maracaju ganha um novo cart\u00e3o postal.\"}]},{\"@type\":\"WebSite\",\"@id\":\"https:\\\/\\\/msconectado.com.br\\\/#website\",\"url\":\"https:\\\/\\\/msconectado.com.br\\\/\",\"name\":\"MsConectado\",\"description\":\"Voc\u00ea Conectado com a Not\u00edcia!\",\"publisher\":{\"@id\":\"https:\\\/\\\/msconectado.com.br\\\/#organization\"},\"potentialAction\":[{\"@type\":\"SearchAction\",\"target\":{\"@type\":\"EntryPoint\",\"urlTemplate\":\"https:\\\/\\\/msconectado.com.br\\\/?s={search_term_string}\"},\"query-input\":{\"@type\":\"PropertyValueSpecification\",\"valueRequired\":true,\"valueName\":\"search_term_string\"}}],\"inLanguage\":\"pt-BR\"},{\"@type\":\"Organization\",\"@id\":\"https:\\\/\\\/msconectado.com.br\\\/#organization\",\"name\":\"MsConectado\",\"url\":\"https:\\\/\\\/msconectado.com.br\\\/\",\"logo\":{\"@type\":\"ImageObject\",\"inLanguage\":\"pt-BR\",\"@id\":\"https:\\\/\\\/msconectado.com.br\\\/#\\\/schema\\\/logo\\\/image\\\/\",\"url\":\"https:\\\/\\\/msconectado.com.br\\\/wp-content\\\/uploads\\\/2023\\\/01\\\/cropped-noticia-2.png\",\"contentUrl\":\"https:\\\/\\\/msconectado.com.br\\\/wp-content\\\/uploads\\\/2023\\\/01\\\/cropped-noticia-2.png\",\"width\":720,\"height\":157,\"caption\":\"MsConectado\"},\"image\":{\"@id\":\"https:\\\/\\\/msconectado.com.br\\\/#\\\/schema\\\/logo\\\/image\\\/\"}},{\"@type\":\"Person\",\"@id\":\"https:\\\/\\\/msconectado.com.br\\\/#\\\/schema\\\/person\\\/e5585545b5687092f1041d350b6e2c16\",\"name\":\"MsConectado\",\"image\":{\"@type\":\"ImageObject\",\"inLanguage\":\"pt-BR\",\"@id\":\"https:\\\/\\\/secure.gravatar.com\\\/avatar\\\/3b4f84a0a8a4380ac4431fa79981d073692380c5da00ae97596e794ab0db5c8c?s=96&d=mm&r=g\",\"url\":\"https:\\\/\\\/secure.gravatar.com\\\/avatar\\\/3b4f84a0a8a4380ac4431fa79981d073692380c5da00ae97596e794ab0db5c8c?s=96&d=mm&r=g\",\"contentUrl\":\"https:\\\/\\\/secure.gravatar.com\\\/avatar\\\/3b4f84a0a8a4380ac4431fa79981d073692380c5da00ae97596e794ab0db5c8c?s=96&d=mm&r=g\",\"caption\":\"MsConectado\"},\"url\":\"https:\\\/\\\/msconectado.com.br\\\/?author=2\"}]}<\/script>\n<!-- \/ Yoast SEO plugin. -->","yoast_head_json":{"title":"Com \u201cRotat\u00f3ria da Figueira\u201d, Maracaju ganha um novo cart\u00e3o postal. - MsConectado","robots":{"index":"index","follow":"follow","max-snippet":"max-snippet:-1","max-image-preview":"max-image-preview:large","max-video-preview":"max-video-preview:-1"},"canonical":"https:\/\/msconectado.com.br\/?p=20788","og_locale":"pt_BR","og_type":"article","og_title":"Com \u201cRotat\u00f3ria da Figueira\u201d, Maracaju ganha um novo cart\u00e3o postal. - MsConectado","og_description":"Estrat\u00e9gica, reforma e paisagismo traz mais embelezamento, seguran\u00e7a no tr\u00e2nsito e novo ponto de lazer para a cidade. Na \u00faltima sexta-feira, 22-12, a Prefeitura de Maracaju por meio da Secretaria Municipal de Obras e Urbanismo realizou a entrega da reforma e paisagismo da conhecida \u201cRotat\u00f3ria da Figueira\u201d. A reforma visou uma melhoria no tr\u00e2nsito de [&hellip;]","og_url":"https:\/\/msconectado.com.br\/?p=20788","og_site_name":"MsConectado","article_published_time":"2023-12-29T00:58:09+00:00","article_modified_time":"2023-12-29T00:58:10+00:00","og_image":[{"width":800,"height":533,"url":"https:\/\/msconectado.com.br\/wp-content\/uploads\/2023\/12\/9e187f1b696e9daf8192bce359c1c947.jpg","type":"image\/jpeg"}],"author":"MsConectado","twitter_card":"summary_large_image","twitter_misc":{"Escrito por":"MsConectado","Est. tempo de leitura":"2 minutos"},"schema":{"@context":"https:\/\/schema.org","@graph":[{"@type":"Article","@id":"https:\/\/msconectado.com.br\/?p=20788#article","isPartOf":{"@id":"https:\/\/msconectado.com.br\/?p=20788"},"author":{"name":"MsConectado","@id":"https:\/\/msconectado.com.br\/#\/schema\/person\/e5585545b5687092f1041d350b6e2c16"},"headline":"Com \u201cRotat\u00f3ria da Figueira\u201d, Maracaju ganha um novo cart\u00e3o postal.","datePublished":"2023-12-29T00:58:09+00:00","dateModified":"2023-12-29T00:58:10+00:00","mainEntityOfPage":{"@id":"https:\/\/msconectado.com.br\/?p=20788"},"wordCount":398,"commentCount":0,"publisher":{"@id":"https:\/\/msconectado.com.br\/#organization"},"image":{"@id":"https:\/\/msconectado.com.br\/?p=20788#primaryimage"},"thumbnailUrl":"https:\/\/msconectado.com.br\/wp-content\/uploads\/2023\/12\/9e187f1b696e9daf8192bce359c1c947.jpg","articleSection":["Cidades","Not\u00edcia"],"inLanguage":"pt-BR","potentialAction":[{"@type":"CommentAction","name":"Comment","target":["https:\/\/msconectado.com.br\/?p=20788#respond"]}]},{"@type":"WebPage","@id":"https:\/\/msconectado.com.br\/?p=20788","url":"https:\/\/msconectado.com.br\/?p=20788","name":"Com \u201cRotat\u00f3ria da Figueira\u201d, Maracaju ganha um novo cart\u00e3o postal. - MsConectado","isPartOf":{"@id":"https:\/\/msconectado.com.br\/#website"},"primaryImageOfPage":{"@id":"https:\/\/msconectado.com.br\/?p=20788#primaryimage"},"image":{"@id":"https:\/\/msconectado.com.br\/?p=20788#primaryimage"},"thumbnailUrl":"https:\/\/msconectado.com.br\/wp-content\/uploads\/2023\/12\/9e187f1b696e9daf8192bce359c1c947.jpg","datePublished":"2023-12-29T00:58:09+00:00","dateModified":"2023-12-29T00:58:10+00:00","breadcrumb":{"@id":"https:\/\/msconectado.com.br\/?p=20788#breadcrumb"},"inLanguage":"pt-BR","potentialAction":[{"@type":"ReadAction","target":["https:\/\/msconectado.com.br\/?p=20788"]}]},{"@type":"ImageObject","inLanguage":"pt-BR","@id":"https:\/\/msconectado.com.br\/?p=20788#primaryimage","url":"https:\/\/msconectado.com.br\/wp-content\/uploads\/2023\/12\/9e187f1b696e9daf8192bce359c1c947.jpg","contentUrl":"https:\/\/msconectado.com.br\/wp-content\/uploads\/2023\/12\/9e187f1b696e9daf8192bce359c1c947.jpg","width":800,"height":533},{"@type":"BreadcrumbList","@id":"https:\/\/msconectado.com.br\/?p=20788#breadcrumb","itemListElement":[{"@type":"ListItem","position":1,"name":"In\u00edcio","item":"https:\/\/msconectado.com.br\/?page_id=105"},{"@type":"ListItem","position":2,"name":"Com \u201cRotat\u00f3ria da Figueira\u201d, Maracaju ganha um novo cart\u00e3o postal."}]},{"@type":"WebSite","@id":"https:\/\/msconectado.com.br\/#website","url":"https:\/\/msconectado.com.br\/","name":"MsConectado","description":"Voc\u00ea Conectado com a Not\u00edcia!","publisher":{"@id":"https:\/\/msconectado.com.br\/#organization"},"potentialAction":[{"@type":"SearchAction","target":{"@type":"EntryPoint","urlTemplate":"https:\/\/msconectado.com.br\/?s={search_term_string}"},"query-input":{"@type":"PropertyValueSpecification","valueRequired":true,"valueName":"search_term_string"}}],"inLanguage":"pt-BR"},{"@type":"Organization","@id":"https:\/\/msconectado.com.br\/#organization","name":"MsConectado","url":"https:\/\/msconectado.com.br\/","logo":{"@type":"ImageObject","inLanguage":"pt-BR","@id":"https:\/\/msconectado.com.br\/#\/schema\/logo\/image\/","url":"https:\/\/msconectado.com.br\/wp-content\/uploads\/2023\/01\/cropped-noticia-2.png","contentUrl":"https:\/\/msconectado.com.br\/wp-content\/uploads\/2023\/01\/cropped-noticia-2.png","width":720,"height":157,"caption":"MsConectado"},"image":{"@id":"https:\/\/msconectado.com.br\/#\/schema\/logo\/image\/"}},{"@type":"Person","@id":"https:\/\/msconectado.com.br\/#\/schema\/person\/e5585545b5687092f1041d350b6e2c16","name":"MsConectado","image":{"@type":"ImageObject","inLanguage":"pt-BR","@id":"https:\/\/secure.gravatar.com\/avatar\/3b4f84a0a8a4380ac4431fa79981d073692380c5da00ae97596e794ab0db5c8c?s=96&d=mm&r=g","url":"https:\/\/secure.gravatar.com\/avatar\/3b4f84a0a8a4380ac4431fa79981d073692380c5da00ae97596e794ab0db5c8c?s=96&d=mm&r=g","contentUrl":"https:\/\/secure.gravatar.com\/avatar\/3b4f84a0a8a4380ac4431fa79981d073692380c5da00ae97596e794ab0db5c8c?s=96&d=mm&r=g","caption":"MsConectado"},"url":"https:\/\/msconectado.com.br\/?author=2"}]}},"_links":{"self":[{"href":"https:\/\/msconectado.com.br\/index.php?rest_route=\/wp\/v2\/posts\/20788","targetHints":{"allow":["GET"]}}],"collection":[{"href":"https:\/\/msconectado.com.br\/index.php?rest_route=\/wp\/v2\/posts"}],"about":[{"href":"https:\/\/msconectado.com.br\/index.php?rest_route=\/wp\/v2\/types\/post"}],"author":[{"embeddable":true,"href":"https:\/\/msconectado.com.br\/index.php?rest_route=\/wp\/v2\/users\/2"}],"replies":[{"embeddable":true,"href":"https:\/\/msconectado.com.br\/index.php?rest_route=%2Fwp%2Fv2%2Fcomments&post=20788"}],"version-history":[{"count":1,"href":"https:\/\/msconectado.com.br\/index.php?rest_route=\/wp\/v2\/posts\/20788\/revisions"}],"predecessor-version":[{"id":20790,"href":"https:\/\/msconectado.com.br\/index.php?rest_route=\/wp\/v2\/posts\/20788\/revisions\/20790"}],"wp:featuredmedia":[{"embeddable":true,"href":"https:\/\/msconectado.com.br\/index.php?rest_route=\/wp\/v2\/media\/20789"}],"wp:attachment":[{"href":"https:\/\/msconectado.com.br\/index.php?rest_route=%2Fwp%2Fv2%2Fmedia&parent=20788"}],"wp:term":[{"taxonomy":"category","embeddable":true,"href":"https:\/\/msconectado.com.br\/index.php?rest_route=%2Fwp%2Fv2%2Fcategories&post=20788"},{"taxonomy":"post_tag","embeddable":true,"href":"https:\/\/msconectado.com.br\/index.php?rest_route=%2Fwp%2Fv2%2Ftags&post=20788"}],"curies":[{"name":"wp","href":"https:\/\/api.w.org\/{rel}","templated":true}]}}